{"id":76364,"date":"2020-02-24T17:09:20","date_gmt":"2020-02-24T15:09:20","guid":{"rendered":"http:\/\/www.reunion68.se\/?p=76364"},"modified":"2020-02-18T16:45:11","modified_gmt":"2020-02-18T14:45:11","slug":"24-09-47","status":"publish","type":"post","link":"https:\/\/www.reunion68.se\/?p=76364","title":{"rendered":"Prof. Legutko chcia\u0142by przykry\u0107 zbrodni\u0119 w Jedwabnem fal\u0105 k\u0142amstwa"},"content":{"rendered":"<h5 style=\"text-align: center;\"><a href=\"https:\/\/wyborcza.pl\/\" target=\"_blank\" rel=\"noopener noreferrer\"><img decoding=\"async\" class=\"center alignleft\" src=\"http:\/\/www.reunion68.com\/Biuletyn\/img\/wyborcza-ale.png\" alt=\"\" width=\"35%\" \/><\/a><span style=\"text-decoration: underline; color: #000080;\"><span style=\"text-decoration: underline;\"><strong><a style=\"color: #000080; text-decoration: underline;\" href=\"https:\/\/wyborcza.pl\/alehistoria\/7,162654,25694975,prof-legutko-chcialby-przykryc-zbrodnie-w-jedwabnem-fala.html\" target=\"_blank\" rel=\"noopener noreferrer\">Prof. Legutko chcia\u0142by przykry\u0107 zbrodni\u0119 w Jedwabnem fal\u0105 k\u0142amstwa<\/a><\/strong><\/span><\/span><\/h5>\n<p style=\"text-align: center;\"><span style=\"color: #000000;\"><strong>Tomasz Na\u0142\u0119cz<\/strong><\/span><\/p>\n<hr style=\"height: 15px; background: #d0e6fa; width: 100%;\" \/>\n<p style=\"text-align: center;\"><img decoding=\"async\" class=\"aligncenter\" src=\"https:\/\/bi.im-g.pl\/im\/de\/81\/18\/z25698014V,Czlonkowie-ONR-zaklocajacy-obchody-rocznicy-mordu-.jpg\" width=\"100%\" \/><span style=\"color: #808080;\"><em>Cz\u0142onkowie ONR zak\u0142\u00f3caj\u0105cy obchody rocznicy mordu na \u017cydowskich mieszka\u0144cach Jedwabnego, 10 lipca 2018 (Fot. Agnieszka Sadowska \/ Agencja Gazeta)<\/em><\/span><\/p>\n<h4 class=\"art_paragraph\" style=\"text-align: center;\"><i><b>Tomasz Na\u0142\u0119cz,<\/b>\u00a0historyk i polityk, profesor Akademii Humanistycznej w Pu\u0142tusku, w latach 2001-05 wicemarsza\u0142ek Sejmu, doradca prezydenta Bronis\u0142awa Komorowskiego ds. historii i dziedzictwa narodowego<\/i><\/h4>\n<p style=\"text-align: left;\"><span style=\"color: #000080;\">W czasie niedawnej wizyty w Polsce prezydent\u00a0<a style=\"color: #000080;\" href=\"http:\/\/wyborcza.pl\/10,82983,24263449,zamieszki-we-francji-protesty-zoltych-kamizelek.html#anchorLink\"><span style=\"text-decoration: underline;\"><strong>Francji<\/strong><\/span><\/a><span style=\"text-decoration: underline;\"><strong>\u00a0<a style=\"color: #000080; text-decoration: underline;\" href=\"http:\/\/wyborcza.pl\/7,75399,24263853,macron-przemowil-do-narodu-czy-obietnica-wzrostu-wynagrodzen.html#anchorLink\">Emmanuel Macron<\/a><\/strong><\/span>\u00a0du\u017co uwagi po\u015bwi\u0119ci\u0142 historii, uznaj\u0105c j\u0105 za wa\u017cny element wsp\u00f3lnej europejskiej to\u017csamo\u015bci. Rzecz jasna pod warunkiem, \u017ce b\u0119dzie uczciwie przekazywana i wolna od fa\u0142szu. \u201eNie mo\u017cna p\u00f3j\u015b\u0107 naprz\u00f3d, nie patrz\u0105c historii prosto w twarz \u2013 przestrzega\u0142. \u2013 Patrzenie historii prosto w twarz \u2013 kontynuowa\u0142 \u2013 to te\u017c \u015bwiadomo\u015b\u0107 tego, \u017ce mamy t\u0119 cz\u0119\u015b\u0107 cienia, kt\u00f3ra zapisa\u0142a si\u0119 w historii ka\u017cdego kraju\u201d.<\/span><\/p>\n<div class=\"paywall\" style=\"text-align: left;\">\n<p class=\"art_sub_title\"><strong>Polacy \u201esprawcami ludob\u00f3jstwa\u201d w Jedwabnem?<\/strong><\/p>\n<p><span style=\"color: #000080;\">W tym kontek\u015bcie Macron ostro skrytykowa\u0142 rosyjskie k\u0142amstwa przypisuj\u0105ce Polsce win\u0119 za wywo\u0142anie II wojny \u015bwiatowej. Nie oszcz\u0119dzi\u0142 te\u017c jednak PiS-u. To przekazu tej partii dotyczy\u0142a przecie\u017c krytyczna uwaga: \u201eWidz\u0119, \u017ce s\u0105 w Polsce jakie\u015b pokusy, \u017ceby wykre\u015bli\u0107 dat\u0119 1989 r.\u201d. Trudno tej oceny nie podzieli\u0107. PiS-owska pr\u00f3ba oczernienia pami\u0119ci o jednym z najdonio\u015blejszych wydarze\u0144 w naszych XX-wiecznych dziejach, jakim by\u0142o zwyci\u0119stwo \u201eSolidarno\u015bci\u201d nad systemem komunistycznym, jest posuni\u0119ciem g\u0142upim i kalecz\u0105cym dum\u0119 z jej dokona\u0144.W jednym jeszcze prezydent Macron mia\u0142 racj\u0119. Je\u015bli si\u0119 chce obna\u017ca\u0107 i pi\u0119tnowa\u0107 historyczne k\u0142amstwa innych, to nie wolno samemu m\u00f3wi\u0107 nieprawdy. A tak zachowuj\u0105 si\u0119 politycy PiS-u, kt\u00f3rzy odwo\u0142uj\u0105c si\u0119 do przesz\u0142o\u015bci, co rusz rozmijaj\u0105 si\u0119 z faktami. Da\u0142 temu ostatnio \u015bwiadectwo prof. Ryszard Legutko, formu\u0142uj\u0105c w Radiu Krak\u00f3w pod adresem prezydenta Bronis\u0142awa Komorowskiego oskar\u017cenie, \u017ce \u201em\u00f3wi\u0142 o Polakach jako sprawcach ludob\u00f3jstwa\u201d. Wyra\u017anie tego nie dopowiedzia\u0142, ale chodzi\u0142o mu najpewniej o list prezydenta Komorowskiego z 10 lipca 2011 r. do uczestnik\u00f3w obchod\u00f3w 70. rocznicy zbrodni w Jedwabnem. Ten tekst od dawna jest przedmiotem PiS-owskich k\u0142amstw i manipulacji, bo dotyczy \u2013 jak powiedzia\u0142by prezydent Macron \u2013 \u201ecz\u0119\u015bci cienia\u201d, czyli niechwalebnych fragment\u00f3w naszej przesz\u0142o\u015bci.<\/span><\/p>\n<p id=\"banC1\"><span style=\"color: #000080;\">W li\u015bcie prezydenta Komorowskiego nie ma mowy o Polakach jako \u201esprawcach ludob\u00f3jstwa\u201d, bo by\u0142oby to historycznym fa\u0142szem. Jest stwierdzenie, z kt\u00f3rym PiS-owscy \u201epoprawiacze\u201d historii nie mog\u0105 si\u0119 pogodzi\u0107: Jedwabne to nie tylko nazwa symbolizuj\u0105ca dramatyczne wydarzenia z czas\u00f3w II wojny \u015bwiatowej. To tak\u017ce wa\u017cny znak w zbiorowej \u015bwiadomo\u015bci i pami\u0119ci Polak\u00f3w.<\/span><\/p>\n<div><\/div>\n<blockquote>\n<p class=\"art_blockquote\">Nar\u00f3d ofiar musia\u0142 uzna\u0107 t\u0119 nie\u0142atw\u0105 prawd\u0119, \u017ce bywa\u0142 tak\u017ce sprawc\u0105.<\/p>\n<\/blockquote>\n<\/div>\n<div><\/div>\n<div class=\"paywall\" style=\"text-align: left;\"><span style=\"color: #000080;\">D\u0142ugo trwa\u0142o, zanim zrozumieli\u015bmy, \u017ce przyznanie si\u0119 do tej winy nie przekre\u015bla polskiej martyrologii i polskiego bohaterstwa w walce z niemieckim i sowieckim okupantem. \u017be nie oznacza relatywizacji win i wywr\u00f3cenia proporcji w ocenie historycznych zas\u0142ug i grzech\u00f3w.<\/span><\/p>\n<p class=\"art_sub_title\"><strong>Pytanie o to, kto mordowa\u0142 \u017byd\u00f3w w Jedwabnem<\/strong><\/p>\n<p><span style=\"color: #000080;\">Uczestniczy\u0142em w przygotowywaniu tego listu i pami\u0119tam, \u017ce na powy\u017cszym sformu\u0142owaniu najbardziej zale\u017ca\u0142o Tadeuszowi Mazowieckiemu. W wewn\u0119trznej dyskusji zdecydowanie przeciwstawi\u0142 si\u0119 on pogl\u0105dowi, \u017ce mo\u017ce lepiej nie dawa\u0107 okazji do kolejnej fali PiS-owskiego hejtu wymierzonego w prezydenta. Z charakterystyczn\u0105 dla niego stanowczo\u015bci\u0105 t\u0142umaczy\u0142, \u017ce s\u0142\u00f3w prawdy o zbrodni w Jedwabnem wymaga nasza narodowa godno\u015b\u0107. Ujm\u0105 dla niej jest \u017cywienie si\u0119 przemilczeniem i k\u0142amstwem, bo to \u015bwiadectwo skarlenia i ma\u0142o\u015bci. Dum\u0119 \u2013 argumentowa\u0142 Mazowiecki \u2013 powinno si\u0119 budowa\u0107 tylko na prawdzie i autentycznych zas\u0142ugach, kt\u00f3rych przecie\u017c w naszych dziejach nie brakowa\u0142o.<\/span><\/div>\n<div><\/div>\n<div class=\"paywall\" style=\"text-align: left;\"><span style=\"color: #000080;\">Warto, by stanowisko Tadeusza Mazowieckiego, w\u00a0<a style=\"color: #000080;\" href=\"https:\/\/wyborcza.pl\/TylkoZdrowie\/1,137474,19601976,prawda-czy-mit-pelnia-sprzyja-szalenstwu.html#anchorLink\">pe\u0142ni<\/a>\u00a0podtrzymane przez prezydenta Komorowskiego, wzi\u0119li sobie do serca PiS-owscy \u201eeksperci\u201d od historii. Jak dot\u0105d maj\u0105 z tym ogromne k\u0142opoty, o czym \u015bwiadcz\u0105 \u017cenuj\u0105ce odpowiedzi, np. minister edukacji narodowej czy prezesa IPN-u na pytanie o to, kto mordowa\u0142 \u017byd\u00f3w w Jedwabnem.<\/span><\/p>\n<blockquote>\n<p class=\"art_blockquote\">Chcieliby PiS-owscy propagandzi\u015bci, w tym prof. Legutko, przykry\u0107 t\u0119 zbrodni\u0119 fal\u0105 k\u0142amstwa wymierzon\u0105 w ludzi maj\u0105cych odwag\u0119 m\u00f3wi\u0107, jak by\u0142o naprawd\u0119.<\/p>\n<\/blockquote>\n<p><span style=\"color: #000080;\">Taki stosunek do przesz\u0142o\u015bci jest drog\u0105 donik\u0105d. Tylko o\u015bmiela i uwiarygadnia mi\u0119dzynarod\u00f3wk\u0119 historycznych k\u0142amc\u00f3w, w kt\u00f3rej najdonio\u015blej przebijaj\u0105 si\u0119 nieprzejednani wrogowie Polski. Mo\u017cna by\u0107 tylko wdzi\u0119cznym prezydentowi Francji, \u017ce nam o tym przypomnia\u0142. Oby politycy PiS-u wzi\u0119li to sobie do serca, bo jak dot\u0105d ich \u201epolityka historyczna\u201d przynosi wi\u0119cej szkody ni\u017c po\u017cytku.<\/span><\/div>\n<hr style=\"height: 15px; background: #d0e6fa; width: 100%;\" \/>\n<div id=\"content\" class=\"content-alignment\">\n<div id=\"watch-description\" class=\"yt-uix-button-panel\">\n<div id=\"watch-description-text\" style=\"text-align: center;\">\n<p><em>Zawarto\u015b\u0107 publikowanych artyku\u0142\u00f3w i materia\u0142\u00f3w nie reprezentuje pogl\u0105d\u00f3w ani opinii Reunion&#8217;68,<\/em><em><br \/>\nani te\u017c webmastera Blogu Reunion&#8217;68, chyba ze jest to wyra\u017anie zaznaczone.<br \/>\nTwoje uwagi, linki, w\u0142asne artyku\u0142y lub wiadomo\u015bci prze\u015blij na adres:<br \/>\n<\/em><span style=\"color: #000080;\"><strong><em><a style=\"color: #000080;\" href=\"mailto:webmaster@reunion68.com\"><span style=\"text-decoration: underline;\">webmaster@reunion68.com<\/span><\/a><\/em><\/strong><\/span><\/p>\n<\/div>\n<\/div>\n<\/div>\n<hr style=\"width: 100%;\" \/>\n","protected":false},"excerpt":{"rendered":"<p>Prof. Legutko chcia\u0142by przykry\u0107 zbrodni\u0119 w Jedwabnem fal\u0105 k\u0142amstwa Tomasz Na\u0142\u0119cz Cz\u0142onkowie ONR zak\u0142\u00f3caj\u0105cy obchody rocznicy mordu na \u017cydowskich mieszka\u0144cach Jedwabnego, 10 lipca 2018 (Fot. Agnieszka Sadowska \/ Agencja Gazeta) Tomasz Na\u0142\u0119cz,\u00a0historyk i polityk, profesor Akademii Humanistycznej w Pu\u0142tusku, w latach 2001-05 wicemarsza\u0142ek Sejmu, doradca prezydenta Bronis\u0142awa Komorowskiego ds. historii i dziedzictwa narodowego W czasie [&hellip;]<\/p>\n","protected":false},"author":1,"featured_media":0,"comment_status":"closed","ping_status":"closed","sticky":false,"template":"","format":"standard","meta":[],"categories":[6],"tags":[26,24],"_links":{"self":[{"href":"https:\/\/www.reunion68.se\/index.php?rest_route=\/wp\/v2\/posts\/76364"}],"collection":[{"href":"https:\/\/www.reunion68.se\/index.php?rest_route=\/wp\/v2\/posts"}],"about":[{"href":"https:\/\/www.reunion68.se\/index.php?rest_route=\/wp\/v2\/types\/post"}],"author":[{"embeddable":true,"href":"https:\/\/www.reunion68.se\/index.php?rest_route=\/wp\/v2\/users\/1"}],"replies":[{"embeddable":true,"href":"https:\/\/www.reunion68.se\/index.php?rest_route=%2Fwp%2Fv2%2Fcomments&post=76364"}],"version-history":[{"count":3,"href":"https:\/\/www.reunion68.se\/index.php?rest_route=\/wp\/v2\/posts\/76364\/revisions"}],"predecessor-version":[{"id":76372,"href":"https:\/\/www.reunion68.se\/index.php?rest_route=\/wp\/v2\/posts\/76364\/revisions\/76372"}],"wp:attachment":[{"href":"https:\/\/www.reunion68.se\/index.php?rest_route=%2Fwp%2Fv2%2Fmedia&parent=76364"}],"wp:term":[{"taxonomy":"category","embeddable":true,"href":"https:\/\/www.reunion68.se\/index.php?rest_route=%2Fwp%2Fv2%2Fcategories&post=76364"},{"taxonomy":"post_tag","embeddable":true,"href":"https:\/\/www.reunion68.se\/index.php?rest_route=%2Fwp%2Fv2%2Ftags&post=76364"}],"curies":[{"name":"wp","href":"https:\/\/api.w.org\/{rel}","templated":true}]}}