{"id":76379,"date":"2020-02-19T17:09:15","date_gmt":"2020-02-19T15:09:15","guid":{"rendered":"http:\/\/www.reunion68.se\/?p=76379"},"modified":"2020-02-19T07:52:22","modified_gmt":"2020-02-19T05:52:22","slug":"25-09-44","status":"publish","type":"post","link":"https:\/\/www.reunion68.se\/?p=76379","title":{"rendered":"\u201cNikt nie obwinia Polski za czyny Niemc\u00f3w, ale Polska powinna wzi\u0105\u0107 odpowiedzialno\u015b\u0107 za czyny Polak\u00f3w\u201d"},"content":{"rendered":"<h5 style=\"text-align: center;\"><a href=\"https:\/\/jewish.pl\/\" target=\"_blank\" rel=\"noopener noreferrer\"><img decoding=\"async\" width=\"30%\" class=\"center alignleft\" alt=\"\" src=\"https:\/\/jewish.pl\/wp-content\/uploads\/2017\/06\/cropped-logo.png\"><\/a><span style=\"text-decoration: underline; color: #000080;\"><strong><a style=\"color: #000080; text-decoration: underline;\" href=\"https:\/\/jewish.pl\/pl\/2020\/02\/18\/nikt-nie-obwinia-polski-za-czyny-niemcow-ale-polska-powinna-wziac-odpowiedzialnosc-za-czyny-polakow\/\" target=\"_blank\" rel=\"noopener noreferrer\">\u201cNikt nie obwinia Polski za czyny Niemc\u00f3w, ale Polska powinna wzi\u0105\u0107 odpowiedzialno\u015b\u0107 za czyny Polak\u00f3w\u201d<\/a><\/strong><\/span><\/h5>\n<p style=\"text-align: center;\"><span style=\"color: #000000;\"><strong>Jewish.pl<\/strong><\/span><\/p>\n<hr style=\"height: 15px; background: #d0e6fa; width: 100%;\">\n<p style=\"text-align: center;\"><img decoding=\"async\" width=\"100%\" class=\"aligncenter\" src=\"https:\/\/jewish.pl\/wp-content\/uploads\/2017\/03\/LodzGettoRoss3-777x437.jpg\"><span style=\"color: #808080;\"><em>Henryk Ross\/Art Gallery of Ontario\/Courtesy of Museum of Fine Arts, Boston<\/em><\/span><\/p>\n<p style=\"text-align: left;\"><span style=\"color: #000080;\">\u201cPolacy kochaj\u0105 \u017byd\u00f3w, zw\u0142aszcza tych, kt\u00f3rzy nie \u017cyj\u0105\u201d \u2013 powiedzia\u0142 prof. Jehuda Bauer podczas odbywaj\u0105cej si\u0119 we wtorek w Jerozolimie IV Polsko-Izraelskiej Konferencji Po\u015bwi\u0119conej Polityce Zagranicznej. Naukowiec skrytykowa\u0142 r\u00f3wnie\u017c to, \u017ce badacze pisz\u0105cy o Zag\u0142adzie zostali w Polsce pozwani.<\/span><\/p>\n<p style=\"text-align: left;\"><span style=\"color: #000080;\">Bauer, od kilkudziesi\u0119ciu lat zwi\u0105zany z Jad Waszem i Uniwersytetem Hebrajskim, to jeden z najwybitniejszych historyk\u00f3w Holokaustu na \u015bwiecie. Jak zauwa\u017ca, upami\u0119tnianie ofiar Zag\u0142ady, jakie odbywa si\u0119 w Polsce, nie mo\u017ce przes\u0142ania\u0107 faktu, \u017ce niekt\u00f3rzy Polacy te\u017c prze\u015bladowali i mordowali \u017byd\u00f3w. Podkre\u015bli\u0142 on, \u017ce ludzie zniekszta\u0142caj\u0105cy histori\u0119 m\u00f3wi\u0105: \u201cOczywi\u015bcie, \u017ce Holokaust mia\u0142 miejsce i by\u0142 z\u0142y. My go upami\u0119tniamy, budujemy muzea, pomniki i wyg\u0142aszamy wspania\u0142e przem\u00f3wienia\u201d. To jednostronna narracja, z kt\u00f3rej usuwa si\u0119 w cie\u0144 w\u0142asne winy.<\/span><\/p>\n<p style=\"text-align: left;\"><span style=\"color: #000080;\">Prof. Havi Dreifuss, kieruj\u0105ca Centrum Bada\u0144 nad Holokaustem w Polsce w Instytucie Jad Waszem, doda\u0142a, \u017ce Polacy zniekszta\u0142caj\u0105cy histori\u0119 lubi\u0105 martwych \u017byd\u00f3w, ale tylko tych zamordowanych przez Niemc\u00f3w. Zwr\u00f3ci\u0142a uwag\u0119, \u017ce zdarza si\u0119, i\u017c niekt\u00f3rzy Polacy ca\u0142kowicie zaprzeczaj\u0105 temu, by w czasie wojny \u017bydzi gin\u0119li z polskiej r\u0119ki. \u201cWi\u0119kszo\u015b\u0107 \u017byd\u00f3w zosta\u0142a zamordowana przez nazistowskie Niemcy i nikt w Polsce nie m\u00f3g\u0142 ich ocali\u0107, ale byli te\u017c \u017bydzi zamordowani przez Polak\u00f3w na r\u00f3\u017cne sposoby. Polscy naukowcy pokazali nam, \u017ce w\u015br\u00f3d Polak\u00f3w byli tacy, kt\u00f3rzy czynnie uczestniczyli w tragedii \u017byd\u00f3w i to w ca\u0142ym kraju. To wymaga prawdziwych bada\u0144\u201d \u2013 m\u00f3wi\u0142a Dreifuss.<\/span><\/p>\n<p style=\"text-align: left;\"><span style=\"color: #000080;\">Bauer doda\u0142, \u017ce ci, kt\u00f3rzy zniekszta\u0142caj\u0105 histori\u0119, cz\u0119sto przywo\u0142uj\u0105 fakt, \u017ce w przypadku Polski nie by\u0142o \u017cadnej politycznej kolaboracji z Niemcami. \u201cTo prawda, ale tylko dlatego, \u017ce Niemcy nie byli tak\u0105 form\u0105 kolaboracji zainteresowani. Tak samo na Ukrainie czy Litwie. Niemcy eliminowali profaszystowskie, proniemieckie pr\u00f3by tworzenia jakiego\u015b rodzaju autonomii\u201d.<\/span><\/p>\n<p style=\"text-align: left;\"><span style=\"color: #000080;\">Liczba Polak\u00f3w bior\u0105cych udzia\u0142 w mordowaniu \u017byd\u00f3w nie zosta\u0142a okre\u015blona, ale Bauer przytoczy\u0142 badania r\u00f3\u017cnych historyk\u00f3w, z kt\u00f3rych wynika, \u017ce Polacy w r\u00f3\u017cnym stopniu przyczynili si\u0119 do \u015bmierci od 130 000 do nawet 200 000 \u017byd\u00f3w.<\/span><\/p>\n<p style=\"text-align: left;\"><span style=\"color: #000080;\">\u201cNie by\u0142o kolaboracji? By\u0142y tysi\u0105ce polskich policjant\u00f3w, kt\u00f3rzy wydawali \u017byd\u00f3w. By\u0142a polska policja kryminalna, dzia\u0142aj\u0105ca jako cz\u0119\u015b\u0107 niemieckiej policji kryminalnej w Polsce. By\u0142y jednostki stra\u017cy po\u017carnej, kt\u00f3rych cz\u0142onkowie wsp\u00f3\u0142pracowali z Niemcami\u201d \u2013 m\u00f3wi\u0142 Bauer.<\/span><\/p>\n<p style=\"text-align: left;\"><span style=\"color: #000080;\">\u201cNikt nie obwinia Polski za czyny Niemc\u00f3w, ale Polska powinna wzi\u0105\u0107 odpowiedzialno\u015b\u0107 za czyny Polak\u00f3w\u201d \u2013 zaznacza Dreifuss.<\/span><\/p>\n<p style=\"text-align: left;\"><span style=\"color: #000080;\">Zar\u00f3wno Bauer, jak i Dreifuss wyrazili poparcie dla badaczy Barbary Engelking i Jana Grabowskiego, kt\u00f3rzy w zwi\u0105zku z wydaniem ksi\u0105\u017cki \u201cDalej jest noc\u201d zostali pozwani o rzekome znies\u0142awienie.<\/span><\/p>\n<p style=\"text-align: left;\"><span style=\"color: #000080;\">Bauer jednocze\u015bnie przyzna\u0142, \u017ce ok. 10 % etnicznych Polak\u00f3w straci\u0142o \u017cycie w czasie okupacji niemieckiej, a oko\u0142o 30 000 Polak\u00f3w ratowa\u0142o \u017byd\u00f3w, chocia\u017c nie wszyscy zostali uhonorowani przez Instytut Jad Waszem.<\/span><\/p>\n<p style=\"text-align: left;\"><span style=\"color: #000080;\">\u201cNar\u00f3d polski mo\u017ce by\u0107 bardzo dumny ze swojej walki z nazistowskimi Niemcami poza Polsk\u0105 i oczywi\u015bcie na terenie okupowanej Polski. Niestety, wielu Polak\u00f3w zaakceptowa\u0142o t\u0119 jedn\u0105 cz\u0119\u015b\u0107 niemieckiej polityki \u2013 zabijanie \u017byd\u00f3w\u201d \u2013 uwa\u017ca Dreifuss. Badaczka sprzeciwia si\u0119 \u0142\u0105czeniu polskich \u017byd\u00f3w i etnicznych Polak\u00f3w jako \u201cpolskich ofiar\u201d, co cz\u0119sto robi\u0105 polscy politycy, zaznaczaj\u0105c tym samym, i\u017c w czasie wojny zgin\u0119\u0142o 6 mln Polak\u00f3w, w tym 3 mln \u017byd\u00f3w. \u017bydzi, chocia\u017c mieli polskie obywatelstwo, nie byli uwa\u017cani przez swoich s\u0105siad\u00f3w za pe\u0142noprawnych obywateli. Jak podkre\u015bla Dreifuss, przypadki, gdy Polskie Pa\u0144stwo Podziemne pr\u00f3bowa\u0142o ratowa\u0107 \u017byd\u00f3w lub kara\u0107 Polak\u00f3w za ich zabijanie, by\u0142y rzadkie.<\/span><\/p>\n<p style=\"text-align: left;\"><span style=\"color: #000080;\">Polak\u00f3w, nietraktuj\u0105cych \u017byd\u00f3w jak cz\u0142onk\u00f3w tego samego narodu, pr\u00f3bowa\u0142 broni\u0107 prof. Andrzej Nowak z UJ. Podkre\u015bli\u0142, \u017ce polscy \u017bydzi \u017cyli w oddzielnych spo\u0142eczno\u015bciach i nie m\u00f3wili po polsku \u2013 w przeciwie\u0144stwie do \u017byd\u00f3w francuskich, kt\u00f3rzy po francusku, jak twierdzi\u0142, m\u00f3wili.<\/span><\/p>\n<p style=\"text-align: left;\"><span style=\"color: #000080;\">Polski dyplomata Jakub Kumoch przyzna\u0142, \u017ce Polacy byli odpowiedzialni za \u015bmier\u0107 tysi\u0119cy \u017byd\u00f3w, ale odrzuci\u0142 wyniki bada\u0144 w tym zakresie prof. Engelking i prof. Grabowskiego.<\/span><\/p>\n<p style=\"text-align: left;\"><span style=\"color: #000080;\">Dyplomata nawi\u0105za\u0142 do obecnej sytuacji mi\u0119dzy Izraelczykami a Palesty\u0144czykami. \u201cCzy ktokolwiek zaprzeczy, \u017ce izraelska armia pope\u0142ni\u0142a zbrodnie przeciwko Arabom? Co, gdybym powiedzia\u0142, \u017ce Izrael zabi\u0142 100 000 palesty\u0144skich dzieci? To by znaczy\u0142o, \u017ce jeste\u015bcie ludob\u00f3jczym narodem, a przecie\u017c nie jeste\u015bcie nim. Nie wszyscy Polacy byli bohaterami. Wielu by\u0142o zdrajcami. Wstydzimy si\u0119 ich\u201d.<\/span><\/p>\n<p style=\"text-align: left;\"><span style=\"color: #000080;\">Polski ambasador w Izraelu, Marek Magierowski, zapewni\u0142, \u017ce kiedy spotyka si\u0119 z izraelskimi uczniami nie boi si\u0119 m\u00f3wi\u0107 o przesz\u0142o\u015bci. \u201cNie ukrywam pogrom\u00f3w, zjadliwego antysemityzmu, czy informacji o Polakach, kt\u00f3rzy zachowali si\u0119 nieludzko w czasie wojny\u201d \u2013 m\u00f3wi\u0142. Jednocze\u015bnie wskaza\u0142, \u017ce m\u00f3wi m\u0142odzie\u017cy o historii dw\u00f3ch wiosek, w kt\u00f3rych Niemcy zabili 31 os\u00f3b \u2013 z kt\u00f3rych 20 by\u0142o jeszcze dzie\u0107mi \u2013 za ukrywanie dw\u00f3ch \u017byd\u00f3w. \u201cChc\u0119, aby moi odbiorcy mieli pe\u0142ny obraz, skal\u0119 zastraszania, kt\u00f3rej podlega\u0142y miliony Polak\u00f3w, obwiniani dzi\u015b za to, \u017ce nie byli wystarczaj\u0105co heroiczni, by ratowa\u0107 swoich \u017cydowskich braci w czasie Holokaustu\u201d \u2013 m\u00f3wi Magierowski.<\/span><\/p>\n<p style=\"text-align: left;\"><span style=\"color: #000080;\">Konferencja zosta\u0142a zorganizowana przez Izraelsk\u0105 Rad\u0119 ds. Stosunk\u00f3w Zagranicznych i Polski Instytut Spraw Mi\u0119dzynarodowych.<\/span><\/p>\n<hr>\n<p><span style=\"color: #808080;\"><em>Relacja spisana na podstawie cytat\u00f3w zamieszczonych w izraelskich mediach.<\/em><\/span><\/p>\n<hr style=\"height: 15px; background: #d0e6fa; width: 100%;\">\n<div class=\"content-alignment\" id=\"content\">\n<div class=\"yt-uix-button-panel\" id=\"watch-description\">\n<div id=\"watch-description-text\" style=\"text-align: center;\">\n<p><em>Zawarto\u015b\u0107 publikowanych artyku\u0142\u00f3w i materia\u0142\u00f3w nie reprezentuje pogl\u0105d\u00f3w ani opinii Reunion&#8217;68,<\/em><em><br \/>\nani te\u017c webmastera Blogu Reunion&#8217;68, chyba ze jest to wyra\u017anie zaznaczone.<br \/>\nTwoje uwagi, linki, w\u0142asne artyku\u0142y lub wiadomo\u015bci prze\u015blij na adres:<br \/>\n<\/em><span style=\"color: #000080;\"><strong><em><a style=\"color: #000080;\" href=\"mailto:webmaster@reunion68.com\"><span style=\"text-decoration: underline;\">webmaster@reunion68.com<\/span><\/a><\/em><\/strong><\/span><\/p>\n<\/div>\n<\/div>\n<\/div>\n<hr style=\"width: 100%;\">\n","protected":false},"excerpt":{"rendered":"<p>\u201cNikt nie obwinia Polski za czyny Niemc\u00f3w, ale Polska powinna wzi\u0105\u0107 odpowiedzialno\u015b\u0107 za czyny Polak\u00f3w\u201d Jewish.pl Henryk Ross\/Art Gallery of Ontario\/Courtesy of Museum of Fine Arts, Boston \u201cPolacy kochaj\u0105 \u017byd\u00f3w, zw\u0142aszcza tych, kt\u00f3rzy nie \u017cyj\u0105\u201d \u2013 powiedzia\u0142 prof. Jehuda Bauer podczas odbywaj\u0105cej si\u0119 we wtorek w Jerozolimie IV Polsko-Izraelskiej Konferencji Po\u015bwi\u0119conej Polityce Zagranicznej. Naukowiec skrytykowa\u0142 [&hellip;]<\/p>\n","protected":false},"author":1,"featured_media":0,"comment_status":"closed","ping_status":"closed","sticky":false,"template":"","format":"standard","meta":[],"categories":[6],"tags":[26,24],"_links":{"self":[{"href":"https:\/\/www.reunion68.se\/index.php?rest_route=\/wp\/v2\/posts\/76379"}],"collection":[{"href":"https:\/\/www.reunion68.se\/index.php?rest_route=\/wp\/v2\/posts"}],"about":[{"href":"https:\/\/www.reunion68.se\/index.php?rest_route=\/wp\/v2\/types\/post"}],"author":[{"embeddable":true,"href":"https:\/\/www.reunion68.se\/index.php?rest_route=\/wp\/v2\/users\/1"}],"replies":[{"embeddable":true,"href":"https:\/\/www.reunion68.se\/index.php?rest_route=%2Fwp%2Fv2%2Fcomments&post=76379"}],"version-history":[{"count":4,"href":"https:\/\/www.reunion68.se\/index.php?rest_route=\/wp\/v2\/posts\/76379\/revisions"}],"predecessor-version":[{"id":76387,"href":"https:\/\/www.reunion68.se\/index.php?rest_route=\/wp\/v2\/posts\/76379\/revisions\/76387"}],"wp:attachment":[{"href":"https:\/\/www.reunion68.se\/index.php?rest_route=%2Fwp%2Fv2%2Fmedia&parent=76379"}],"wp:term":[{"taxonomy":"category","embeddable":true,"href":"https:\/\/www.reunion68.se\/index.php?rest_route=%2Fwp%2Fv2%2Fcategories&post=76379"},{"taxonomy":"post_tag","embeddable":true,"href":"https:\/\/www.reunion68.se\/index.php?rest_route=%2Fwp%2Fv2%2Ftags&post=76379"}],"curies":[{"name":"wp","href":"https:\/\/api.w.org\/{rel}","templated":true}]}}