{"id":76381,"date":"2020-02-19T17:00:48","date_gmt":"2020-02-19T15:00:48","guid":{"rendered":"http:\/\/www.reunion68.se\/?p=76381"},"modified":"2020-02-19T08:05:12","modified_gmt":"2020-02-19T06:05:12","slug":"25-05-45","status":"publish","type":"post","link":"https:\/\/www.reunion68.se\/?p=76381","title":{"rendered":"Onet Opinie &#8211; Renata Kim: prof. Dariusz Stola (18.02)"},"content":{"rendered":"<h5 style=\"text-align: center;\"><a href=\"https:\/\/www.newsweek.pl\/\" target=\"_blank\" rel=\"noopener noreferrer\"><img decoding=\"async\" width=\"30%\" class=\"center alignleft\" alt=\"\" src=\"http:\/\/www.reunion68.com\/Biuletyn\/img\/newsweek.png\"><\/a><span style=\"text-decoration: underline; color: #000080;\"><span style=\"text-decoration: underline;\"><strong><a style=\"color: #000080; text-decoration: underline;\" href=\"https:\/\/www.newsweek.pl\/polska\/polityka\/dariusz-stola-zrezygnowal-z-funkcji-rozmowa-z-dyrektorem-muzeum-polin\/y62k3fv\" target=\"_blank\" rel=\"noopener noreferrer\">Onet Opinie &#8211; Renata Kim: prof. Dariusz Stola (18.02) <\/a><\/strong><\/span><\/span><\/h5>\n<p style=\"text-align: center;\"><span style=\"color: #000000;\"><strong>Renata Kim<\/strong><\/span><\/p>\n<hr style=\"height: 15px; background: #d0e6fa; width: 100%;\">\n<p style=\"text-align: left;\"><span style=\"color: #000080;\">Dariusz Stola mia\u0142 najwi\u0119ksze do\u015bwiadczenie, by\u0142 najlepszy, wygra\u0142 konkurs. A wicepremier Gli\u0144ski postanowi\u0142 to zignorowa\u0107 i przez miesi\u0105ce pod byle pretekstami nie powo\u0142ywa\u0142 go na stanowisko dyrektora Muzeum Historii \u017byd\u00f3w Polskich. W ko\u0144cu Stola uzna\u0142, \u017ce musi odej\u015b\u0107 sam, \u201ewidz\u0105c szkody, kt\u00f3re Muzeum ju\u017c ponios\u0142o i zagro\u017cenia, kt\u00f3re przed nim stoj\u0105\u201d. O motywach tej decyzji, relacjach z ministerstwem kultury i stosunkach polsko-\u017cydowskich z Dariuszem Stol\u0105 rozmawia w programie \u201eOnet Opinie\u201d Renata Kim.<\/span><\/p>\n<div class=\"content-alignment\" id=\"content\">\n<div class=\"yt-uix-button-panel\" id=\"watch-description\">\n<div id=\"watch-description-text\" style=\"text-align: center;\">\n<div id=\"fb-root\"><\/div>\n<p><script async=\"1\" defer=\"1\" crossorigin=\"anonymous\" src=\"https:\/\/connect.facebook.net\/sv_SE\/sdk.js#xfbml=1&amp;version=v6.0\"><\/script><\/p>\n<div class=\"fb-video\" data-href=\"https:\/\/www.facebook.com\/NewsweekPolska\/videos\/247798602890289\/?t=37\" data-width=\"714\">\n<blockquote cite=\"https:\/\/www.facebook.com\/NewsweekPolska\/videos\/247798602890289\/\" class=\"fb-xfbml-parse-ignore\"><p><a href=\"https:\/\/www.facebook.com\/NewsweekPolska\/videos\/247798602890289\/\">#OnetOpinie &#8211; 18.02.2020<\/a><\/p>\n<p>Zapraszamy na program #OnetOpinie! Go\u015bciem Renaty Kim b\u0119dzie prof. Dariusz Stola, by\u0142y dyrektor Muzeum Historii \u017byd\u00f3w Polskich POLIN.<\/p>\n<p>Publicerat av <a href=\"https:\/\/www.facebook.com\/NewsweekPolska\/\">Newsweek Polska<\/a> Tisdag 18 februari 2020<\/p><\/blockquote>\n<\/div>\n<\/div>\n<\/div>\n<\/div>\n<hr>\n<p>#OnetOpinie &#8211; 18.02.2020 &#8211; Opublikowany przez: Newsweek Polska<\/p>\n<hr style=\"height: 15px; background: #d0e6fa; width: 100%;\">\n<div class=\"content-alignment\" id=\"content\">\n<div class=\"yt-uix-button-panel\" id=\"watch-description\">\n<div id=\"watch-description-text\" style=\"text-align: center;\">\n<p><em>Zawarto\u015b\u0107 publikowanych artyku\u0142\u00f3w i materia\u0142\u00f3w nie reprezentuje pogl\u0105d\u00f3w ani opinii Reunion&#8217;68,<\/em><em><br \/>\nani te\u017c webmastera Blogu Reunion&#8217;68, chyba ze jest to wyra\u017anie zaznaczone.<br \/>\nTwoje uwagi, linki, w\u0142asne artyku\u0142y lub wiadomo\u015bci prze\u015blij na adres:<br \/>\n<\/em><span style=\"color: #000080;\"><strong><em><a style=\"color: #000080;\" href=\"mailto:webmaster@reunion68.com\"><span style=\"text-decoration: underline;\">webmaster@reunion68.com<\/span><\/a><\/em><\/strong><\/span><\/p>\n<\/div>\n<\/div>\n<\/div>\n<hr style=\"width: 100%;\">\n","protected":false},"excerpt":{"rendered":"<p>Onet Opinie &#8211; Renata Kim: prof. Dariusz Stola (18.02) Renata Kim Dariusz Stola mia\u0142 najwi\u0119ksze do\u015bwiadczenie, by\u0142 najlepszy, wygra\u0142 konkurs. A wicepremier Gli\u0144ski postanowi\u0142 to zignorowa\u0107 i przez miesi\u0105ce pod byle pretekstami nie powo\u0142ywa\u0142 go na stanowisko dyrektora Muzeum Historii \u017byd\u00f3w Polskich. W ko\u0144cu Stola uzna\u0142, \u017ce musi odej\u015b\u0107 sam, \u201ewidz\u0105c szkody, kt\u00f3re Muzeum ju\u017c [&hellip;]<\/p>\n","protected":false},"author":1,"featured_media":0,"comment_status":"closed","ping_status":"closed","sticky":false,"template":"","format":"standard","meta":[],"categories":[6],"tags":[26,24],"_links":{"self":[{"href":"https:\/\/www.reunion68.se\/index.php?rest_route=\/wp\/v2\/posts\/76381"}],"collection":[{"href":"https:\/\/www.reunion68.se\/index.php?rest_route=\/wp\/v2\/posts"}],"about":[{"href":"https:\/\/www.reunion68.se\/index.php?rest_route=\/wp\/v2\/types\/post"}],"author":[{"embeddable":true,"href":"https:\/\/www.reunion68.se\/index.php?rest_route=\/wp\/v2\/users\/1"}],"replies":[{"embeddable":true,"href":"https:\/\/www.reunion68.se\/index.php?rest_route=%2Fwp%2Fv2%2Fcomments&post=76381"}],"version-history":[{"count":5,"href":"https:\/\/www.reunion68.se\/index.php?rest_route=\/wp\/v2\/posts\/76381\/revisions"}],"predecessor-version":[{"id":76392,"href":"https:\/\/www.reunion68.se\/index.php?rest_route=\/wp\/v2\/posts\/76381\/revisions\/76392"}],"wp:attachment":[{"href":"https:\/\/www.reunion68.se\/index.php?rest_route=%2Fwp%2Fv2%2Fmedia&parent=76381"}],"wp:term":[{"taxonomy":"category","embeddable":true,"href":"https:\/\/www.reunion68.se\/index.php?rest_route=%2Fwp%2Fv2%2Fcategories&post=76381"},{"taxonomy":"post_tag","embeddable":true,"href":"https:\/\/www.reunion68.se\/index.php?rest_route=%2Fwp%2Fv2%2Ftags&post=76381"}],"curies":[{"name":"wp","href":"https:\/\/api.w.org\/{rel}","templated":true}]}}