{"id":7644,"date":"2014-10-25T08:29:12","date_gmt":"2014-10-25T06:29:12","guid":{"rendered":"http:\/\/www.reunion68.se\/?p=7644"},"modified":"2014-10-25T08:29:12","modified_gmt":"2014-10-25T06:29:12","slug":"burmistrz-dzialdowa-uhonorowal-nazistow-odznaczeniami","status":"publish","type":"post","link":"https:\/\/www.reunion68.se\/?p=7644","title":{"rendered":"Burmistrz Dzia\u0142dowa uhonorowa\u0142 nazist\u00f3w odznaczeniami"},"content":{"rendered":"<h4 style=\"text-align: center;\"><a href=\"http:\/\/natemat.pl\/\" target=\"_blank\"><img decoding=\"async\" class=\"center alignleft\" src=\"http:\/\/www.reunion68.com\/Biuletyn\/img\/temat.png\" alt=\"\" \/><\/a><span style=\"text-decoration: underline; color: #000080;\"><span style=\"text-decoration: underline;\"><strong><a style=\"color: #000080; text-decoration: underline;\" href=\"http:\/\/natemat.pl\/121281,burmistrz-dzialdowa-uhonorowal-nazistowskich-zbrodniarzy-straznika-obozu-i-likwidatora-getta-potrzeba-polsko-niemieckiego-pojedn\" target=\"_blank\">Burmistrz Dzia\u0142dowa uhonorowa\u0142 nazist\u00f3w odznaczeniami<\/a><\/strong><\/span><\/span><\/h4>\n<hr style=\"height: 15px; background: #d0e6fa; width: 710px;\" \/>\n<div style=\"width: 360px\" class=\"wp-caption alignright\"><img decoding=\"async\" src=\"http:\/\/m.natemat.pl\/da11e0c2786bbbd1463326d8de4cdc89,640,0,0,0.jpg\" alt=\"Polski burmistrz uhonorowa\u0142 nazistowskich zbrodniarzy: stra\u017cnika obozu i likwidatora getta. &quot;Potrzeba polsko-niemieckiego pojednania&quot;\" width=\"350\" \/><p class=\"wp-caption-text\">Fot. zrzut z YouTube\/bmazurkiewicz<\/p><\/div>\n<p style=\"text-align: left;\"><span style=\"color: #000080;\">Burmistrz Dzia\u0142dowa Bronis\u0142aw Mazurkiewicz uhonorowa\u0142 w swoim mie\u015bcie dw\u00f3ch Niemc\u00f3w &#8211; esesman\u00f3w. Jeden z nich by\u0142 stra\u017cnikiem obozu koncentracyjnego, bra\u0142 udzia\u0142 w egzekucjach Polak\u00f3w, drugi za\u015b aktywnie uczestniczy\u0142 w likwidowaniu getta \u017cydowskiego w M\u0142awie.<\/span><\/p>\n<p style=\"text-align: left;\"><span style=\"color: #000080;\">Mazurkiewicz, jak podaje &#8220;Kurier Olszty\u0144ski&#8221;, postanowi\u0142 uhonorowa\u0107 dw\u00f3ch Niemc\u00f3w. Sprawa ta zbulwersowa\u0142a polityk\u00f3w zebranych na sesji rady miasta. Jeden z nich, Grzegorz Mrowi\u0144ski &#8211; historyk &#8211; przypomnia\u0142, \u017ce obaj m\u0119\u017cczy\u017ani to nazi\u015bci-esesmani, kt\u00f3rzy brali udzia\u0142 w \u0142apankach i zabijaniu Polak\u00f3w i \u017byd\u00f3w. Obaj s\u0105 te\u017c na li\u015bcie zbrodniarzy wojennych.<\/span><\/p>\n<p style=\"text-align: left;\"><span style=\"color: #000080;\">Burmistrz najwyra\u017aniej si\u0119 tym nie przej\u0105\u0142. Jak wyja\u015bni\u0142, jego decyzja wynika z &#8220;dobrej woli&#8221; i &#8220;potrzeby polsko-niemieckiego pojednania&#8221; &#8211; twierdzi olszty\u0144ska gazeta. Jak jednak wyr\u00f3\u017cnienie nazistowskich zbrodniarzy mia\u0142oby przybli\u017cy\u0107 Polak\u00f3w i Niemc\u00f3w, tego ju\u017c nie wyja\u015bni\u0142.<\/span><\/p>\n<p style=\"text-align: right;\"><span style=\"color: #000080;\">\u017ar\u00f3d\u0142o:<span style=\"text-decoration: underline;\"><strong> <a style=\"color: #000080; text-decoration: underline;\" href=\"http:\/\/www.kurierolsztynski.pl\/63735,2014,10,21,odznaczenia-dla-esesmanow-radni-z-dzialdowa-oburzeni\" target=\"_blank\">&#8220;Kurier Olszty\u0144ski&#8221;<\/a><\/strong><\/span><\/span><\/p>\n<hr style=\"height: 15px; background: #d0e6fa; width: 710px;\" \/>\n<div id=\"content\" class=\"  content-alignment&lt;br \/&gt;&lt;br \/&gt; \">\n<div id=\"watch-description\" class=\"yt-uix-button-panel\">\n<div id=\"watch-description-text\">\n<p style=\"text-align: center;\"><span style=\"color: #808080;\"> twoje uwagi, linki, wlasne artykuly, lub wiadomosci przeslij do: <strong><span style=\"text-decoration: underline;\"><span style=\"color: #808080; text-decoration: underline;\"><a href=\"mailto:webmaster@reunion68.com\">webmaster@reunion68.com<\/a><\/span><\/span><\/strong><\/span><\/p>\n<\/div>\n<\/div>\n<\/div>\n<p>&nbsp;<\/p>\n<hr style=\"width: 710px;\" \/>\n","protected":false},"excerpt":{"rendered":"<p>Burmistrz Dzia\u0142dowa uhonorowa\u0142 nazist\u00f3w odznaczeniami Burmistrz Dzia\u0142dowa Bronis\u0142aw Mazurkiewicz uhonorowa\u0142 w swoim mie\u015bcie dw\u00f3ch Niemc\u00f3w &#8211; esesman\u00f3w. Jeden z nich by\u0142 stra\u017cnikiem obozu koncentracyjnego, bra\u0142 udzia\u0142 w egzekucjach Polak\u00f3w, drugi za\u015b aktywnie uczestniczy\u0142 w likwidowaniu getta \u017cydowskiego w M\u0142awie. Mazurkiewicz, jak podaje &#8220;Kurier Olszty\u0144ski&#8221;, postanowi\u0142 uhonorowa\u0107 dw\u00f3ch Niemc\u00f3w. Sprawa ta zbulwersowa\u0142a polityk\u00f3w zebranych na sesji [&hellip;]<\/p>\n","protected":false},"author":1,"featured_media":0,"comment_status":"closed","ping_status":"closed","sticky":false,"template":"","format":"standard","meta":[],"categories":[6],"tags":[24],"_links":{"self":[{"href":"https:\/\/www.reunion68.se\/index.php?rest_route=\/wp\/v2\/posts\/7644"}],"collection":[{"href":"https:\/\/www.reunion68.se\/index.php?rest_route=\/wp\/v2\/posts"}],"about":[{"href":"https:\/\/www.reunion68.se\/index.php?rest_route=\/wp\/v2\/types\/post"}],"author":[{"embeddable":true,"href":"https:\/\/www.reunion68.se\/index.php?rest_route=\/wp\/v2\/users\/1"}],"replies":[{"embeddable":true,"href":"https:\/\/www.reunion68.se\/index.php?rest_route=%2Fwp%2Fv2%2Fcomments&post=7644"}],"version-history":[{"count":21,"href":"https:\/\/www.reunion68.se\/index.php?rest_route=\/wp\/v2\/posts\/7644\/revisions"}],"predecessor-version":[{"id":7665,"href":"https:\/\/www.reunion68.se\/index.php?rest_route=\/wp\/v2\/posts\/7644\/revisions\/7665"}],"wp:attachment":[{"href":"https:\/\/www.reunion68.se\/index.php?rest_route=%2Fwp%2Fv2%2Fmedia&parent=7644"}],"wp:term":[{"taxonomy":"category","embeddable":true,"href":"https:\/\/www.reunion68.se\/index.php?rest_route=%2Fwp%2Fv2%2Fcategories&post=7644"},{"taxonomy":"post_tag","embeddable":true,"href":"https:\/\/www.reunion68.se\/index.php?rest_route=%2Fwp%2Fv2%2Ftags&post=7644"}],"curies":[{"name":"wp","href":"https:\/\/api.w.org\/{rel}","templated":true}]}}