{"id":76466,"date":"2020-02-26T17:00:44","date_gmt":"2020-02-26T15:00:44","guid":{"rendered":"http:\/\/www.reunion68.se\/?p=76466"},"modified":"2020-02-26T09:07:04","modified_gmt":"2020-02-26T07:07:04","slug":"01-05-50","status":"publish","type":"post","link":"https:\/\/www.reunion68.se\/?p=76466","title":{"rendered":"Izrael wstrzymuje wycieczki do Polski. Oficjalnie z powodu epidemii koronawirusa"},"content":{"rendered":"<h5 style=\"text-align: center;\"><a href=\"*******\" target=\"_blank\" rel=\"noopener noreferrer\"><img decoding=\"async\" width=\"30%\" class=\"center alignleft\" alt=\"\" src=\"http:\/\/www.reunion68.com\/Biuletyn\/img\/wyborcza.png\"><\/a><span style=\"text-decoration: underline; color: #000080;\"><strong><a style=\"color: #000080; text-decoration: underline;\" href=\"****************\" target=\"_blank\" rel=\"noopener noreferrer\">Izrael wstrzymuje wycieczki do Polski. Oficjalnie z powodu epidemii koronawirusa<\/a><\/strong><\/span><\/h5>\n<p style=\"text-align: center;\"><span style=\"color: #000000;\"><strong>akw<br \/>\n<\/strong><\/span><\/p>\n<hr style=\"height: 15px; background: #d0e6fa; width: 100%;\">\n<p style=\"text-align: center;\"><strong>Izraelskie ministerstwo zdrowia nie ostrzega jednak przed wyjazdami do naszego kraju.<\/strong><\/p>\n<p style=\"text-align: center;\"><img decoding=\"async\" width=\"100%\" class=\"aligncenter\" src=\"https:\/\/bi.im-g.pl\/im\/07\/88\/18\/z25724679V,12-04-2018--Brzezinka--mlodziez-z-Izraela-podczas-.jpg\"><span style=\"color: #808080;\"><em>12.04.2018, Brzezinka, m\u0142odzie\u017c z Izraela podczas Marszu \u017bywych. (Fot. Jakub Porzycki \/ Agencja Gazeta)<\/em><\/span><\/p>\n<p style=\"text-align: left;\"><span style=\"color: #000080;\">Izrael, epidemia koronawirusa,koronawirus. O tym, \u017ce Izrael do odwo\u0142ania wstrzymuje wycieczki licealist\u00f3w do Polski, poinformowa\u0142 w niedziel\u0119 minister edukacji Rafi Peretz. Izraelska telewizja Channel 12 poda\u0142a, \u017ce powodem tej decyzji ma by\u0107 zalecenie ministerstwa zdrowia, by z powodu epidemii koronawirusa ograniczy\u0107 wyjazdy z Izraela do Europy.<\/span><\/p>\n<p style=\"text-align: left;\"><span style=\"color: #000080;\">Arie Deri, szef izraelskiego ministerstwa spraw wewn\u0119trznych, w niedziel\u0119 doda\u0142 Kore\u0119 Po\u0142udniow\u0105 i Japoni\u0119 to listy kraj\u00f3w azjatyckich, do kt\u00f3rych nie mo\u017cna podr\u00f3\u017cowa\u0107 z Izraela. Na tej li\u015bcie ju\u017c wcze\u015bniej znajdowa\u0142y si\u0119 Chiny i Tajlandia. Przyczyn\u0105 tej decyzji mia\u0142a by\u0107 informacja o objawach COVID-19 u 18 korea\u0144skich pielgrzym\u00f3w, kt\u00f3rzy odwiedzili Jerozolim\u0119.<\/span><\/p>\n<p style=\"text-align: left;\"><span style=\"color: #000080;\">Okazuje si\u0119 jednak, \u017ce ministerstwo zdrowia nie wyda\u0142o wytycznych i ostrze\u017ce\u0144 dotycz\u0105cych Polski, poniewa\u017c w naszym kraju nie odnotowano \u017cadnego przypadku zaka\u017cenia wirusem. Do tych informacji dotar\u0142y izraelskie media.<\/span><\/p>\n<p style=\"text-align: left;\"><span style=\"color: #000080;\">Co roku Polsk\u0119 odwiedza kilka tysi\u0119cy m\u0142odych Izraelczyk\u00f3w, by zobaczy\u0107 miejsca wa\u017cne dla kultury i historii \u017cydowskiej.<\/span><\/p>\n<hr style=\"height: 15px; background: #d0e6fa; width: 100%;\">\n<div class=\"content-alignment\" id=\"content\">\n<div class=\"yt-uix-button-panel\" id=\"watch-description\">\n<div id=\"watch-description-text\" style=\"text-align: center;\">\n<p><em>Zawarto\u015b\u0107 publikowanych artyku\u0142\u00f3w i materia\u0142\u00f3w nie reprezentuje pogl\u0105d\u00f3w ani opinii Reunion&#8217;68,<\/em><em><br \/>\nani te\u017c webmastera Blogu Reunion&#8217;68, chyba ze jest to wyra\u017anie zaznaczone.<br \/>\nTwoje uwagi, linki, w\u0142asne artyku\u0142y lub wiadomo\u015bci prze\u015blij na adres:<br \/>\n<\/em><span style=\"color: #000080;\"><strong><em><a style=\"color: #000080;\" href=\"mailto:webmaster@reunion68.com\"><span style=\"text-decoration: underline;\">webmaster@reunion68.com<\/span><\/a><\/em><\/strong><\/span><\/p>\n<\/div>\n<\/div>\n<\/div>\n<hr style=\"width: 100%;\">\n","protected":false},"excerpt":{"rendered":"<p>Izrael wstrzymuje wycieczki do Polski. Oficjalnie z powodu epidemii koronawirusa akw Izraelskie ministerstwo zdrowia nie ostrzega jednak przed wyjazdami do naszego kraju. 12.04.2018, Brzezinka, m\u0142odzie\u017c z Izraela podczas Marszu \u017bywych. (Fot. Jakub Porzycki \/ Agencja Gazeta) Izrael, epidemia koronawirusa,koronawirus. O tym, \u017ce Izrael do odwo\u0142ania wstrzymuje wycieczki licealist\u00f3w do Polski, poinformowa\u0142 w niedziel\u0119 minister edukacji [&hellip;]<\/p>\n","protected":false},"author":1,"featured_media":0,"comment_status":"closed","ping_status":"closed","sticky":false,"template":"","format":"standard","meta":[],"categories":[6],"tags":[26,24],"_links":{"self":[{"href":"https:\/\/www.reunion68.se\/index.php?rest_route=\/wp\/v2\/posts\/76466"}],"collection":[{"href":"https:\/\/www.reunion68.se\/index.php?rest_route=\/wp\/v2\/posts"}],"about":[{"href":"https:\/\/www.reunion68.se\/index.php?rest_route=\/wp\/v2\/types\/post"}],"author":[{"embeddable":true,"href":"https:\/\/www.reunion68.se\/index.php?rest_route=\/wp\/v2\/users\/1"}],"replies":[{"embeddable":true,"href":"https:\/\/www.reunion68.se\/index.php?rest_route=%2Fwp%2Fv2%2Fcomments&post=76466"}],"version-history":[{"count":4,"href":"https:\/\/www.reunion68.se\/index.php?rest_route=\/wp\/v2\/posts\/76466\/revisions"}],"predecessor-version":[{"id":76488,"href":"https:\/\/www.reunion68.se\/index.php?rest_route=\/wp\/v2\/posts\/76466\/revisions\/76488"}],"wp:attachment":[{"href":"https:\/\/www.reunion68.se\/index.php?rest_route=%2Fwp%2Fv2%2Fmedia&parent=76466"}],"wp:term":[{"taxonomy":"category","embeddable":true,"href":"https:\/\/www.reunion68.se\/index.php?rest_route=%2Fwp%2Fv2%2Fcategories&post=76466"},{"taxonomy":"post_tag","embeddable":true,"href":"https:\/\/www.reunion68.se\/index.php?rest_route=%2Fwp%2Fv2%2Ftags&post=76466"}],"curies":[{"name":"wp","href":"https:\/\/api.w.org\/{rel}","templated":true}]}}