{"id":76574,"date":"2020-03-02T17:09:54","date_gmt":"2020-03-02T15:09:54","guid":{"rendered":"http:\/\/www.reunion68.se\/?p=76574"},"modified":"2020-03-02T12:58:41","modified_gmt":"2020-03-02T10:58:41","slug":"06-09-42","status":"publish","type":"post","link":"https:\/\/www.reunion68.se\/?p=76574","title":{"rendered":"DO CELI Z JURGENEM STROOPEM, KATEM GETTA."},"content":{"rendered":"<h5 style=\"text-align: center;\"><a href=\"http:\/\/www.jhi.pl\/\" target=\"_blank\" rel=\"noopener noreferrer\"><img decoding=\"async\" width=\"35%\" class=\"center alignleft\" alt=\"\" src=\"http:\/\/www.reunion68.com\/Biuletyn\/img\/zih-1.png\"><\/a><span style=\"text-decoration: underline; color: #000080;\"><strong><a style=\"color: #000080; text-decoration: underline;\" href=\"http:\/\/www.jhi.pl\/blog\/2020-03-02-2-marca-1949-kazimierz-moczarski-trafia-do-celi-z-jurgenem-stroopem-katem-getta-warszawskiego\" target=\"_blank\" rel=\"noopener noreferrer\">2 MARCA 1949. KAZIMIERZ MOCZARSKI TRAFIA DO CELI Z JURGENEM STROOPEM, KATEM GETTA WARSZAWSKIEGO<\/a><\/strong><\/span><\/h5>\n<p style=\"text-align: center;\"><span style=\"color: #000000;\"><strong>PRZEMYS\u0141AW BATORSKI<\/strong><\/span><\/p>\n<hr style=\"height: 15px; background: #d0e6fa; width: 100%;\">\n<p style=\"text-align: center;\"><strong>71 lat temu Kazimierz Moczarski, by\u0142y \u017co\u0142nierz Armii Krajowej, zosta\u0142 umieszczony w jednej celi z J\u00fcrgenem Stroopem, genera\u0142em SS, kt\u00f3ry prowadzi\u0142 likwidacj\u0119 warszawskiego getta. Po latach Moczarski napisa\u0142 \u201eRozmowy z katem\u201d, wyj\u0105tkow\u0105 relacj\u0119 ze spotkania z hitlerowskim zbrodniarzem.<\/strong><\/p>\n<p style=\"text-align: center;\"><img decoding=\"async\" width=\"100%\" class=\"aligncenter\" src=\"http:\/\/www.jhi.pl\/uploads\/image\/file\/12413\/wide_Stroop_Report_-_Warsaw_Ghetto_Uprising_-_10501.jpg\"><span style=\"color: #808080;\"><em>\u201eWykurzanie \u017byd\u00f3w i bandyt\u00f3w\u201d. Zdj\u0119cie z walk w getcie warszawskim, zrobione na ulicy Nowolipie, pochodzi z raportu J\u00fcrgena Stroopa.<\/em><\/span><\/p>\n<p style=\"text-align: left;\"><strong>255 dni w&nbsp;celi z&nbsp;genera\u0142em SS<\/strong><\/p>\n<p style=\"text-align: left;\"><span style=\"color: #000080;\"><em>2 marca 1949 roku. Odzia\u0142 XI&nbsp;Mokotowa, warszawskiego wi\u0119zienia. W\u0142a\u015bnie przeniesiono mnie do&nbsp;innej celi, gdzie siedzia\u0142o dw\u00f3ch m\u0119\u017cczyzn. Ledwo drzwi przyryglowano, zacz\u0119li\u015bmy si\u0119 \u00abobw\u0105chiwa\u0107\u00bb, jak to&nbsp;wi\u0119\u017aniowie. Ci&nbsp;dwaj mieli chwilowo przewag\u0119 w&nbsp;uk\u0142adzie stosunk\u00f3w wewn\u0105trzcelowych, bo&nbsp;by\u0142em do&nbsp;nich dokwaterowany.<\/em><\/span><\/p>\n<p style=\"text-align: left;\"><span style=\"color: #000080;\">Kazimierz Moczarski urodzi\u0142 si\u0119 w&nbsp;1907 r.&nbsp;w&nbsp;Warszawie, przed wojn\u0105 pracowa\u0142 jako dziennikarz i&nbsp;radca prawny w&nbsp;Ministerstwie Pracy i&nbsp;Opieki Spo\u0142ecznej. Wst\u0105pi\u0142 do&nbsp;Armii Krajowej, bra\u0142 udzia\u0142 w&nbsp;powstaniu warszawskim. Aresztowany w&nbsp;sierpniu 1945 roku, z&nbsp;10-letnim wyrokiem za&nbsp;walk\u0119 z&nbsp;\u201ew\u0142adz\u0105 ludow\u0105\u201d trafi\u0142 do&nbsp;okrytego z\u0142\u0105 s\u0142aw\u0105 wi\u0119zienia mokotowskiego przy ul. Rakowieckiej 37&nbsp;w&nbsp;Warszawie. Wyrok w&nbsp;1946 r.&nbsp;zredukowano do&nbsp;5&nbsp;lat, ale w&nbsp;1948 r.&nbsp;Moczarski zosta\u0142 ponownie oskar\u017cony \u2013&nbsp;o&nbsp;kolaboracj\u0119 z&nbsp;Niemcami podczas wojny. Zarzut by\u0142 zniewag\u0105, poniewa\u017c Moczarski nigdy nie wsp\u00f3\u0142pracowa\u0142 z&nbsp;okupantem.<\/span><\/p>\n<p style=\"text-align: left;\"><img decoding=\"async\" class=\"alignleft\" src=\"http:\/\/www.jhi.pl\/uploads\/image\/file\/12414\/small_K_moczarski.jpg\"><span style=\"color: #808080;\"><em><strong>Kazimierz Moczarski<\/strong>, ok. 1956 r.<\/em><\/span><\/p>\n<p style=\"text-align: left;\"><span style=\"color: #000080;\">Aby jeszcze bardziej poni\u017cy\u0107 by\u0142ego \u017co\u0142nierza AK, komuni\u015bci osadzili go&nbsp;w&nbsp;jednej celi z&nbsp;jednym z&nbsp;najbardziej znanych w&nbsp;Polsce zbrodniarzy hitlerowskich \u2013&nbsp;J\u00fcrgenem Stroopem. By\u0142y SS-Gr\u00fcppenfuhrer by\u0142 traktowany przez w\u0142adze wi\u0119zienia lepiej ni\u017c Moczarski \u2013&nbsp;wychodzi\u0142 na&nbsp;spacery, dostawa\u0142 listy i&nbsp;paczki od&nbsp;rodziny, otrzymywa\u0142 podw\u00f3jn\u0105 porcj\u0119 jedzenia. Nie by\u0142 bity \u2013&nbsp;a&nbsp;Moczarskiego wyci\u0105gano na&nbsp;przes\u0142uchania nawet kilka razy dziennie, torturowano.<\/span><\/p>\n<p style=\"text-align: left;\"><span style=\"color: #000080;\">Moczarski m\u00f3g\u0142 si\u0119 za\u0142ama\u0107 i&nbsp;ulec \u015bledczym. Zamiast tego w&nbsp;rozmowach, trwaj\u0105cych przez 255 dni wsp\u00f3lnego pobytu w&nbsp;celi, usi\u0142owa\u0142 wnikn\u0105\u0107 w&nbsp;\u017cycie i&nbsp;pogl\u0105dy Stroopa, aby \u201eodpowiedzie\u0107 sobie na&nbsp;pytanie, jaki mechanizm historyczny, psychologiczny, socjologiczny doprowadzi\u0142 cz\u0119\u015b\u0107 Niemc\u00f3w do&nbsp;uformowania si\u0119 w&nbsp;zesp\u00f3\u0142 ludob\u00f3jc\u00f3w, kt\u00f3rzy kierowali Rzesz\u0105 i&nbsp;usi\u0142owali zaprowadzi\u0107 sw\u00f3j Ordnung w&nbsp;Europie i&nbsp;w&nbsp;\u015bwiecie\u201d<a style=\"color: #000080;\">[1]<\/a>. Dzi\u0119ki niezwykle wyostrzonej przez napi\u0119cie psychiczne pami\u0119ci \u2013&nbsp;przez 2,5 roku Moczarski czeka\u0142 na&nbsp;wykonanie wyroku \u015bmierci \u2013&nbsp;zapami\u0119tywa\u0142 z&nbsp;wielk\u0105 precyzj\u0105 wypowiedzi towarzysza z&nbsp;celi.<\/span><\/p>\n<p style=\"text-align: center;\"><img decoding=\"async\" width=\"100%\" class=\"aligncenter\" src=\"http:\/\/www.jhi.pl\/uploads\/image\/file\/12416\/medium_stroopphoto.jpg\"><span style=\"color: #808080;\"><em>\u201eDow\u00f3dca Wielkiej Akcji\u201d. J\u00fcrgen Stroop (w centrum zdj\u0119cia), \u017ar\u00f3d\u0142o: raport Stroopa.<\/em><\/span><\/p>\n<p style=\"text-align: left;\"><strong>Umys\u0142 nazisty od&nbsp;wewn\u0105trz<\/strong><\/p>\n<p style=\"text-align: left;\"><span style=\"color: #000080;\"><em>\u2013 Chrystus, bardzo m\u0105dry cz\u0142owiek. Filozof, romantyk. Rasowo: p\u00f3\u0142nordyk. (\u2026) by\u0142 blondynem i&nbsp;innym psychicznie od&nbsp;\u017byd\u00f3w, kt\u00f3rzy jego nauki \u201eufryzowali\u201d, przykroili do&nbsp;swych cel\u00f3w, a&nbsp;potem pu\u015bcili na&nbsp;rynek mi\u0119dzynarodowy, aby upodli\u0107 i&nbsp;zmi\u0119kczy\u0107 cz\u0142owieka przez wpajanie mu&nbsp;poczucia winy&nbsp;<\/em><a style=\"color: #000080;\"><em>[2]<\/em><\/a><em>.<\/em><\/span><\/p>\n<p style=\"text-align: left;\"><span style=\"color: #000080;\">Josef Stroop pochodzi\u0142 z&nbsp;mieszcza\u0144skiej rodziny z&nbsp;centralnych Niemiec. W&nbsp;okolicy znajdowa\u0142 si\u0119 pomnik Hermana (Arminiusza), wodza German\u00f3w, kt\u00f3ry w&nbsp;9&nbsp;r.&nbsp;n.&nbsp;e.&nbsp;pobi\u0142 Rzymian w&nbsp;Lesie Teutoburskim \u2013&nbsp;mi\u0119dzy innymi z&nbsp;tego powodu Stroop by\u0142 przywi\u0105zany do&nbsp;nacjonalizmu. Odebra\u0142 tylko podstawowe wykszta\u0142cenie, walczy\u0142 na&nbsp;froncie zachodnim podczas I&nbsp;wojny \u015bwiatowej, potem pracowa\u0142 w&nbsp;urz\u0119dzie katastralnym.<\/span><\/p>\n<p style=\"text-align: left;\"><span style=\"color: #000080;\">W 1932 r.&nbsp;wst\u0105pi\u0142 do&nbsp;SS, szybko awansowa\u0142 w&nbsp;hierarchii tej organizacji. Podczas wojny zarz\u0105dza\u0142 jednostkami policji i&nbsp;SS&nbsp;mi\u0119dzy innymi w&nbsp;Poznaniu i&nbsp;Lwowie. W&nbsp;1941 roku zmieni\u0142 imi\u0119 na&nbsp;J\u00fcrgen, \u017ceby by\u0142o bardziej \u201earyjskie\u201d. W&nbsp;kwietniu 1943 roku Heinrich Himmler mianowa\u0142 go&nbsp;<em>SS und Polizeif\u00fchrer Warschau<\/em>&nbsp;z&nbsp;zadaniem likwidacji getta warszawskiego, najwi\u0119kszego w&nbsp;okupowanej Europie. Po&nbsp;wojnie zosta\u0142 pojmany przez aliant\u00f3w w&nbsp;Bawarii i&nbsp;skazany na&nbsp;\u015bmier\u0107 za&nbsp;zabijanie ameryka\u0144skich je\u0144c\u00f3w. Jednak przed wykonaniem wyroku, w&nbsp;maju 1947 r., nast\u0105pi\u0142a jego ekstradycja do&nbsp;Polski.<\/span><\/p>\n<p style=\"text-align: left;\"><span style=\"color: #000080;\">Nawet po&nbsp;przegranej wojnie i&nbsp;uwi\u0119zieniu, Stroop by\u0142 przekonany o&nbsp;nieomylno\u015bci Hitlera, kt\u00f3rego zawsze ze&nbsp;czci\u0105 nazywa\u0142 \u201eAdolf Hitler\u201d. Nadal wierzy\u0142 w&nbsp;antysemickie i&nbsp;rasistowskie dogmaty III Rzeszy, uwa\u017ca\u0142, \u017ce&nbsp;to&nbsp;\u017cydowski spisek doprowadzi\u0142 do&nbsp;wojennej kl\u0119ski Niemiec. Uwielbia\u0142 konie, muzyk\u0119 Wagnera, \u201egermano-realizm\u201d w&nbsp;malarstwie, monumentaln\u0105 architektur\u0119 III Rzeszy, ale nie wiedzia\u0142, \u017ce&nbsp;istnieje kontynent o&nbsp;nazwie Antarktyda. Cynizm i&nbsp;niemoralno\u015b\u0107 Stroopa budzi\u0142y zdumienie Moczarskiego, a&nbsp;jego intelektualne potkni\u0119cia wywo\u0142ywa\u0142y ironiczne komentarze Gustava Schielkego, trzeciego w&nbsp;celi, niemieckiego policjanta, kt\u00f3ry sp\u0119dzi\u0142 wojn\u0119 w&nbsp;archiwum tajnej policji w&nbsp;Krakowie.<\/span><\/p>\n<p style=\"text-align: left;\"><strong>Flagi nad gettem<\/strong><\/p>\n<p style=\"text-align: left;\"><span style=\"color: #000080;\"><em>\u2013&nbsp;Wielokrotnie widzia\u0142em takie fakty: \u017byd wyskoczy\u0142 z&nbsp;p\u0142on\u0105cych mur\u00f3w. Ubranie ju\u017c si\u0119 zaj\u0119\u0142o ogniem. Ruchy i&nbsp;gesty pomyle\u0144ca. Twarz umorusana. W\u0142osy zmierzwione i&nbsp;cz\u0119\u015bciowo spalone. Posta\u0142 chwil\u0119. Odetchn\u0105\u0142 gor\u0105cym powietrzem, ale \u015bwie\u017cym. Gdy nas zobaczy\u0142, krzykn\u0105\u0142 co\u015b, pogrozi\u0142 r\u0119k\u0105, zrobi\u0142 nieprzyzwoity gest, strzeli\u0142 do&nbsp;SS-manna z&nbsp;pistoletu i&nbsp;poszed\u0142 z&nbsp;powrotem w&nbsp;ogie\u0144. Wola\u0142 tak\u0105 \u015bmier\u0107, w&nbsp;swoich murach, w&nbsp;swoim roz\u017carzonym krematorium, ni\u017c dostanie si\u0119 w&nbsp;nasze r\u0119ce<\/em><a style=\"color: #000080;\">[3]<\/a>.<\/span><\/p>\n<p style=\"text-align: left;\"><span style=\"color: #000080;\">J\u00fcrgen Stroop ch\u0119tnie opowiada\u0142 Moczarskiemu i&nbsp;Schielkemu wydarzenia swojego \u017cycia, a&nbsp;szczeg\u00f3lnie likwidacj\u0119 getta warszawskiego, kt\u00f3r\u0105 uwa\u017ca\u0142 za&nbsp;swoje najwi\u0119ksze osi\u0105gni\u0119cie. Opisywa\u0142 zaci\u0119ty op\u00f3r \u017byd\u00f3w i&nbsp;trudy walk ulicznych. Stroop by\u0142 zdumiony, \u017ce&nbsp;akcja w&nbsp;getcie, rozpocz\u0119ta 19&nbsp;kwietnia 1943 roku i&nbsp;planowana na&nbsp;trzy dni, trwa\u0142a a\u017c&nbsp;28&nbsp;dni. Wbrew oficjalnym statystykom, kt\u00f3re przygotowa\u0142 jego sztab, straty niemieckie w&nbsp;powstaniu nie zamyka\u0142y si\u0119 w&nbsp;liczbie kilkunastu zabitych i&nbsp;kilkudziesi\u0119ciu rannych. Niemcy zani\u017cali liczb\u0119 poleg\u0142ych i&nbsp;rannych po&nbsp;swojej stronie, by&nbsp;\u015bwiat nie dowiedzia\u0142 si\u0119 o&nbsp;heroicznej walce warszawskich \u017byd\u00f3w.<\/span><\/p>\n<p style=\"text-align: left;\"><span style=\"color: #000080;\"><em>\u2013&nbsp;Z ka\u017cdego k\u0105ta, za\u0142omu \u015bciany, piwnicy, z&nbsp;ka\u017cdej wypalonej ruiny mo\u017cna by\u0142o dosta\u0107 pigu\u0142k\u0119 z&nbsp;broni palnej, granat lub p\u0142omie\u0144 z&nbsp;\u201ecocktailu Mo\u0142otowa\u201d. Pomijam salwy [niemieckich] dzia\u0142ek przeciwlotniczych, grzechotanie pistolet\u00f3w maszynowych, ca\u0142y ten wojenny zgie\u0142k, dym, kurz, po\u017cary, rozwalanie mur\u00f3w, wysadzanie w&nbsp;powietrze stanowisk wroga<\/em>&nbsp;(\u2026)<a style=\"color: #000080;\">&nbsp;[4]<\/a>.<\/span><\/p>\n<p style=\"text-align: left;\"><span style=\"color: #000080;\">\u2013&nbsp;<em>Rozgardiasz niebywa\u0142y. Po\u017cary, dymy, p\u0142omienie, iskry p\u0119dzone wiatrem, kurz, fruwaj\u0105ce pierze, zapachy przypalonych materia\u0142\u00f3w i&nbsp;cia\u0142, huk armat i&nbsp;granat\u00f3w, \u0142uny i&nbsp;\u201espadochroniarze\u201d\u2026<\/em><a style=\"color: #000080;\">[5]<\/a>. Tym ostatnim s\u0142owem Niemcy okre\u015blali \u017byd\u00f3w, kt\u00f3rzy wyskakiwali z&nbsp;wy\u017cszych pi\u0119ter p\u0142on\u0105cych kamienic, a&nbsp;wcze\u015bniej wyrzucali na&nbsp;ulic\u0119 materace i&nbsp;poduszki. Do&nbsp;\u201espadochroniarzy\u201d strzelali niemieccy snajperzy.<\/span><\/p>\n<p style=\"text-align: left;\"><span style=\"color: #000080;\">Na osobisty rozkaz Himmlera Stroop po\u015bwi\u0119ca\u0142 \u017co\u0142nierzy, by&nbsp;zdj\u0119li z&nbsp;dachu budynku przy ulicy Muranowskiej 6&nbsp;zatkni\u0119te 21&nbsp;kwietnia przez powsta\u0144c\u00f3w flagi \u2013&nbsp;bia\u0142o-czerwon\u0105 i&nbsp;bia\u0142o-niebiesk\u0105<a style=\"color: #000080;\">[6]<\/a>. Wobec twardego oporu bojowc\u00f3w, Stroop podj\u0105\u0142 decyzj\u0119 o&nbsp;niszczeniu getta dom po&nbsp;domu. Saperzy wysadzali kolejne kamienice \u0142adunkami wybuchowymi, wypalali bunkry miotaczami ognia. Bezwzgl\u0119dne metody okaza\u0142y si\u0119 skuteczne. 16&nbsp;maja 1943 roku Stroop osobi\u015bcie wysadzi\u0142 w&nbsp;powietrze Wielk\u0105 Synagog\u0119 \u2013&nbsp;dzie\u0144 ten uwa\u017ca si\u0119 za&nbsp;koniec walk w&nbsp;getcie warszawskim. Jednak i&nbsp;po&nbsp;tej dacie na&nbsp;terenie getta dochodzi\u0142o do&nbsp;star\u0107, a&nbsp;Niemcy poszukiwali ukrywaj\u0105cych si\u0119 w&nbsp;ruinach \u017byd\u00f3w.<\/span><\/p>\n<p style=\"text-align: center;\"><img decoding=\"async\" width=\"100%\" class=\"aligncenter\" src=\"http:\/\/www.jhi.pl\/uploads\/image\/file\/12415\/medium_stroopreport.jpg\"><em><span style=\"color: #808080;\">&#8220;\u017bydowska dzielnica mieszkaniowa w Warszawie ju\u017c nie istnieje!&#8221; Strona tytu\u0142owa raportu Stroopa, kopia przechowywana w IPN<\/span><\/em><\/p>\n<p style=\"text-align: left;\"><strong>Sprawca pozostawia dow\u00f3d ludob\u00f3jstwa<\/strong><\/p>\n<p style=\"text-align: left;\"><span style=\"color: #000080;\"><em>\u2013 Drugiego dnia ataku na&nbsp;getto, we&nbsp;wtorek 20&nbsp;kwietnia, obudzi\u0142em si\u0119 przed brzaskiem, niedospany, ale rze\u015bki \u2013&nbsp;opowiada\u0142 Stroop z&nbsp;wyj\u0105tkow\u0105 jak na&nbsp;niego ochot\u0105. Wyra\u017anie podniecony, prze\u017cywa\u0142 po&nbsp;raz kt\u00f3ry\u015b sw\u00f3j \u201etw\u00f3rczy udzia\u0142 w&nbsp;Grossaktion in&nbsp;Warschau\u201d<\/em><a style=\"color: #000080;\">&nbsp;[7]<\/a>.<\/span><\/p>\n<p style=\"text-align: left;\"><span style=\"color: #000080;\">Po upadku powstania Stroop przygotowa\u0142 raport ze&nbsp;swojej \u201eakcji w&nbsp;Warszawie\u201d. Marzy\u0142, \u017ce&nbsp;w&nbsp;miejsce doszcz\u0119tnie zniszczonej dzielnicy \u017cydowskiej powstanie kiedy\u015b nowa, willowa dzielnica niemiecka, z&nbsp;alej\u0105 jego imienia, a&nbsp;m\u0142odzi narodowi socjali\u015bci b\u0119d\u0105 si\u0119 o&nbsp;nim uczy\u0107 w&nbsp;szko\u0142ach. Raport mia\u0142 pom\u00f3c Stroopowi w&nbsp;napisaniu wspomnie\u0144 i&nbsp;\u2013&nbsp;jak powiedzia\u0142 \u2013&nbsp;\u201ew&nbsp;przysz\u0142ych moich pracach historycznych\u201d<a style=\"color: #000080;\">[8]<\/a>. Tymczasem pos\u0142u\u017cy\u0142 jako akt oskar\u017cenia i&nbsp;nale\u017cy do&nbsp;najwa\u017cniejszych dowod\u00f3w ludob\u00f3jstwa w&nbsp;okupowanej przez Niemc\u00f3w Europie. \u201eNiemiecka sk\u0142onno\u015b\u0107 do&nbsp;skrupulatnej dokumentacji i&nbsp;archiwizowania m\u015bci si\u0119 w&nbsp;razie niepowodze\u0144\u201d \u2013&nbsp;stwierdzi\u0142 Stroop<a style=\"color: #000080;\">[9]<\/a>.<\/span><\/p>\n<p style=\"text-align: left;\"><span style=\"color: #000080;\">W 1951 roku Stroop zosta\u0142 skazany przez s\u0105d w&nbsp;Warszawie na&nbsp;kar\u0119 \u015bmierci za&nbsp;zbrodnie na&nbsp;ludno\u015bci \u017cydowskiej i&nbsp;polskiej, przede wszystkim za&nbsp;likwidacj\u0119 getta warszawskiego. 6&nbsp;marca 1952 roku kat getta zosta\u0142 powieszony w&nbsp;wi\u0119zieniu mokotowskim. W&nbsp;1952 r.&nbsp;r\u00f3wnie\u017c Kazimierz Moczarski zosta\u0142 skazany na&nbsp;\u015bmier\u0107, kt\u00f3r\u0105 w&nbsp;1953 r.&nbsp;zamieniono na&nbsp;do\u017cywocie. Wyszed\u0142 z&nbsp;wi\u0119zienia w&nbsp;okresie odwil\u017cy w&nbsp;1956 r.&nbsp;\u2013&nbsp;sp\u0119dziwszy za&nbsp;kratami 10&nbsp;lat, 8&nbsp;miesi\u0119cy i&nbsp;13&nbsp;dni \u2013&nbsp;zosta\u0142 te\u017c oczyszczony z&nbsp;zarzut\u00f3w.&nbsp;<em>Rozmowy z&nbsp;katem<\/em>&nbsp;wydrukowa\u0142 w&nbsp;odcinkach w&nbsp;latach 1972\u201374 miesi\u0119cznik \u201eOdra\u201d, ksi\u0105\u017ckowe wydanie wysz\u0142o w&nbsp;1977 r., a&nbsp;pe\u0142na, nieocenzurowana wersja dopiero w&nbsp;1992 r., 17&nbsp;lat po&nbsp;\u015bmierci autora.<\/span><\/p>\n<hr>\n<p style=\"text-align: left;\"><span style=\"color: #808080;\"><strong>Kazimierz Moczarski,&nbsp;<em>Rozmowy z&nbsp;katem<\/em>, przedmowa Andrzej Szczypiorski, opracowa\u0142 Andrzej Krzysztof Kunert, Warszawa 1993.<\/strong><\/span><\/p>\n<p><span style=\"color: #808080;\"><a style=\"color: #808080;\">[1]<\/a>&nbsp;Kazimierz Moczarski,&nbsp;<em>Rozmowy z&nbsp;katem<\/em>, przedmowa Andrzej Szczypiorski, opracowa\u0142 Andrzej Krzysztof Kunert, Warszawa 1993, s.&nbsp;30.<\/span><br \/>\n<span style=\"color: #808080;\"><a style=\"color: #808080;\">[2]<\/a>&nbsp;Tam\u017ce, s.&nbsp;102\u2013103.<\/span><br \/>\n<span style=\"color: #808080;\"><a style=\"color: #808080;\">[3]<\/a>&nbsp;Tam\u017ce, s.&nbsp;210.<\/span><br \/>\n<span style=\"color: #808080;\"><a style=\"color: #808080;\">[4]<\/a>&nbsp;Tam\u017ce, s.&nbsp;223\u2013224.<\/span><br \/>\n<span style=\"color: #808080;\"><a style=\"color: #808080;\">[5]<\/a>&nbsp;Tam\u017ce, s.&nbsp;207.<\/span><br \/>\n<span style=\"color: #808080;\"><a style=\"color: #808080;\">[6]<\/a>&nbsp;Tam\u017ce, s.&nbsp;206\u2013207.<\/span><br \/>\n<span style=\"color: #808080;\"><a style=\"color: #808080;\">[7]<\/a>&nbsp;Tam\u017ce, s.&nbsp;196.<\/span><br \/>\n<span style=\"color: #808080;\"><a style=\"color: #808080;\">[8]<\/a>&nbsp;Tam\u017ce, s.&nbsp;253.<\/span><br \/>\n<span style=\"color: #808080;\"><a style=\"color: #808080;\">[9]<\/a>&nbsp;Tam\u017ce, s.&nbsp;262.<\/span><\/p>\n<hr style=\"height: 15px; background: #d0e6fa; width: 100%;\">\n<div class=\"content-alignment\" id=\"content\">\n<div class=\"yt-uix-button-panel\" id=\"watch-description\">\n<div id=\"watch-description-text\" style=\"text-align: center;\">\n<p><em>Zawarto\u015b\u0107 publikowanych artyku\u0142\u00f3w i materia\u0142\u00f3w nie reprezentuje pogl\u0105d\u00f3w ani opinii Reunion&#8217;68,<\/em><em><br \/>\nani te\u017c webmastera Blogu Reunion&#8217;68, chyba ze jest to wyra\u017anie zaznaczone.<br \/>\nTwoje uwagi, linki, w\u0142asne artyku\u0142y lub wiadomo\u015bci prze\u015blij na adres:<br \/>\n<\/em><span style=\"color: #000080;\"><strong><em><a style=\"color: #000080;\" href=\"mailto:webmaster@reunion68.com\"><span style=\"text-decoration: underline;\">webmaster@reunion68.com<\/span><\/a><\/em><\/strong><\/span><\/p>\n<\/div>\n<\/div>\n<\/div>\n<hr style=\"width: 100%;\">\n","protected":false},"excerpt":{"rendered":"<p>2 MARCA 1949. KAZIMIERZ MOCZARSKI TRAFIA DO CELI Z JURGENEM STROOPEM, KATEM GETTA WARSZAWSKIEGO PRZEMYS\u0141AW BATORSKI 71 lat temu Kazimierz Moczarski, by\u0142y \u017co\u0142nierz Armii Krajowej, zosta\u0142 umieszczony w jednej celi z J\u00fcrgenem Stroopem, genera\u0142em SS, kt\u00f3ry prowadzi\u0142 likwidacj\u0119 warszawskiego getta. Po latach Moczarski napisa\u0142 \u201eRozmowy z katem\u201d, wyj\u0105tkow\u0105 relacj\u0119 ze spotkania z hitlerowskim zbrodniarzem. \u201eWykurzanie [&hellip;]<\/p>\n","protected":false},"author":1,"featured_media":0,"comment_status":"closed","ping_status":"closed","sticky":false,"template":"","format":"standard","meta":[],"categories":[6],"tags":[26,24],"_links":{"self":[{"href":"https:\/\/www.reunion68.se\/index.php?rest_route=\/wp\/v2\/posts\/76574"}],"collection":[{"href":"https:\/\/www.reunion68.se\/index.php?rest_route=\/wp\/v2\/posts"}],"about":[{"href":"https:\/\/www.reunion68.se\/index.php?rest_route=\/wp\/v2\/types\/post"}],"author":[{"embeddable":true,"href":"https:\/\/www.reunion68.se\/index.php?rest_route=\/wp\/v2\/users\/1"}],"replies":[{"embeddable":true,"href":"https:\/\/www.reunion68.se\/index.php?rest_route=%2Fwp%2Fv2%2Fcomments&post=76574"}],"version-history":[{"count":6,"href":"https:\/\/www.reunion68.se\/index.php?rest_route=\/wp\/v2\/posts\/76574\/revisions"}],"predecessor-version":[{"id":76586,"href":"https:\/\/www.reunion68.se\/index.php?rest_route=\/wp\/v2\/posts\/76574\/revisions\/76586"}],"wp:attachment":[{"href":"https:\/\/www.reunion68.se\/index.php?rest_route=%2Fwp%2Fv2%2Fmedia&parent=76574"}],"wp:term":[{"taxonomy":"category","embeddable":true,"href":"https:\/\/www.reunion68.se\/index.php?rest_route=%2Fwp%2Fv2%2Fcategories&post=76574"},{"taxonomy":"post_tag","embeddable":true,"href":"https:\/\/www.reunion68.se\/index.php?rest_route=%2Fwp%2Fv2%2Ftags&post=76574"}],"curies":[{"name":"wp","href":"https:\/\/api.w.org\/{rel}","templated":true}]}}