{"id":76661,"date":"2020-03-16T17:09:43","date_gmt":"2020-03-16T15:09:43","guid":{"rendered":"http:\/\/www.reunion68.se\/?p=76661"},"modified":"2020-03-10T12:33:51","modified_gmt":"2020-03-10T10:33:51","slug":"11-09-42","status":"publish","type":"post","link":"https:\/\/www.reunion68.se\/?p=76661","title":{"rendered":"\u017bydzi w lubelskiej strukturze partii w dwudziestoleciu mi\u0119dzywojennym"},"content":{"rendered":"<h5 style=\"text-align: center;\"><a href=\"http:\/\/teatrnn.pl\/\" target=\"_blank\" rel=\"noopener noreferrer\"><img decoding=\"async\" width=\"30%\" class=\"center alignleft\" alt=\"\" src=\"http:\/\/www.reunion68.com\/Biuletyn\/img\/brama-g.png\"><\/a><span style=\"text-decoration: underline; color: #000080;\"><strong><a style=\"color: #000080; text-decoration: underline;\" href=\"http:\/\/teatrnn.pl\/leksykon\/artykuly\/komunistyczna-partia-polski-zydzi-w-lubelskiej-strukturze-partii-w-dwudziestoleciu-miedzywojennym\/\" target=\"_blank\" rel=\"noopener noreferrer\"> \u017bydzi w lubelskiej strukturze partii w dwudziestoleciu mi\u0119dzywojennym<\/a><\/strong><\/span><\/h5>\n<p style=\"text-align: center;\"><span style=\"color: #000000;\"><strong>Jakub Chmielewski<\/strong><\/span><\/p>\n<hr style=\"height: 15px; background: #d0e6fa; width: 100%;\">\n<p><strong><span style=\"color: #808080;\">O\u015brodek \u201eBrama Grodzka &#8211; Teatr NN\u201d jest samorz\u0105dow\u0105 instytucj\u0105 kultury dzia\u0142aj\u0105c\u0105 w Lublinie na rzecz ochrony dziedzictwa kulturowego i edukacji. Jej dzia\u0142ania nawi\u0105zuj\u0105 do symbolicznego i historycznego znaczenia siedziby O\u015brodka &#8211; Bramy Grodzkiej, dawniej b\u0119d\u0105cej przej\u015bciem pomi\u0119dzy miastem chrze\u015bcija\u0144skim i \u017cydowskim, jak r\u00f3wnie\u017c do po\u0142o\u017cenia Lublina w miejscu spotkania kultur, tradycji i religii.<\/span><\/strong><\/p>\n<p><strong><span style=\"color: #808080;\">Cz\u0119\u015bci\u0105 O\u015brodka s\u0105 Dom S\u0142\u00f3w oraz Lubelska Trasa Podziemna.<\/span><\/strong><\/p>\n<hr>\n<h1 style=\"text-rendering: optimizelegibility; margin: 10px 0px; font-family: 'Roboto Slab', Georgia, 'Times New Roman', Times, serif; font-weight: bold; line-height: 1.2em; font-size: 1.8em; padding: 10px 20px; border-left: none; background: #757575; font-style: normal; font-variant-ligatures: normal; font-variant-caps: normal; letter-spacing: normal; orphans: 2; text-align: start; text-indent: 0px; text-transform: none; white-space: normal; widows: 2; word-spacing: 0px; -webkit-text-stroke-width: 0px; text-decoration-style: initial; text-decoration-color: initial;\">Komunistyczna Partia Polski \u2013 \u017bydzi w lubelskiej strukturze partii w dwudziestoleciu mi\u0119dzywojennym<\/h1>\n<p><span style=\"color: #000080;\">W Lublinie do struktur Komunistycznej Partii Polski (KPP) nale\u017ca\u0142o oko\u0142o stu os\u00f3b. Wszelka dzia\u0142alno\u015b\u0107, pocz\u0105tkowo w ramach Komunistycznej Partii Robotniczej Polski, a nast\u0119pnie Komunistycznej Partii Polski, by\u0142a nielegalna i traktowana przez w\u0142adze jako antypa\u0144stwowa, nigdy te\u017c nie zosta\u0142a zalegalizowana.<\/span><\/p>\n<h2 id=\"index\" style=\"text-rendering: optimizelegibility; margin: 30px 0px 10px; font-family: 'Roboto Slab', Georgia, 'Times New Roman', Times, serif; font-weight: bold; line-height: 30px; color: inherit; font-size: 23.1px; display: inline-block;\">Spis tre\u015bci<\/h2>\n<p><span class=\"index-toggle-container\" style=\"color: #000080;\">[<a class=\"index-toggle-link\" id=\"index-toggle\" style=\"color: #000080;\" href=\"http:\/\/teatrnn.pl\/leksykon\/artykuly\/komunistyczna-partia-polski-zydzi-w-lubelskiej-strukturze-partii-w-dwudziestoleciu-miedzywojennym\/#\"><span class=\"collapse-index-link\">Zwi\u0144<\/span><\/a>]<\/span><\/p>\n<div class=\"index-container\" id=\"index-container\">\n<ol>\n<li style=\"text-align: left;\"><span style=\"color: #000080;\"><a id=\"geneza-kpp-reference\" style=\"color: #000080;\" href=\"http:\/\/teatrnn.pl\/leksykon\/artykuly\/komunistyczna-partia-polski-zydzi-w-lubelskiej-strukturze-partii-w-dwudziestoleciu-miedzywojennym\/#geneza-kpp\">Geneza KPP<\/a><\/span><\/li>\n<li style=\"text-align: left;\"><span style=\"color: #000080;\"><a id=\"motywy-przynaleznosci-zydow-do-kpp-w-lublinie-reference\" style=\"color: #000080;\" href=\"http:\/\/teatrnn.pl\/leksykon\/artykuly\/komunistyczna-partia-polski-zydzi-w-lubelskiej-strukturze-partii-w-dwudziestoleciu-miedzywojennym\/#motywy-przynaleznosci-zydow-do-kpp-w-lublinie\">Motywy przynale\u017cno\u015bci \u017byd\u00f3w do KPP w Lublinie<\/a><\/span><\/li>\n<li style=\"text-align: left;\"><span style=\"color: #000080;\"><a id=\"zydowscy-czlonkowie-kpp-w-lublinie-reference\" style=\"color: #000080;\" href=\"http:\/\/teatrnn.pl\/leksykon\/artykuly\/komunistyczna-partia-polski-zydzi-w-lubelskiej-strukturze-partii-w-dwudziestoleciu-miedzywojennym\/#zydowscy-czlonkowie-kpp-w-lublinie\">\u017bydowscy cz\u0142onkowie KPP w Lublinie<\/a><\/span><\/li>\n<li style=\"text-align: left;\"><span style=\"color: #000080;\"><a id=\"udzial-mlodziezy-zydowskiej-w-dzialalnosci-kpp-w-lublinie-reference\" style=\"color: #000080;\" href=\"http:\/\/teatrnn.pl\/leksykon\/artykuly\/komunistyczna-partia-polski-zydzi-w-lubelskiej-strukturze-partii-w-dwudziestoleciu-miedzywojennym\/#udzial-mlodziezy-zydowskiej-w-dzialalnosci-kpp-w-lublinie\">Udzia\u0142 m\u0142odzie\u017cy \u017cydowskiej w dzia\u0142alno\u015bci KPP w Lublinie<\/a><\/span><\/li>\n<li style=\"text-align: left;\"><span style=\"color: #000080;\"><a id=\"wplyw-kpp-na-organizacje-zydowskie-w-lublinie-reference\" style=\"color: #000080;\" href=\"http:\/\/teatrnn.pl\/leksykon\/artykuly\/komunistyczna-partia-polski-zydzi-w-lubelskiej-strukturze-partii-w-dwudziestoleciu-miedzywojennym\/#wplyw-kpp-na-organizacje-zydowskie-w-lublinie\">Wp\u0142yw KPP na organizacje \u017cydowskie w Lublinie<\/a><\/span><\/li>\n<li style=\"text-align: left;\"><span style=\"color: #000080;\"><a id=\"przypisy-reference\" style=\"color: #000080;\" href=\"http:\/\/teatrnn.pl\/leksykon\/artykuly\/komunistyczna-partia-polski-zydzi-w-lubelskiej-strukturze-partii-w-dwudziestoleciu-miedzywojennym\/#przypisy\">Przypisy<\/a><\/span><\/li>\n<li><span style=\"color: #000080;\"><a id=\"literatura-reference\" style=\"color: #000080;\" href=\"http:\/\/teatrnn.pl\/leksykon\/artykuly\/komunistyczna-partia-polski-zydzi-w-lubelskiej-strukturze-partii-w-dwudziestoleciu-miedzywojennym\/#literatura\">Literatura<\/a><\/span><\/li>\n<\/ol>\n<\/div>\n<h2 id=\"geneza-kpp\" style=\"text-rendering: optimizelegibility; margin: 30px 0px 10px; font-family: 'Roboto Slab', Georgia, 'Times New Roman', Times, serif; font-weight: bold; line-height: 30px; color: inherit; font-size: 23.1px;\">Geneza KPP<\/h2>\n<p><span style=\"color: #000080;\">Pierwsza og\u00f3lnopolska struktura komunistyczna powsta\u0142a na ziemiach odrodzonej Polski&nbsp;<strong>16 grudnia 1918 roku pod nazw\u0105 Komunistyczna Partia Robotnicza Polski (KPRP)<\/strong>. W utworzeniu struktur KPRP uczestniczy\u0142y dwa skrajnie lewicowe ugrupowania: Socjaldemokracja Kr\u00f3lestwa Polskiego i Litwy (SDKPiL) oraz Polska Partia Socjalistyczna \u2013 Lewica (PPS-Lewica).&nbsp;<strong>W 1925 roku KPRP przekszta\u0142ci\u0142a si\u0119 w Komunistyczn\u0105 Parti\u0119 Polski (KPP)<\/strong>.<\/span><\/p>\n<p><span style=\"color: #000080;\">Lubelski oddzia\u0142 KPRP zosta\u0142 powo\u0142any do \u017cycia 28 grudnia 1918 roku. W jego utworzeniu wzi\u0119\u0142o udzia\u0142 oko\u0142o stu os\u00f3b. Na pierwszym zebraniu zosta\u0142 wy\u0142oniony Lubelski Komitet Okr\u0119gowy licz\u0105cy jedena\u015bcie os\u00f3b. Organem prasowym by\u0142a \u201ePrawda Komunistyczna\u201d. Lublin by\u0142 r\u00f3wnie\u017c siedzib\u0105 w\u0142adz okr\u0119gowych KPRP, Mi\u0119dzynarodowej Organizacji Pomocy Rewolucjonistom \u201eCzerwona Pomoc\u201d (MOPR \u201eCzerwona Pomoc\u201d) oraz organizacji m\u0142odzie\u017cowej Zwi\u0105zek M\u0142odzie\u017cy Komunistycznej (ZMK).<\/span><\/p>\n<p><span style=\"color: #000080;\">Na II Zje\u017adzie KPRP w 1923 roku podj\u0119to decyzj\u0119 o stworzeniu na poszczeg\u00f3lnych szczeblach organizacyjnych biur sekcji \u017cydowskiej, jako organ\u00f3w pomocniczych \u201e[&#8230;] dla spraw politycznych i spo\u0142ecznych zwi\u0105zanych z \u017cydowskim [&#8230;] ruchem robotniczym i dla obs\u0142ugiwania specjalnych potrzeb tego ruchu istniej\u0105 przy KC, KO i Obwodowych specjalne organa: biura sekcji \u017cydowskich [&#8230;] wybierane na konferencjach krajowych, okr\u0119gowych, wzgl\u0119dnie obwodowych cz\u0142onk\u00f3w partii \u2013 \u017byd\u00f3w&#8221;<a style=\"color: #000080;\" href=\"http:\/\/komunistyczna%20partia%20polski%20%e2%80%93%20%c5%bbydzi%20w%20lubelskiej%20strukturze%20partii%20w%20dwudziestoleciu%20mi%c4%99dzywojennym\/#p1\"><sup>1<\/sup><\/a>.<\/span><\/p>\n<p style=\"text-align: left;\"><span style=\"color: #000080;\">Od pocz\u0105tku wszelkie przejawy dzia\u0142alno\u015bci KPRP, a nast\u0119pnie KPP by\u0142y nielegalne i traktowane przez w\u0142adze jako antypa\u0144stwowe. Zaanga\u017cowanie w struktury tych ugrupowa\u0144 grozi\u0142o surowymi sankcjami i d\u0142ugoletnim wi\u0119zieniem. Wszelkie spotkania partyjne odbywa\u0142y si\u0119 w g\u0142\u0119bokiej konspiracji, co mia\u0142o zapobiec prze\u015bladowaniom ze strony w\u0142adz pa\u0144stwowych.<\/span><\/p>\n<h2 id=\"motywy-przynaleznosci-zydow-do-kpp-w-lublinie\" style=\"text-rendering: optimizelegibility; margin: 30px 0px 10px; font-family: 'Roboto Slab', Georgia, 'Times New Roman', Times, serif; font-weight: bold; line-height: 30px; color: inherit; font-size: 23.1px;\">Motywy przynale\u017cno\u015bci \u017byd\u00f3w do KPP w Lublinie<\/h2>\n<p style=\"text-align: left;\"><span style=\"color: #000080;\">\u017bydzi, kt\u00f3rzy nale\u017celi do KPP byli przedstawicielami r\u00f3\u017cnych warstw spo\u0142ecznych; zar\u00f3wno ni\u017cszych klas spo\u0142ecznych (drobni rzemie\u015blnicy i robotnicy w zak\u0142adach przemys\u0142owych), jak i inteligencji. Jednym z powod\u00f3w popularno\u015bci partii by\u0142 fakt, \u017ce&nbsp;<strong>KPP walczy\u0142a o prawa ludzi z ubo\u017cszych warstw spo\u0142ecznych<\/strong>. Ponadto KPP w spos\u00f3b radykalny wyst\u0119powa\u0142a przeciwko nacjonalizmowi i dyskryminacji r\u00f3\u017cnych mniejszo\u015bci, na co zwr\u00f3ci\u0142 uwag\u0119 historyk Henryk Cimek: \u201eDla Bia\u0142orusin\u00f3w, Ukrai\u0144c\u00f3w czy \u017byd\u00f3w KPP by\u0142a bowiem t\u0105 parti\u0105 w Polsce, kt\u00f3ra najkonsekwentniej walczy\u0142a nie tylko z uciskiem klasowym, ale r\u00f3wnie\u017c z dyskryminacj\u0105 narodowo\u015bciow\u0105&#8221;<a style=\"color: #000080;\" href=\"http:\/\/komunistyczna%20partia%20polski%20%e2%80%93%20%c5%bbydzi%20w%20lubelskiej%20strukturze%20partii%20w%20dwudziestoleciu%20mi%c4%99dzywojennym\/#p2\"><sup>2<\/sup><\/a>. Perspektyw\u0119 \u015bwiatopogl\u0105dow\u0105 i warto\u015bci, do kt\u00f3rych odwo\u0142ywali si\u0119 sympatycy i cz\u0142onkowie KPP opisa\u0142a w swoich wspomnieniach R\u00f3\u017ca Fiszman-Sznajdman:<\/span><\/p>\n<p style=\"text-align: left;\"><span style=\"color: #000080;\">\u201e[&#8230;] By\u0142am zadowolona, \u017ce puste dni zape\u0142ni\u0142a praca dla okre\u015blonych idea\u0142\u00f3w sprawiedliwo\u015bci i r\u00f3wno\u015bci spo\u0142ecznej, przeciwko nienawi\u015bci i dyskryminacji. Pocz\u0105tkowo dzia\u0142alno\u015b\u0107 nie przynios\u0142a \u017cadnych korzy\u015bci materialnych ani mo\u017cliwo\u015bci zarobkowania, grozi\u0142a natomiast d\u0142ugoletnim wi\u0119zieniem, uskrzydla\u0142a marzeniami o sprawiedliwszym i lepszym jutrze. Dla mnie, jak i dla wielu, droga do ruchu robotniczego prowadzi\u0142a przez organizacj\u0119 akademick\u0105. Ka\u017cdego roku po egzaminach maturalnych Zrzeszenie Akademik\u00f3w \u017byd\u00f3w zaprasza\u0142o abiturient\u00f3w Gimnazjum Humanistycznego na zebranie, na kt\u00f3rym werbowano nowych cz\u0142onk\u00f3w&#8221;<a style=\"color: #000080;\" href=\"http:\/\/komunistyczna%20partia%20polski%20%e2%80%93%20%c5%bbydzi%20w%20lubelskiej%20strukturze%20partii%20w%20dwudziestoleciu%20mi%c4%99dzywojennym\/#p3\"><sup>3<\/sup><\/a>.<\/span><\/p>\n<h2 id=\"zydowscy-czlonkowie-kpp-w-lublinie\" style=\"text-rendering: optimizelegibility; margin: 30px 0px 10px; font-family: 'Roboto Slab', Georgia, 'Times New Roman', Times, serif; font-weight: bold; line-height: 30px; color: inherit; font-size: 23.1px;\">\u017bydowscy cz\u0142onkowie KPP w Lublinie<\/h2>\n<p style=\"text-align: left;\"><span style=\"color: #000080;\">W latach 1918\u20131927 czo\u0142owymi dzia\u0142aczami KPP w Lublinie byli: Teodor Feder, Izaak Melcer, Fajwel \u015aliwka, Jankiel Feldman, Moj\u017cesz Salzberg, Dwojra Goldman, Zofia Goldberg, Lola Frydman, Abram Englender, Cudyk Biderman, Josko Kornberg, Aron Hersz Waksman, Dawid Mandelbaum, Rajzla Feldman, Zelda Feld, Motel Goldman, Moj\u017cesz Strumfman, Szmul Redelman, Ajzyk Frunfeld, Hersz Borensztajn czy Moszek Mandelbaum<a style=\"color: #000080;\" href=\"http:\/\/komunistyczna%20partia%20polski%20%e2%80%93%20%c5%bbydzi%20w%20lubelskiej%20strukturze%20partii%20w%20dwudziestoleciu%20mi%c4%99dzywojennym\/#p4\"><sup>4<\/sup><\/a>.<\/span><\/p>\n<p style=\"text-align: left;\"><span style=\"color: #000080;\">W grudniu 1928 roku dosz\u0142o do rozbicia lokalnej struktury KPP przez policj\u0119. Wynikiem tego by\u0142o utworzenie Tymczasowej Komisji Organizacyjnej KPP, w sk\u0142ad kt\u00f3rej weszli: Hersz Zylberman, Moszek Cygelman, Mejer Zwolinersz<a style=\"color: #000080;\" href=\"http:\/\/komunistyczna%20partia%20polski%20%e2%80%93%20%c5%bbydzi%20w%20lubelskiej%20strukturze%20partii%20w%20dwudziestoleciu%20mi%c4%99dzywojennym\/#p5\"><sup>5<\/sup><\/a>. W jej kompetencjach le\u017ca\u0142o wype\u0142nianie zada\u0144 nale\u017c\u0105cych do tej pory do Komitetu Okr\u0119gowego. Zosta\u0142 powo\u0142any do \u017cycia tak\u017ce Komitet Miejski, w sk\u0142ad kt\u00f3rego weszli: Lejba Szafran, Judka Luksemburg, Rajzla Najmark oraz Chana Majsels<a style=\"color: #000080;\" href=\"http:\/\/komunistyczna%20partia%20polski%20%e2%80%93%20%c5%bbydzi%20w%20lubelskiej%20strukturze%20partii%20w%20dwudziestoleciu%20mi%c4%99dzywojennym\/#p6\"><sup>6<\/sup><\/a>.<\/span><\/p>\n<p style=\"text-align: left;\"><span style=\"color: #000080;\">W 1933 roku w sk\u0142ad miejskich struktur KPP weszli: Dawid Ruer, Jojna Berek Haneman, Ancel Gru oraz Josek Icek Lederman<a style=\"color: #000080;\" href=\"http:\/\/komunistyczna%20partia%20polski%20%e2%80%93%20%c5%bbydzi%20w%20lubelskiej%20strukturze%20partii%20w%20dwudziestoleciu%20mi%c4%99dzywojennym\/#p7\"><sup>7<\/sup><\/a>. W 1934 roku cz\u0142onkami biura \u017cydowskiego przy Komitecie Okr\u0119gowym byli: Srul Iser Szyldkraut, Abram Wisenberg, Moszek Dawid Rajs. W tym samym roku przy biurze \u017cydowskim utworzono komisj\u0119 prasow\u0105, w sk\u0142ad kt\u00f3rej weszli m.in. Motel Bursztyn, Gerszon Henoch Naumberg, Dawid Grosbach, Hersz Golblat, Dawid Lederman. \u017bydzi znale\u017ali si\u0119 r\u00f3wnie\u017c w samej Komisji Okr\u0119gowej, byli w\u015br\u00f3d nich: Srul Iser Szyldkraut, Rojza Fiszman, za\u015b na funkcj\u0119 kierownicz\u0105 w okr\u0119gu zosta\u0142 powo\u0142any Symcha Auerbach<a style=\"color: #000080;\" href=\"http:\/\/komunistyczna%20partia%20polski%20%e2%80%93%20%c5%bbydzi%20w%20lubelskiej%20strukturze%20partii%20w%20dwudziestoleciu%20mi%c4%99dzywojennym\/#p8\"><sup>8<\/sup><\/a>.<\/span><\/p>\n<p style=\"text-align: left;\"><span style=\"color: #000080;\">Zdarza\u0142o si\u0119, i\u017c w sk\u0142ad biur \u017cydowskich i organ\u00f3w kierowniczych partii wchodzi\u0142y te same osoby, przyk\u0142adem mo\u017ce by\u0107 Motel Goldman<a style=\"color: #000080;\" href=\"http:\/\/komunistyczna%20partia%20polski%20%e2%80%93%20%c5%bbydzi%20w%20lubelskiej%20strukturze%20partii%20w%20dwudziestoleciu%20mi%c4%99dzywojennym\/#p9\"><sup>9<\/sup><\/a>.<\/span><\/p>\n<p><span style=\"color: #000080;\">\u017bydzi byli r\u00f3wnie\u017c w strukturach okr\u0119gowych oraz miejskich MOPR \u201eCzerwona Pomoc\u201d. W 1931 roku na poziomie okr\u0119gowym w dzia\u0142alno\u015bci tej organizacji uczestniczyli m.in. Brandla Halbersberg i Tauba Tanenbaum<a style=\"color: #000080;\" href=\"http:\/\/komunistyczna%20partia%20polski%20%e2%80%93%20%c5%bbydzi%20w%20lubelskiej%20strukturze%20partii%20w%20dwudziestoleciu%20mi%c4%99dzywojennym\/#p10\"><sup>10<\/sup><\/a>. Na szczeblu miejskim uczestniczyli w dzia\u0142alno\u015bci: Tauba Fas\u00f3wna, Szmul Kierszenblatt oraz Rozenblatt, kt\u00f3ra by\u0142a kierowniczk\u0105<a style=\"color: #000080;\" href=\"http:\/\/komunistyczna%20partia%20polski%20%e2%80%93%20%c5%bbydzi%20w%20lubelskiej%20strukturze%20partii%20w%20dwudziestoleciu%20mi%c4%99dzywojennym\/#p11\"><sup>11<\/sup><\/a>.<\/span><\/p>\n<p style=\"text-align: left;\"><span style=\"color: #000080;\">W\u015br\u00f3d cz\u0142onk\u00f3w KPP dzia\u0142aj\u0105cej w miastach ponad po\u0142ow\u0119 stanowili \u017bydzi, w mniejszych miasteczkach partia cieszy\u0142a si\u0119 jeszcze wi\u0119kszym poparciem<a style=\"color: #000080;\" href=\"http:\/\/komunistyczna%20partia%20polski%20%e2%80%93%20%c5%bbydzi%20w%20lubelskiej%20strukturze%20partii%20w%20dwudziestoleciu%20mi%c4%99dzywojennym\/#p12\"><sup>12<\/sup><\/a>.<\/span><\/p>\n<h2 id=\"udzial-mlodziezy-zydowskiej-w-dzialalnosci-kpp-w-lublinie\" style=\"text-rendering: optimizelegibility; margin: 30px 0px 10px; font-family: 'Roboto Slab', Georgia, 'Times New Roman', Times, serif; font-weight: bold; line-height: 30px; color: inherit; font-size: 23.1px;\">Udzia\u0142 m\u0142odzie\u017cy \u017cydowskiej w dzia\u0142alno\u015bci KPP w Lublinie<\/h2>\n<p style=\"text-align: left;\"><span style=\"color: #000080;\">Pocz\u0105tkowo m\u0142odzie\u017c\u00f3wka komunistyczna przy KPP nosi\u0142a nazw\u0119 Zwi\u0105zek M\u0142odzie\u017cy Komunistycznej w Polsce, nast\u0119pnie zosta\u0142a przemianowana na Komunistyczny Zwi\u0105zek M\u0142odzie\u017cy Polskiej. Znacz\u0105cymi dzia\u0142aczami w strukturach tej organizacji byli: Moj\u017cesz Bess, Szmul Szyfman, Majer Lewin, Hersz Walersztajn, Hersz Borensztajn, Zelda Feld, Motel Goldman, Hersz Korenberg<a style=\"color: #000080;\" href=\"http:\/\/komunistyczna%20partia%20polski%20%e2%80%93%20%c5%bbydzi%20w%20lubelskiej%20strukturze%20partii%20w%20dwudziestoleciu%20mi%c4%99dzywojennym\/#p13\"><sup>13<\/sup><\/a>.<\/span><\/p>\n<p style=\"text-align: left;\"><span style=\"color: #000080;\">Inn\u0105 organizacj\u0105, kt\u00f3ra skupia\u0142a m\u0142odzie\u017c komunistyczn\u0105 by\u0142o Zrzeszenie Akademik\u00f3w \u017byd\u00f3w, na czele kt\u00f3rego sta\u0142 J\u00f3zef Szpira. W ramach tej organizacji dzia\u0142ali m.in. Abram Kuczera, Sara Nomberg, Micha\u0142 Bromberg, Adam Bromberg, Janina Bier, Lowa Bia\u0142ostocki, Berek Pozna\u0144ski, Dawid Honigsztajn, Mandeltraub Malinowski, Fajwel Granasztajn, Dawid Ruer, Motel Bursztyn, Micha\u0142 Bromberg, J\u00f3zef Szpiro, R\u00f3\u017ca Fiszman, Fajwel Kamie\u0144<a style=\"color: #000080;\" href=\"http:\/\/komunistyczna%20partia%20polski%20%e2%80%93%20%c5%bbydzi%20w%20lubelskiej%20strukturze%20partii%20w%20dwudziestoleciu%20mi%c4%99dzywojennym\/#p14\"><sup>14<\/sup><\/a>.<\/span><\/p>\n<h2 id=\"wplyw-kpp-na-organizacje-zydowskie-w-lublinie\" style=\"text-rendering: optimizelegibility; margin: 30px 0px 10px; font-family: 'Roboto Slab', Georgia, 'Times New Roman', Times, serif; font-weight: bold; line-height: 30px; color: inherit; font-size: 23.1px;\">Wp\u0142yw KPP na organizacje \u017cydowskie w Lublinie<\/h2>\n<p style=\"text-align: left;\"><span style=\"color: #000080;\">KPP pozyskiwa\u0142a swoich cz\u0142onk\u00f3w w \u017cydowskich \u015brodowiskach zwi\u0105zkowych, kulturalnych, spo\u0142ecznych oraz sportowych. Wa\u017cn\u0105 grup\u0105 docelow\u0105 byli robotnicy oraz osoby gorzej sytuowane, w obronie kt\u00f3rych wyst\u0119powa\u0142a partia.<\/span><\/p>\n<p style=\"text-align: left;\"><span style=\"color: #000080;\">Pocz\u0105tkowo KPP sta\u0142a na stanowisku stworzenia jednolitych zwi\u0105zk\u00f3w zawodowych. Powo\u0142ano do \u017cycia central\u0119 zwi\u0105zkow\u0105 pod nazw\u0105 Lewica Zwi\u0105zkowa, kt\u00f3rej celem by\u0142o zrzeszanie robotnik\u00f3w w zwi\u0105zkach zawodowych.<\/span><\/p>\n<p style=\"text-align: left;\"><span style=\"color: #000080;\">W warstwie ideologicznej najwi\u0119ksz\u0105 konkurencj\u0119 dla KPP stanowi\u0142 Socjalistyczny Powszechny \u017bydowski Zwi\u0105zek Robotniczy (SP\u017bZR)&nbsp;<a style=\"color: #000080;\" href=\"http:\/\/teatrnn.pl\/leksykon\/node\/2158\/bund_socjalistyczny_powszechny_%C5%BCydowski_zwi%C4%85zek_robotniczy_bund_w_lublinie_w_dwudziestolec\">Bund<\/a>. Oba ugrupowania, cho\u0107 mia\u0142y podobne cele, inaczej je realizowa\u0142y, co doprowadza\u0142o nieraz do sytuacji konfliktowych.<\/span><\/p>\n<p style=\"text-align: left;\"><span style=\"color: #000080;\">Najwi\u0119kszy wp\u0142yw KPP wywiera\u0142a w\u015br\u00f3d pracownik\u00f3w przemys\u0142u odzie\u017cowego i sk\u00f3rzanego. Pogl\u0105dy rozpowszechnianie przez KPP cieszy\u0142y si\u0119 popularno\u015bci\u0105 m.in. w \u017cydowskich organizacjach takich jak: Zwi\u0105zek Zawodowy Handlowc\u00f3w, Zwi\u0105zek Zawodowy Pracownik\u00f3w Biurowych, Zwi\u0105zek Zawodowy Szewc\u00f3w i Kamasznik\u00f3w, Zwi\u0105zek Zawodowy Budowlanych, sekcja literacka \u017bydowskiego Ko\u0142a Akademickiego, \u017bydowski Klub Sportowy \u201eWieniawa\u201d, \u017bydowska Organizacja Skautowska, Zrzeszenie Akademik\u00f3w \u017byd\u00f3w, Zwi\u0105zek M\u0142odzie\u017cy&nbsp;<a style=\"color: #000080;\" href=\"http:\/\/teatrnn.pl\/leksykon\/node\/3333\/organizacje_m%C5%82odzie%C5%BCowe_bundu_%E2%80%93_cukunft_skif_jaw_struktura_i_funkcjonowanie_w_dwudziestole#2\">\u201eCukunft\u201d<\/a>&nbsp;oraz Organizacja Borochow Jugent<a style=\"color: #000080;\" href=\"http:\/\/komunistyczna%20partia%20polski%20%e2%80%93%20%c5%bbydzi%20w%20lubelskiej%20strukturze%20partii%20w%20dwudziestoleciu%20mi%c4%99dzywojennym\/#p15\"><sup>15<\/sup><\/a>. Przejawy sympatii do komunist\u00f3w mo\u017cna by\u0142o zauwa\u017cy\u0107 r\u00f3wnie\u017c w\u015br\u00f3d m\u0142odzie\u017cy \u017cydowskiej ucz\u0105cej si\u0119 w Gimnazjum Humanistycznym Koedukacyjnego Towarzystwa Zak\u0142adania Szk\u00f3\u0142 \u017bydowskich.<\/span><\/p>\n<p style=\"text-align: left;\"><span style=\"color: #000080;\"><strong>Dzia\u0142alno\u015b\u0107 KPP zako\u0144czy\u0142a si\u0119 w 1938 roku<\/strong>,&nbsp;<strong>kiedy rozwi\u0105zano parti\u0119<\/strong>. Jeszcze w 1942 roku powsta\u0142a partia PPR (Polska Partia Robotnicza), kt\u00f3ra przekszta\u0142ci\u0142a si\u0119 nast\u0119pnie w PZPR (Polska Zjednoczona Partia Robotnicza).<\/span><\/p>\n<div align=\"right\">\n<hr>\n<\/div>\n<div align=\"right\"><\/div>\n<h2 id=\"przypisy\" style=\"text-rendering: optimizelegibility; margin: 30px 0px 10px; font-family: 'Roboto Slab', Georgia, 'Times New Roman', Times, serif; font-weight: bold; line-height: 30px; color: inherit; font-size: 23.1px;\">Przypisy<\/h2>\n<div><span style=\"font-size: xx-small;\"><sup>1<\/sup><a href=\"http:\/\/biblioteka.teatrnn.pl\/dlibra\/dlibra\/docmetadata?id=8875&amp;from=&amp;dirids=1&amp;ver_id=25183&amp;lp=2&amp;QI=!F53A3C838081B3E47D12717ECA65CBFE-5\">E. Horoch,&nbsp;<em>Udzia\u0142 ludno\u015bci \u017cydowskiej Lublina w organizacji miejskiej Komunistycznej Partii Polski<\/em>, [w:] T. Radzik [red.],&nbsp;<em>\u017bydzi w Lublinie. Materia\u0142y do dziej\u00f3w spo\u0142eczno\u015bci \u017cydowskiej Lublina<\/em>, t. 1, Lublin 1995, s. 229.<\/a><\/span><\/div>\n<div><span style=\"font-size: xx-small;\"><sup>2<\/sup>Tam\u017ce, s. 235.<\/span><\/div>\n<div><span style=\"font-size: xx-small;\"><sup>3<\/sup><a href=\"http:\/\/biblioteka.teatrnn.pl\/dlibra\/dlibra\/docmetadata?id=8736&amp;from=&amp;dirids=1&amp;ver_id=24904&amp;lp=4&amp;QI=!E25D3FE1D125705C5DCB54AFE397ADEC-16\">R. Fiszman-Sznajdman,&nbsp;<em>M\u00f3j Lublin<\/em>, Lublin 1989, s. 171.<\/a><\/span><\/div>\n<div><span style=\"font-size: xx-small;\"><sup>4<\/sup>E. Horoch, dz. cyt., s. 228.<br \/>\n<sup>5<\/sup>Tam\u017ce, s. 229.<br \/>\n<sup>6<\/sup>Tam\u017ce, s. 229.<\/span><\/div>\n<div><span style=\"font-size: xx-small;\"><sup>7<\/sup>W 1933 roku zosta\u0142y skierowane do Lublina Chaja Tauba vel Helena Wajntreter oraz Gitla Mindl Rappaport. E. Horoch, dz. cyt., s. 230.<\/span><\/div>\n<div><span style=\"font-size: xx-small;\"><sup>8<\/sup>Tam\u017ce, s. 230.<\/span><\/div>\n<div><span style=\"font-size: xx-small;\"><sup>9<\/sup>Odpowiada\u0142 on jednocze\u015bnie za propagand\u0119 w strukturze miejskiej KPP i by\u0142 cz\u0142onkiem biura \u017cydowskiego. E. Horoch, dz. cyt., s. 228, 229.<\/span><\/div>\n<div><span style=\"font-size: xx-small;\"><sup>10<\/sup>Tam\u017ce, s. 229.<\/span><\/div>\n<div><span style=\"font-size: xx-small;\"><sup>11<\/sup>Tam\u017ce, s. 229.<\/span><\/div>\n<div><span style=\"font-size: xx-small;\"><sup>12<\/sup>Tam\u017ce, s. 231.<\/span><\/div>\n<div><span style=\"font-size: xx-small;\"><sup>13<\/sup>Tam\u017ce, s. 230.<\/span><\/div>\n<div><span style=\"font-size: xx-small;\"><sup>14<\/sup>Berek Pozna\u0144ski i Mandeltraub Malinowski byli uczestnikami wojny domowej w Hiszpanii, za\u015b Fajwel Granasztajn i Dawid Ruer byli wi\u0119\u017aniami politycznymi w Berezie Kartuskiej. E. Horoch, dz. cyt., s. 231; R. Fiszman-Sznajdman, dz. cyt., s. 171\u2013185, 190\u2013192.<\/span><\/div>\n<div><span style=\"font-size: xx-small;\"><sup>15<\/sup>Tam\u017ce, s. 232\u2013233.<\/span><\/div>\n<h2 id=\"literatura\" style=\"text-rendering: optimizelegibility; margin: 30px 0px 10px; font-family: 'Roboto Slab', Georgia, 'Times New Roman', Times, serif; font-weight: bold; line-height: 30px; color: inherit; font-size: 23.1px;\">Literatura<\/h2>\n<p><span style=\"color: #808080;\"><a style=\"color: #808080;\" href=\"http:\/\/biblioteka.teatrnn.pl\/dlibra\/dlibra\/docmetadata?id=8736&amp;from=&amp;dirids=1&amp;ver_id=24904&amp;lp=4&amp;QI=!E25D3FE1D125705C5DCB54AFE397ADEC-16\">Fiszman-Sznajdman R.,<em>&nbsp;M\u00f3j Lublin<\/em>, Lublin 1989.<\/a><\/span><br \/>\n<span style=\"color: #808080;\"><a style=\"color: #808080;\" href=\"http:\/\/biblioteka.teatrnn.pl\/dlibra\/dlibra\/docmetadata?id=8875&amp;from=&amp;dirids=1&amp;ver_id=25183&amp;lp=2&amp;QI=!F53A3C838081B3E47D12717ECA65CBFE-5\">Horoch E.,<em>&nbsp;Udzia\u0142 ludno\u015bci \u017cydowskiej Lublina w organizacji miejskiej Komunistycznej Partii Polski<\/em>, [w:] T. Radzik [red.],&nbsp;<em>\u017bydzi w Lublinie. Materia\u0142y do dziej\u00f3w spo\u0142eczno\u015bci \u017cydowskiej Lublina<\/em>, t. 1, Lublin 1995.<\/a><\/span><br \/>\n<span style=\"color: #808080;\"><a style=\"color: #808080;\" href=\"http:\/\/biblioteka.teatrnn.pl\/dlibra\/dlibra\/docmetadata?id=8845&amp;from=&amp;dirids=1&amp;ver_id=25123&amp;lp=1&amp;QI=!E25D3FE1D125705C5DCB54AFE397ADEC-29\">Wajs K., Wajs S.,&nbsp;<em>Fakty i wydarzenia z \u017cycia lubelskich \u017byd\u00f3w<\/em>, Lublin 1997 [\u017bydowskie partie polityczne w Lublinie].<\/a><\/span><br \/>\n<span style=\"color: #808080;\"><a style=\"color: #808080;\" href=\"http:\/\/biblioteka.teatrnn.pl\/dlibra\/dlibra\/docmetadata?id=8845&amp;from=&amp;dirids=1&amp;ver_id=25123&amp;lp=1&amp;QI=!E25D3FE1D125705C5DCB54AFE397ADEC-29\">Wajs K., Wajs S.,&nbsp;<em>Fakty i wydarzenia z \u017cycia lubelskich \u017byd\u00f3w<\/em>, Lublin 1997 [Zwi\u0105zki zawodowe w Lublinie]<\/a>.<\/span><\/p>\n<hr style=\"height: 15px; background: #d0e6fa; width: 100%;\">\n<div class=\"content-alignment\" id=\"content\">\n<div class=\"yt-uix-button-panel\" id=\"watch-description\">\n<div id=\"watch-description-text\" style=\"text-align: center;\">\n<p><em>Zawarto\u015b\u0107 publikowanych artyku\u0142\u00f3w i materia\u0142\u00f3w nie reprezentuje pogl\u0105d\u00f3w ani opinii Reunion&#8217;68,<\/em><em><br \/>\nani te\u017c webmastera Blogu Reunion&#8217;68, chyba ze jest to wyra\u017anie zaznaczone.<br \/>\nTwoje uwagi, linki, w\u0142asne artyku\u0142y lub wiadomo\u015bci prze\u015blij na adres:<br \/>\n<\/em><span style=\"color: #000080;\"><strong><em><a style=\"color: #000080;\" href=\"mailto:webmaster@reunion68.com\"><span style=\"text-decoration: underline;\">webmaster@reunion68.com<\/span><\/a><\/em><\/strong><\/span><\/p>\n<\/div>\n<\/div>\n<\/div>\n<hr style=\"width: 100%;\">\n","protected":false},"excerpt":{"rendered":"<p>\u017bydzi w lubelskiej strukturze partii w dwudziestoleciu mi\u0119dzywojennym Jakub Chmielewski O\u015brodek \u201eBrama Grodzka &#8211; Teatr NN\u201d jest samorz\u0105dow\u0105 instytucj\u0105 kultury dzia\u0142aj\u0105c\u0105 w Lublinie na rzecz ochrony dziedzictwa kulturowego i edukacji. Jej dzia\u0142ania nawi\u0105zuj\u0105 do symbolicznego i historycznego znaczenia siedziby O\u015brodka &#8211; Bramy Grodzkiej, dawniej b\u0119d\u0105cej przej\u015bciem pomi\u0119dzy miastem chrze\u015bcija\u0144skim i \u017cydowskim, jak r\u00f3wnie\u017c do po\u0142o\u017cenia [&hellip;]<\/p>\n","protected":false},"author":1,"featured_media":0,"comment_status":"closed","ping_status":"closed","sticky":false,"template":"","format":"standard","meta":[],"categories":[6],"tags":[26,24],"_links":{"self":[{"href":"https:\/\/www.reunion68.se\/index.php?rest_route=\/wp\/v2\/posts\/76661"}],"collection":[{"href":"https:\/\/www.reunion68.se\/index.php?rest_route=\/wp\/v2\/posts"}],"about":[{"href":"https:\/\/www.reunion68.se\/index.php?rest_route=\/wp\/v2\/types\/post"}],"author":[{"embeddable":true,"href":"https:\/\/www.reunion68.se\/index.php?rest_route=\/wp\/v2\/users\/1"}],"replies":[{"embeddable":true,"href":"https:\/\/www.reunion68.se\/index.php?rest_route=%2Fwp%2Fv2%2Fcomments&post=76661"}],"version-history":[{"count":5,"href":"https:\/\/www.reunion68.se\/index.php?rest_route=\/wp\/v2\/posts\/76661\/revisions"}],"predecessor-version":[{"id":76757,"href":"https:\/\/www.reunion68.se\/index.php?rest_route=\/wp\/v2\/posts\/76661\/revisions\/76757"}],"wp:attachment":[{"href":"https:\/\/www.reunion68.se\/index.php?rest_route=%2Fwp%2Fv2%2Fmedia&parent=76661"}],"wp:term":[{"taxonomy":"category","embeddable":true,"href":"https:\/\/www.reunion68.se\/index.php?rest_route=%2Fwp%2Fv2%2Fcategories&post=76661"},{"taxonomy":"post_tag","embeddable":true,"href":"https:\/\/www.reunion68.se\/index.php?rest_route=%2Fwp%2Fv2%2Ftags&post=76661"}],"curies":[{"name":"wp","href":"https:\/\/api.w.org\/{rel}","templated":true}]}}