{"id":76750,"date":"2020-03-16T17:00:11","date_gmt":"2020-03-16T15:00:11","guid":{"rendered":"http:\/\/www.reunion68.se\/?p=76750"},"modified":"2020-03-10T12:47:28","modified_gmt":"2020-03-10T10:47:28","slug":"16-05-47","status":"publish","type":"post","link":"https:\/\/www.reunion68.se\/?p=76750","title":{"rendered":"\u2018Jewish Voice for Peace\u2019 Uses a Terrorist Group Poster for International Women\u2019s Day"},"content":{"rendered":"<h5 style=\"text-align: center;\"><a href=\"https:\/\/www.algemeiner.com\/\" target=\"_blank\" rel=\"noopener noreferrer\"><img decoding=\"async\" width=\"35%\" class=\"center alignleft\" alt=\"\" src=\"http:\/\/www.reunion68.com\/Biuletyn\/img\/algem.png\"><\/a><span style=\"text-decoration: underline; color: #000080;\"><span style=\"text-decoration: underline;\"><strong><a style=\"color: #000080; text-decoration: underline;\" href=\"https:\/\/www.algemeiner.com\/2020\/03\/10\/jewish-voice-for-peace-uses-a-terrorist-group-poster-for-international-womens-day\/\" target=\"_blank\" rel=\"noopener noreferrer\">\u2018Jewish Voice for Peace\u2019 Uses a Terrorist Group Poster for International Women\u2019s Day<\/a><\/strong><\/span><\/span><\/h5>\n<p style=\"text-align: center;\"><span style=\"color: #000000;\"><strong>Elder of Ziyon<\/strong><\/span><\/p>\n<hr style=\"height: 15px; background: #d0e6fa; width: 100%;\">\n<p style=\"text-align: center;\"><img decoding=\"async\" width=\"100%\" src=\"https:\/\/49yzp92imhtx8radn224z7y1-wpengine.netdna-ssl.com\/wp-content\/uploads\/2017\/10\/JVP-1.jpg\"><span style=\"color: #808080;\"><em>Members of extreme anti-Zionist group \u201cJewish Voice for Peace.\u201d Photo: NGO Monitor.<\/em><\/span><\/p>\n<p><span style=\"color: #000080;\">Below is a tweet from the quite misnamed&nbsp;<a style=\"color: #000080;\" href=\"https:\/\/twitter.com\/jvplive\/status\/1236632928660131840\" target=\"_blank\" rel=\"noopener noreferrer\">\u201cJewish Voice for Peace.\u201d<\/a>&nbsp;The graphic that they chose is from a&nbsp;<a style=\"color: #000080;\" href=\"https:\/\/www.palestineposterproject.org\/poster\/together-until\" target=\"_blank\" rel=\"noopener noreferrer\">1985 poster by a terror group<\/a>, the Popular Front for the Liberation of Palestine (PFLP).<\/span><\/p>\n<div class=\"SandboxRoot env-bp-350\" style=\"background: 0px 0px; font: 16px\/1.4 Helvetica,Roboto,'Segoe UI',Calibri,sans-serif; text-align: left; color: #1c2022; display: block; white-space: initial; position: relative; direction: ltr; max-height: 10000px; font-size-adjust: none; font-stretch: normal;\" data-twitter-event-id=\"0\">\n<div class=\"EmbeddedTweet EmbeddedTweet--cta js-clickToOpenTarget\" id=\"twitter-widget-3\" lang=\"en\" data-twitter-event-id=\"1\" data-scribe=\"page:tweet\" data-iframe-title=\"Twitter Tweet\" data-click-to-open-target=\"https:\/\/twitter.com\/jvplive\/status\/1236632928660131840\">\n<div class=\"EmbeddedTweet-tweetContainer\">\n<div class=\"EmbeddedTweet-tweet\">\n<blockquote class=\"Tweet h-entry js-tweetIdInfo subject expanded\" cite=\"https:\/\/twitter.com\/jvplive\/status\/1236632928660131840\" data-tweet-id=\"1236632928660131840\" data-scribe=\"section:subject\">\n<div class=\"Tweet-header\"><a class=\"TweetAuthor-avatar  Identity-avatar u-linkBlend\" aria-label=\"Jewish Voice for Peace (screen name: jvplive)\" href=\"https:\/\/twitter.com\/jvplive\" data-scribe=\"element:user_link\"><img decoding=\"async\" class=\"Avatar\" alt=\"\" src=\"https:\/\/pbs.twimg.com\/profile_images\/1195075645635801098\/_JA6kHR4_normal.jpg\" data-scribe=\"element:avatar\" data-src-1x=\"https:\/\/pbs.twimg.com\/profile_images\/1195075645635801098\/_JA6kHR4_normal.jpg\" data-src-2x=\"https:\/\/pbs.twimg.com\/profile_images\/1195075645635801098\/_JA6kHR4_bigger.jpg\"><\/a><\/p>\n<div class=\"TweetAuthor js-inViewportScribingTarget\" data-scribe=\"component:author\">\n<div class=\"TweetAuthor-nameScreenNameContainer\"><span class=\"TweetAuthor-decoratedName\"><span title=\"Jewish Voice for Peace\" class=\"TweetAuthor-name Identity-name customisable-highlight\" data-scribe=\"element:name\">Jewish Voice for Peace<\/span><\/span><\/p>\n<div title=\"Verified Account\" class=\"Icon Icon--verified \" role=\"img\" style=\"display: inline-block; height: 1.25em; background-repeat: no-repeat; background-size: contain; vertical-align: text-bottom; width: 1.11111em;\" aria-label=\"Verified Account\"><\/div>\n<p><span class=\"TweetAuthor-decoratedName\"><span class=\"TweetAuthor-verifiedBadge\" data-scribe=\"element:verified_badge\"><b class=\"u-hiddenVisually\">&#x2714;<\/b><\/span><\/span><span title=\"@jvplive\" class=\"TweetAuthor-screenName Identity-screenName\" dir=\"ltr\" data-scribe=\"element:screen_name\">@jvplive<\/span><\/p>\n<\/div>\n<\/div>\n<div class=\"Tweet-brand\"><\/div>\n<\/div>\n<div class=\"Tweet-body e-entry-content\" data-scribe=\"component:tweet\">\n<p class=\"Tweet-text e-entry-title\" lang=\"en\" dir=\"ltr\">We&#8217;re commemorating International Women&#8217;s Day today and we ask you to remember and share the stories of women at the heart of revolutionary struggle.&nbsp; \u201cIn the long run, the people are our only appeal. The only ones who can free us are ourselves.\u201d Assata Shakur<\/p>\n<div class=\"Tweet-card\">\n<article class=\"MediaCard&#10;&#10;           customisable-border\" dir=\"ltr\" data-scribe=\"component:card\">\n<div class=\"MediaCard-media\" data-scribe=\"element:photo\">\n<div class=\"MediaCard-widthConstraint js-cspForcedStyle\" data-style=\"max-width: 512px\">\n<div class=\"MediaCard-mediaContainer js-cspForcedStyle MediaCard--roundedTop MediaCard--roundedBottom\" data-style=\"padding-bottom: 100.0000%\"><a class=\"MediaCard-mediaAsset NaturalImage\" href=\"https:\/\/twitter.com\/jvplive\/status\/1236632928660131840\/photo\/1\"><img decoding=\"async\" loading=\"lazy\" width=\"512\" height=\"768\" title=\"View image on Twitter\" class=\"NaturalImage-image aligncenter\" alt=\"View image on Twitter\" src=\"https:\/\/pbs.twimg.com\/media\/ESlnF4oWoAEgJ47?format=jpg&amp;name=900x900\" data-image-format=\"jpg\" data-image=\"https:\/\/pbs.twimg.com\/media\/ESlnF4oWoAEgJ47\"><\/a><\/div>\n<\/div>\n<\/div>\n<\/article>\n<\/div>\n<div class=\"TweetInfo\">\n<div class=\"tweet-InformationCircle\" data-scribe=\"element:notice\"><\/div>\n<\/div>\n<\/div>\n<\/blockquote>\n<\/div>\n<div class=\"CallToAction-icon\" data-scribe=\"element:conversation_icon\">\n<div title=\"View conversation on Twitter\" class=\"Icon Icon--replyCTA \" role=\"img\" style=\"display: block; height: 1.25em; background-repeat: no-repeat; background-size: contain; vertical-align: text-bottom; width: 1.25em; transform: scaleX(1);\" aria-label=\"View conversation on Twitter\"><\/div>\n<\/div>\n<\/div>\n<\/div>\n<\/div>\n<p><span style=\"color: #000080;\">Here are some other posters for International Women\u2019s Day by the PFLP and other Palestinian groups over the years, which apparently JVP supports.<\/span><\/p>\n<p style=\"text-align: left;\"><img decoding=\"async\" loading=\"lazy\" width=\"460\" height=\"640\" class=\"size-full wp-image-510847 aligncenter\" alt=\"\" src=\"https:\/\/49yzp92imhtx8radn224z7y1-wpengine.netdna-ssl.com\/wp-content\/uploads\/2020\/03\/firstconference_pppa.jpg\" srcset=\"https:\/\/49yzp92imhtx8radn224z7y1-wpengine.netdna-ssl.com\/wp-content\/uploads\/2020\/03\/firstconference_pppa.jpg 460w, https:\/\/49yzp92imhtx8radn224z7y1-wpengine.netdna-ssl.com\/wp-content\/uploads\/2020\/03\/firstconference_pppa-216x300.jpg 216w\" sizes=\"(max-width: 460px) 100vw, 460px\"><\/p>\n<p style=\"text-align: left;\">\n<p style=\"text-align: left;\"><img decoding=\"async\" width=\"100%\" class=\"size-full wp-image-510849 aligncenter\" alt=\"\" src=\"https:\/\/49yzp92imhtx8radn224z7y1-wpengine.netdna-ssl.com\/wp-content\/uploads\/2020\/03\/guardianfire_pppa-1.jpg\" srcset=\"https:\/\/49yzp92imhtx8radn224z7y1-wpengine.netdna-ssl.com\/wp-content\/uploads\/2020\/03\/guardianfire_pppa-1.jpg 448w, https:\/\/49yzp92imhtx8radn224z7y1-wpengine.netdna-ssl.com\/wp-content\/uploads\/2020\/03\/guardianfire_pppa-1-210x300.jpg 210w\" sizes=\"(max-width: 448px) 100vw, 448px\"><\/p>\n<p style=\"text-align: left;\"><em>&nbsp;<\/em><\/p>\n<hr>\n<p><span style=\"color: #808080;\"><em>Elder of Ziyon has been blogging about Israel and the Arab world for a really long time now. He also controls the world, but deep down, you already knew that.<\/em><\/span><\/p>\n<hr style=\"height: 15px; background: #d0e6fa; width: 100%;\">\n<div class=\"content-alignment\" id=\"content\">\n<div class=\"yt-uix-button-panel\" id=\"watch-description\">\n<div id=\"watch-description-text\" style=\"text-align: center;\">\n<p><em>Zawarto\u015b\u0107 publikowanych artyku\u0142\u00f3w i materia\u0142\u00f3w nie reprezentuje pogl\u0105d\u00f3w ani opinii Reunion&#8217;68,<\/em><em><br \/>\nani te\u017c webmastera Blogu Reunion&#8217;68, chyba ze jest to wyra\u017anie zaznaczone.<br \/>\nTwoje uwagi, linki, w\u0142asne artyku\u0142y lub wiadomo\u015bci prze\u015blij na adres:<br \/>\n<\/em><span style=\"color: #000080;\"><strong><em><a style=\"color: #000080;\" href=\"mailto:webmaster@reunion68.com\"><span style=\"text-decoration: underline;\">webmaster@reunion68.com<\/span><\/a><\/em><\/strong><\/span><\/p>\n<\/div>\n<\/div>\n<\/div>\n<hr style=\"width: 100%;\">\n","protected":false},"excerpt":{"rendered":"<p>\u2018Jewish Voice for Peace\u2019 Uses a Terrorist Group Poster for International Women\u2019s Day Elder of Ziyon Members of extreme anti-Zionist group \u201cJewish Voice for Peace.\u201d Photo: NGO Monitor. Below is a tweet from the quite misnamed&nbsp;\u201cJewish Voice for Peace.\u201d&nbsp;The graphic that they chose is from a&nbsp;1985 poster by a terror group, the Popular Front for [&hellip;]<\/p>\n","protected":false},"author":1,"featured_media":0,"comment_status":"closed","ping_status":"closed","sticky":false,"template":"","format":"standard","meta":[],"categories":[3],"tags":[26,24],"_links":{"self":[{"href":"https:\/\/www.reunion68.se\/index.php?rest_route=\/wp\/v2\/posts\/76750"}],"collection":[{"href":"https:\/\/www.reunion68.se\/index.php?rest_route=\/wp\/v2\/posts"}],"about":[{"href":"https:\/\/www.reunion68.se\/index.php?rest_route=\/wp\/v2\/types\/post"}],"author":[{"embeddable":true,"href":"https:\/\/www.reunion68.se\/index.php?rest_route=\/wp\/v2\/users\/1"}],"replies":[{"embeddable":true,"href":"https:\/\/www.reunion68.se\/index.php?rest_route=%2Fwp%2Fv2%2Fcomments&post=76750"}],"version-history":[{"count":4,"href":"https:\/\/www.reunion68.se\/index.php?rest_route=\/wp\/v2\/posts\/76750\/revisions"}],"predecessor-version":[{"id":76762,"href":"https:\/\/www.reunion68.se\/index.php?rest_route=\/wp\/v2\/posts\/76750\/revisions\/76762"}],"wp:attachment":[{"href":"https:\/\/www.reunion68.se\/index.php?rest_route=%2Fwp%2Fv2%2Fmedia&parent=76750"}],"wp:term":[{"taxonomy":"category","embeddable":true,"href":"https:\/\/www.reunion68.se\/index.php?rest_route=%2Fwp%2Fv2%2Fcategories&post=76750"},{"taxonomy":"post_tag","embeddable":true,"href":"https:\/\/www.reunion68.se\/index.php?rest_route=%2Fwp%2Fv2%2Ftags&post=76750"}],"curies":[{"name":"wp","href":"https:\/\/api.w.org\/{rel}","templated":true}]}}