{"id":76752,"date":"2020-03-16T17:05:41","date_gmt":"2020-03-16T15:05:41","guid":{"rendered":"http:\/\/www.reunion68.se\/?p=76752"},"modified":"2020-03-10T13:12:00","modified_gmt":"2020-03-10T11:12:00","slug":"16-00-42","status":"publish","type":"post","link":"https:\/\/www.reunion68.se\/?p=76752","title":{"rendered":"Two youths attack Austrian Jewish teen wearing Star of David ring"},"content":{"rendered":"<h5 style=\"text-align: center;\"><a href=\"https:\/\/www.jpost.com\/\" target=\"_blank\" rel=\"noopener noreferrer\"><img decoding=\"async\" class=\"center alignleft\" src=\"http:\/\/www.reunion68.com\/Biuletyn\/img\/jpost.png\" alt=\"\" width=\"35%\" \/><\/a><span style=\"text-decoration: underline; color: #000080;\"><strong><a style=\"color: #000080; text-decoration: underline;\" href=\"https:\/\/www.jpost.com\/Diaspora\/Two-youths-attack-Austrian-Jewish-teen-wearing-Star-of-David-ring-620400\" target=\"_blank\" rel=\"noopener noreferrer\">Two youths attack Austrian Jewish teen wearing Star of David ring<\/a><\/strong><\/span><\/h5>\n<p style=\"text-align: center;\"><span style=\"color: #000000;\"><strong>TOAXELROD \/ JTA<\/strong><\/span><\/p>\n<hr style=\"height: 15px; background: #d0e6fa; width: 100%;\" \/>\n<p style=\"text-align: center;\"><strong>The victim was treated in a local hospital for cuts and bruises to his face. Police are searching for the assailants.<\/strong><\/p>\n<p style=\"text-align: center;\"><img decoding=\"async\" class=\"aligncenter\" src=\"https:\/\/images.jpost.com\/image\/upload\/f_auto,fl_lossy\/t_JD_ArticleMainImageFaceDetect\/411482\" width=\"100%\" \/><span style=\"color: #808080;\"><em>Israel&#8217;s memorial at the Mauthausen concentration camp in Austria \/ (photo credit: SHOSHANA KRANISH)<\/em><\/span><\/p>\n<p style=\"text-align: left;\"><span style=\"color: #000080;\">Two teenagers attacked a 16-year-old Jewish boy in the Austrian city of Gratz before he was able to get away.<\/span><\/p>\n<p style=\"text-align: left;\"><span style=\"color: #000080;\">The victim was treated in a local hospital for cuts and bruises to his face. Police are searching for the assailants.<\/span><\/p>\n<p style=\"text-align: left;\"><span style=\"color: #000080;\">According to a report from the Gratz Jewish community, the victim was wearing a ring decorated with a Star of David when he was accosted March 4 on the street near a high school by the two teens, who demanded to know if he was Jewish. When he answered that he was, the boys told him to \u201cpiss off.\u201d Then one of the boys slapped and punched him in the face while calling him a \u201cshit Jew.\u201d<\/span><\/p>\n<p style=\"text-align: left;\"><span style=\"color: #000080;\">In a statement Elie Rosen, head of the Jewish community in Gratz, said local schools need help in addressing antisemitism and should not only be teaching about the Holocaust but about the history of the Middle East conflict.<\/span><\/p>\n<p style=\"text-align: left;\"><span style=\"color: #000080;\">\u201cThe fact is, the word \u2018Jew\u2019 is used as an insult in schoolyards,\u201d the statement read in part. \u201cWe have to help schools prepare to take on this problem.\u201d<\/span><\/p>\n<p><span style=\"color: #000080;\">\u201cUnfortunately, Gratz is not an exceptional case,\u201d he added. \u201cThis incident is part of a development in Europe.\u201d<\/span><\/p>\n<p><span style=\"color: #000080;\">Rosen accused society in general and the political leadership of failing to take such incidents seriously.<\/span><\/p>\n<p><span style=\"color: #000080;\">According to statistics on antisemitism in Europe compiled by the European Action and Protection League, antisemitic incidents in Austria more than doubled in 2018 to 547 from 255 in 2014. Data for several countries was presented at the European Jewish Association annual conference in Paris last month.<\/span><\/p>\n<p><span style=\"color: #000080;\">With more than 150 members, the Jewish community of Gratz is the second largest in Austria. According to the European Jewish Congress, about 15,000 Jews live in Austria today, most of them in Vienna.<\/span><\/p>\n<hr style=\"height: 15px; background: #d0e6fa; width: 100%;\" \/>\n<div id=\"content\" class=\"content-alignment\">\n<div id=\"watch-description\" class=\"yt-uix-button-panel\">\n<div id=\"watch-description-text\" style=\"text-align: center;\">\n<p><em>Zawarto\u015b\u0107 publikowanych artyku\u0142\u00f3w i materia\u0142\u00f3w nie reprezentuje pogl\u0105d\u00f3w ani opinii Reunion&#8217;68,<\/em><em><br \/>\nani te\u017c webmastera Blogu Reunion&#8217;68, chyba ze jest to wyra\u017anie zaznaczone.<br \/>\nTwoje uwagi, linki, w\u0142asne artyku\u0142y lub wiadomo\u015bci prze\u015blij na adres:<br \/>\n<\/em><span style=\"color: #000080;\"><strong><em><a style=\"color: #000080;\" href=\"mailto:webmaster@reunion68.com\"><span style=\"text-decoration: underline;\">webmaster@reunion68.com<\/span><\/a><\/em><\/strong><\/span><\/p>\n<\/div>\n<\/div>\n<\/div>\n<hr style=\"width: 100%;\" \/>\n","protected":false},"excerpt":{"rendered":"<p>Two youths attack Austrian Jewish teen wearing Star of David ring TOAXELROD \/ JTA The victim was treated in a local hospital for cuts and bruises to his face. Police are searching for the assailants. Israel&#8217;s memorial at the Mauthausen concentration camp in Austria \/ (photo credit: SHOSHANA KRANISH) Two teenagers attacked a 16-year-old Jewish [&hellip;]<\/p>\n","protected":false},"author":1,"featured_media":0,"comment_status":"closed","ping_status":"closed","sticky":false,"template":"","format":"standard","meta":[],"categories":[6],"tags":[26,24],"_links":{"self":[{"href":"https:\/\/www.reunion68.se\/index.php?rest_route=\/wp\/v2\/posts\/76752"}],"collection":[{"href":"https:\/\/www.reunion68.se\/index.php?rest_route=\/wp\/v2\/posts"}],"about":[{"href":"https:\/\/www.reunion68.se\/index.php?rest_route=\/wp\/v2\/types\/post"}],"author":[{"embeddable":true,"href":"https:\/\/www.reunion68.se\/index.php?rest_route=\/wp\/v2\/users\/1"}],"replies":[{"embeddable":true,"href":"https:\/\/www.reunion68.se\/index.php?rest_route=%2Fwp%2Fv2%2Fcomments&post=76752"}],"version-history":[{"count":5,"href":"https:\/\/www.reunion68.se\/index.php?rest_route=\/wp\/v2\/posts\/76752\/revisions"}],"predecessor-version":[{"id":76766,"href":"https:\/\/www.reunion68.se\/index.php?rest_route=\/wp\/v2\/posts\/76752\/revisions\/76766"}],"wp:attachment":[{"href":"https:\/\/www.reunion68.se\/index.php?rest_route=%2Fwp%2Fv2%2Fmedia&parent=76752"}],"wp:term":[{"taxonomy":"category","embeddable":true,"href":"https:\/\/www.reunion68.se\/index.php?rest_route=%2Fwp%2Fv2%2Fcategories&post=76752"},{"taxonomy":"post_tag","embeddable":true,"href":"https:\/\/www.reunion68.se\/index.php?rest_route=%2Fwp%2Fv2%2Ftags&post=76752"}],"curies":[{"name":"wp","href":"https:\/\/api.w.org\/{rel}","templated":true}]}}