{"id":7681,"date":"2014-10-25T19:02:37","date_gmt":"2014-10-25T17:02:37","guid":{"rendered":"http:\/\/www.reunion68.se\/?p=7681"},"modified":"2014-10-25T16:53:32","modified_gmt":"2014-10-25T14:53:32","slug":"7681","status":"publish","type":"post","link":"https:\/\/www.reunion68.se\/?p=7681","title":{"rendered":"Liczby wiary"},"content":{"rendered":"<h4 style=\"text-align: center;\"><a href=\"http:\/\/zakowski.blog.polityka.pl\/\" target=\"_blank\"><img decoding=\"async\" class=\"center alignleft\" src=\"http:\/\/www.reunion68.com\/Biuletyn\/img\/zakowski.png\" alt=\"\" width=\"250\" \/><\/a><span style=\"text-decoration: underline; color: #000080;\"><span style=\"text-decoration: underline;\"><strong><a style=\"color: #000080; text-decoration: underline;\" href=\"http:\/\/zakowski.blog.polityka.pl\/2014\/10\/21\/liczby-wiary\/?nocheck=1\" target=\"_blank\">Liczby wiary<\/a><\/strong><\/span><\/span><\/h4>\n<hr style=\"height: 15px; background: #d0e6fa; width: 710px;\" \/>\n<p style=\"text-align: left;\"><span style=\"color: #000080;\">Jak wiadomo, antysemityzm jest grzechem. Czytelnik tekstu prof Ireneusza Krzemi\u0144skiego w ostatnim numerze \u201eZnaku\u201d powinien wi\u0119c si\u0119 zdziwi\u0107, \u017ce wed\u0142ug twardych danych empirycznych w\u015br\u00f3d wierz\u0105cych jest ponad dwa razy wi\u0119cej antysemit\u00f3w ni\u017c w\u015br\u00f3d niewierz\u0105cych. Jako\u015b jednak mnie to specjalnie nie zdziwi\u0142o \u2013 nie tylko dlatego, \u017ce obserwuj\u0105c z oddali obrady nadzwyczajnego synodu, widzia\u0142em, jak trudno jest katolickiej elicie odnale\u017a\u0107 w sobie \u017cyczliwo\u015b\u0107 wobec innych.<\/span><\/p>\n<p style=\"text-align: left;\"><span style=\"color: #000080;\">W zasadzie jest to do\u015b\u0107 naturalne. Cz\u0119sto im bardziej kto\u015b w co\u015b wierzy i co\u015b g\u0142osi, tym mocniej jest przekonany, \u017ce jego to nie dotyczy. Krzewiciele bezwzgl\u0119dnej r\u00f3wno\u015bci w rodzaju Mao, Stalina, Pol Pota zawsze op\u0142ywali w zbytki. Najg\u0142o\u015bniejszy polski wyznawca konkurencji i wolnego rynku, Leszek Balcerowicz, od lat odmawia debat ze swymi polemistami, bo woli lokalny autarkiczny monopol w gronie bezkrytycznych wyznawc\u00f3w ni\u017c wystawienie si\u0119 na rynkowy crashtest z konkurencj\u0105 intelektualn\u0105. Natomiast najzagorzalsi tropiciele afer i uk\u0142ad\u00f3w nale\u017c\u0105 do partii, kt\u00f3ra \u2013 jak \u017cadna inna \u2013 uw\u0142aszczy\u0142a si\u0119 na popeerelowskim maj\u0105tku publicznym.<\/span><\/p>\n<p style=\"text-align: left;\"><span style=\"color: #000080;\">\u015awiat z natury stoi na g\u0142owie. Pomy\u015bla\u0142em o tym, zanim wracaj\u0105c poci\u0105giem z Krakowa, przeczyta\u0142em tekst Krzemi\u0144skiego w \u201eZnaku\u201d. Bo par\u0119 godzin wcze\u015bniej dyskutowa\u0142em na temat \u201eetos\/ekonomia\u201d. Etos to jak wiadomo z grubsza system warto\u015bci. A ekonomia to nauka wyja\u015bniaj\u0105ca zachowania gospodaruj\u0105cych ludzi. Ekonomi\u015bci wp\u0119dzili du\u017c\u0105 cz\u0119\u015b\u0107 \u015bwiata w obecny, nieko\u0144cz\u0105cy si\u0119 kryzys, bo ulegli z\u0142udzeniu, \u017ce wszystko da si\u0119 policzy\u0107. Ca\u0142kiem teoretycznie pewnie mieli racj\u0119. Ale przecenili ludzkie mo\u017cliwo\u015bci. Zamiast liczy\u0107 wszystko, licz\u0105 to, co umiej\u0105 policzy\u0107. W swoich rozwa\u017caniach uwzgl\u0119dniaj\u0105 wi\u0119c to, co \u0142atwo policzalne, a nie to, co wa\u017cne. Zamiast bada\u0107 zachowania ludzi, badaj\u0105 zmiany r\u00f3\u017cnych parametr\u00f3w, kt\u00f3re przewa\u017cnie maj\u0105 drugorz\u0119dne znaczenie.<\/span><\/p>\n<p style=\"text-align: left;\"><span style=\"color: #000080;\">Dyskusja odbywa\u0142a si\u0119 w ramach ma\u0142opolskiego Forum dla Kultury. Inwazja my\u015blenia ekonomicznego do \u015bwiata kultury to dobry przyk\u0142ad \u015bwiata stoj\u0105cego na g\u0142owie. Bo zmiany i procesy zachodz\u0105ce w kulturze s\u0105 trudne do policzenia. W d\u0142ugim okresie mo\u017cna je jako\u015b zmierzy\u0107 (na przyk\u0142ad stwierdzaj\u0105c w badaniach ankietowych, \u017ce mi\u0119dzy 1992 a 2012 r. uby\u0142o w Polsce 30 proc. klasycznych antysemit\u00f3w), ale bardzo trudno jest stwierdzi\u0107, jak na mieszka\u0144c\u00f3w na przyk\u0142ad Szczawnicy wp\u0142yn\u0119\u0142o zorganizowanie dwunastu spotka\u0144 autorskich albo pi\u0119ciu koncert\u00f3w. Skoro za\u015b nie mo\u017cna policzy\u0107 tego, co istotne, a ekonomi\u015bci i technokraci b\u0119d\u0105cy pod ich wp\u0142ywem ka\u017c\u0105 wszystko liczy\u0107, liczy si\u0119 cokolwiek. Najpro\u015bciej jest policzy\u0107, ile os\u00f3b przysz\u0142o na imprezy. Oczywi\u015bcie im wi\u0119cej, tym lepiej. Bez wzgl\u0119du na to, jakie wynie\u015bli wra\u017cenia, emocje, do\u015bwiadczenia i co z tego dla ich \u017cycia wynik\u0142o.<\/span><\/p>\n<p style=\"text-align: right;\"><span style=\"color: #000080;\">Czytaj dalej tu:<span style=\"text-decoration: underline;\"><strong> <a style=\"color: #000080; text-decoration: underline;\" href=\"http:\/\/zakowski.blog.polityka.pl\/2014\/10\/21\/liczby-wiary\/?nocheck=1\" target=\"_blank\">Liczby wiary<\/a><\/strong><\/span><\/span><\/p>\n<hr style=\"height: 15px; background: #d0e6fa; width: 710px;\" \/>\n<div id=\"content\" class=\"  content-alignment&lt;br \/&gt;&lt;br \/&gt; \">\n<div id=\"watch-description\" class=\"yt-uix-button-panel\">\n<div id=\"watch-description-text\">\n<p style=\"text-align: center;\"><span style=\"color: #808080;\"> twoje uwagi, linki, wlasne artykuly, lub wiadomosci przeslij do: <strong><span style=\"text-decoration: underline;\"><span style=\"color: #808080; text-decoration: underline;\"><a href=\"mailto:webmaster@reunion68.com\">webmaster@reunion68.com<\/a><\/span><\/span><\/strong><\/span><\/p>\n<\/div>\n<\/div>\n<\/div>\n<p>&nbsp;<\/p>\n<hr style=\"width: 710px;\" \/>\n","protected":false},"excerpt":{"rendered":"<p>Liczby wiary Jak wiadomo, antysemityzm jest grzechem. Czytelnik tekstu prof Ireneusza Krzemi\u0144skiego w ostatnim numerze \u201eZnaku\u201d powinien wi\u0119c si\u0119 zdziwi\u0107, \u017ce wed\u0142ug twardych danych empirycznych w\u015br\u00f3d wierz\u0105cych jest ponad dwa razy wi\u0119cej antysemit\u00f3w ni\u017c w\u015br\u00f3d niewierz\u0105cych. Jako\u015b jednak mnie to specjalnie nie zdziwi\u0142o \u2013 nie tylko dlatego, \u017ce obserwuj\u0105c z oddali obrady nadzwyczajnego synodu, widzia\u0142em, [&hellip;]<\/p>\n","protected":false},"author":1,"featured_media":0,"comment_status":"closed","ping_status":"closed","sticky":false,"template":"","format":"standard","meta":[],"categories":[6],"tags":[24],"_links":{"self":[{"href":"https:\/\/www.reunion68.se\/index.php?rest_route=\/wp\/v2\/posts\/7681"}],"collection":[{"href":"https:\/\/www.reunion68.se\/index.php?rest_route=\/wp\/v2\/posts"}],"about":[{"href":"https:\/\/www.reunion68.se\/index.php?rest_route=\/wp\/v2\/types\/post"}],"author":[{"embeddable":true,"href":"https:\/\/www.reunion68.se\/index.php?rest_route=\/wp\/v2\/users\/1"}],"replies":[{"embeddable":true,"href":"https:\/\/www.reunion68.se\/index.php?rest_route=%2Fwp%2Fv2%2Fcomments&post=7681"}],"version-history":[{"count":14,"href":"https:\/\/www.reunion68.se\/index.php?rest_route=\/wp\/v2\/posts\/7681\/revisions"}],"predecessor-version":[{"id":7695,"href":"https:\/\/www.reunion68.se\/index.php?rest_route=\/wp\/v2\/posts\/7681\/revisions\/7695"}],"wp:attachment":[{"href":"https:\/\/www.reunion68.se\/index.php?rest_route=%2Fwp%2Fv2%2Fmedia&parent=7681"}],"wp:term":[{"taxonomy":"category","embeddable":true,"href":"https:\/\/www.reunion68.se\/index.php?rest_route=%2Fwp%2Fv2%2Fcategories&post=7681"},{"taxonomy":"post_tag","embeddable":true,"href":"https:\/\/www.reunion68.se\/index.php?rest_route=%2Fwp%2Fv2%2Ftags&post=7681"}],"curies":[{"name":"wp","href":"https:\/\/api.w.org\/{rel}","templated":true}]}}