{"id":76834,"date":"2020-03-14T17:09:20","date_gmt":"2020-03-14T15:09:20","guid":{"rendered":"http:\/\/www.reunion68.se\/?p=76834"},"modified":"2020-03-14T08:55:53","modified_gmt":"2020-03-14T06:55:53","slug":"20-09-48","status":"publish","type":"post","link":"https:\/\/www.reunion68.se\/?p=76834","title":{"rendered":"Karski do Edelmana. Przez ogie\u0144"},"content":{"rendered":"<h5 style=\"text-align: center;\"><a href=\"https:\/\/studioopinii.pl\/\" target=\"_blank\" rel=\"noopener noreferrer\"><img decoding=\"async\" width=\"40%\" class=\"center alignleft\" alt=\"\" src=\"http:\/\/www.reunion68.com\/Biuletyn\/img\/studio.png\"><\/a><span style=\"text-decoration: underline; color: #000080;\"><strong><a style=\"color: #000080; text-decoration: underline;\" href=\"https:\/\/studioopinii.pl\/archiwa\/197328\" target=\"_blank\" rel=\"noopener noreferrer\"> Karski do Edelmana. Przez ogie\u0144<\/a><\/strong><\/span><\/h5>\n<p style=\"text-align: center;\"><span style=\"color: #000000;\"><strong>Waldemar Piasecki<\/strong><\/span><\/p>\n<hr style=\"height: 15px; background: #d0e6fa; width: 100%;\">\n<p style=\"text-align: center;\"><span style=\"color: #800000;\"><strong>Przypominamy wstrz\u0105saj\u0105cy list sprzed 20 lat\u2026<\/strong><\/span><\/p>\n<p><img decoding=\"async\" width=\"100%\" class=\"aligncenter\" src=\"https:\/\/studioopinii.pl\/wp-content\/uploads\/2020\/03\/word-image.png\"><\/p>\n<p style=\"text-align: left;\"><strong>Postanowili\u015bmy przypomnie\u0107 list napisany 25 marca 2000 roku z Waszyngtonu do \u0141odzi. Pisa\u0142 Jan Karski do Marka Edelmana. Motywem korespondencji by\u0142o informacja w ameryka\u0144skim dzienniku telewizyjnym, \u017ce na \u015bcianie domu bohaterskiego dow\u00f3dcy powstania w getcie warszawskim i bojownika ze wszelkiej postaci formami nienawi\u015bci, kto\u015b wymalowa\u0142 noc\u0105 pod\u0142e antysemickie napisy, odnosz\u0105ce si\u0119 do \u017cydowskiego pochodzenia Edelmana i dobitnym \u2018Raus!\u2019 sugeruj\u0105ce niepo\u017c\u0105dan\u0105 obecno\u015b\u0107.<\/strong><\/p>\n<p style=\"text-align: left;\"><span style=\"color: #000080;\">Profesor Karski by\u0142 wstrz\u0105\u015bni\u0119ty. Zatelefonowa\u0142 do mnie z pytaniem, czy o pod\u0142o\u015bci s\u0142ysza\u0142em. S\u0142ysza\u0142em. \u201eMusz\u0119 do niego koniecznie napisa\u0107 i pokaza\u0107, jak bardzo z nim teraz jestem\u201d \u2013 m\u00f3wi\u0142 Profesor. Poprosi\u0142 o kwadrans, \u017ceby zebra\u0107 my\u015bli. Dok\u0142adnie po takim czasie telefon odezwa\u0142 si\u0119 ponownie. Precyzyjnym, opanowanym ju\u017c g\u0142osem Jan Karski dyktowa\u0142 s\u0142owa, do b\u00f3lu prawdziwe.<\/span><\/p>\n<p style=\"text-align: left;\"><span style=\"color: #000080;\">Kilka tygodni p\u00f3\u017aniej Marek Edelman i Jan Karski odbierali razem w swojej ukochanej \u0141odzi jej obywatelstwo honorowe. 13 lipca 2000 roku, w Waszyngtonie, Jan Karski odszed\u0142 na zawsze. Cztery dni p\u00f3\u017aniej podczas mszy w katedrze \u015bw. Mateusza, przy trumnie dzielnego emisariusza, cz\u0142owieka, kt\u00f3ry pr\u00f3bowa\u0142 powstrzyma\u0107 Holocaust, czuwa\u0142 jego przyjaciel, kt\u00f3ry m\u00f3wi\u0142 Holocaustowi \u201enie\u201d z broni\u0105 w r\u0119ku.<\/span><\/p>\n<p style=\"text-align: left;\"><span style=\"color: #000080;\">Na trumnie Jana Karskiego okrytej bia\u0142o-czerwon\u0105 flag\u0105 spocz\u0119\u0142a \u017c\u00f3\u0142ta \u201e\u0142ata\u201d z Gwiazd\u0105 Dawida z warszawskiego getta. Przywi\u00f3z\u0142 j\u0105 ze sob\u0105 Marek Edelman. Obecno\u015bci tej dystynkcji na trumnie (podobnie jak i flagi ameryka\u0144skiej) do ko\u0144ca stara\u0142 si\u0119 zapobiec przedstawiciel waszyngto\u0144skiej ambasady RP. By\u0142o to bowiem \u2013 mimo \u017ce w zgodzie z \u017cyczeniem zmar\u0142ego \u2013 \u201ewbrew protoko\u0142owi\u201d. Patriotyczny urz\u0119dnik ostatecznie go nie upilnowa\u0142. Na trumnie starczy\u0142o miejsca na obie flagi i Gwiazd\u0119.<\/span><\/p>\n<p><span style=\"color: #000080;\">Ju\u017c w w\u0105skim gronie Edelman zaproponowa\u0142, aby za Karskiego po prostu\u2026 wypi\u0107. Jak za przyjaciela i towarzysza walki.<\/span><\/p>\n<p><strong>Fragment wsparcia ogniowego z&nbsp;tej&nbsp;walki ni\u017cej\u2026<\/strong><\/p>\n<hr>\n<h2><span style=\"color: #800000;\">List do&nbsp;MARKA EDELMANA<\/span><\/h2>\n<p>Drogi i&nbsp;Szlachetny Przyjacielu,<\/p>\n<p>Nasze wsp\u00f3lne miasto \u0141\u00f3d\u017a r\u0119k\u0105 antypolskiej ho\u0142oty zaatakowa\u0142o Ci\u0119, m\u00f3j&nbsp;Przyjacielu Doktorze.<\/p>\n<p>Czuj\u0119 si\u0119 tak&nbsp;jak w&nbsp;1968 r., kiedy do&nbsp;mojej&nbsp;\u017cony Poli Nire\u0144skiej zatelefonowa\u0142 Artur Rubinstein i&nbsp;powiedzia\u0142: \u201eDzieje si\u0119 rzecz straszna. Polacy wyp\u0119dzaj\u0105 z&nbsp;Polski Polak\u00f3w\u201d.<\/p>\n<p>Dzieje si\u0119 rzecz straszna. Polacy pisz\u0105 na&nbsp;Twoim domu: \u201eRaus\u201d. Polacy powiadaj\u0105 Ci: \u201eWynocha\u201d. Tobie, jednemu z&nbsp;najgodniejszych Polak\u00f3w, jakich znam.<\/p>\n<p>Ho\u0142ota jest wsz\u0119dzie. Nowoczesne jednak spo\u0142ecze\u0144stwa znajduj\u0105 w&nbsp;sobie do\u015b\u0107 determinacji, aby ho\u0142ot\u0119 marginalizowa\u0107 i&nbsp;usuwa\u0107 w&nbsp;obszar penalizacji. Dotyczy to&nbsp;tak\u017ce ho\u0142oty ow\u0142adni\u0119tej ideami antysemityzmu.&nbsp;<strong>Z&nbsp;b\u00f3lem stwierdzam: w&nbsp;III RP panuje klimat tolerancji i&nbsp;przyzwolenia dla antysemityzmu.<\/strong><\/p>\n<p>I&nbsp;niech&nbsp;mi nikt nie&nbsp;m\u00f3wi, \u017ce&nbsp;jest inaczej. Kto, maj\u0105c w\u0142adz\u0119 w&nbsp;Polsce, powiada, \u017ce&nbsp;pisanie po&nbsp;murach: \u201e\u017bydzi do&nbsp;gazu\u201d, \u201eJude raus\u201d, \u201ePolska dla Polak\u00f3w\u201d to&nbsp;jedynie niewinne wybryki m\u0142odych chuligan\u00f3w, nie&nbsp;dorasta do&nbsp;elit rz\u0105dz\u0105cych w&nbsp;rozumieniu \u015bwiata Zachodu.&nbsp;<strong>Kto toleruje, ten sprzyja i&nbsp;staje si\u0119 wsp\u00f3\u0142odpowiedzialny.<\/strong><\/p>\n<p>Dramat polega na&nbsp;tym tak\u017ce, \u017ce&nbsp;przedstawiciele elit III RP, gdy&nbsp;przyje\u017cd\u017caj\u0105 do&nbsp;USA, staraj\u0105 si\u0119 przekonywa\u0107, \u017ce&nbsp;antysemityzmu w&nbsp;Polsce nie&nbsp;ma, a&nbsp;problem jest \u2014&nbsp;na&nbsp;z\u0142o\u015b\u0107 Polakom \u2014&nbsp;wyolbrzymiany.<\/p>\n<p>Tak\u0105 postaw\u0105 szkodz\u0105 Polsce i&nbsp;jej racji stanu. Czyni\u0105 bowiem z\u0142udzenie nieszczero\u015bci i&nbsp;dwulicowo\u015bci wobec zachodnich partner\u00f3w.<\/p>\n<p>Odpowiedzi\u0105 prawdziw\u0105 i&nbsp;odpowiadaj\u0105c\u0105 do\u015bwiadczeniom Zachodu w&nbsp;postrzeganiu Polski jest stwierdzenie: \u201eW Polsce istnieje antysemityzm\u201d.&nbsp;<strong>Konkluzja taka b\u0119dzie uprawniona, dop\u00f3ki cieszy\u0107 si\u0119 b\u0119d\u0105 swobod\u0105 dzia\u0142ania organizacje siej\u0105ce nienawi\u015b\u0107 i&nbsp;pogard\u0119 rasow\u0105, religijn\u0105 i&nbsp;narodowo\u015bciow\u0105.<\/strong>&nbsp;Dop\u00f3ki b\u0119d\u0105 dost\u0119pne publikacje zach\u0119caj\u0105ce do&nbsp;etnicznych czystek, budowania Polski \u201ejednego narodu i&nbsp;jednej religii\u201d, uw\u0142aczaj\u0105ce innym ludziom z&nbsp;powodu ich \u201eodmienno\u015bci\u201d. Dop\u00f3ki policja nie&nbsp;b\u0119dzie wykrywa\u0107 sprawc\u00f3w \u201eniewinnych wybryk\u00f3w\u201d, a&nbsp;s\u0105dy skazywa\u0107 na&nbsp;kary wsp\u00f3\u0142mierne do&nbsp;ohydy czyn\u00f3w i&nbsp;pozostaj\u0105ce w&nbsp;proporcji do&nbsp;kar orzekanych na&nbsp;Zachodzie.<\/p>\n<p>Polska powinna wreszcie zda\u0107 sw\u00f3j cywilizacyjny egzamin z&nbsp;radzenia sobie z&nbsp;nienawi\u015bci\u0105 wewn\u0119trzn\u0105, nim si\u0119 zajmie Haiderem w&nbsp;Austrii.<\/p>\n<p>To, co Ci\u0119 spotka\u0142o, Drogi Doktorze, napawa mnie obrzydzeniem i&nbsp;pogard\u0105 dla sprawc\u00f3w; zdumieniem dla bezradno\u015bci w\u0142adz Polski wobec sprawc\u00f3w; poczuciem prawdziwej solidarno\u015bci w&nbsp;Twoim b\u00f3lu.<\/p>\n<p>Masz racj\u0119, gdy&nbsp;m\u00f3wisz: \u201eDzi\u015b pisz\u0105, jutro b\u0119d\u0105 zabija\u0107\u201d.<\/p>\n<p><strong>Czy&nbsp;kto\u015b im przeszkodzi?<\/strong><\/p>\n<p class=\"has-text-align-right has-large-font-size\" style=\"text-align: right;\"><strong>Jan Karski<\/strong><\/p>\n<hr>\n<p style=\"text-align: center;\"><strong>Co si\u0119 zmieni\u0142o od czasu, kiedy te s\u0142owa zosta\u0142y napisane?<\/strong><\/p>\n<p style=\"text-align: center;\"><img decoding=\"async\" width=\"100%\" class=\"aligncenter\" src=\"https:\/\/studioopinii.pl\/wp-content\/uploads\/2020\/03\/Pasted-650x434.png\"><span style=\"color: #808080;\"><em>18 listopada 2015 niejaki Piotr Rybak podpali\u0142 kuk\u0142\u0119 \u017byda.<\/em><\/span><br \/>\n<span style=\"color: #808080;\"><em>Fot.: Wojciech Nekanda Trepka\/Agencja Gazeta \/<\/em><\/span><\/p>\n<p style=\"text-align: center;\"><img decoding=\"async\" width=\"100%\" class=\"aligncenter\" src=\"https:\/\/studioopinii.pl\/wp-content\/uploads\/2020\/03\/word-image-1.png\"><span style=\"color: #808080;\"><em>25 listopada 2016 roku. Palenie kuk\u0142y \u017byda na Placu Wolno\u015bci w \u0141odzi. Mie\u015bcie Karskiego i Edelmana<\/em><\/span><\/p>\n<p style=\"text-align: right;\">Waldemar Piasecki<br \/>\nNowy Jork<\/p>\n<hr style=\"height: 15px; background: #d0e6fa; width: 100%;\">\n<div class=\"content-alignment\" id=\"content\">\n<div class=\"yt-uix-button-panel\" id=\"watch-description\">\n<div id=\"watch-description-text\" style=\"text-align: center;\">\n<p><em>Zawarto\u015b\u0107 publikowanych artyku\u0142\u00f3w i materia\u0142\u00f3w nie reprezentuje pogl\u0105d\u00f3w ani opinii Reunion&#8217;68,<\/em><em><br \/>\nani te\u017c webmastera Blogu Reunion&#8217;68, chyba ze jest to wyra\u017anie zaznaczone.<br \/>\nTwoje uwagi, linki, w\u0142asne artyku\u0142y lub wiadomo\u015bci prze\u015blij na adres:<br \/>\n<\/em><span style=\"color: #000080;\"><strong><em><a style=\"color: #000080;\" href=\"mailto:webmaster@reunion68.com\"><span style=\"text-decoration: underline;\">webmaster@reunion68.com<\/span><\/a><\/em><\/strong><\/span><\/p>\n<\/div>\n<\/div>\n<\/div>\n<hr style=\"width: 100%;\">\n","protected":false},"excerpt":{"rendered":"<p>Karski do Edelmana. Przez ogie\u0144 Waldemar Piasecki Przypominamy wstrz\u0105saj\u0105cy list sprzed 20 lat\u2026 Postanowili\u015bmy przypomnie\u0107 list napisany 25 marca 2000 roku z Waszyngtonu do \u0141odzi. Pisa\u0142 Jan Karski do Marka Edelmana. Motywem korespondencji by\u0142o informacja w ameryka\u0144skim dzienniku telewizyjnym, \u017ce na \u015bcianie domu bohaterskiego dow\u00f3dcy powstania w getcie warszawskim i bojownika ze wszelkiej postaci formami [&hellip;]<\/p>\n","protected":false},"author":1,"featured_media":0,"comment_status":"closed","ping_status":"closed","sticky":false,"template":"","format":"standard","meta":[],"categories":[6],"tags":[26,24],"_links":{"self":[{"href":"https:\/\/www.reunion68.se\/index.php?rest_route=\/wp\/v2\/posts\/76834"}],"collection":[{"href":"https:\/\/www.reunion68.se\/index.php?rest_route=\/wp\/v2\/posts"}],"about":[{"href":"https:\/\/www.reunion68.se\/index.php?rest_route=\/wp\/v2\/types\/post"}],"author":[{"embeddable":true,"href":"https:\/\/www.reunion68.se\/index.php?rest_route=\/wp\/v2\/users\/1"}],"replies":[{"embeddable":true,"href":"https:\/\/www.reunion68.se\/index.php?rest_route=%2Fwp%2Fv2%2Fcomments&post=76834"}],"version-history":[{"count":5,"href":"https:\/\/www.reunion68.se\/index.php?rest_route=\/wp\/v2\/posts\/76834\/revisions"}],"predecessor-version":[{"id":76853,"href":"https:\/\/www.reunion68.se\/index.php?rest_route=\/wp\/v2\/posts\/76834\/revisions\/76853"}],"wp:attachment":[{"href":"https:\/\/www.reunion68.se\/index.php?rest_route=%2Fwp%2Fv2%2Fmedia&parent=76834"}],"wp:term":[{"taxonomy":"category","embeddable":true,"href":"https:\/\/www.reunion68.se\/index.php?rest_route=%2Fwp%2Fv2%2Fcategories&post=76834"},{"taxonomy":"post_tag","embeddable":true,"href":"https:\/\/www.reunion68.se\/index.php?rest_route=%2Fwp%2Fv2%2Ftags&post=76834"}],"curies":[{"name":"wp","href":"https:\/\/api.w.org\/{rel}","templated":true}]}}