{"id":77005,"date":"2020-03-23T17:09:44","date_gmt":"2020-03-23T15:09:44","guid":{"rendered":"http:\/\/www.reunion68.se\/?p=77005"},"modified":"2020-03-23T08:04:20","modified_gmt":"2020-03-23T06:04:20","slug":"29-09-40","status":"publish","type":"post","link":"https:\/\/www.reunion68.se\/?p=77005","title":{"rendered":"Niemiecki publicysta Henryk M. Broder: Skala degeneracji w spo\u0142ecze\u0144stwie niemieckim pora\u017ca (?)"},"content":{"rendered":"<h5 style=\"text-align: center;\"><a href=\"https:\/\/www.tysol.pl\/\" target=\"_blank\" rel=\"noopener noreferrer\"><img decoding=\"async\" class=\"center alignleft\" src=\"https:\/\/www.tysol.pl\/i\/tysolpl.png\" alt=\"\" width=\"30%\" \/><\/a><span style=\"text-decoration: underline; color: #000080;\"><span style=\"text-decoration: underline;\"><strong><a style=\"color: #000080; text-decoration: underline;\" href=\"https:\/\/www.tysol.pl\/a45003--Tylko-u-nas-Niemiecki-publicysta-Henryk-M-Broder-Skala-degeneracji-w-spoleczenstwie-niemieckim-poraza\" target=\"_blank\" rel=\"noopener noreferrer\">Niemiecki publicysta Henryk M. Broder: Skala degeneracji w spo\u0142ecze\u0144stwie niemieckim pora\u017ca<\/a><\/strong><\/span><\/span><\/h5>\n<p style=\"text-align: center;\"><span style=\"color: #000000;\"><strong>Wojciech Osi\u0144ski<\/strong><\/span><\/p>\n<hr style=\"height: 15px; background: #d0e6fa; width: 100%;\" \/>\n<p style=\"text-align: center;\"><strong>&#8211; Forsowana przez niekt\u00f3rych polityk\u00f3w UE teza, jakoby p\u0142e\u0107 nie by\u0142a wytworem biologicznym, lecz &#8216;konstruktem spo\u0142ecznym&#8217;, jest jednym z najwi\u0119kszych szwindli ludzkiej cywilizacji. Fakt, \u017ce w Niemczech ju\u017c na ponad stu uczelniach mo\u017ce funkcjonowa\u0107 taki kierunek jak Gender Studies, kt\u00f3ry podpiera t\u0119 szale\u0144cz\u0105 tez\u0119 szczodrze finansowanymi &#8216;rzetelnymi badaniami&#8217;, dowodzi kompletnej degrengolady &#8211; uwa\u017ca Henryk Broder, niemiecki pisarz i publicysta die Welt pochodzenia polsko-\u017cydowskiego, w rozmowie z Wojciechem Osi\u0144skim.<\/strong><\/p>\n<p style=\"text-align: center;\"><img decoding=\"async\" class=\"aligncenter\" src=\"https:\/\/www.tysol.pl\/zdj\/zdjecie\/45003\" width=\"100%\" \/><span style=\"color: #808080;\"><em>zbiory Henryka M. Brodera<\/em><\/span><\/p>\n<p style=\"text-align: left;\"><span style=\"color: #000080;\"><strong>&#8211; W swojej najnowszej ksi\u0105\u017cce &#8216;Wer, wenn nicht ich&#8217; (&#8216;Kto, je\u015bli nie ja&#8217;) opisuje pan aktualn\u0105 rzeczywisto\u015b\u0107 polityczn\u0105 w Niemczech, rozprawiaj\u0105c si\u0119 m.in. z neonazistami i islamistami, licytuj\u0105cymi si\u0119 w coraz radykalniejszych pomys\u0142ach na sprowokowanie oburzenia \u017byd\u00f3w&#8230;<\/strong><\/span><br \/>\n<span style=\"color: #000080;\"><br \/>\n&#8211; Tak, cho\u0107 doda\u0142bym jeszcze trzeci\u0105 grup\u0119 &#8211; lewic\u0119. Dzisiejszy importowany antysemityzm jest bowiem oparty na wizji \u015bwiata bez pa\u0144stwa izraelskiego, sformu\u0142owanej niegdy\u015b przez przyw\u00f3dc\u0119 Iranu Ajatollaha Chomejniego, wspieranego do dzi\u015b przez niekt\u00f3rych zaciek\u0142ych komunist\u00f3w. Przy czym nie chodzi tylko o lewic\u0119 stricte niemieck\u0105. Na przyk\u0142ad lider brytyjskiej Partii Pracy Jeremy Corbyn uchodzi za jawnego przeciwnika pa\u0144stwowo\u015bci Izraela. Ale o tej &#8216;modzie&#8217; pisa\u0142em ju\u017c dawno temu i gdzie indziej, cho\u0107 wtedy przezywano mnie jeszcze &#8216;siewc\u0105 paniki&#8217;. Jak wida\u0107, wczorajsza panika jest dzisiejsz\u0105 rzeczywisto\u015bci\u0105. Natomiast w mojej nowej ksi\u0105\u017cce rozprawiam si\u0119 raczej z regresem niemieckiej kultury politycznej. Wspominam co prawda o antysemityzmie, kt\u00f3ry jednak wci\u0105\u017c pozostaje zjawiskiem marginalnym &#8211; niezale\u017cnie od jego politycznego czy religijnego zabarwienia. Prawdziwy problem polega na tym, \u017ce totalitaryzm zapanowa\u0142 w niemieckim mainstreamie.<\/span><\/p>\n<p><span style=\"color: #000080;\"><strong>&#8211; Nie przesadza pan?<\/strong><\/span><br \/>\n<span style=\"color: #000080;\"><br \/>\n&#8211; Sk\u0105d\u017ce, przecie\u017c Angela Merkel nieustannie nie przestrzega konstytucji. Kiedy ostatnio w Turyngii wbrew oczekiwaniom premierem zosta\u0142 wybrany Thomas Kemmerich z FDP, a nie dotychczasowy szef rz\u0105du Bodo Ramelow z Lewicy, przebywaj\u0105ca akurat w Afryce kanclerz za\u017c\u0105da\u0142a powt\u00f3rki wybor\u00f3w w erfurckim landtagu. Tyle tylko, \u017ce szefowa rz\u0105du federalnego nie ma prawa do ingerencji w wewn\u0119trzne sprawy kt\u00f3rego\u015b z kraj\u00f3w zwi\u0105zkowych. A ju\u017c na pewno nie ma prawa do anulowania demokratycznych wybor\u00f3w. Te\u017c chcia\u0142bym odwr\u00f3ci\u0107 jej nominacj\u0119 na kanclerza, ale musz\u0119 uszanowa\u0107 werdykt wi\u0119kszo\u015bci. I dlatego w\u0142a\u015bnie zachowanie Merkel ociera si\u0119 o totalitaryzm, poniewa\u017c zak\u0142ada, \u017ce mo\u017ce sobie w ka\u017cdej chwili uruchomi\u0107 wehiku\u0142 czasu i uniewa\u017cni\u0107 wynik wyborczy. Ju\u017c nie m\u00f3wi\u0105c o innych zasadach w UE.<\/span><br \/>\n<span style=\"color: #000080;\">\u00a0<\/span><br \/>\n<span style=\"color: #000080;\"><strong>&#8211; Czyli nie przeszkadza panu, \u017ce Kemmerich zosta\u0142 wybrany dzi\u0119ki g\u0142osom Alternatywy dla Niemiec?<\/strong><\/span><br \/>\n<span style=\"color: #000080;\"><br \/>\n&#8211; Wie pan, to co wydarzy\u0142o si\u0119 ponad miesi\u0105c temu w Turyngii, jest sol\u0105 demokracji. A ten ustr\u00f3j ma to do tego, \u017ce wynik wyborczy jest cz\u0119sto nieprzewidywalny. Je\u015bli kto\u015b sobie \u017cyczy przewidywalnych rezultat\u00f3w, to musi si\u0119 wybra\u0107 do Korei P\u00f3\u0142nocnej.<\/span><\/p>\n<p><span style=\"color: #000080;\"><strong>&#8211; Wr\u00f3\u0107my jeszcze na chwil\u0119 do zjawiska antysemityzmu w Niemczech. Pan jest przekonany, \u017ce opiera si\u0119 on dzi\u015b na krytyce pa\u0144stwa Izraela. Czy wobec tego nie mo\u017cemy ju\u017c krytykowa\u0107 rz\u0105du izraelskiego? W \u015bwietle takiej definicji mieliby\u015bmy bowiem zakneblowane usta, bo ka\u017cdy nawet uzasadniony zarzut by\u0142by okre\u015blany &#8216;antysemityzmem&#8217;.<\/strong><\/span><br \/>\n<span style=\"color: #000080;\"><br \/>\n&#8211; Oczywi\u015bcie, mo\u017cemy krytykowa\u0107 ka\u017cdy rz\u0105d, tak\u017ce ten izraelski, kt\u00f3ry na pewno nie jest wolny od b\u0142\u0119d\u00f3w i wypacze\u0144, cho\u0107by w jego nastawieniu do Polski. Lecz tu chodzi o co\u015b fundamentalnego: niekt\u00f3re kraje islamskie, wsparte przez europejsk\u0105 lewic\u0119, podwa\u017caj\u0105 racj\u0119 bytu pa\u0144stwa izraelskiego. A jednocze\u015bnie milcz\u0105, kiedy w Chinach s\u0105 prze\u015bladowani Ujgurzy oraz Tybeta\u0144czycy albo gdy Erdo\u011fan szanta\u017cuje Uni\u0119 Europejsk\u0105.<\/span><br \/>\n<span style=\"color: #000080;\">\u00a0<\/span><br \/>\n<span style=\"color: #000080;\"><strong>&#8211; Jeden z lider\u00f3w niemieckiego od\u0142amu radykalnego ruchu klimatycznego &#8216;Extinction Rebellion&#8217; o\u015bmieli\u0142 si\u0119 niedawno zaznaczy\u0107, jakoby bierno\u015b\u0107 polityk\u00f3w wobec globalnego ocieplenia poci\u0105ga\u0142a za sob\u0105 wi\u0119cej ofiar \u015bmiertelnych ni\u017c Holocaust. Czy podobne por\u00f3wnanie zas\u0142uguje ju\u017c na miano szale\u0144stwa?\u00a0<\/strong><\/span><\/p>\n<p style=\"text-align: left;\"><span style=\"color: #000080;\">&#8211; Ju\u017c od zarania dziej\u00f3w ludzko\u015bci klimat ulega regularnym zmianom. To nic nadzwyczajnego. Lecz to, co do niedawna wyprawiali na niemieckich ulicach tzw. &#8216;ekodzia\u0142acze&#8217;, graniczy\u0142o ju\u017c z ideologicznym ob\u0142\u0119dem. Dzisiejsza &#8216;zmiana klimatu&#8217; jest produktem politycznego koniunkturalizmu, skonstruowanym w ludzkich umys\u0142ach. Z czystej ciekawo\u015bci wybra\u0142em si\u0119 kilka razy na manifestacje &#8216;Fridays for Future&#8217;. Spotyka\u0142em dzieci, kt\u00f3re uwa\u017caj\u0105, \u017ce nie ma ju\u017c sensu odrabia\u0107 lekcji, bo bior\u0105 udzia\u0142 w jakim\u015b &#8216;historycznym prze\u0142omie&#8217;. Spotyka\u0142em m\u0142odych lekarzy, kt\u00f3rzy zrezygnowali ze swojego zawodu w prze\u015bwiadczeniu, \u017ce musz\u0105 &#8216;ratowa\u0107 planet\u0119&#8217;, a nie zwyk\u0142ych ludzi. I nie brakowa\u0142o tam zagubionych radyka\u0142\u00f3w, kt\u00f3rzy dla &#8216;dobra klimatu&#8217; chcieliby zlikwidowa\u0107 demokracj\u0119, kt\u00f3ra tylko &#8216;hamuje szybkie zmiany&#8217;. Je\u015bli przetrwamy obecn\u0105 pandemi\u0119 i zechcemy zobaczy\u0107 co\u015b kompletnie irracjonalnego, wybierzmy si\u0119 na jedn\u0105 z pi\u0105tkowych manifestacji klimatycznych.<\/span><\/p>\n<p style=\"text-align: left;\"><strong>&#8211; S\u0105 i tacy, kt\u00f3rzy twierdz\u0105, \u017ce &#8216;szczypta idealizmu&#8217; \u017cadnemu dziecku nie zaszkodzi&#8230;<\/strong><\/p>\n<p><span style=\"color: #000080;\">&#8211; Jestem wyznawc\u0105 pogl\u0105du, \u017ce w najgorszym przypadku idealizm mo\u017ce doprowadzi\u0107 do katastrofy. Przecie\u017c niemieccy nazi\u015bci te\u017c byli &#8216;idealistami&#8217;, chc\u0105cymi &#8216;zrobi\u0107 porz\u0105dek&#8217;, zwalczy\u0107 bezrobocie, podnie\u015b\u0107 poziom \u017cycia zwyk\u0142ych Niemc\u00f3w itd. R\u00f3wnie\u017c ekodzia\u0142acze maj\u0105 szczytne cele, tyle \u017ce ich idealizm jest chory. Owszem, emisja dwutlenku ma ujemny wp\u0142yw na klimat, ale na pewno nie wy\u0142\u0105cznie. Zreszt\u0105 np. mieszka\u0144cy Grenlandii czuj\u0105 si\u0119 beneficjentami globalnego ocieplenia, bo nareszcie mog\u0105 uprawia\u0107 warzywa w ogr\u00f3dkach. I przy okazji znale\u017ali \u015blady \u015bwiadcz\u0105ce o tym, \u017ce ju\u017c przed wiekami ich przodkowie robili to samo. Jeszcze raz &#8211; zmiany klimatu nast\u0119powa\u0142y od pocz\u0105tku istnienia naszej planety.<\/span><\/p>\n<p style=\"text-align: left;\"><strong>&#8211; Ideolodzy LGBT te\u017c si\u0119 uwa\u017caj\u0105 za niestrudzonych &#8216;idealist\u00f3w&#8217;&#8230;<br \/>\n<\/strong><br \/>\n<span style=\"color: #000080;\">&#8211; Forsowana przez niekt\u00f3rych polityk\u00f3w UE teza, jakoby p\u0142e\u0107 nie by\u0142a wytworem biologicznym, lecz &#8216;konstruktem spo\u0142ecznym&#8217;, jest jednym z najwi\u0119kszych szwindli ludzkiej cywilizacji. Fakt, \u017ce w Niemczech ju\u017c na ponad stu uczelniach mo\u017ce funkcjonowa\u0107 taki kierunek jak Gender Studies, kt\u00f3ry podpiera t\u0119 szale\u0144cz\u0105 tez\u0119 szczodrze finansowanymi &#8216;rzetelnymi badaniami&#8217;, dowodzi kompletnej degrengolady. Je\u017celi mo\u017cna nawet ju\u017c p\u0142e\u0107 sprowadzi\u0107 do konstruktu spo\u0142ecznego, to mo\u017cna to uczyni\u0107 ze wszystkim, pogr\u0105\u017caj\u0105c si\u0119 w ca\u0142kowitym bez\u0142adzie. I tu nie chodzi jedynie o ideologi\u0119 LGBT, tylko o pewne zjawisko post\u0119puj\u0105cej degeneracji, obejmuj\u0105cej coraz wi\u0119cej sfer \u017cycia codziennego. Je\u015bli np. znajduj\u0119 w skrzynce pocztowej ulotk\u0119 restauracji, kt\u00f3ra specjalizuje si\u0119 w wegetaria\u0144skich &#8216;potrawach z owadami&#8217;, to sobie my\u015bl\u0119: ju\u017c ni\u017cej niemieckie spo\u0142ecze\u0144stwo nie mo\u017ce si\u0119 stoczy\u0107.<\/span><\/p>\n<p style=\"text-align: left;\"><strong>&#8211; Pan sam te\u017c s\u0142ynie z kontrowersyjnych por\u00f3wna\u0144. Z kryzysem epidemiologicznym zbieg\u0142 si\u0119 kolejny kryzys migracyjny. Na grecko-tureckiej granicy obdywaj\u0105 si\u0119 dantejskie sceny. Pan twierdzi\u0142, \u017ce ci\u0105gn\u0105ca si\u0119 od 9 lat wojna w Syrii jest gorsza ni\u017c zbrodnie dokonane w Auschwitz. Czy ofiary wojny mo\u017cna por\u00f3wna\u0107 z systematyczn\u0105 zag\u0142ad\u0105 r\u00f3\u017cnych grup etnicznych?<br \/>\n<\/strong><br \/>\n<span style=\"color: #000080;\">&#8211; Naprawd\u0119 nie chcia\u0142em nikogo skrzywdzi\u0107 i wiem, \u017ce szczeg\u00f3lnie w Niemczech powinni\u015bmy by\u0107 ostro\u017cni z takimi por\u00f3wnaniami. Ale niemieccy dziennikarze niemal codziennie ulegaj\u0105 pokusie por\u00f3wnywania wszystkiego ze wszystkim &#8211; Trumpa z Hitlerem, o\u015brodk\u00f3w dla imigrant\u00f3w z obozami koncentracyjnymi i UE ze \u015awi\u0119tym Cesarstwem Rzymskim. Owszem, uwa\u017cam \u017ce sceny docieraj\u0105ce z Syrii budz\u0105 wi\u0119ksz\u0105 groz\u0119 ni\u017c po\u017c\u00f3\u0142k\u0142e zdj\u0119cia z Birkenau, nie tylko dlatego, \u017ce bomby Asada r\u00f3wnie\u017c s\u0105 skierowane w szczeg\u00f3lne grupy. Przy czym na pewno nie chcia\u0142em \u017conglowa\u0107 liczbami ofiar. Auschwitz jest histori\u0105, niezwykle dok\u0142adnie udokumentowan\u0105, kt\u00f3ra ju\u017c w tej formie si\u0119 nie powt\u00f3rzy. Natomiast wojna w Syrii wci\u0105\u017c trwa &#8211; za spraw\u0105 medi\u00f3w na naszych oczach. Syria jest o tyle gorsza ni\u017c Auschwitz, \u017ce Zach\u00f3d po zag\u0142adzie \u017byd\u00f3w zas\u0142ania\u0142 si\u0119 argumentem, jakoby &#8216;nic nie wiedzia\u0142&#8217;. W dobie medi\u00f3w elektronicznych ten argument ju\u017c nie jest wiarygodny. Nikt nie b\u0119dzie m\u00f3g\u0142 powiedzie\u0107, \u017ce zamordowanie setek tysi\u0119cy niewinnych ludzi umkn\u0119\u0142o naszej uwadze.<\/span><\/p>\n<p style=\"text-align: left;\">&#8211;\u00a0<strong>Wielu ekspert\u00f3w obawia si\u0119, \u017ce w UE mo\u017ce doj\u015b\u0107 do kolejnego kryzysu uchod\u017aczego. Czy Niemcy znios\u0142yby kolejn\u0105 fal\u0119 imigrant\u00f3w jak w 2015 r.?<br \/>\n<\/strong><br \/>\n<span style=\"color: #000080;\">&#8211; Na pewno nie, zreszt\u0105 kryzys z 2015 r. przecie\u017c wci\u0105\u017c trwa. Nigdy w najnowszej historii Niemiec nie prze\u017cyli\u015bmy w tak kr\u00f3tkim czasie tak intensywnych zmian spo\u0142ecznych nastroj\u00f3w i politycznych emocji. Niemieck\u0105 pras\u0119 zdominowa\u0142y niemal w pe\u0142ni tematy imigrant\u00f3w, islamu czy burek. Tak jakby wszelkie inne problemy znikn\u0119\u0142y w mgnieniu oka, jakby w Niemczech nie by\u0142o ju\u017c bezdomnych, k\u0142opot\u00f3w z infrastruktur\u0105, ze szko\u0142ami itd. To si\u0119 odbi\u0142o na nastrojach, kryzys uchod\u017aczy wprawi\u0142 Niemc\u00f3w w stan ci\u0105g\u0142ego napi\u0119cia i niepewno\u015bci. Dla pospolitych konsument\u00f3w prasy miliardy wydawane na ratowanie waluty euro by\u0142y abstrakcj\u0105. Jednak teraz wychodz\u0105 oni na ulic\u0119 i widz\u0105, \u017ce krajobraz si\u0119 zmienia, a ich sytuacja pogarsza. Zamachy terrorystyczne, wykroczenia na tle seksualnym &#8211; to ju\u017c namacalna rzeczywisto\u015b\u0107. I wtedy si\u0119 zastanawiaj\u0105: jak to, na ratowanie Unii i uchodc\u017ac\u00f3w mieli\u015bcie pieni\u0105dze, a co z nami, naszymi dzie\u0107mi, zrujnowanymi szko\u0142ami? Je\u017cd\u017c\u0119 po ca\u0142ym kraju i widz\u0119, \u017ce ludzie maj\u0105 najzwyczajniej do\u015b\u0107, optymistyczny przekaz Merkel k\u0142\u00f3ci si\u0119 z ich realiami. Pani kanclerz wie, \u017ce w 2015 r. pope\u0142ni\u0142a kardynalny b\u0142\u0105d, kt\u00f3rego ju\u017c nie odwr\u00f3ci. Wyborcy odebrali jej najwa\u017cniejszy mandat &#8211; przestali jej ufa\u0107. Dlatego my\u015bl\u0119, \u017ce nie pope\u0142ni\u0142aby go po raz kolejny.<\/span><\/p>\n<p style=\"text-align: left;\"><strong>&#8211; Z tzw. &#8216;Willkommenskultur&#8217; Angeli Merkel walczy\u0142 pan, zanim to okre\u015blenie trafi\u0142o do obiegu medialnego. Niedawno pan napisa\u0142, \u017ce ten, kto kieruje si\u0119 jedynie wsp\u00f3\u0142czuciem, jest pozbawiony rozumu. Niekt\u00f3rzy twierdz\u0105, \u017ce pan przesadzi\u0142.<br \/>\n<\/strong><br \/>\n<span style=\"color: #000080;\">&#8211; Przeczyta\u0142 pan ten komentarz do ko\u0144ca? Ot\u00f3\u017c doda\u0142em, \u017ce ten z kolei, kto czytaj\u0105c o wojnie w Syrii i kryzysie imigranckim nie ma wsp\u00f3\u0142czucia, ten nie ma serca. Tyle tylko, \u017ce w obliczu obecnych wydarze\u0144 wsp\u00f3\u0142czucie jest czym\u015b oczywistym, ale &#8211; niestety &#8211; nie wystarcza. Przed obecn\u0105 sytuacj\u0105 w Europie ostrzega\u0142em ju\u017c 14 lat temu. W wydanej w 2006 r. ksi\u0105\u017cce &#8216;Hurra, kapitulujemy&#8217; krytycznie odnios\u0142em si\u0119 do postawy Zachodu, opartej na przekonaniu, \u017ce dzi\u0119ki naszej &#8216;aksamitnej \u017cyczliwo\u015bci&#8217; poskromimy islamist\u00f3w. Wtedy m\u00f3wiono, \u017ce jestem sko\u0144czonym wariatem i zn\u00f3w zatruwam przestrze\u0144 publiczn\u0105 niepotrzebn\u0105 panik\u0105. Pewien znany dziennikarz wyrzuci\u0142 na wizji moj\u0105 ksi\u0105\u017ck\u0119 do kosza. Jeszcze nie by\u0142o &#8216;arabskich wiosen&#8217;, cho\u0107 pod syryjsk\u0105 przykrywk\u0105 ju\u017c ostro wrza\u0142o. Na ironi\u0119 zakrawa fakt, \u017ce dzi\u015b ta sama osoba ode mnie odpisuje. Prosz\u0119 mnie zrozumie\u0107, popieram ka\u017cd\u0105 pomoc prawdziwym uchod\u017acom. Tyle \u017ce nasza &#8216;Willkommenskultur&#8217; zosta\u0142a zbudowana na nieprzyzwoitym fundamencie. Niemiecki rz\u0105d federalny od 2011 r. biernie obserwowa\u0142, jak w Syrii przelewana by\u0142a krew. Nikt na Zachodzie nie pali\u0142 si\u0119 do interwencji, obawiaj\u0105c si\u0119, \u017ce wybuchnie po\u017car na ca\u0142ym Bliskim Wschodzie. I co? Po\u017car i tak trawi tamten region, co gorsza &#8211; utorowa\u0142 sobie drog\u0119 do Niemiec. Zobaczyli\u015bmy go przed w\u0142asnymi drzwiami i dopiero wtedy zareagowali\u015bmy. I nie do\u015b\u0107, \u017ce Zach\u00f3d nie zainterweniowa\u0142, zanim dosz\u0142o do katastrofy, to nast\u0119pnie pod szyldem &#8217;empatii&#8217; kaza\u0142 maszerowa\u0107 tym biednym ludziom tysi\u0105ce kilometr\u00f3w przez Europ\u0119.<\/span><\/p>\n<p style=\"text-align: left;\">&#8211;\u00a0<strong>To rzeczywi\u015bcie co\u015b nieprawdopodobnego\u2026<\/strong><\/p>\n<p><span style=\"color: #000080;\">&#8211; To by\u0142o niezwykle przykre i skandaliczne przedstawienie &#8211; ten, kto dotrze ca\u0142y i zdrowy, zas\u0142u\u017cy sobie na szans\u0119 pobytu w Europie Zachodniej. No dobrze, i co teraz? Uchod\u017acy dotarli do Niemiec i \u017cyj\u0105 w rozpaczliwych warunkach. Mieszkaj\u0105 w kontenerach, w halach sportowych. Tak im pomogli\u015bmy? Przecie\u017c go\u0142ym okiem widzimy, \u017ce ca\u0142y system zawi\u00f3d\u0142. Za granic\u0105 dzia\u0142aj\u0105 wywiady, niemieckie fundacje i nikt nie przewidzia\u0142 obecnej sytuacji? Niccol\u00f2 Machiavelli trafnie zauwa\u017cy\u0142, \u017ce najbardziej w\u0105tpliwe \u015brodki, kt\u00f3re cel u\u015bwi\u0119ca, nale\u017cy wdro\u017cy\u0107 zaraz z pocz\u0105tku. Trzeba by\u0142o wysadzi\u0107 Asada z siod\u0142a, ponosz\u0105c cen\u0119 chwilowej destabilizacji. Zawiod\u0142y zreszt\u0105 nie tylko Niemcy, ale ca\u0142a UE.<\/span><\/p>\n<p style=\"text-align: left;\"><span style=\"color: #808080;\"><em>rekomendowa\u0142: <strong>Leon Rozenbaum<\/strong><\/em><\/span><br \/>\n<img decoding=\"async\" class=\"center alignleft\" src=\"http:\/\/www.reunion68.com\/Biuletyn\/ico\/leon-r.jpg\" alt=\"\" width=\"20%\" \/><\/p>\n<p style=\"text-align: left;\"><strong>&#8211; W ksi\u0105\u017cce pt. &#8216;Ostatnie dni Europy &#8211; czyli jak pogrzebali\u015bmy dobry pomys\u0142&#8217; pan bezlito\u015bnie rozprawia si\u0119 z instytucjami UE. Co si\u0119 sta\u0142o, \u017ce nasza wsp\u00f3lnota pogr\u0105\u017cy\u0142a si\u0119 w kryzysie?<br \/>\n<\/strong><br \/>\n<span style=\"color: #000080;\">&#8211; O niekt\u00f3rych przyczynach ju\u017c wspomina\u0142em, powiem tylko tyle: Unia zachowuje si\u0119 jak pacjent z b\u00f3lem z\u0119ba, kt\u00f3ry wzdraga si\u0119 przed wizyt\u0105 u dentysty. Dzi\u015b we\u017amiemy tabletk\u0119, przynosz\u0105c\u0105 chwilow\u0105 ulg\u0119, ale w rzeczywisto\u015bci odwlekamy problem, kt\u00f3ry niechybnie si\u0119 powi\u0119kszy. Szkoda tylko, \u017ce akurat w przypadku tego pacjenta kosztem tysi\u0119cy ludzi i naszych pieni\u0119dzy. Uni\u0119 nie boli zreszt\u0105 ju\u017c jeden z\u0105b, lecz ca\u0142a szcz\u0119ka, na domiar z\u0142ego teraz jeszcze zaka\u017cona koronawirusem. Jedno jest pewne &#8211; po tym kryzysie UE b\u0119dzie ju\u017c wygl\u0105da\u0107 inaczej. Pandemia koronawirusa jest dla mnie niezbitym dowodem, \u017ce B\u00f3g jednak istnieje.<\/span><\/p>\n<p style=\"text-align: left;\"><strong>&#8211; Co ma pan na my\u015bli?<\/strong><\/p>\n<p><span style=\"color: #000080;\">&#8211; Dot\u0105d nie mog\u0142em udowodni\u0107, \u017ce istnieje, tak jak nie mog\u0142em udowodni\u0107, \u017ce nie istnieje. Ateizm jest przecie\u017c te\u017c tylko namiastk\u0105 religii. R\u00f3wnie\u017c sceptycy musz\u0105 najpierw uwierzy\u0107 w to, \u017ce nie wierz\u0105. Ale od kilku tygodni naprawd\u0119 wierz\u0119, \u017ce B\u00f3g istnieje. Przyzwoli\u0142 ju\u017c na wiele &#8211; na katastrofy, wojny, Holocaust, masakry w pa\u0144stwach afryka\u0144skich i na Ba\u0142kanie oraz neonazistowskie zamachy w Hanau. Jednak trudno nie odnie\u015b\u0107 wra\u017cenia, \u017ce teraz cierpliwo\u015b\u0107 Boga zosta\u0142a wystawiona na pr\u00f3b\u0119 i miarka si\u0119 przebra\u0142a. No i przys\u0142a\u0142 nam koronawirusa. Nie dlatego, \u017ceby nas sprawdzi\u0107, ale \u017ceby nas ukara\u0107. Dlaczego? A no dlatego, \u017ce chcieli\u015bmy Mu dor\u00f3wna\u0107. Pogr\u0105\u017ceni w bezkresnej pysze udawali\u015bmy Boga, powa\u017cnie zak\u0142adaj\u0105c, \u017ce mo\u017cemy za niego sami rozwi\u0105za\u0107 problemy zwi\u0105zane z globalizacj\u0105, bied\u0105, ze zdrowiem czy zmian\u0105 klimatu. Wystarcz\u0105 tylko apele do rewolucyjnego przewrotu oraz unijne dyrektywy pani von der Leyen. Nie modlimy si\u0119 przed obiadem czy kolacj\u0105, ale za to ub\u00f3stwiamy Gret\u0119 Thunberg i Extinction Rebellion. Tymczasem autostrady s\u0105 dalej zakorkowane, a Ko\u015bcio\u0142y puste. Zabrak\u0142o nam najzwyczajniej pokory. W ko\u0144cu B\u00f3g powiedzia\u0142 &#8216;basta&#8217; i nagle kana\u0142y w Wenecji si\u0119 same oczy\u015bci\u0142y, emisja dwutlenku w Chinach uleg\u0142a redukcji, a problemy demograficzne w Europie si\u0119 rozwi\u0105za\u0142y. Pan B\u00f3g ma dobre poczucie humoru, ale nie lubi, gdy kto\u015b Go robi w bambuko.<\/span><\/p>\n<hr style=\"height: 15px; background: #d0e6fa; width: 100%;\" \/>\n<div id=\"content\" class=\"content-alignment\">\n<div id=\"watch-description\" class=\"yt-uix-button-panel\">\n<div id=\"watch-description-text\" style=\"text-align: center;\">\n<p><em>Zawarto\u015b\u0107 publikowanych artyku\u0142\u00f3w i materia\u0142\u00f3w nie reprezentuje pogl\u0105d\u00f3w ani opinii Reunion&#8217;68,<\/em><em><br \/>\nani te\u017c webmastera Blogu Reunion&#8217;68, chyba ze jest to wyra\u017anie zaznaczone.<br \/>\nTwoje uwagi, linki, w\u0142asne artyku\u0142y lub wiadomo\u015bci prze\u015blij na adres:<br \/>\n<\/em><span style=\"color: #000080;\"><strong><em><a style=\"color: #000080;\" href=\"mailto:webmaster@reunion68.com\"><span style=\"text-decoration: underline;\">webmaster@reunion68.com<\/span><\/a><\/em><\/strong><\/span><\/p>\n<\/div>\n<\/div>\n<\/div>\n<hr style=\"width: 100%;\" \/>\n","protected":false},"excerpt":{"rendered":"<p>Niemiecki publicysta Henryk M. Broder: Skala degeneracji w spo\u0142ecze\u0144stwie niemieckim pora\u017ca Wojciech Osi\u0144ski &#8211; Forsowana przez niekt\u00f3rych polityk\u00f3w UE teza, jakoby p\u0142e\u0107 nie by\u0142a wytworem biologicznym, lecz &#8216;konstruktem spo\u0142ecznym&#8217;, jest jednym z najwi\u0119kszych szwindli ludzkiej cywilizacji. Fakt, \u017ce w Niemczech ju\u017c na ponad stu uczelniach mo\u017ce funkcjonowa\u0107 taki kierunek jak Gender Studies, kt\u00f3ry podpiera t\u0119 [&hellip;]<\/p>\n","protected":false},"author":1,"featured_media":0,"comment_status":"closed","ping_status":"closed","sticky":false,"template":"","format":"standard","meta":[],"categories":[6],"tags":[26,24],"_links":{"self":[{"href":"https:\/\/www.reunion68.se\/index.php?rest_route=\/wp\/v2\/posts\/77005"}],"collection":[{"href":"https:\/\/www.reunion68.se\/index.php?rest_route=\/wp\/v2\/posts"}],"about":[{"href":"https:\/\/www.reunion68.se\/index.php?rest_route=\/wp\/v2\/types\/post"}],"author":[{"embeddable":true,"href":"https:\/\/www.reunion68.se\/index.php?rest_route=\/wp\/v2\/users\/1"}],"replies":[{"embeddable":true,"href":"https:\/\/www.reunion68.se\/index.php?rest_route=%2Fwp%2Fv2%2Fcomments&post=77005"}],"version-history":[{"count":7,"href":"https:\/\/www.reunion68.se\/index.php?rest_route=\/wp\/v2\/posts\/77005\/revisions"}],"predecessor-version":[{"id":77016,"href":"https:\/\/www.reunion68.se\/index.php?rest_route=\/wp\/v2\/posts\/77005\/revisions\/77016"}],"wp:attachment":[{"href":"https:\/\/www.reunion68.se\/index.php?rest_route=%2Fwp%2Fv2%2Fmedia&parent=77005"}],"wp:term":[{"taxonomy":"category","embeddable":true,"href":"https:\/\/www.reunion68.se\/index.php?rest_route=%2Fwp%2Fv2%2Fcategories&post=77005"},{"taxonomy":"post_tag","embeddable":true,"href":"https:\/\/www.reunion68.se\/index.php?rest_route=%2Fwp%2Fv2%2Ftags&post=77005"}],"curies":[{"name":"wp","href":"https:\/\/api.w.org\/{rel}","templated":true}]}}