{"id":77107,"date":"2020-03-31T17:05:57","date_gmt":"2020-03-31T15:05:57","guid":{"rendered":"http:\/\/www.reunion68.se\/?p=77107"},"modified":"2020-03-30T15:19:50","modified_gmt":"2020-03-30T13:19:50","slug":"04-05-50","status":"publish","type":"post","link":"https:\/\/www.reunion68.se\/?p=77107","title":{"rendered":"Argentina&#8217;s first Jewish coronavirus death is cremated, sparks controversy"},"content":{"rendered":"<h5 style=\"text-align: center;\"><a href=\"https:\/\/www.jpost.com\/\" target=\"_blank\" rel=\"noopener noreferrer\"><img decoding=\"async\" width=\"30%\" class=\"center alignleft\" alt=\"\" src=\"http:\/\/www.reunion68.com\/Biuletyn\/img\/jpost.png\"><\/a><span style=\"text-decoration: underline; color: #000080;\"><strong><a style=\"color: #000080; text-decoration: underline;\" href=\"https:\/\/www.jpost.com\/Diaspora\/Argentinas-first-Jewish-coronavirus-death-is-cremated-sparks-controversy-622813\" target=\"_blank\" rel=\"noopener noreferrer\">Argentina&#8217;s first Jewish coronavirus death is cremated, sparks controversy<\/a><\/strong><\/span><\/h5>\n<p style=\"text-align: center;\"><span style=\"color: #000000;\"><strong> JTA STAFF<\/strong><\/span><\/p>\n<hr style=\"height: 15px; background: #d0e6fa; width: 100%;\">\n<p style=\"text-align: center;\"><strong>Cremation of the dead is not allowed under religious Jewish law.<\/strong><\/p>\n<p style=\"text-align: center;\"><img decoding=\"async\" width=\"100%\" class=\"aligncenter\" src=\"https:\/\/images.jpost.com\/image\/upload\/f_auto,fl_lossy\/t_JD_ArticleMainImageFaceDetect\/455814\"><span style=\"color: #808080;\"><em>Old part of the Jewish cemetery of La Tablada, in the province of Buenos Aires, Argentina \/ (photo credit: WIKIMEDIA COMMONS\/DARIO ALPERN)<\/em><\/span><\/p>\n<p style=\"text-align: left;\"><span style=\"color: #000080;\">Despite protests from a Jewish community in northeastern Argentina, the first Jewish victim of the coronavirus in Argentina was cremated by local authorities, causing controversy and sparking concern among other Jewish communities throughout the country.<\/span><\/p>\n<p style=\"text-align: left;\"><span style=\"color: #000080;\">Cremation of the dead is not allowed under religious Jewish law.<\/span><\/p>\n<p style=\"text-align: left;\"><span style=\"color: #000080;\">Ruben Bercovich, a 59-year-old businessman and father of three, passed away on Thursday in Resistencia, the capital of the northern Chaco province.<\/span><\/p>\n<p style=\"text-align: left;\"><span style=\"color: #000080;\">Bercovich, owner of the BercoMat construction materials company, had returned to Argentina on March 9 after a trip to the United States.<\/span><\/p>\n<p style=\"text-align: left;\"><span style=\"color: #000080;\">His death and subsequent cremation has started a dialogue between Argentine rabbis and officials over a possible compromise to uphold Jewish law.<\/span><\/p>\n<p style=\"text-align: left;\"><span style=\"color: #000080;\">Authorities said the cremation was the best practice to avoid further spread of the disease.<\/span><\/p>\n<p style=\"text-align: left;\"><span style=\"color: #000080;\">Rabbis and officials have already compromised on leaving open mikvahs, or Jewish ritual baths. Those who wish to use one correspond with the government and get a code to enter once they are deemed healthy enough.<\/span><br \/>\n<span style=\"color: #000080;\">Bercovich was active in Jewish institutions in the Chaco community and represented Argentina in golf in global Maccabiah Games events.<\/span><\/p>\n<hr style=\"height: 15px; background: #d0e6fa; width: 100%;\">\n<div class=\"content-alignment\" id=\"content\">\n<div class=\"yt-uix-button-panel\" id=\"watch-description\">\n<div id=\"watch-description-text\" style=\"text-align: center;\">\n<p><em>Zawarto\u015b\u0107 publikowanych artyku\u0142\u00f3w i materia\u0142\u00f3w nie reprezentuje pogl\u0105d\u00f3w ani opinii Reunion&#8217;68,<\/em><em><br \/>\nani te\u017c webmastera Blogu Reunion&#8217;68, chyba ze jest to wyra\u017anie zaznaczone.<br \/>\nTwoje uwagi, linki, w\u0142asne artyku\u0142y lub wiadomo\u015bci prze\u015blij na adres:<br \/>\n<\/em><span style=\"color: #000080;\"><strong><em><a style=\"color: #000080;\" href=\"mailto:webmaster@reunion68.com\"><span style=\"text-decoration: underline;\">webmaster@reunion68.com<\/span><\/a><\/em><\/strong><\/span><\/p>\n<\/div>\n<\/div>\n<\/div>\n<hr style=\"width: 100%;\">\n","protected":false},"excerpt":{"rendered":"<p>Argentina&#8217;s first Jewish coronavirus death is cremated, sparks controversy JTA STAFF Cremation of the dead is not allowed under religious Jewish law. Old part of the Jewish cemetery of La Tablada, in the province of Buenos Aires, Argentina \/ (photo credit: WIKIMEDIA COMMONS\/DARIO ALPERN) Despite protests from a Jewish community in northeastern Argentina, the first [&hellip;]<\/p>\n","protected":false},"author":1,"featured_media":0,"comment_status":"closed","ping_status":"closed","sticky":false,"template":"","format":"standard","meta":[],"categories":[3],"tags":[26,24],"_links":{"self":[{"href":"https:\/\/www.reunion68.se\/index.php?rest_route=\/wp\/v2\/posts\/77107"}],"collection":[{"href":"https:\/\/www.reunion68.se\/index.php?rest_route=\/wp\/v2\/posts"}],"about":[{"href":"https:\/\/www.reunion68.se\/index.php?rest_route=\/wp\/v2\/types\/post"}],"author":[{"embeddable":true,"href":"https:\/\/www.reunion68.se\/index.php?rest_route=\/wp\/v2\/users\/1"}],"replies":[{"embeddable":true,"href":"https:\/\/www.reunion68.se\/index.php?rest_route=%2Fwp%2Fv2%2Fcomments&post=77107"}],"version-history":[{"count":5,"href":"https:\/\/www.reunion68.se\/index.php?rest_route=\/wp\/v2\/posts\/77107\/revisions"}],"predecessor-version":[{"id":77134,"href":"https:\/\/www.reunion68.se\/index.php?rest_route=\/wp\/v2\/posts\/77107\/revisions\/77134"}],"wp:attachment":[{"href":"https:\/\/www.reunion68.se\/index.php?rest_route=%2Fwp%2Fv2%2Fmedia&parent=77107"}],"wp:term":[{"taxonomy":"category","embeddable":true,"href":"https:\/\/www.reunion68.se\/index.php?rest_route=%2Fwp%2Fv2%2Fcategories&post=77107"},{"taxonomy":"post_tag","embeddable":true,"href":"https:\/\/www.reunion68.se\/index.php?rest_route=%2Fwp%2Fv2%2Ftags&post=77107"}],"curies":[{"name":"wp","href":"https:\/\/api.w.org\/{rel}","templated":true}]}}