{"id":77163,"date":"2020-04-01T17:05:39","date_gmt":"2020-04-01T15:05:39","guid":{"rendered":"http:\/\/www.reunion68.se\/?p=77163"},"modified":"2020-04-01T07:56:29","modified_gmt":"2020-04-01T05:56:29","slug":"07-05-53","status":"publish","type":"post","link":"https:\/\/www.reunion68.se\/?p=77163","title":{"rendered":"Coronaviruset: Tyskland piskar upp antiamerikanism"},"content":{"rendered":"<h5 style=\"text-align: center;\"><a href=\"https:\/\/sv.gatestoneinstitute.org\/\" target=\"_blank\" rel=\"noopener noreferrer\"><img decoding=\"async\" class=\"center alignleft\" src=\"https:\/\/sv.gatestoneinstitute.org\/images\/gatestone-logo-1000.gif\" alt=\"\" width=\"45%\" \/><\/a><span style=\"text-decoration: underline; color: #000080;\"><strong><a style=\"color: #000080; text-decoration: underline;\" href=\"https:\/\/sv.gatestoneinstitute.org\/15769\/coronaviruset-tyskland-antiamerikanism\" target=\"_blank\" rel=\"noopener noreferrer\">Coronaviruset: Tyskland piskar upp antiamerikanism<\/a><\/strong><\/span><\/h5>\n<p style=\"text-align: center;\"><span style=\"color: #000000;\"><strong>Soeren Kern<\/strong><\/span><\/p>\n<hr style=\"height: 15px; background: #d0e6fa; width: 100%;\" \/>\n<ul>\n<li><strong>F\u00f6rs\u00f6ket att piska upp en antiamerikanism verkar vara en metod f\u00f6r den tyska regeringen f\u00f6r att trubba av den offentliga kritiken mot den tyska f\u00f6rbundskanslern Angela Merkel och hennes kabinett f\u00f6r deras nonchalanta svar p\u00e5 coronavirusepidemin.<\/strong><\/li>\n<li><strong>Nyheten plockades upp och spreds okritiskt i tryck och r\u00f6rliga medier \u00f6ver hela Europa \u2013 och USA. N\u00e4stan alla citerade Die Welt-artikeln ordagrant utan att bekr\u00e4fta inneh\u00e5llet p\u00e5 egen hand.<\/strong><\/li>\n<li><strong>&#8220;F\u00f6r att g\u00f6ra det tydligt igen ang\u00e5ende coronaviruset: CureVac har inte f\u00e5tt erbjudande av den amerikanska regeringen eller relaterade enheter innan, under eller efter specialstyrkans m\u00f6te i Vita huset den 2 mars. CureVac avvisar alla anklagelser av pressen.&#8221; Uttalande av CureVac, den 16 mars 2020.<\/strong><\/li>\n<li><strong>Nyhetstidningen Frankfurter Allgemeine beskrev i en artikel med titeln &#8220;CureVac har inte f\u00e5tt n\u00e5got erbjudande av USA:s regering&#8221; Welt-artikeln som &#8220;fake news&#8221; som kokats ihop av CureVac f\u00f6r att s\u00e4kra regeringsfinansiering. Tidningen f\u00f6reslog att den tyska regeringen hj\u00e4lpte till att fr\u00e4mja l\u00f6gnen &#8230;<\/strong><\/li>\n<\/ul>\n<p style=\"text-align: center;\"><img decoding=\"async\" class=\"aligncenter\" src=\"https:\/\/www.gatestoneinstitute.org\/pics\/221.jpg\" width=\"100%\" \/><span style=\"color: #808080;\"><em>Den tyska regeringen har fr\u00e4mjat en falsk nyhet som menar p\u00e5 att USA f\u00f6rs\u00f6ker f\u00e5 exklusiv \u00e5tkomst till ett experimentellt coronavirusvaccin som \u00e4r under utveckling av CureVac, ett tyskt biotechf\u00f6retag. P\u00e5 bilden: En f\u00f6retagsbil med CureVacs logga utanf\u00f6r f\u00f6retagets huvudkontor i T\u00fcbingen, Tyskland. (Foto av Matthias Hangst\/Getty Images)<\/em><\/span><\/p>\n<p style=\"text-align: left;\"><span style=\"color: #000080;\">Den tyska regeringen har fr\u00e4mjat en falsk nyhet som menar att USA f\u00f6rs\u00f6ker f\u00e5 exklusiv tillg\u00e5ng till ett experimentellt coronavirusvaccin som utvecklats av ett tyskt biotechf\u00f6retag.<\/span><\/p>\n<p style=\"text-align: left;\"><span style=\"color: #000080;\">Nyheten \u2013 som har utl\u00f6st antiamerikanskt raseri i Tyskland och p\u00e5 andra platser i Europa \u2013 har snabbt dementerats av f\u00f6retaget som f\u00f6rnekar att man f\u00e5tt n\u00e5gra ekonomiska erbjudanden fr\u00e5n den amerikanska regeringen eller n\u00e5gon relaterad enhet.<\/span><\/p>\n<p style=\"text-align: left;\"><span style=\"color: #000080;\">F\u00f6rs\u00f6ket att piska upp en antiamerikanism verkar vara en metod av den tyska regeringen f\u00f6r att trubba av offentlig kritik av f\u00f6rbundskansler Angela Merkel och hennes kabinett f\u00f6r deras nonchalanta svar p\u00e5 coronavirusepidemin.<\/span><\/p>\n<p style=\"text-align: left;\"><span style=\"color: #000080;\">Den 15 mars\u00a0<a style=\"color: #000080;\" href=\"https:\/\/www.welt.de\/wirtschaft\/article206555143\/Corona-USA-will-Zugriff-auf-deutsche-Impfstoff-Firma.html\" target=\"_blank\" rel=\"noopener noreferrer\">rapporterade<\/a>\u00a0tidningen\u00a0<i>Welt am Sonntag,<\/i>\u00a0i en artikel med titeln &#8220;Donald Trump tjuvjagar tyskt vaccinf\u00f6retag&#8221;, att USA:s president Donald J. Trump hade erbjudit &#8220;en stor summa pengar&#8221; f\u00f6r att k\u00f6pa det privat\u00e4gda T\u00fcbingenbaserade f\u00f6retaget CureVac, som arbetar f\u00f6r att producera ett vaccin mot coronaviruset.<\/span><\/p>\n<p style=\"text-align: left;\"><span style=\"color: #000080;\">Nyhetstidningen rapporterade att enligt anonyma personer inom &#8220;tyska regeringskretsar&#8221; (<i>deutschen Regierungskreisen<\/i>) ville Trump &#8220;s\u00e4kra l\u00e4kemedlet enbart f\u00f6r sitt land&#8221;. I artikeln\u00a0<a style=\"color: #000080;\" href=\"https:\/\/www.welt.de\/wirtschaft\/article206555143\/Corona-USA-will-Zugriff-auf-deutsche-Impfstoff-Firma.html\" target=\"_blank\" rel=\"noopener noreferrer\">stod<\/a>\u00a0det:<\/span><\/p>\n<blockquote>\n<p style=\"text-align: left;\">&#8220;USA:s president ska ha erbjudit det tyska f\u00f6retaget en stor summa pengar f\u00f6r sitt arbete. I Berlin pratas det om en miljard dollar. S\u00e4rskilt problematiskt \u00e4r det att Trump g\u00f6r allt f\u00f6r att f\u00e5 vaccinet till USA.<\/p>\n<p>&#8216;Men bara till USA&#8217;, s\u00e4ger den federala regeringen &#8230;&#8221;&#8221;Representanter f\u00f6r h\u00e4lsov\u00e5rdsministeriet och finansdepartementet f\u00f6rhandlar med CureVac &#8230; Tyskland erbjuder pengar f\u00f6r att h\u00e5lla f\u00f6retaget [i tyska h\u00e4nder], s\u00e4gs det i Berlin &#8230; CureVac sj\u00e4lva v\u00e4grade att svara p\u00e5 fr\u00e5gor.&#8221;<\/p><\/blockquote>\n<p style=\"text-align: left;\"><span style=\"color: #000080;\">Nyheten plockades upp och spreds okritiskt i tryck och r\u00f6rliga medier \u00f6ver hela Europa \u2013 och USA. N\u00e4stan alla citerade\u00a0<i>Die Welt-<\/i>artikeln ordagrant utan att bekr\u00e4fta inneh\u00e5llet p\u00e5 egen hand.<\/span><\/p>\n<p style=\"text-align: left;\"><span style=\"color: #000080;\">&#8220;Vaccin &#8216;enbart f\u00f6r USA'&#8221;,\u00a0<a style=\"color: #000080;\" href=\"https:\/\/rp-online.de\/panorama\/deutschland\/coronavirus-impfstoff-nur-fuer-usa-pharmaunternehmen-lehnt-angebot-von-trump-ab_aid-49572107\" target=\"_blank\" rel=\"noopener noreferrer\">h\u00e4vdade<\/a>\u00a0<i>Rheinische Post<\/i>. &#8220;Trumps antisociala lag&#8221;,\u00a0<a style=\"color: #000080;\" href=\"https:\/\/www.sueddeutsche.de\/gesundheit\/gesundheit-tuebingen-walter-borjans-zum-curevac-streit-trump-handelt-asozial-dpa.urn-newsml-dpa-com-20090101-200316-99-353989\" target=\"_blank\" rel=\"noopener noreferrer\">klagade<\/a>\u00a0<i>S\u00fcddeutsche Zeitung<\/i>. &#8220;Den of\u00f6rsk\u00e4mda attacken mot CureVac \u00e4r ett uppvaknande f\u00f6r Tyskland&#8221;,\u00a0<a style=\"color: #000080;\" href=\"https:\/\/www.welt.de\/wirtschaft\/article206594327\/CureVac-Trumps-Angriff-ist-ein-Weckruf-fuer-Deutschland.html\" target=\"_blank\" rel=\"noopener noreferrer\">skrev<\/a>\u00a0<i>Die Welt<\/i>s aff\u00e4rskorrespondent, Anja Ettel i en galen utl\u00e4ggning.\u00a0<i>Der Aktion\u00e4r<\/i>, ett tyskt aff\u00e4rs- och finansmagasin,\u00a0<a style=\"color: #000080;\" href=\"https:\/\/www.deraktionaer.de\/artikel\/pharma-biotech\/corona-impfstoff-krieg-nach-absage-von-curevac-schlaegt-trump-jetzt-hier-zu-20198238.html\" target=\"_blank\" rel=\"noopener noreferrer\">f\u00f6rmodade<\/a>: &#8220;F\u00f6r Trump skulle vaccinet vara ett mirakul\u00f6st botemedel med vilket han skulle kunna plocka po\u00e4ng i sin valkampanj.&#8221;<\/span><\/p>\n<p style=\"text-align: left;\"><span style=\"color: #000080;\">Tyska politiker reagerade ocks\u00e5, \u00e4ven de utan att verifiera nyheten. Finansminister Peter Altmaier\u00a0<a style=\"color: #000080;\" href=\"https:\/\/www.sueddeutsche.de\/politik\/corona-trump-impfstoff-curevac-1.4845350\" target=\"_blank\" rel=\"noopener noreferrer\">sa<\/a>\u00a0att &#8220;Tyskland \u00e4r inte till salu&#8221;. Utrikesminister Heiko Maas\u00a0<a style=\"color: #000080;\" href=\"https:\/\/twitter.com\/HeikoMaas\/status\/1239476128894590977\" target=\"_blank\" rel=\"noopener noreferrer\">twittrade<\/a>: &#8220;Vi kan inte till\u00e5ta en situation d\u00e4r andra vill dra ensam nytta av resultatet av v\u00e5r forskning.&#8221;<\/span><\/p>\n<p style=\"text-align: left;\"><span style=\"color: #000080;\">Partiledaren f\u00f6r det libertarianska Fria demokratiska partiet (FDP), Christian Lindner,\u00a0<a style=\"color: #000080;\" href=\"https:\/\/www.deutschlandfunk.de\/lindner-fdp-zu-coronaimpfstoff-da-ist-die-menschheit-als.868.de.html?dram:article_id=472553\" target=\"_blank\" rel=\"noopener noreferrer\">sa<\/a>: &#8220;Ett s\u00e5dant &#8216;USA f\u00f6rst&#8217;-t\u00e4nkande h\u00f6r inte hemma h\u00e4r.&#8221; Den tyska parlamentsledamoten Karl Lauterback, fr\u00e5n Socialdemokratiska partiet (SDP),\u00a0<a style=\"color: #000080;\" href=\"https:\/\/twitter.com\/Karl_Lauterbach\/status\/1239128184777592837\" target=\"_blank\" rel=\"noopener noreferrer\">twittrade<\/a>:<\/span><\/p>\n<blockquote>\n<p style=\"text-align: left;\">&#8220;Den amerikanska regeringen har beg\u00e5tt en extremt fientlig handling. Den exklusiva f\u00f6rs\u00e4ljningen av ett m\u00f6jligt vaccin till USA m\u00e5ste f\u00f6rhindras med alla medel. Kapitalismen har sina begr\u00e4nsningar.&#8221;<\/p>\n<\/blockquote>\n<p style=\"text-align: left;\"><span style=\"color: #000080;\">CureVac har upprepade g\u00e5nger nekat till anklagelserna. I ett pressutskick fr\u00e5n den 15 mars\u00a0<a style=\"color: #000080;\" href=\"https:\/\/www.curevac.com\/news\/curevac-focuses-on-the-development-of-mrna-based-coronavirus-vaccine-to-protect-people-worldwide\" target=\"_blank\" rel=\"noopener noreferrer\">sa<\/a>\u00a0f\u00f6retaget att man &#8220;avvisar alla anklagelser om erbjudanden om f\u00f6rv\u00e4rv av f\u00f6retaget eller dess teknologi&#8221;. I ett twitterinl\u00e4gg fr\u00e5n den 16 mars\u00a0<a style=\"color: #000080;\" href=\"https:\/\/twitter.com\/CureVacAG\/status\/1239535638359281664\" target=\"_blank\" rel=\"noopener noreferrer\">skrev<\/a>\u00a0f\u00f6retaget:<\/span><\/p>\n<blockquote>\n<p style=\"text-align: left;\">&#8220;F\u00f6r att tydligg\u00f6ra igen ang\u00e5ende coronaviruset: CureVac har inte f\u00e5tt erbjudande av den amerikanska regeringen eller relaterade enheter innan, under eller efter specialstyrkans m\u00f6te i Vita huset den 2 mars. CureVac avvisar alla anklagelser av pressen.&#8221;<\/p>\n<\/blockquote>\n<p style=\"text-align: left;\"><span style=\"color: #000080;\">Twitterinl\u00e4gget syftade p\u00e5 CureVacs d\u00e5varande vd Daniel Menichella, som blev\u00a0<a style=\"color: #000080;\" href=\"https:\/\/www.curevac.com\/news\/curevac-ceo-daniel-menichella-ber%C3%A4t-mit-us-pr%C3%A4sident-donald-trump-und-mitgliedern-der-corona-task-force-entwicklungsm%C3%B6glichkeiten-eines-coronavirus-impfstoffes\" target=\"_blank\" rel=\"noopener noreferrer\">inbjuden<\/a>\u00a0till Vita huset den 2 mars f\u00f6r att diskutera strategier f\u00f6r ett snabbt utvecklande och framst\u00e4llande av ett coronavirusvaccin. Han tr\u00e4ffade president Trump, vicepresident Mike Pence, medlemmar av Vita husets specialstyrka f\u00f6r coronavirusert samt h\u00f6gt uppsatta representanter f\u00f6r andra l\u00e4kemedels- och biotechf\u00f6retag.<\/span><\/p>\n<p style=\"text-align: left;\"><span style=\"color: #000080;\">USA:s ambassad\u00f6r i Tyskland, Richard Grenell, f\u00f6rnekade anklagelserna. &#8220;Inte sant&#8221;,\u00a0<a style=\"color: #000080;\" href=\"https:\/\/twitter.com\/RichardGrenell\/status\/1239248345329274881\" target=\"_blank\" rel=\"noopener noreferrer\">twittrade<\/a>\u00a0han. &#8220;Welt-storyn var felaktig. Men Business Insider, Reuters och andra publicerade den \u00e4nd\u00e5, trots att de inte hade n\u00e5gra egna k\u00e4llor. Nu \u00e4ndrar alla \u00e5sikter.&#8221;<\/span><\/p>\n<p style=\"text-align: left;\"><span style=\"color: #000080;\">En amerikansk statstj\u00e4nsteman\u00a0<a style=\"color: #000080;\" href=\"https:\/\/www.reuters.com\/article\/us-health-coronavirus-germany-usa\/germany-tries-to-stop-u-s-from-luring-away-firm-seeking-coronavirus-vaccine-idUSKBN2120IV\" target=\"_blank\" rel=\"noopener noreferrer\">sa<\/a>\u00a0till Reuters: &#8220;Nyheten \u00e4r extremt \u00f6verdriven &#8230; Vi kommer att forts\u00e4tta prata med alla f\u00f6retag som tror att de kan hj\u00e4lpa till. Och kommer vi fram till n\u00e5gon l\u00f6sning s\u00e5 kommer den att delas med v\u00e4rlden.&#8221;<\/span><\/p>\n<p style=\"text-align: left;\"><span style=\"color: #000080;\">Nyhetstidningen\u00a0<i>Frankfurter Allgemeine<\/i>\u00a0beskrev i en\u00a0<a style=\"color: #000080;\" href=\"https:\/\/www.faz.net\/aktuell\/wirtschaft\/unternehmen\/corona-impfstoff-curevac-hat-kein-angebot-der-us-regierung-erhalten-16683587.html\" target=\"_blank\" rel=\"noopener noreferrer\">artikel<\/a>\u00a0med titeln &#8220;CureVac har inte f\u00e5tt n\u00e5got erbjudande av USA:s regering&#8221;\u00a0<i>Welt<\/i>-artikeln som &#8220;fake news&#8221; som kokats ihop av CureVac f\u00f6r att s\u00e4kra regeringsfinansiering. Tidningen f\u00f6reslog att den tyska regeringen hj\u00e4lpte till att fr\u00e4mja l\u00f6gnen:<\/span><\/p>\n<blockquote>\n<p style=\"text-align: left;\">&#8220;Visar USA:s president Donald Trump sitt riktiga jag genom att f\u00f6lja mottot &#8216;USA f\u00f6rst&#8217; i coronapandemin?\u00a0<i>Welt am Sonntag<\/i>\u00a0rapporterade att han, med stora summor pengar, ville s\u00e4kra tillg\u00e5ng till det tyska biotechf\u00f6retaget CureVac.<\/p>\n<p style=\"text-align: left;\">Anklagelserna skapade stor uppst\u00e5ndelse och h\u00e5rd kritik.&#8221;H\u00f6gt rankade politiker i Berlin bekr\u00e4ftade Trumps kraftanstr\u00e4ngning f\u00f6r olika medier.<\/p>\n<p style=\"text-align: left;\">Irritationen f\u00f6rst\u00e4rktes ocks\u00e5 indirekt av f\u00f6rbundskansler Angela Merkel &#8230;&#8221;&#8221;Under tiden har CureVac f\u00e5tt 80 miljoner utlovat i finansiering fr\u00e5n EU-kommissionen.&#8221;<\/p>\n<\/blockquote>\n<p style=\"text-align: left;\"><span style=\"color: #000080;\"><i>Die Welt<\/i>-artikelns l\u00e4sare var till \u00f6verv\u00e4gande del skeptiska inf\u00f6r sanningshalten i artikeln. En kommentator\u00a0<a style=\"color: #000080;\" href=\"https:\/\/www.welt.de\/wirtschaft\/article206555143\/Corona-USA-will-Zugriff-auf-deutsche-Impfstoff-Firma.html\" target=\"_blank\" rel=\"noopener noreferrer\">skrev<\/a>:<\/span><\/p>\n<blockquote>\n<p style=\"text-align: left;\">&#8220;En tysk minister, som h\u00f6rt det fr\u00e5n en annan tysk minister, att en tysk journalist, som inte var d\u00e4r, rapporterade att USA:s president erbj\u00f6d en miljard dollar till ett f\u00f6retag som \u00e4nnu inte har utvecklat ett vaccin mot COVID-19 &#8230; Enligt min smak \u00e4r det mycket h\u00f6rs\u00e4gen, en str\u00e4van efter klick fr\u00e5n\u00a0<i>Die Welts<\/i>\u00a0sida, uppvigling till hat mot Trump och kanske intelligent marknadsf\u00f6ring av f\u00f6retaget f\u00f6r statlig finansiering mitt i coronakrisen.&#8221;<\/p>\n<\/blockquote>\n<p style=\"text-align: left;\"><span style=\"color: #000080;\">I en ess\u00e4 f\u00f6r bloggen\u00a0<i>Die Achse des Guten<\/i>\u00a0<a style=\"color: #000080;\" href=\"https:\/\/www.achgut.com\/artikel\/das_maerchen_vom_boesen_trump_und_dem_impfstoff_klau\" target=\"_blank\" rel=\"noopener noreferrer\">f\u00f6rklarade<\/a>\u00a0kommentatorn Dirk Maxeiner:<\/span><\/p>\n<blockquote>\n<p style=\"text-align: left;\">&#8220;Om man vill skapa en distraktion fr\u00e5n sina egna felsteg \u00e4r det alltid klokt att ropa: &#8216;Stoppa tjuven, d\u00e4r \u00e4r han&#8217;. Denna metod var tydlig under de senaste dagarna. Tysk media och tyska politiker, som i coronakrisen skulle ha anledning att ta en n\u00e4rmare titt p\u00e5 sig sj\u00e4lva g\u00e5r ist\u00e4llet p\u00e5 sin favorittjuv: Donald Trump, vem annars?&#8221;<\/p>\n<p style=\"text-align: left;\">&#8220;Trump stoppade intr\u00e4det f\u00f6r icke-medborgare fr\u00e5n Kina till USA f\u00f6r \u00f6ver sex veckor sedan, medan passagerare i Tyskland forts\u00e4tter att muntert landa d\u00e4rifr\u00e5n utan att testas. Detta hindrar inte\u00a0<i>S\u00fcddeutsche Zeitung<\/i>, till exempel, fr\u00e5n att anklaga Trump f\u00f6r att ha &#8216;misslyckats&#8217; i coronakrisen. Rubrik: &#8216;Virus m\u00f6ter inkompetens&#8217;. Eller \u00e4nnu b\u00e4ttre,\u00a0<i>Die Welt<\/i>: &#8216;Trumps attack mot Tyskland d\u00f6ljer USA:s r\u00e4dsla f\u00f6r kaos.&#8217;<\/p>\n<p style=\"text-align: left;\">&#8220;Man kan s\u00e5 klart se det p\u00e5 det motsatta s\u00e4ttet: &#8216;Tysklands attack mot Trump d\u00f6ljer Tysklands r\u00e4dsla f\u00f6r kaos.&#8217; Denna version \u00e4r mycket mer sannolik. Blandningen av dumhet, arrogans och provinsiell \u00f6vertro p\u00e5 sig sj\u00e4lv kan beskrivas som ett exempel i den f\u00f6ljande lilla episoden.<\/p>\n<p style=\"text-align: left;\">&#8220;&#8216;Den &#8216;of\u00f6rsk\u00e4mda attacken mot CureVac \u00e4r ett uppvaknande f\u00f6r Tyskland&#8217;, skriver\u00a0<i>Die Welt.<\/i>\u00a0&#8216;Donald Trump tjuvjagar ett tyskt vaccinf\u00f6retag&#8217;, rapporterade man &#8230; Den tyska regeringen f\u00f6rs\u00f6ker f\u00f6rhindra att &#8230;&#8221;<\/p>\n<p style=\"text-align: left;\">&#8220;Om man tittar p\u00e5 den uppdaterade informationen kan man bara utl\u00e4sa att det \u00e4r en \u00f6verdrift, i vilken &#8216;Stoppa tjuven&#8217;-metoden m\u00f6tte en latent antiamerikanism, och slagorden &#8216;Stoppa Trumpen&#8217; spred sig som en l\u00f6peld. Under tiden har nyheten blivit en anekdot f\u00f6r tyska Trump- och USA-hatare &#8230;&#8221;<\/p>\n<p style=\"text-align: left;\">&#8220;Allt detta visar hur uppr\u00f6rande och provinsiellt det \u00e4r att vilja konstruera en tysk-amerikansk ekonomisk konfrontation ur ett amerikanskt intresse f\u00f6r dessa forskares arbete. Det visar ocks\u00e5 mycket tydligt att tyska politiker bara verkar intresserade av den senaste forskningen i detta land n\u00e4r amerikanerna uppt\u00e4cker det sj\u00e4lva. Annars g\u00f6r de allt i samf\u00f6rst\u00e5nd med Brysselnomenklaturen f\u00f6r att g\u00f6ra livet sv\u00e5rt f\u00f6r toppforskare i l\u00e4kemedelsbranschen.&#8221;<\/p>\n<\/blockquote>\n<p style=\"text-align: left;\"><span style=\"color: #000080;\">Den 16 mars\u00a0<a style=\"color: #000080;\" href=\"https:\/\/ec.europa.eu\/commission\/presscorner\/detail\/en\/ip_20_474\" target=\"_blank\" rel=\"noopener noreferrer\">meddelade<\/a>\u00a0EU-kommissionen, EU:s administrativa arm, att man hade erbjudit CureVac upp till 80 miljoner euro i ekonomiskt st\u00f6d f\u00f6r att skala upp utvecklandet och produktionen av ett vaccin mot coronaviruset.<\/span><\/p>\n<p style=\"text-align: left;\"><span style=\"color: #000080;\">Merkels stabchef, Helge Braun,\u00a0<a style=\"color: #000080;\" href=\"https:\/\/www.finanznachrichten.de\/nachrichten-2020-03\/49109174-kanzleramtschef-braun-curevac-wird-in-deutschland-bleiben-015.htm\" target=\"_blank\" rel=\"noopener noreferrer\">sa<\/a>\u00a0att CureVac kommer att f\u00f6rbli i tyska h\u00e4nder:<\/span><\/p>\n<blockquote>\n<p style=\"text-align: left;\">&#8220;Vi har varit i mycket n\u00e4ra kontakt med f\u00f6retaget under de tv\u00e5 senaste veckorna n\u00e4r det fanns tankar p\u00e5 att locka dem till USA. Vi gjorde det ocks\u00e5 klart och tydligt: Om ett vaccin utvecklas i Tyskland s\u00e5 \u00e4r det till f\u00f6r Tyskland och v\u00e4rlden. Det \u00f6vertygade ocks\u00e5 f\u00f6retaget att stanna.&#8221;<\/p>\n<\/blockquote>\n<p style=\"text-align: left;\"><span style=\"color: #000080;\">I slut\u00e4ndan kanske kontroversen att eftertr\u00e4das av h\u00e4ndelserna. Den 16 mars blev USA det f\u00f6rsta landet att\u00a0<a style=\"color: #000080;\" href=\"https:\/\/news.yahoo.com\/us-begins-first-human-trial-coronavirus-vaccine-192501652.html\" target=\"_blank\" rel=\"noopener noreferrer\">utf\u00f6ra<\/a>\u00a0kliniska tester p\u00e5 m\u00e4nniskor f\u00f6r ett vaccin mot det nya coronaviruset. Totalt 45 friska vuxna frivilliga mellan \u00e5ldrarna 18 och 55 kommer att\u00a0<a style=\"color: #000080;\" href=\"https:\/\/www.nih.gov\/news-events\/news-releases\/nih-clinical-trial-investigational-vaccine-covid-19-begins\" target=\"_blank\" rel=\"noopener noreferrer\">f\u00e5<\/a>\u00a0testvaccinet under ungef\u00e4r sex veckor.<\/span><\/p>\n<p style=\"text-align: left;\"><span style=\"color: #000080;\">Vaccinet kallas f\u00f6r mRNA-1273 och utvecklades av forskare p\u00e5 USA:s nationella institut f\u00f6r h\u00e4lsa (NIH) och kollaborat\u00f6rer p\u00e5 bioteknologif\u00f6retaget\u00a0<a style=\"color: #000080;\" href=\"https:\/\/www.modernatx.com\/modernas-work-potential-vaccine-against-covid-19\" target=\"_blank\" rel=\"noopener noreferrer\">Moderna<\/a>, baserat i Massachusetts. Det kan dr\u00f6ja ytterligare ett \u00e5r till 18 m\u00e5nader innan det blir tillg\u00e4ngligt, n\u00e4r det v\u00e4l har passerat fler testfaser f\u00f6r att bevisa att det fungerar och \u00e4r s\u00e4kert.<\/span><\/p>\n<p style=\"text-align: left;\"><span style=\"color: #000080;\">Under tiden, efter flera veckors undvikande, erk\u00e4nde f\u00f6rbundskansler Merkel till slut coronavirusets hot. I ett tal till nationen den 18 mars\u00a0<a style=\"color: #000080;\" href=\"https:\/\/www.dw.com\/en\/merkel-coronavirus-is-germanys-greatest-challenge-since-world-war-two\/a-52830797\" target=\"_blank\" rel=\"noopener noreferrer\">sa<\/a>\u00a0hon:<\/span><\/p>\n<blockquote>\n<p style=\"text-align: left;\">&#8220;Situationen \u00e4r allvarlig. Ta den p\u00e5 allvar. Sedan enandet av Tyskland, nej, sedan Andra v\u00e4rldskriget, har det inte funnits n\u00e5gon utmaning f\u00f6r v\u00e5r nation som har kr\u00e4vt en s\u00e5dan stor gemensam och enad aktion.&#8221;<\/p>\n<\/blockquote>\n<p style=\"text-align: left;\"><span style=\"color: #000080;\">N\u00e5gra dagar tidigare hade Merkel till slut\u00a0<a style=\"color: #000080;\" href=\"https:\/\/www.sueddeutsche.de\/politik\/coronavirus-merkel-spahn-pressekonferenz-1.4840274\" target=\"_blank\" rel=\"noopener noreferrer\">varnat<\/a>\u00a0f\u00f6r att mer \u00e4n tv\u00e5 tredjedelar av den tyska befolkningen \u2013 58 miljoner m\u00e4nniskor \u2013 skulle kunna bli smittade av coronaviruset:<\/span><\/p>\n<blockquote>\n<p style=\"text-align: left;\">&#8220;Viruset har kommit till Europa, det \u00e4r h\u00e4r och det m\u00e5ste vi alla f\u00f6rst\u00e5. S\u00e5 l\u00e4nge befolkningen inte har n\u00e5gon immunitet, inget vaccin och ingen behandling s\u00e5 kommer en stor andel av befolkningen \u2013 experterna menar 60 \u2013 70 % \u2013 att bli smittade.&#8221;<\/p>\n<\/blockquote>\n<hr \/>\n<p style=\"text-align: left;\"><span style=\"color: #808080;\"><i><strong>Soeren Kern<\/strong> \u00e4r Senior Fellow vid New York-baserade Gatestone Institute.<\/i><\/span><\/p>\n<hr style=\"height: 15px; background: #d0e6fa; width: 100%;\" \/>\n<div id=\"content\" class=\"content-alignment\">\n<div id=\"watch-description\" class=\"yt-uix-button-panel\">\n<div id=\"watch-description-text\" style=\"text-align: center;\">\n<p><em>Zawarto\u015b\u0107 publikowanych artyku\u0142\u00f3w i materia\u0142\u00f3w nie reprezentuje pogl\u0105d\u00f3w ani opinii Reunion&#8217;68,<\/em><em><br \/>\nani te\u017c webmastera Blogu Reunion&#8217;68, chyba ze jest to wyra\u017anie zaznaczone.<br \/>\nTwoje uwagi, linki, w\u0142asne artyku\u0142y lub wiadomo\u015bci prze\u015blij na adres:<br \/>\n<\/em><span style=\"color: #000080;\"><strong><em><a style=\"color: #000080;\" href=\"mailto:webmaster@reunion68.com\"><span style=\"text-decoration: underline;\">webmaster@reunion68.com<\/span><\/a><\/em><\/strong><\/span><\/p>\n<\/div>\n<\/div>\n<\/div>\n<hr style=\"width: 100%;\" \/>\n","protected":false},"excerpt":{"rendered":"<p>Coronaviruset: Tyskland piskar upp antiamerikanism Soeren Kern F\u00f6rs\u00f6ket att piska upp en antiamerikanism verkar vara en metod f\u00f6r den tyska regeringen f\u00f6r att trubba av den offentliga kritiken mot den tyska f\u00f6rbundskanslern Angela Merkel och hennes kabinett f\u00f6r deras nonchalanta svar p\u00e5 coronavirusepidemin. Nyheten plockades upp och spreds okritiskt i tryck och r\u00f6rliga medier \u00f6ver [&hellip;]<\/p>\n","protected":false},"author":1,"featured_media":0,"comment_status":"closed","ping_status":"closed","sticky":false,"template":"","format":"standard","meta":[],"categories":[6],"tags":[26,24],"_links":{"self":[{"href":"https:\/\/www.reunion68.se\/index.php?rest_route=\/wp\/v2\/posts\/77163"}],"collection":[{"href":"https:\/\/www.reunion68.se\/index.php?rest_route=\/wp\/v2\/posts"}],"about":[{"href":"https:\/\/www.reunion68.se\/index.php?rest_route=\/wp\/v2\/types\/post"}],"author":[{"embeddable":true,"href":"https:\/\/www.reunion68.se\/index.php?rest_route=\/wp\/v2\/users\/1"}],"replies":[{"embeddable":true,"href":"https:\/\/www.reunion68.se\/index.php?rest_route=%2Fwp%2Fv2%2Fcomments&post=77163"}],"version-history":[{"count":6,"href":"https:\/\/www.reunion68.se\/index.php?rest_route=\/wp\/v2\/posts\/77163\/revisions"}],"predecessor-version":[{"id":77192,"href":"https:\/\/www.reunion68.se\/index.php?rest_route=\/wp\/v2\/posts\/77163\/revisions\/77192"}],"wp:attachment":[{"href":"https:\/\/www.reunion68.se\/index.php?rest_route=%2Fwp%2Fv2%2Fmedia&parent=77163"}],"wp:term":[{"taxonomy":"category","embeddable":true,"href":"https:\/\/www.reunion68.se\/index.php?rest_route=%2Fwp%2Fv2%2Fcategories&post=77163"},{"taxonomy":"post_tag","embeddable":true,"href":"https:\/\/www.reunion68.se\/index.php?rest_route=%2Fwp%2Fv2%2Ftags&post=77163"}],"curies":[{"name":"wp","href":"https:\/\/api.w.org\/{rel}","templated":true}]}}