{"id":7753,"date":"2014-10-26T19:04:26","date_gmt":"2014-10-26T17:04:26","guid":{"rendered":"http:\/\/www.reunion68.se\/?p=7753"},"modified":"2014-10-26T13:34:41","modified_gmt":"2014-10-26T11:34:41","slug":"ihor-kolomojski-krol-przelewow-idzie-na-wojne","status":"publish","type":"post","link":"https:\/\/www.reunion68.se\/?p=7753","title":{"rendered":"Ihor Ko\u0142omojski &#8211; kr\u00f3l przelew\u00f3w idzie na wojn\u0119"},"content":{"rendered":"<h4 style=\"text-align: center;\"><a href=\"http:\/\/www.wykop.pl\/\" target=\"_blank\"><img decoding=\"async\" class=\"center alignleft\" src=\"http:\/\/www.reunion68.com\/Biuletyn\/img\/newsweek.jpg\" alt=\"\" \/><\/a><span style=\"text-decoration: underline; color: #000080;\"><span style=\"text-decoration: underline;\"><strong><a style=\"color: #000080; text-decoration: underline;\" href=\"http:\/\/www.wykop.pl\/ramka\/2002594\/ihor-kolomojski-krol-przelewow-idzie-na-wojne\/\" target=\"_blank\">Ihor Ko\u0142omojski &#8211;\u00a0kr\u00f3l przelew\u00f3w idzie na wojn\u0119<\/a><\/strong><\/span><\/span><\/h4>\n<p style=\"text-align: center;\"><span style=\"color: #808080;\"><strong>Micha\u0142 Kacewicz<\/strong><\/span><\/p>\n<hr style=\"height: 15px; background: #d0e6fa; width: 710px;\" \/>\n<div style=\"width: 360px\" class=\"wp-caption alignright\"><img decoding=\"async\" class=\"articleImg\" title=\"Ukrai\u0144ski \u017co\u0142nierz  \" src=\"http:\/\/www.newsweek.pl\/g\/i.aspx\/680\/0\/newsweek\/635362748651170100.jpg\" alt=\"UKRAINE-CRISIS\/\" width=\"350\" border=\"0\" \/><p class=\"wp-caption-text\">fot. Yannis Behrakis \/ \u017ar\u00f3d\u0142o: Reuters<\/p><\/div>\n<p style=\"text-align: left;\"><span style=\"color: #000080;\">Ko\u0142omojski latami stosowa\u0142 t\u0119 taktyk\u0119. Op\u0142aca\u0142 wielu polityk\u00f3w, pieni\u0119dzmi zapewnia\u0142 sobie lojalno\u015b\u0107 urz\u0119dnik\u00f3w tam, gdzie mia\u0142 interesy, jak cho\u0107by w rodzinnym Dniepropietrowsku. Pomaga\u0142 Julii Tymoszenko, ale te\u017c wspiera\u0142 nale\u017c\u0105cego p\u00f3\u017aniej do ekipy Wiktora Janukowycza Siergieja Tigipk\u0119, by\u0142ego mened\u017cera Priwat Banku.<\/span><\/p>\n<p style=\"text-align: left;\"><span style=\"color: #000080;\">W krytycznych dniach, kiedy na kijowskim Majdanie Berkut strzela\u0142 do demonstrant\u00f3w, Ko\u0142omojski siedzia\u0142 w swojej rezydencji w Genewie. I d\u0142ugo milcza\u0142. \u2013 Jak wielu oligarch\u00f3w wa\u017cy\u0142 potencjalne zyski i straty, nie by\u0142 od pocz\u0105tku zaanga\u017cowany we wspieranie Majdanu. Czeka\u0142, kto wygra \u2013 m\u00f3wi Witalij Portnikow, kijowski publicysta.<\/span><\/p>\n<p style=\"text-align: left;\"><span style=\"color: #000080;\">Jednak gdy zagro\u017cona sta\u0142a si\u0119 jedno\u015b\u0107 Ukrainy, a Rosja zaj\u0119\u0142a Krym, podj\u0105\u0142 decyzj\u0119. Stan\u0105\u0142 po stronie Kijowa. To do niego do Genewy polecia\u0142 pod koniec lutego Giennadij Kernes, mer Charkowa. Kernes d\u0142ugo trzyma\u0142 stron\u0119 Janukowycza. W czasie protest\u00f3w na kijowskim Majdanie wzywa\u0142 do si\u0142owej rozprawy z opozycj\u0105 i organizowa\u0142 bandy walcz\u0105ce po stronie w\u0142adzy. Gdy 21 lutego uciek\u0142 Janukowycz, Kernes chcia\u0142 uratowa\u0107 sk\u00f3r\u0119 i posad\u0119 mera, szuka\u0142 sposobu na zmian\u0119 politycznego patrona. Dlatego spotka\u0142 si\u0119 w Szwajcarii z Ko\u0142omojskim. Oligarcha ostatecznie przekona\u0142 go, by stan\u0105\u0142 po stronie Kijowa i nie oddawa\u0142 Charkowa Rosjanom.<\/span><\/p>\n<p style=\"text-align: left;\"><span style=\"color: #000080;\">W Charkowie zacz\u0119\u0142y si\u0119 trwaj\u0105ce do dzi\u015b uliczne starcia zwolennik\u00f3w jedno\u015bci i stronnik\u00f3w Moskwy. Ich ofiar\u0105 sta\u0142 si\u0119 sam Kernes, kt\u00f3ry zosta\u0142 postrzelony przez snajpera. Dopiero kilka dni temu odzyska\u0142 przytomno\u015b\u0107 w izraelskiej klinice. Mer Charkowa mo\u017ce si\u0119 tam leczy\u0107 r\u00f3wnie\u017c dzi\u0119ki wp\u0142ywom Ko\u0142omojskiego, szanowanego w Izraelu za sponsorowanie synagog, odbudow\u0119 \u015aciany P\u0142aczu w Jerozolimie i hojne dotowanie wsp\u00f3lnot \u017cydowskich na Ukrainie. Ko\u0142omojski jest przewodnicz\u0105cym ukrai\u0144skiej gminy \u017cydowskiej. W Dniepropietrowsku zbudowa\u0142 centrum kultury \u017cydowskiej. \u2013 To paradoks, \u017ce \u017byd jest g\u0142\u00f3wn\u0105 podpor\u0105 rzekomo banderowskiej w\u0142adzy, oskar\u017canej w Rosji o faszyzm \u2013 \u015bmieje si\u0119 Witalij Portnikow. \u2013 Ale to dzi\u0119ki niemu wp\u0142ywowe wsp\u00f3lnoty \u017cydowskie stan\u0119\u0142y po stronie Kijowa. Zwolennicy Majdanu na przek\u00f3r rosyjskiej propagandzie sami zacz\u0119li nazywa\u0107 si\u0119 \u017cydobanderowcami i nosi\u0107 koszulki z nacjonalistyczn\u0105 czerwono-czarn\u0105 flag\u0105 przyozdobion\u0105 gwiazd\u0105 Dawida.<\/span><\/p>\n<div style=\"width: 90px\" class=\"wp-caption alignright\"><img decoding=\"async\" loading=\"lazy\" class=\"authorImg\" title=\"Micha\u0142 Kacewicz\" src=\"http:\/\/www.newsweek.pl\/g\/crop\/80\/80\/newsweek\/635028401060870000.jpg\" alt=\"Micha\u0142 Kacewicz\" width=\"80\" height=\"80\" border=\"0\" \/><p class=\"wp-caption-text\"><span style=\"color: #000080;\">Micha\u0142 Kacewicz<\/span><\/p><\/div>\n<p style=\"text-align: left;\"><span style=\"color: #808080;\"><strong>Drugi Stalingrad<\/strong><\/span><\/p>\n<p style=\"text-align: left;\"><span style=\"color: #000080;\">Pojawiaj\u0105 si\u0119 nagle. Podje\u017cd\u017caj\u0105 nieoznakowanymi samochodami, wyskakuj\u0105, strzelaj\u0105 w powietrze i rozp\u0119dzaj\u0105 gromadz\u0105cy si\u0119 t\u0142um z rosyjskimi flagami. Tak dzia\u0142aj\u0105 cho\u0107by w Mariupolu, gdzie w ostatni pi\u0105tek trwa\u0142y ci\u0119\u017ckie walki o komend\u0119 milicji. Broni\u0105 jednostek ukrai\u0144skiej armii i arsena\u0142\u00f3w przed przej\u0119ciem przez podburzony t\u0142um. Powstrzymuj\u0105 realizacj\u0119 pierwszej fazy separatystycznego buntu. To czarne ludziki. Nazwa bierze si\u0119 st\u0105d, \u017ce s\u0105 ubrani w czarne kombinezony bez jakichkolwiek oznacze\u0144 i napis\u00f3w. Maj\u0105 te\u017c czarne kominiarki i ka\u0142asznikowy. Nikt nie wie, kim s\u0105, ale na wschodzie kraju separaty\u015bci boj\u0105 si\u0119 najbardziej ich, a nie ukrai\u0144skich si\u0142 wewn\u0119trznych. \u2013 To tacy antyseparaty\u015bci, dzia\u0142aj\u0105 metodami tamtych, dlatego budz\u0105 strach \u2013 m\u00f3wi Dmytro Tymczuk, ekspert wojskowy z dziennikarskiej grupy \u015bledczej Sprzeciw Informacyjny.<\/span><\/p>\n<p style=\"text-align: left;\"><span style=\"color: #000080;\">Wed\u0142ug \u017ar\u00f3de\u0142 \u201eNewsweeka Polska\u201d dzia\u0142aj\u0105ce w miastach wschodniej Ukrainy niewielkie, sprawne grupy czarnych ludzik\u00f3w to ludzie op\u0142acani przez Ko\u0142omojskiego. Oficjalnie oligarcha op\u0142aci\u0142 jednak jedynie dwa bataliony specjalne \u2013 Wsch\u00f3d i Sztorm. Do obu jednostek wst\u0105pili byli bojownicy samoobrony Majdanu. Dowodz\u0105 nimi weterani radzieckiej wojny w Afganistanie. Z informacji \u201eNewsweeka\u201d wynika, \u017ce Ko\u0142omojski do walki z separatystami zatrudnia tak\u017ce dobrze wyszkolonych najemnik\u00f3w z armii Izraela.<\/span><\/p>\n<p style=\"text-align: right;\"><span style=\"color: #000080;\">Czytaj dalej tu: <span style=\"text-decoration: underline;\"><strong><a style=\"color: #000080; text-decoration: underline;\" href=\"http:\/\/www.wykop.pl\/ramka\/2002594\/ihor-kolomojski-krol-przelewow-idzie-na-wojne\/\" target=\"_blank\">Ihor Ko\u0142omojski&#8230;<\/a><\/strong><\/span><\/span><\/p>\n<hr style=\"height: 15px; background: #d0e6fa; width: 710px;\" \/>\n<div id=\"content\" class=\"  content-alignment&lt;br \/&gt;&lt;br \/&gt; \">\n<div id=\"watch-description\" class=\"yt-uix-button-panel\">\n<div id=\"watch-description-text\">\n<p style=\"text-align: center;\"><span style=\"color: #808080;\"> twoje uwagi, linki, wlasne artykuly, lub wiadomosci przeslij do: <strong><span style=\"text-decoration: underline;\"><span style=\"color: #808080; text-decoration: underline;\"><a href=\"mailto:webmaster@reunion68.com\">webmaster@reunion68.com<\/a><\/span><\/span><\/strong><\/span><\/p>\n<\/div>\n<\/div>\n<\/div>\n<p>&nbsp;<\/p>\n<hr style=\"width: 710px;\" \/>\n","protected":false},"excerpt":{"rendered":"<p>Ihor Ko\u0142omojski &#8211;\u00a0kr\u00f3l przelew\u00f3w idzie na wojn\u0119 Micha\u0142 Kacewicz Ko\u0142omojski latami stosowa\u0142 t\u0119 taktyk\u0119. Op\u0142aca\u0142 wielu polityk\u00f3w, pieni\u0119dzmi zapewnia\u0142 sobie lojalno\u015b\u0107 urz\u0119dnik\u00f3w tam, gdzie mia\u0142 interesy, jak cho\u0107by w rodzinnym Dniepropietrowsku. Pomaga\u0142 Julii Tymoszenko, ale te\u017c wspiera\u0142 nale\u017c\u0105cego p\u00f3\u017aniej do ekipy Wiktora Janukowycza Siergieja Tigipk\u0119, by\u0142ego mened\u017cera Priwat Banku. W krytycznych dniach, kiedy na kijowskim [&hellip;]<\/p>\n","protected":false},"author":1,"featured_media":0,"comment_status":"closed","ping_status":"closed","sticky":false,"template":"","format":"standard","meta":[],"categories":[6],"tags":[24],"_links":{"self":[{"href":"https:\/\/www.reunion68.se\/index.php?rest_route=\/wp\/v2\/posts\/7753"}],"collection":[{"href":"https:\/\/www.reunion68.se\/index.php?rest_route=\/wp\/v2\/posts"}],"about":[{"href":"https:\/\/www.reunion68.se\/index.php?rest_route=\/wp\/v2\/types\/post"}],"author":[{"embeddable":true,"href":"https:\/\/www.reunion68.se\/index.php?rest_route=\/wp\/v2\/users\/1"}],"replies":[{"embeddable":true,"href":"https:\/\/www.reunion68.se\/index.php?rest_route=%2Fwp%2Fv2%2Fcomments&post=7753"}],"version-history":[{"count":17,"href":"https:\/\/www.reunion68.se\/index.php?rest_route=\/wp\/v2\/posts\/7753\/revisions"}],"predecessor-version":[{"id":7770,"href":"https:\/\/www.reunion68.se\/index.php?rest_route=\/wp\/v2\/posts\/7753\/revisions\/7770"}],"wp:attachment":[{"href":"https:\/\/www.reunion68.se\/index.php?rest_route=%2Fwp%2Fv2%2Fmedia&parent=7753"}],"wp:term":[{"taxonomy":"category","embeddable":true,"href":"https:\/\/www.reunion68.se\/index.php?rest_route=%2Fwp%2Fv2%2Fcategories&post=7753"},{"taxonomy":"post_tag","embeddable":true,"href":"https:\/\/www.reunion68.se\/index.php?rest_route=%2Fwp%2Fv2%2Ftags&post=7753"}],"curies":[{"name":"wp","href":"https:\/\/api.w.org\/{rel}","templated":true}]}}