{"id":7772,"date":"2014-10-28T08:11:47","date_gmt":"2014-10-28T06:11:47","guid":{"rendered":"http:\/\/www.reunion68.se\/?p=7772"},"modified":"2014-10-28T08:12:35","modified_gmt":"2014-10-28T06:12:35","slug":"czolowy-antysemita-miedzywojennej-polski-roman-dmowski-w-polskim-sejmie","status":"publish","type":"post","link":"https:\/\/www.reunion68.se\/?p=7772","title":{"rendered":"Czolowy antysemita miedzywojennej Polski Roman Dmowski w Polskim Sejmie"},"content":{"rendered":"<h4 style=\"text-align: center;\"><a href=\"http:\/\/wpolityce.pl\/\" target=\"_blank\"><img decoding=\"async\" class=\"center alignleft\" src=\"http:\/\/www.reunion68.com\/Biuletyn\/img\/wpolityce.png\" alt=\"\" width=\"200\" \/><\/a><span style=\"text-decoration: underline; color: #000080;\"><span style=\"text-decoration: underline;\"><strong><a style=\"color: #000080; text-decoration: underline;\" href=\"http:\/\/wpolityce.pl\/historia\/219167-roman-dmowski-postac-wybitna-dziejowa-historyczna-ale-nie-do-konca-znana-wystawa-i-konferencja-w-sejmie-zobacz-zdjecia\" target=\"_blank\">Roman Dmowski &#8211; \u201ePosta\u0107 wybitna,\u00a0dziejowa, historyczna,<br \/>\nale nie do ko\u0144ca znana\u201d\u00a0wystawa i konferencja w Sejmie.<\/a><\/strong><\/span><\/span><\/h4>\n<hr style=\"height: 15px; background: #d0e6fa; width: 710px;\" \/>\n<div style=\"width: 360px\" class=\"wp-caption alignright\"><img decoding=\"async\" src=\"http:\/\/wpolityce.pl\/p\/238877\" alt=\"fot. M. Czutko\" width=\"350\" \/><p class=\"wp-caption-text\">fot. M. Czutko<\/p><\/div>\n<p style=\"text-align: left;\"><span style=\"color: #000080;\">Wzwi\u0105zku z przypadaj\u0105cymi w tym roku 150. rocznic\u0105 urodzin i 75. rocznic\u0105 \u015bmierci Romana Dmowskiego pos\u0142owie podj\u0119li uchwa\u0142\u0119 upami\u0119tniaj\u0105c\u0105 pos\u0142a, sygnatariusza Traktatu Wersalskiego, ministra spraw zagranicznych i tw\u00f3rc\u0119 ruchu narodowego Romana Dmowskiego.<\/span><\/p>\n<p style=\"text-align: left;\"><span style=\"color: #000080;\">Sejm Rzeczypospolitej oddaje ho\u0142d wybitnemu m\u0119\u017cowi stanu, sygnatariuszowi Traktatu Wersalskiego, ministrowi spraw zagranicznych, kt\u00f3ry dobrze przys\u0142u\u017cy\u0142 si\u0119 Ojczy\u017anie<\/span><\/p>\n<p style=\"text-align: left;\"><span style=\"color: #000080;\">\u2014 czytamy w dokumencie.<\/span><\/p>\n<p style=\"text-align: left;\"><span style=\"color: #000080;\">Go\u015bci w parlamencie powita\u0142 wicemarsza\u0142ek Sejmu Marek Kuchci\u0144ski.<\/span><\/p>\n<p style=\"text-align: left;\"><span style=\"color: #000080;\">\u2014 powiedzia\u0142 <strong>prof. Jan \u017baryn<\/strong>, historyk IPN, redaktor naczelny miesi\u0119cznika \u201ewSieci Historii\u201d.<\/span><\/p>\n<p style=\"text-align: left;\"><span style=\"color: #000080;\">Dr Andrzej Zawistowski, dyrektor Biura Edukacji Publicznej IPN wyrazi\u0142 zadowolenie i satysfakcj\u0119, \u017ce \u201einstytut ma okazj\u0119 pokaza\u0107 wybitn\u0105 posta\u0107 w tym szczeg\u00f3lnym gmachu\u201d.<\/span><\/p>\n<hr style=\"height: 15px; background: #d0e6fa; width: 710px;\" \/>\n<div style=\"width: 310px\" class=\"wp-caption alignright\"><img decoding=\"async\" class=\"center\" src=\"http:\/\/www.reunion68.com\/Biuletyn\/img\/dm\/dm1.jpg\" alt=\"\" width=\"300\" \/><p class=\"wp-caption-text\">Uczestnicy pogrzebu oddaj\u0105 faszystowskim pozdrowieniem honor zmar\u0142emu Romanowi Dmowskiemu.<\/p><\/div>\n<div style=\"width: 367px\" class=\"wp-caption alignleft\"><img decoding=\"async\" class=\"center\" src=\"http:\/\/www.reunion68.com\/Biuletyn\/img\/dm\/dm2.jpg\" alt=\"\" width=\"357\" \/><p class=\"wp-caption-text\">Uczestnicy pogrzebu oddaj\u0105 faszystowskim pozdrowieniem honor zmar\u0142emu Romanowi Dmowskiemu.<\/p><\/div>\n<p><span style=\"color: #ffffff;\">*<\/span><br \/>\n&nbsp;<\/p>\n<hr style=\"height: 15px; background: #d0e6fa; width: 710px;\" \/>\n<div id=\"content\" class=\"  content-alignment&lt;br \/&gt;&lt;br \/&gt; \">\n<div id=\"watch-description\" class=\"yt-uix-button-panel\">\n<div id=\"watch-description-text\">\n<p style=\"text-align: center;\"><span style=\"color: #808080;\"> twoje uwagi, linki, wlasne artykuly, lub wiadomosci przeslij do: <strong><span style=\"text-decoration: underline;\"><span style=\"color: #808080; text-decoration: underline;\"><a href=\"mailto:webmaster@reunion68.com\">webmaster@reunion68.com<\/a><\/span><\/span><\/strong><\/span><\/p>\n<\/div>\n<\/div>\n<\/div>\n<p>&nbsp;<\/p>\n<hr style=\"width: 710px;\" \/>\n","protected":false},"excerpt":{"rendered":"<p>Roman Dmowski &#8211; \u201ePosta\u0107 wybitna,\u00a0dziejowa, historyczna, ale nie do ko\u0144ca znana\u201d\u00a0wystawa i konferencja w Sejmie. Wzwi\u0105zku z przypadaj\u0105cymi w tym roku 150. rocznic\u0105 urodzin i 75. rocznic\u0105 \u015bmierci Romana Dmowskiego pos\u0142owie podj\u0119li uchwa\u0142\u0119 upami\u0119tniaj\u0105c\u0105 pos\u0142a, sygnatariusza Traktatu Wersalskiego, ministra spraw zagranicznych i tw\u00f3rc\u0119 ruchu narodowego Romana Dmowskiego. Sejm Rzeczypospolitej oddaje ho\u0142d wybitnemu m\u0119\u017cowi stanu, sygnatariuszowi [&hellip;]<\/p>\n","protected":false},"author":1,"featured_media":0,"comment_status":"closed","ping_status":"closed","sticky":false,"template":"","format":"standard","meta":[],"categories":[6],"tags":[24],"_links":{"self":[{"href":"https:\/\/www.reunion68.se\/index.php?rest_route=\/wp\/v2\/posts\/7772"}],"collection":[{"href":"https:\/\/www.reunion68.se\/index.php?rest_route=\/wp\/v2\/posts"}],"about":[{"href":"https:\/\/www.reunion68.se\/index.php?rest_route=\/wp\/v2\/types\/post"}],"author":[{"embeddable":true,"href":"https:\/\/www.reunion68.se\/index.php?rest_route=\/wp\/v2\/users\/1"}],"replies":[{"embeddable":true,"href":"https:\/\/www.reunion68.se\/index.php?rest_route=%2Fwp%2Fv2%2Fcomments&post=7772"}],"version-history":[{"count":38,"href":"https:\/\/www.reunion68.se\/index.php?rest_route=\/wp\/v2\/posts\/7772\/revisions"}],"predecessor-version":[{"id":7809,"href":"https:\/\/www.reunion68.se\/index.php?rest_route=\/wp\/v2\/posts\/7772\/revisions\/7809"}],"wp:attachment":[{"href":"https:\/\/www.reunion68.se\/index.php?rest_route=%2Fwp%2Fv2%2Fmedia&parent=7772"}],"wp:term":[{"taxonomy":"category","embeddable":true,"href":"https:\/\/www.reunion68.se\/index.php?rest_route=%2Fwp%2Fv2%2Fcategories&post=7772"},{"taxonomy":"post_tag","embeddable":true,"href":"https:\/\/www.reunion68.se\/index.php?rest_route=%2Fwp%2Fv2%2Ftags&post=7772"}],"curies":[{"name":"wp","href":"https:\/\/api.w.org\/{rel}","templated":true}]}}