{"id":7858,"date":"2014-10-29T07:54:53","date_gmt":"2014-10-29T05:54:53","guid":{"rendered":"http:\/\/www.reunion68.se\/?p=7858"},"modified":"2014-10-29T07:54:53","modified_gmt":"2014-10-29T05:54:53","slug":"muzeum-historii-zydow-polskich-to-nie-jest-muzeum-antysemityzmu","status":"publish","type":"post","link":"https:\/\/www.reunion68.se\/?p=7858","title":{"rendered":"&#8220;Muzeum Historii \u017byd\u00f3w Polskich to nie jest muzeum antysemityzmu&#8221;"},"content":{"rendered":"<h4 style=\"text-align: center;\"><a href=\"http:\/\/www.wprost.pl\/\" target=\"_blank\"><img decoding=\"async\" class=\"center alignleft\" src=\"http:\/\/www.reunion68.com\/Biuletyn\/img\/wprost.png\" alt=\"\" \/><\/a><span style=\"text-decoration: underline; color: #000080;\"><span style=\"text-decoration: underline;\"><strong><a style=\"color: #000080; text-decoration: underline;\" href=\"http:\/\/www.wprost.pl\/ar\/477101\/Muzeum-Historii-Zydow-Polskich-to-nie-jest-muzeum-antysemityzmu\/\" target=\"_blank\">Muzeum Historii \u017byd\u00f3w Polskich to nie jest muzeum antysemityzmu&#8221;<\/a><\/strong><\/span><\/span><\/h4>\n<p style=\"text-align: center;\"><span style=\"color: #808080;\"><strong>Pawe\u0142 Smole\u0144ski<\/strong><\/span><\/p>\n<hr style=\"height: 15px; background: #d0e6fa; width: 710px;\" \/>\n<div style=\"width: 360px\" class=\"wp-caption alignright\"><a href=\"http:\/\/www.wprost.pl\/G\/cache\/1\/0\/2\/102badda34e79bcbd189e91a99f72d4dda9528e0.jpg\"><img decoding=\"async\" src=\"http:\/\/www.wprost.pl\/G\/cache\/1\/0\/2\/102badda34e79bcbd189e91a99f72d4dda9528e0.jpg\" alt=\"(fot. M.STAROWIEYSKA D.GOLIK Muzeum Historii \u017byd\u00f3w Polskich POLIN)\" width=\"350\" \/><\/a><p class=\"wp-caption-text\">(fot. M.STAROWIEYSKA D.GOLIK Muzeum Historii \u017byd\u00f3w Polskich POLIN)<\/p><\/div>\n<p><span style=\"color: #808080;\"><strong>To nie b\u0119dzie muzeum antysemityzmu. Stworzyli\u015bmy wyj\u0105tkowe muzeum, kt\u00f3re nie skupia si\u0119 na Zag\u0142adzie, tylko pokazuje tysi\u0105cletni\u0105 histori\u0119 i kultur\u0119 \u017byd\u00f3w polskich \u2013 m\u00f3wi prof. Dariusz Stola, dyrektor Muzeum Historii \u017byd\u00f3w Polskich, kt\u00f3re otwiera wystaw\u0119 g\u0142\u00f3wn\u0105.<\/strong><\/span><\/p>\n<p><span style=\"color: #000080;\">W kierowanym przez pana muzeum o Jedwabnem te\u017c m\u00f3wicie?<\/span><\/p>\n<p><span style=\"color: #000080;\">Te\u017c. Ale widz\u0119, \u017ce pani chce mnie pyta\u0107 o antysemityzm. Wi\u0119c ja powiem wyra\u017anie: Muzeum Historii \u017byd\u00f3w Polskich to nie jest muzeum antysemityzmu. Antysemici musz\u0105 sobie wybudowa\u0107 w\u0142asne!<\/span><\/p>\n<p><span style=\"color: #808080;\"><strong>Zastanawiam si\u0119, czy historia \u017byd\u00f3w i antysemityzm nie s\u0105 ze sob\u0105 nierozerwalnie zwi\u0105zane.<\/strong><\/span><\/p>\n<p><span style=\"color: #000080;\">S\u0105 zwi\u0105zane, ale nie mo\u017cna ca\u0142ej historii zredukowa\u0107 tylko do tego. Na wystawie g\u0142\u00f3wnej s\u0105 instalacje po\u015bwi\u0119cone religijnemu antyjudaizmowi. Mamy te\u017c osobn\u0105 sal\u0119 po\u015bwi\u0119con\u0105 narodzinom nowoczesnego antysemityzmu, kt\u00f3ry pojawi\u0142 si\u0119 pod koniec XIX w. i by\u0142 ju\u017c ukszta\u0142towany przez \u015bwiecki \u015bwiatopogl\u0105d. Kiedy m\u00f3wimy o pogromach, nazywamy rzeczy po imieniu. Ale ta historia to du\u017co wi\u0119cej. Przecie\u017c \u017bydzi stworzyli w Polsce unikatow\u0105 kultur\u0119, kt\u00f3ra r\u00f3\u017cni si\u0119 od tych, kt\u00f3re powstawa\u0142y w innych pa\u0144stwach. Historia polsko-\u017cydowska ma bardzo trudne momenty, ale nie mo\u017cna jej zestawia\u0107 ze zbrodniami nazist\u00f3w. Owszem, by\u0142y pogromy, by\u0142o przejmowanie maj\u0105tk\u00f3w \u017cydowskich s\u0105siad\u00f3w. Ale jestem wielkim przeciwnikiem odzierania Zag\u0142ady z jej wyj\u0105tkowo\u015bci. Zamiar wymordowania wszystkich \u017byd\u00f3w z kobietami i dzie\u0107mi w\u0142\u0105cznie by\u0142 czym\u015b radykalnie nowym. Przed inwazj\u0105 niemieck\u0105 nigdy nikt w naszej cz\u0119\u015bci Europy na taki pomys\u0142 nie wpad\u0142. Wi\u0119c nie nale\u017cy nazist\u00f3w pozbawia\u0107 praw autorskich i przenosi\u0107 je na kogo\u015b innego, bo w ten spos\u00f3b wybielamy nazist\u00f3w.<\/span><\/p>\n<p><span style=\"color: #808080;\"><strong>Odbieraj\u0105c nominacj\u0119 na dyrektora, zapowiada\u0142 pan stworzenie najlepszego muzeum historii \u017byd\u00f3w w Europie. W tym tygodniu otwarcie wystawy. Uda\u0142o si\u0119?<\/strong><\/span><\/p>\n<p><span style=\"color: #000080;\">Zdecydowanie tak. Stworzyli\u015bmy jedno z niewielu muze\u00f3w, kt\u00f3re pokazuje tysi\u0105cletni\u0105 histori\u0119 \u017byd\u00f3w przy u\u017cyciu najbardziej nowoczesnych technologii. Prosz\u0119 sobie wyobrazi\u0107: mamy 13 tys. mkw. powierzchni, 140 projektor\u00f3w, 250 player\u00f3w, trzy serwerownie, 200 km kabla. Ci, kt\u00f3rzy ju\u017c widzieli, s\u0105 zachwyceni. Przedstawiciel Yad Vashem wyszed\u0142 ze \u0142zami w oczach.<\/span><\/p>\n<p style=\"text-align: right;\"><span style=\"color: #000080;\">Czytaj dalej tu: <span style=\"text-decoration: underline;\"><strong><a style=\"color: #000080; text-decoration: underline;\" href=\"http:\/\/www.wprost.pl\/ar\/477101\/Muzeum-Historii-Zydow-Polskich-to-nie-jest-muzeum-antysemityzmu\/\" target=\"_blank\">Muzeum Historii<\/a>&#8230;.<\/strong><\/span><\/span><\/p>\n<hr style=\"height: 15px; background: #d0e6fa; width: 710px;\" \/>\n<div id=\"content\" class=\"  content-alignment&lt;br \/&gt;&lt;br \/&gt; \">\n<div id=\"watch-description\" class=\"yt-uix-button-panel\">\n<div id=\"watch-description-text\">\n<p style=\"text-align: center;\"><span style=\"color: #808080;\"> twoje uwagi, linki, wlasne artykuly, lub wiadomosci przeslij do: <strong><span style=\"text-decoration: underline;\"><span style=\"color: #808080; text-decoration: underline;\"><a href=\"mailto:webmaster@reunion68.com\">webmaster@reunion68.com<\/a><\/span><\/span><\/strong><\/span><\/p>\n<\/div>\n<\/div>\n<\/div>\n<p>&nbsp;<\/p>\n<hr style=\"width: 710px;\" \/>\n","protected":false},"excerpt":{"rendered":"<p>Muzeum Historii \u017byd\u00f3w Polskich to nie jest muzeum antysemityzmu&#8221; Pawe\u0142 Smole\u0144ski To nie b\u0119dzie muzeum antysemityzmu. Stworzyli\u015bmy wyj\u0105tkowe muzeum, kt\u00f3re nie skupia si\u0119 na Zag\u0142adzie, tylko pokazuje tysi\u0105cletni\u0105 histori\u0119 i kultur\u0119 \u017byd\u00f3w polskich \u2013 m\u00f3wi prof. Dariusz Stola, dyrektor Muzeum Historii \u017byd\u00f3w Polskich, kt\u00f3re otwiera wystaw\u0119 g\u0142\u00f3wn\u0105. W kierowanym przez pana muzeum o Jedwabnem te\u017c [&hellip;]<\/p>\n","protected":false},"author":1,"featured_media":0,"comment_status":"closed","ping_status":"closed","sticky":false,"template":"","format":"standard","meta":[],"categories":[4],"tags":[24],"_links":{"self":[{"href":"https:\/\/www.reunion68.se\/index.php?rest_route=\/wp\/v2\/posts\/7858"}],"collection":[{"href":"https:\/\/www.reunion68.se\/index.php?rest_route=\/wp\/v2\/posts"}],"about":[{"href":"https:\/\/www.reunion68.se\/index.php?rest_route=\/wp\/v2\/types\/post"}],"author":[{"embeddable":true,"href":"https:\/\/www.reunion68.se\/index.php?rest_route=\/wp\/v2\/users\/1"}],"replies":[{"embeddable":true,"href":"https:\/\/www.reunion68.se\/index.php?rest_route=%2Fwp%2Fv2%2Fcomments&post=7858"}],"version-history":[{"count":14,"href":"https:\/\/www.reunion68.se\/index.php?rest_route=\/wp\/v2\/posts\/7858\/revisions"}],"predecessor-version":[{"id":7872,"href":"https:\/\/www.reunion68.se\/index.php?rest_route=\/wp\/v2\/posts\/7858\/revisions\/7872"}],"wp:attachment":[{"href":"https:\/\/www.reunion68.se\/index.php?rest_route=%2Fwp%2Fv2%2Fmedia&parent=7858"}],"wp:term":[{"taxonomy":"category","embeddable":true,"href":"https:\/\/www.reunion68.se\/index.php?rest_route=%2Fwp%2Fv2%2Fcategories&post=7858"},{"taxonomy":"post_tag","embeddable":true,"href":"https:\/\/www.reunion68.se\/index.php?rest_route=%2Fwp%2Fv2%2Ftags&post=7858"}],"curies":[{"name":"wp","href":"https:\/\/api.w.org\/{rel}","templated":true}]}}