{"id":7878,"date":"2014-10-29T09:31:51","date_gmt":"2014-10-29T07:31:51","guid":{"rendered":"http:\/\/www.reunion68.se\/?p=7878"},"modified":"2014-10-29T09:32:52","modified_gmt":"2014-10-29T07:32:52","slug":"john-kerry-i-ekstremizm","status":"publish","type":"post","link":"https:\/\/www.reunion68.se\/?p=7878","title":{"rendered":"John Kerry i ekstremizm"},"content":{"rendered":"<h4 style=\"text-align: center;\"><a href=\"http:\/\/www.listyznaszegosadu.pl\/\" target=\"_blank\"><img decoding=\"async\" class=\"center alignleft\" src=\"http:\/\/www.reunion68.com\/Biuletyn\/img\/z-naszego.jpg\" alt=\"\" width=\"400\" \/><\/a><span style=\"text-decoration: underline; color: #000080;\"><span style=\"text-decoration: underline;\"><strong><a style=\"color: #000080; text-decoration: underline;\" href=\"http:\/\/www.listyznaszegosadu.pl\/brunatna-fala\/john-kerry-i-ekstremizm\" target=\"_blank\">John Kerry i ekstremizm<\/a><\/strong><\/span><\/span><\/h4>\n<p style=\"text-align: center;\"><span style=\"color: #808080;\"><strong>Khaled Abu Toameh <\/strong><\/span><\/p>\n<hr style=\"height: 15px; background: #d0e6fa; width: 710px;\" \/>\n<div style=\"width: 360px\" class=\"wp-caption alignright\"><img decoding=\"async\" src=\"http:\/\/www.listyznaszegosadu.pl\/upload\/article\/bild\/7751\/599943\/749_s.jpg\" alt=\"\u201cZapomnij o ISIS\u2026 porozmawiamy jeszcze o pa\u0144stwie palesty\u0144skim\u201d. Powy\u017cej, sekretarz stanu USA John Kerry wita specjalnego przedstawiciela USA do spo\u0142eczno\u015bci muzu\u0142ma\u0144skich, Shaarika Zafara podczas przyj\u0119cia z okazji Eid al-Adha 16 pa\u017adziernika 2014 r. w Departamencie Stanu w Waszyngtonie. (Zdj\u0119cie: State Dept.)\" width=\"350\" border=\"0\" \/><p class=\"wp-caption-text\">Powy\u017cej, sekretarz stanu USA John Kerry wita specjalnego przedstawiciela USA do spo\u0142eczno\u015bci muzu\u0142ma\u0144skich, Shaarika Zafara podczas przyj\u0119cia z okazji Eid al-Adha 16 pa\u017adziernika 2014 r. w Departamencie Stanu w Waszyngtonie. (Zdj\u0119cie: State Dept.)<\/p><\/div>\n<p style=\"text-align: left;\"><span style=\"color: #808080;\"><strong>Twierdzenie sekretarza stanu USA, Johna Kerry&#8217;ego, \u017ce brak \u201crozwi\u0105zania w postaci dw\u00f3ch pa\u0144stw\u201d nap\u0119dza\u0142o powstanie i wzrost grupy terrorystycznej Pa\u0144stwa Islamskiego [IS], wzmacnia prze\u015bwiadczenie o tym, \u017ce administracja USA nie ma poj\u0119cia o tym, co dzieje si\u0119 w krajach arabskich i islamskich.<\/strong><\/span><\/p>\n<p style=\"text-align: left;\"><span style=\"color: #000080;\">Przemawiaj\u0105c na uroczysto\u015bci w Departamencie Stanu z okazji \u015bwi\u0119ta muzu\u0142ma\u0144skiego Eid al-Adha, Kerry powiedzia\u0142, \u017ce wznowienie negocjacji pokojowych mi\u0119dzy Izraelem a Palesty\u0144czykami jest niezb\u0119dne w walce przeciwko ekstremizmowi islamskiemu, w\u0142\u0105cznie z Pa\u0144stwem Islamskim.<\/span><\/p>\n<p style=\"text-align: left; padding-left: 30px;\"><span style=\"color: #333333;\"><em>&#8220;Nie by\u0142o przyw\u00f3dcy, z kt\u00f3rym spotka\u0142bym si\u0119 w regionie, a kt\u00f3ry nie poruszy\u0142by spontanicznie potrzeby dalszych pr\u00f3b doprowadzenia do pokoju mi\u0119dzy Izraelem a Palesty\u0144czykami, poniewa\u017c jest to pow\u00f3d werbunku oraz gniewu i wrzenia ulicy &#8211; powiedzia\u0142 Kerry. \u2013 Ludzie musz\u0105 zrozumie\u0107 ten zwi\u0105zek. I ma to co\u015b wsp\u00f3lnego z poni\u017ceniem i zaprzeczaniem, i brakiem godno\u015bci\u201d.<\/em><\/span><\/p>\n<p style=\"text-align: left;\"><span style=\"color: #000080;\">Department Stanu zaprzeczy\u0142 p\u00f3\u017aniej, \u017ce Kerry wyg\u0142osi\u0142 t\u0119 przypisywan\u0105 mu wypowied\u017a.<\/span><\/p>\n<p style=\"text-align: left;\"><span style=\"color: #000080;\">Zast\u0119pca rzecznika, Marie Harf, powiedzia\u0142a reporterom, \u017ce uwagi Kerry\u2019ego zosta\u0142y wypaczone dla zysk\u00f3w politycznych; wskaza\u0142a palcem na izraelskiego ministra gospodarki Naftalego Bennetta.<\/span><\/p>\n<p style=\"text-align: left; padding-left: 30px;\"><span style=\"color: #333333;\"><em>&#8220;To, co [Kerry] powiedzia\u0142, by\u0142o, \u017ce podczas swoich podr\u00f3\u017cy w celu zbudowania koalicji przeciwko Pa\u0144stwu Islamskiemu, m\u00f3wiono mu, \u017ce gdyby konflikt izraelsko-palesty\u0144ski zosta\u0142 rozwi\u0105zany, Bliski Wsch\u00f3d by\u0142by lepszym miejscem\u201d \u2013 wyja\u015bni\u0142a Harf.<\/em><\/span><\/p>\n<p style=\"text-align: left;\"><span style=\"color: #000080;\">Pa\u0144stwo Islamskie jest jednym z produkt\u00f3w ubocznych \u201cWiosny Arabskiej\u201d, kt\u00f3ra zacz\u0119\u0142a si\u0119 jako \u015bwiecki bunt przeciwko arabskim dyktaturom, a potem zdegenerowa\u0142 si\u0119 w anarchi\u0119, bezprawie, terroryzm i masakry, kt\u00f3re ju\u017c poch\u0142on\u0119\u0142y \u017cycie setek tysi\u0119cy Arab\u00f3w i muzu\u0142man\u00f3w.<\/span><\/p>\n<p style=\"text-align: left;\"><span style=\"color: #000080;\">\u201cWiosna Arabska\u201d nie wybuch\u0142a w wyniku konfliktu izraelsko-palesty\u0144skiego. By\u0142 to raczej naturalny i nieunikniony wynik dziesi\u0119cioleci tyranii i korupcji w \u015bwiecie arabskim.<\/span><\/p>\n<p style=\"text-align: left;\"><span style=\"color: #000080;\">Tunezyjczycy, Egipcjanie i Jeme\u0144czycy, kt\u00f3rzy usun\u0119li dyktator\u00f3w od w\u0142adzy, nie zrobili tego z powodu braku \u201crozwi\u0105zania w postaci dw\u00f3ch pa\u0144stw\u201d.<\/span><\/p>\n<p style=\"text-align: left;\"><span style=\"color: #000080;\">Ani te\u017c Arabowie nie buntowali si\u0119 z powodu niepowodzenia procesu pokojowego mi\u0119dzy Izraelem a Palesty\u0144czykami. Kiedy wyszli na ulice, \u017ceby zaprotestowa\u0107 przeciwko dziesi\u0119cioleciom dyktatury i z\u0142ych rz\u0105d\u00f3w, nic takiego nie przychodzi\u0142o im do g\u0142owy.<\/span><\/p>\n<p style=\"text-align: left;\"><span style=\"color: #000080;\">To w\u0142a\u015bnie \u201cWiosna Arabska\u201d, nie za\u015b konflikt izraelsko-palesty\u0144ski, wynios\u0142a w Egipcie do w\u0142adzy Bractwo Muzu\u0142ma\u0144skie. I ta sama \u201eWiosna Arabska\u201d sta\u0142a si\u0119 wyl\u0119garni\u0105 islamskich grup terroru, takich jak Front Al-Nusra, Front Islamski, Armia Mud\u017cahedin\u00f3w, D\u017cund al-Szam i, ostatnio, Pa\u0144stwo Islamskie Iraku i Syrii.<\/span><\/p>\n<p style=\"text-align: left;\"><span style=\"color: #000080;\">Powstanie Pa\u0144stwa Islamskiego jest bezpo\u015brednim rezultatem anarchii i ekstremizmu, kt\u00f3re przetacza\u0142y si\u0119 przez kraje arabskie i islamskie przez ostatnich kilka lat.<\/span><\/p>\n<p style=\"text-align: left;\"><span style=\"color: #000080;\">Tysi\u0105ce muzu\u0142man\u00f3w, kt\u00f3rzy zg\u0142aszaj\u0105 si\u0119 na ochotnika do Pa\u0144stwa Islamskiego, nie robi\u0105 tego, poniewa\u017c s\u0105 sfrustrowani brakiem post\u0119pu w izraelsko-palesty\u0144skich rozmowach pokojowych. Nie stukaj\u0105 do drzwi Pa\u0144stwa Islamskiego, poniewa\u017c s\u0105 rozczarowani, \u017ce nie zmaterializowa\u0142o si\u0119 rozwi\u0105zanie w postaci dw\u00f3ch pa\u0144stw.<\/span><\/p>\n<div style=\"width: 210px\" class=\"wp-caption alignleft left\"><img decoding=\"async\" src=\"http:\/\/www.listyznaszegosadu.pl\/upload\/article\/bild\/5875\/599952\/toameh_s.jpg\" alt=\"\" width=\"200\" border=\"0\" \/><p class=\"wp-caption-text\">Khaled Abu Toameh<\/p><\/div>\n<p style=\"text-align: left;\"><span style=\"color: #000080;\">Kerry jest zreszt\u0105 naiwny s\u0105dz\u0105c, \u017ce d\u017cihady\u015bci wierz\u0105 w co\u015b zwanego rozwi\u0105zaniem w postaci dw\u00f3ch pa\u0144stw. Jedynym rozwi\u0105zaniem, w jakie wierzy Pa\u0144stwo Islamskie, jest to, kt\u00f3re doprowadzi do za\u0142o\u017cenia radykalnego, sunnickiego, islamskiego Kalifatu na ca\u0142ym Bliskim Wschodzie, gdzie ci nie-muzu\u0142manie, kt\u00f3rzy prze\u017cyj\u0105 masakr\u0119, b\u0119d\u0105 poddani prawu szariatu.<\/span><\/p>\n<p style=\"text-align: left;\"><span style=\"color: #000080;\">Pa\u0144stwo Islamskie nie tylko sprzeciwia si\u0119 \u201crozwi\u0105zaniu w postaci dw\u00f3ch pa\u0144stw\u201d; sprzeciwia si\u0119 istnieniu zar\u00f3wno Izraela, jak pa\u0144stwa palesty\u0144skiego. Pod nowym Kalifatem Islamskim nie ma miejsca dla Izraela ani Palestyny, ani dla \u017cadnego z kraj\u00f3w arabskich i islamskich.<\/span><\/p>\n<p style=\"text-align: left;\"><span style=\"color: #000080;\">Gdyby Kerry przestudiowa\u0142 cele i ideologi\u0119 Pa\u0144stwa Islamskiego, odkry\u0142by, \u017ce konflikt izraelsko-palesty\u0144ski nie znajduje si\u0119 li\u015bcie g\u0142\u00f3wnych priorytet\u00f3w tej grupy.<\/span><\/p>\n<p style=\"text-align: left;\"><span style=\"color: #000080;\">W rzeczywisto\u015bci \u201cwyzwolenie Bait al-Makdis\u201d [Jerozolimy] znajduje si\u0119 na sz\u00f3stym miejscu na li\u015bcie cel\u00f3w Pa\u0144stwa Islamskiego.<\/span><\/p>\n<p style=\"text-align: right;\"><span style=\"color: #000080;\">Czytaj dalej tu: <span style=\"text-decoration: underline;\"><strong><a style=\"color: #000080; text-decoration: underline;\" href=\"http:\/\/www.listyznaszegosadu.pl\/brunatna-fala\/john-kerry-i-ekstremizm\" target=\"_blank\">John Kerry i ekstremizm<\/a><\/strong><\/span><\/span><\/p>\n<p>&nbsp;<\/p>\n<p style=\"text-align: left;\"><span style=\"color: #000080;\">T\u0142umaczenie: Ma\u0142gorzata Koraszewska<\/span><br \/>\n<span style=\"color: #000080;\">Orginalny art. <span style=\"text-decoration: underline;\"><strong><a style=\"color: #000080; text-decoration: underline;\" href=\"http:\/\/www.gatestoneinstitute.org\/4801\/two-state-solution-isis\" target=\"_blank\">What The &#8220;Two State Solution&#8221; Has to Do with the Rise of Islamic Extremism: Zero<\/a><\/strong><\/span><\/span><\/p>\n<hr style=\"height: 15px; background: #d0e6fa; width: 710px;\" \/>\n<div id=\"content\" class=\"  content-alignment&lt;br \/&gt;&lt;br \/&gt; \">\n<div id=\"watch-description\" class=\"yt-uix-button-panel\">\n<div id=\"watch-description-text\">\n<p style=\"text-align: center;\"><span style=\"color: #808080;\"> twoje uwagi, linki, wlasne artykuly, lub wiadomosci przeslij do: <strong><span style=\"text-decoration: underline;\"><span style=\"color: #808080; text-decoration: underline;\"><a href=\"mailto:webmaster@reunion68.com\">webmaster@reunion68.com<\/a><\/span><\/span><\/strong><\/span><\/p>\n<\/div>\n<\/div>\n<\/div>\n<p>&nbsp;<\/p>\n<hr style=\"width: 710px;\" \/>\n","protected":false},"excerpt":{"rendered":"<p>John Kerry i ekstremizm Khaled Abu Toameh Twierdzenie sekretarza stanu USA, Johna Kerry&#8217;ego, \u017ce brak \u201crozwi\u0105zania w postaci dw\u00f3ch pa\u0144stw\u201d nap\u0119dza\u0142o powstanie i wzrost grupy terrorystycznej Pa\u0144stwa Islamskiego [IS], wzmacnia prze\u015bwiadczenie o tym, \u017ce administracja USA nie ma poj\u0119cia o tym, co dzieje si\u0119 w krajach arabskich i islamskich. Przemawiaj\u0105c na uroczysto\u015bci w Departamencie Stanu [&hellip;]<\/p>\n","protected":false},"author":1,"featured_media":0,"comment_status":"closed","ping_status":"closed","sticky":false,"template":"","format":"standard","meta":[],"categories":[6],"tags":[24],"_links":{"self":[{"href":"https:\/\/www.reunion68.se\/index.php?rest_route=\/wp\/v2\/posts\/7878"}],"collection":[{"href":"https:\/\/www.reunion68.se\/index.php?rest_route=\/wp\/v2\/posts"}],"about":[{"href":"https:\/\/www.reunion68.se\/index.php?rest_route=\/wp\/v2\/types\/post"}],"author":[{"embeddable":true,"href":"https:\/\/www.reunion68.se\/index.php?rest_route=\/wp\/v2\/users\/1"}],"replies":[{"embeddable":true,"href":"https:\/\/www.reunion68.se\/index.php?rest_route=%2Fwp%2Fv2%2Fcomments&post=7878"}],"version-history":[{"count":31,"href":"https:\/\/www.reunion68.se\/index.php?rest_route=\/wp\/v2\/posts\/7878\/revisions"}],"predecessor-version":[{"id":7908,"href":"https:\/\/www.reunion68.se\/index.php?rest_route=\/wp\/v2\/posts\/7878\/revisions\/7908"}],"wp:attachment":[{"href":"https:\/\/www.reunion68.se\/index.php?rest_route=%2Fwp%2Fv2%2Fmedia&parent=7878"}],"wp:term":[{"taxonomy":"category","embeddable":true,"href":"https:\/\/www.reunion68.se\/index.php?rest_route=%2Fwp%2Fv2%2Fcategories&post=7878"},{"taxonomy":"post_tag","embeddable":true,"href":"https:\/\/www.reunion68.se\/index.php?rest_route=%2Fwp%2Fv2%2Ftags&post=7878"}],"curies":[{"name":"wp","href":"https:\/\/api.w.org\/{rel}","templated":true}]}}