{"id":78961,"date":"2020-06-22T17:05:58","date_gmt":"2020-06-22T15:05:58","guid":{"rendered":"http:\/\/www.reunion68.se\/?p=78961"},"modified":"2020-06-21T07:42:58","modified_gmt":"2020-06-21T05:42:58","slug":"21-05-55","status":"publish","type":"post","link":"https:\/\/www.reunion68.se\/?p=78961","title":{"rendered":"Arizona principal out of a job over antisemitic and racist texts"},"content":{"rendered":"<h5 style=\"text-align: center;\"><a href=\"https:\/\/www.jpost.com\/\" target=\"_blank\" rel=\"noopener noreferrer\"><img decoding=\"async\" class=\"center alignleft\" src=\"http:\/\/www.reunion68.com\/Biuletyn\/img\/jpost.png\" alt=\"\" width=\"35%\"><\/a><span style=\"text-decoration: underline; color: #000080;\"><span><strong><a style=\"color: #000080; text-decoration: underline;\" href=\"https:\/\/www.jpost.com\/diaspora\/arizona-principal-out-of-a-job-over-antisemitic-and-racist-texts-631216\" target=\"_blank\" rel=\"noopener noreferrer\">Arizona principal out of a job over antisemitic and racist texts<\/a><\/strong><\/span><\/span><\/h5>\n<p style=\"text-align: center;\"><span style=\"color: #000000;\"><strong>MARCY OSTER\/JTA<\/strong><\/span><\/p>\n<hr style=\"height: 15px; background: #d0e6fa; width: 100%;\">\n<p style=\"text-align: center;\"><strong>Elkin said she &#8216;couldn\u2019t be silenced anymore and continue to accept such casual racism and antisemitic comments in my life.&#8217;<\/strong><\/p>\n<p style=\"text-align: center;\"><img decoding=\"async\" class=\"aligncenter\" src=\"https:\/\/images.jpost.com\/image\/upload\/f_auto,fl_lossy\/t_JD_ArticleMainImageFaceDetect\/437153\" width=\"100%\"><span style=\"color: #808080;\"><em>T<span style=\"color: #808080;\">witter C<\/span>EO Jack Dorsey reads a statement from his phone while testifying before the House Energy and Commerce Committee hearing on Twitter&#8217;s algorithms and content monitoring \/ (photo credit: REUTERS\/CHRIS WATTIE)<\/em><\/span><\/p>\n<p style=\"text-align: left;\"><span style=\"color: #000080;\">The principal of a charter school in Arizona no longer has his job after a former employee posted on social media a series of antisemitic and racist messages the principal sent to her.<\/span><\/p>\n<p style=\"text-align: left;\"><span style=\"color: #000080;\">Justin Dye left the Heritage Elementary Charter School in Glendale on Monday, the Arizona Republic reported. It is not known whether Dye resigned or was fired.<\/span><\/p>\n<p style=\"text-align: left;\"><span style=\"color: #000080;\">The school\u2019s former event coordinator, Danielle Elkin, posted a screenshot of the texts from late January. Elkin is Jewish and the mother of an biracial infant son. The texts also were sent to Elkin\u2019s sister.<\/span><\/p>\n<p style=\"text-align: left;\"><span style=\"color: #000080;\">\u201cWhat do you get when you cross a black person and a Jewish person? The loudest\/cheapest thief in town. He steals pennies, holds on to them, and then screams about it to everybody. I just made that up on the fly, what do you guys thing? Cleaver?\u201d one of the texts read.<\/span><\/p>\n<p style=\"text-align: left;\"><span style=\"color: #000080;\">Elkin told the newspaper that she did not go to Dye\u2019s supervisor in January because school executives had stood by the principal for the past two years amid allegations of sexual harassment and shorting teachers on their pay.<\/span><br \/>\n<span style=\"color: #000080;\">She had worked for the school for seven years when she left in February<\/span><\/p>\n<p style=\"text-align: left;\"><span style=\"color: #000080;\">In a Facebook post on Sunday, Elkin said she \u201ccouldn\u2019t be silenced anymore and continue to accept such casual racism and antisemitic comments in my life.\u201d She also posted a screenshot of Dye\u2019s text.<\/span><\/p>\n<hr style=\"height: 15px; background: #d0e6fa; width: 100%;\">\n<div id=\"content\" class=\"content-alignment\">\n<div id=\"watch-description\" class=\"yt-uix-button-panel\">\n<div id=\"watch-description-text\" style=\"text-align: center;\">\n<p><em>Zawarto\u015b\u0107 publikowanych artyku\u0142\u00f3w i materia\u0142\u00f3w nie reprezentuje pogl\u0105d\u00f3w ani opinii Reunion&#8217;68,<\/em><em><br \/>\nani te\u017c webmastera Blogu Reunion&#8217;68, chyba ze jest to wyra\u017anie zaznaczone.<br \/>\nTwoje uwagi, linki, w\u0142asne artyku\u0142y lub wiadomo\u015bci prze\u015blij na adres:<br \/>\n<\/em><span style=\"color: #000080;\"><strong><em><a style=\"color: #000080;\" href=\"mailto:webmaster@reunion68.com\"><span style=\"text-decoration: underline;\">webmaster@reunion68.com<\/span><\/a><\/em><\/strong><\/span><\/p>\n<\/div>\n<\/div>\n<\/div>\n<hr style=\"width: 100%;\">\n","protected":false},"excerpt":{"rendered":"<p>Arizona principal out of a job over antisemitic and racist texts MARCY OSTER\/JTA Elkin said she &#8216;couldn\u2019t be silenced anymore and continue to accept such casual racism and antisemitic comments in my life.&#8217; Twitter CEO Jack Dorsey reads a statement from his phone while testifying before the House Energy and Commerce Committee hearing on Twitter&#8217;s [&hellip;]<\/p>\n","protected":false},"author":1,"featured_media":0,"comment_status":"closed","ping_status":"closed","sticky":false,"template":"","format":"standard","meta":[],"categories":[6],"tags":[26,24],"_links":{"self":[{"href":"https:\/\/www.reunion68.se\/index.php?rest_route=\/wp\/v2\/posts\/78961"}],"collection":[{"href":"https:\/\/www.reunion68.se\/index.php?rest_route=\/wp\/v2\/posts"}],"about":[{"href":"https:\/\/www.reunion68.se\/index.php?rest_route=\/wp\/v2\/types\/post"}],"author":[{"embeddable":true,"href":"https:\/\/www.reunion68.se\/index.php?rest_route=\/wp\/v2\/users\/1"}],"replies":[{"embeddable":true,"href":"https:\/\/www.reunion68.se\/index.php?rest_route=%2Fwp%2Fv2%2Fcomments&post=78961"}],"version-history":[{"count":6,"href":"https:\/\/www.reunion68.se\/index.php?rest_route=\/wp\/v2\/posts\/78961\/revisions"}],"predecessor-version":[{"id":79152,"href":"https:\/\/www.reunion68.se\/index.php?rest_route=\/wp\/v2\/posts\/78961\/revisions\/79152"}],"wp:attachment":[{"href":"https:\/\/www.reunion68.se\/index.php?rest_route=%2Fwp%2Fv2%2Fmedia&parent=78961"}],"wp:term":[{"taxonomy":"category","embeddable":true,"href":"https:\/\/www.reunion68.se\/index.php?rest_route=%2Fwp%2Fv2%2Fcategories&post=78961"},{"taxonomy":"post_tag","embeddable":true,"href":"https:\/\/www.reunion68.se\/index.php?rest_route=%2Fwp%2Fv2%2Ftags&post=78961"}],"curies":[{"name":"wp","href":"https:\/\/api.w.org\/{rel}","templated":true}]}}