{"id":79605,"date":"2020-07-14T17:09:39","date_gmt":"2020-07-14T15:09:39","guid":{"rendered":"http:\/\/www.reunion68.se\/?p=79605"},"modified":"2020-07-14T10:04:21","modified_gmt":"2020-07-14T08:04:21","slug":"23-09-52","status":"publish","type":"post","link":"https:\/\/www.reunion68.se\/?p=79605","title":{"rendered":"Igraszki z has\u0142em \u201enie zabijaj\u201d"},"content":{"rendered":"<h5 style=\"text-align: center;\"><a href=\"http:\/\/www.listyznaszegosadu.pl\/\" target=\"_blank\" rel=\"noopener noreferrer\"><img decoding=\"async\" class=\"center alignleft\" src=\"http:\/\/www.reunion68.com\/Biuletyn\/img\/z-naszego.jpg\" alt=\"\" width=\"45%\" \/><\/a><span style=\"text-decoration: underline; color: #000080;\"><strong><a style=\"color: #000080; text-decoration: underline;\" href=\"http:\/\/www.listyznaszegosadu.pl\/notatki\/igraszki-z-haslem-a-nie-zabijaj\" target=\"_blank\" rel=\"noopener noreferrer\">Igraszki z has\u0142em \u201enie zabijaj\u201d<\/a><\/strong><\/span><\/h5>\n<p style=\"text-align: center;\"><span style=\"color: #000000;\"><strong>Andrzej Koraszewski<\/strong><\/span><\/p>\n<hr style=\"height: 15px; background: #d0e6fa; width: 100%;\" \/>\n<p style=\"text-align: center;\"><img decoding=\"async\" class=\"aligncenter\" src=\"http:\/\/www.listyznaszegosadu.pl\/upload\/article\/bild\/894\/846895\/alan_s.jpg\" width=\"100%\" \/><span style=\"color: #808080;\"><em>Ludzie padaj\u0105cy na kolana podczas wiecu Black Lives Matter na placu przed Kapitolem w Waszyngtonie, 3 czerwca 2020 Zdj\u0119cie: Reuters \/ Jonathan Ernst.<\/em><\/span><\/p>\n<p style=\"text-align: left;\"><span style=\"color: #000080;\">Podczas gdy nad Wis\u0142\u0105 \u015bwi\u0105tobliwi bredz\u0105 o Holokau\u015bcie nienarodzonych, Ameryka \u017cyje dzi\u015b has\u0142em \u201eBlack Lives Matter\u201d, w obu przypadkach mo\u017cemy si\u0119 zastanawia\u0107 nad szczero\u015bci\u0105 i uczciwo\u015bci\u0105 tych obro\u0144c\u00f3w moralno\u015bci apeluj\u0105cych do naszych uczu\u0107 i wzywaj\u0105cych nas na barykady. Obro\u0144cy nienarodzonych nie tylko \u015bwiadomie i z premedytacj\u0105 nadu\u017cywaj\u0105 s\u0142owa Holokaust, mo\u017ce nie zawsze wiedz\u0105c, jakie znaczenie mia\u0142o to s\u0142owo w j\u0119zyku greckim, ale doskonale wiedz\u0105c, \u017ce w dzisiejszym \u015bwiecie oznacza ono Zag\u0142ad\u0119 sze\u015bciu milion\u00f3w \u017byd\u00f3w przez chrze\u015bcija\u0144sk\u0105 Europ\u0119 pod wodz\u0105 niemieckich nazist\u00f3w. Kradzie\u017c tego poj\u0119cia na u\u017cytek kampanii na rzecz lekcewa\u017cenia \u017cycia kobiet i jako\u015bci \u017cycia narodzonych nie jest tak niewinna, jakby to si\u0119 mog\u0142o zdawa\u0107. Walcz\u0105cy o \u017cycie nienarodzonych nie zamierzaj\u0105 rozmawia\u0107 o znaczeniu i ograniczeniach nakazu nie zabijaj. Nie walcz\u0105 r\u00f3wnie\u017c o ograniczenie liczby wykonywanych zabieg\u00f3w chirurgicznej aborcji (co osi\u0105ga si\u0119 najskuteczniej przez edukacj\u0119 seksualn\u0105 i dost\u0119p do \u015brodk\u00f3w antykoncepcyjnych), ale o narzucenie spo\u0142ecze\u0144stwu praw religijnych.<\/span><\/p>\n<p style=\"text-align: left;\"><span style=\"color: #000080;\">Z\u0142odzieje poj\u0119\u0107 grasuj\u0105 na r\u00f3\u017cnych polach. W przypadku bojownik\u00f3w o \u017cycie nienarodzonych, kradzie\u017cy poj\u0119cia Holokaust towarzyszy sta\u0142a tendencja umniejszania Zag\u0142ady \u017byd\u00f3w, przekonywanie, \u017ce za t\u0119 Zag\u0142ad\u0119 odpowiedzialni s\u0105 wy\u0142\u0105cznie niemieccy nazi\u015bci, oraz zabiegi o kryminalizacj\u0119 ujawniania, \u017ce w\u015br\u00f3d wsp\u00f3\u0142odpowiedzialnych by\u0142 Ko\u015bci\u00f3\u0142 katolicki i inne narody europejskie, w tym Polacy.<\/span><\/p>\n<p style=\"text-align: left;\"><span style=\"color: #000080;\">Daleko nie wszyscy kap\u0142ani katoliccy (protestanccy i prawos\u0142awni kap\u0142ani te\u017c mieli cz\u0119sto podobne postawy) uwa\u017cali, \u017ce nakaz \u201enie zabijaj\u201d dotyczy r\u00f3wnie\u017c \u017cydowskich bli\u017anich. Zgo\u0142a przeciwnie bardzo wielu wpaja\u0142o wiernym przes\u0142anie (a niekt\u00f3rzy nadal to robi\u0105), \u017ce \u017bydzi s\u0105 wy\u0142\u0105czeni z kategorii bli\u017anich. Dzi\u015b w ko\u015bcio\u0142ach s\u0142owo Holokaust s\u0142yszymy najcz\u0119\u015bciej w kontek\u015bcie rzekomej \u201eobrony \u017cycia\u201d. Ta walka o \u017cycie nienarodzonych nie tylko ignoruje \u017cycie kobiet, nie tylko ignoruje \u017cycie ju\u017c urodzonych, ale jest bardzo silnie powi\u0105zana z najstarszym i najbardziej nieludzkim przes\u0105dem chrze\u015bcija\u0144stwa.<\/span><\/p>\n<p style=\"text-align: left;\"><span style=\"color: #000080;\">Walka o \u017cycie nienarodzonych niewiele ma wsp\u00f3lnego z rzeczywist\u0105 trosk\u0105 o \u017cycie ludzkie czy te\u017c z rzeczywist\u0105 moralno\u015bci\u0105. Natomiast ma bardzo wiele wsp\u00f3lnego z fanatyzmem i z mobilizacj\u0105 mas do wojny plemiennej.<\/span><\/p>\n<p style=\"text-align: left;\"><span style=\"color: #000080;\">Za oceanem widzimy inny ruch, kt\u00f3rego przyw\u00f3dcy przywdziewaj\u0105 szaty szlachetnych moralist\u00f3w. Obrona s\u0142abych i bestialsko prze\u015bladowanych trafia do naszych uczu\u0107 i wydaje si\u0119 by\u0107 ze wszech miar uzasadniona. Dlaczego zatem wywo\u0142uje fal\u0119 wandalizmu, rabunku i mord\u00f3w uderzaj\u0105c\u0105 r\u00f3wnie\u017c w spo\u0142eczno\u015bci czarnych?<\/span><\/p>\n<p style=\"text-align: left;\"><span style=\"color: #000080;\">Czy jest mo\u017cliwe, \u017ce cz\u0119\u015b\u0107 przyw\u00f3dc\u00f3w tego ruchu ma zupe\u0142nie inne cele ni\u017c walka o poszanowanie \u017cycia i godno\u015b\u0107 dyskryminowanej grupy? Dlaczego r\u00f3wnie\u017c na tym polu widzimy dziwaczny sojusz z lud\u017ami zwi\u0105zanymi z terrorem i antysemityzmem?<\/span><\/p>\n<p style=\"text-align: left;\"><span style=\"color: #000080;\">Jeden z najlepszych wsp\u00f3\u0142czesnych prawnik\u00f3w ameryka\u0144skich, Alan M. Dershowitz, zastanawia\u0142 si\u0119 niedawno nad pytaniem, dlaczego ruch Black Lives Matter udost\u0119pni\u0142 swoje platformy ludziom g\u0142osz\u0105cym, \u017ce Izrael jest pa\u0144stwem apartheidu, pa\u0144stwem praktykuj\u0105cym \u201eludob\u00f3jstwo palesty\u0144skiego ludu\u201d? Dershowitz zwraca uwag\u0119 na fakt, \u017ce obro\u0144cy czarnego \u017cycia w Ameryce poza swoim w\u0142asnym krajem zwracaj\u0105 sw\u00f3j gniew tylko przeciw jednemu pa\u0144stwu na \u015bwiecie. Oczywi\u015bcie zapewniaj\u0105, \u017ce nie s\u0105 \u017cadnymi antysemitami, \u017ce s\u0105 zaledwie antysyjonistami.<\/span><\/p>\n<p style=\"text-align: left;\"><span style=\"color: #000080;\">Ameryka\u0144ski prawnik pisze, \u017ce od ponad p\u00f3\u0142 wieku naucza prawa na uniwersytecie i \u017ce cz\u0119sto rozwi\u0105zywa\u0142 ze swoimi studentami \u201eprzypadki hipotetyczne\u201d. Przedstawia taki przypadek hipotetyczny pod nasz\u0105 rozwag\u0119:<\/span><\/p>\n<blockquote>\n<p style=\"text-align: left;\"><strong>\u201eWyobra\u017amy sobie, \u017ce istnieje tylko jedno pa\u0144stwo czarnych Afrykan\u00f3w \u2013 nar\u00f3d sk\u0142adaj\u0105cy si\u0119 g\u0142\u00f3wnie z by\u0142ych niewolnik\u00f3w, Czarnych m\u0119\u017cczyzn i kobiet. Wyobra\u017amy sobie dodatkowo, \u017ce ten jedyny nar\u00f3d Czarnych ma dobre notowania je\u015bli idzie o ochron\u0119 \u015brodowiska, prawa gej\u00f3w, r\u00f3wno\u015b\u0107 p\u0142ci i obron\u0119 swoich granic przed atakami innych, g\u0142\u00f3wnie bia\u0142ych, narod\u00f3w. Jednak jak wszystkie narody, ten nar\u00f3d Czarnych jest daleki od doskona\u0142o\u015bci. Ma swoje wady i niedoci\u0105gni\u0119cia.\u201d<\/strong><\/p>\n<\/blockquote>\n<p style=\"text-align: left;\"><span style=\"color: #000080;\">Wyobra\u017amy sobie nast\u0119pnie \u2013 pisze dalej Dershowitz \u2013 \u017ce r\u00f3\u017cni naprawiacze \u015bwiata w Ameryce wybieraj\u0105 sobie ten Czarny nar\u00f3d jako wy\u0142\u0105czny obiekt pot\u0119pie\u0144 i na przyk\u0142ad \u015brodowiskowcy czy grupa na rzecz obrony praw gej\u00f3w tworz\u0105 swoje platformy i zajmuj\u0105 si\u0119 wy\u0142\u0105cznie Czarnym narodem ignoruj\u0105c wszystkie faktycznie szkodz\u0105ce \u015brodowisku i homofobiczne narody.<\/span><\/p>\n<p style=\"text-align: left;\"><span style=\"color: #000080;\">Trudno o w\u0105tpliwo\u015bci, \u017ce takie wybi\u00f3rcze pot\u0119pianie jedynego Czarnego narodu zosta\u0142oby napi\u0119tnowane jako irracjonalne, rasistowskie i przepe\u0142nione hipokryzj\u0105.<\/span><\/p>\n<p style=\"text-align: left;\"><span style=\"color: #000080;\">Ten hipotetyczny przyk\u0142ad jest bardzo bliski temu, co dzieje si\u0119 w rzeczywisto\u015bci. Jeszcze w 2016 roku Dershowitz opublikowa\u0142 w \u201eBoston Globe\u201d artyku\u0142, w kt\u00f3rym apelowa\u0142 do kierownictwa ruchu Black Lives Matter o zrezygnowanie z nieuzasadnionych oskar\u017ce\u0144 Izraela o apartheid i ludob\u00f3jstwo Palesty\u0144czyk\u00f3w, co oczywi\u015bcie nie spowodowa\u0142o \u017cadnej reakcji.<\/span><\/p>\n<p style=\"text-align: left;\"><span style=\"color: #000080;\">Alan M. Dershowitz zauwa\u017ca, \u017ce bardzo cz\u0119sto (zar\u00f3wno dzi\u015b, jak i w przesz\u0142o\u015bci), grupy maj\u0105ce szlachetne cele gubi\u0105 si\u0119, w\u0142\u0105czaj\u0105c si\u0119 w akcje jawnie rasistowskie, homofobiczne, czy w inne formy bigoterii. Ich szlachetne cele i dzia\u0142ania, w \u017caden spos\u00f3b nie usprawiedliwiaj\u0105 dzia\u0142a\u0144 g\u0142\u0119boko amoralnych, co wi\u0119cej, jedno absurdalne i amoralne rozszerzenie pierwotnego celu, poci\u0105ga cz\u0119sto za sob\u0105 inne, czasem zmieniaj\u0105c \u00f3w cel pierwotny w swoje przeciwie\u0144stwo. (Ruch Black Lives Matter mia\u0142 pierwotnie na celu badanie i pi\u0119tnowanie przypadk\u00f3w nadu\u017cywania przemocy wobec czarnych przez policj\u0119. Zosta\u0142 zdominowany przez ha\u0142a\u015bliwe grupy wzywaj\u0105ce g\u0142\u00f3wnie do anarchii i zupe\u0142nie nie zainteresowane praktycznymi dzia\u0142aniami, kt\u00f3re prowadz\u0105 do ustalenia faktycznych przypadk\u00f3w nadu\u017cycia w\u0142adzy i poszukiwania \u015brodk\u00f3w naprawczych.)<\/span><\/p>\n<p style=\"text-align: left;\"><span style=\"color: #000080;\">Osobi\u015bcie podejrzewam, \u017ce mo\u017ce tu by\u0107 pewien mechanizm, \u017ce mamy do czynienia z kradzie\u017c\u0105 autorytet\u00f3w moralnych, i \u017ce jednostki promuj\u0105ce rasizm, czy to w formie antysemityzmu czy jakiejkolwiek innej, jednostki promuj\u0105ce przemoc i d\u0105\u017c\u0105ce do destabilizacji systemu, doskonale wiedz\u0105, i\u017c podczepienie si\u0119 pod przemawiaj\u0105cy do ludzi cel, pozwala przemyca\u0107 propagand\u0119 k\u0142amstwa i sianie nienawi\u015bci.<\/span><\/p>\n<p style=\"text-align: left;\"><span style=\"color: #000080;\">Podobnie jak w przypadku obrony nienarodzonych, obrona \u017cycia czarnych zosta\u0142a porwana przez ludzi, kt\u00f3rych \u017cycie ludzkie ma\u0142o interesuje, dla kt\u00f3rych oburzaj\u0105ce jest przypomnienie, \u017ce ka\u017cdego dnia w Ameryce czarni gin\u0105 z r\u0105k czarnych, a by\u0142oby tych mord\u00f3w wielokrotnie wi\u0119cej gdyby nie wysi\u0142ki policji, \u017ce przypadki policyjnej brutalno\u015bci i faktycznego nadu\u017cycia przemocy s\u0105 stosunkowo rzadkie, co nie znaczy, \u017ce nie wymagaj\u0105 starannego monitorowania i dzia\u0142a\u0144 zmierzaj\u0105cych do ich wyeliminowania.<\/span><\/p>\n<p style=\"text-align: left;\"><span style=\"color: #000080;\">Nakaz \u201enie zabijaj\u201d pozostaje w mocy, ale porwany przez ludzi w rodzaju ojca Rydzyka, by\u0142ego ksi\u0119dza Mi\u0119dlara i im podobnych, czy przez ludzi w rodzaju Louisa_Farrakhana w USA staje si\u0119 narz\u0119dziem ludzi skrzykuj\u0105cych si\u0119 do mord\u00f3w.<\/span><\/p>\n<p style=\"text-align: left;\"><span style=\"color: #000080;\">Kiedy ludzie padaj\u0105 na kolana, lepiej uwa\u017ca\u0107, bo ich pasterze mog\u0105 mie\u0107 patologiczne sk\u0142onno\u015bci.<\/span><\/p>\n<hr style=\"height: 15px; background: #d0e6fa; width: 100%;\" \/>\n<div id=\"content\" class=\"content-alignment\">\n<div id=\"watch-description\" class=\"yt-uix-button-panel\">\n<div id=\"watch-description-text\" style=\"text-align: center;\">\n<p><em>Zawarto\u015b\u0107 publikowanych artyku\u0142\u00f3w i materia\u0142\u00f3w nie reprezentuje pogl\u0105d\u00f3w ani opinii Reunion&#8217;68,<\/em><em><br \/>\nani te\u017c webmastera Blogu Reunion&#8217;68, chyba ze jest to wyra\u017anie zaznaczone.<br \/>\nTwoje uwagi, linki, w\u0142asne artyku\u0142y lub wiadomo\u015bci prze\u015blij na adres:<br \/>\n<\/em><span style=\"color: #000080;\"><strong><em><a style=\"color: #000080;\" href=\"mailto:webmaster@reunion68.com\"><span style=\"text-decoration: underline;\">webmaster@reunion68.com<\/span><\/a><\/em><\/strong><\/span><\/p>\n<\/div>\n<\/div>\n<\/div>\n<hr style=\"width: 100%;\" \/>\n","protected":false},"excerpt":{"rendered":"<p>Igraszki z has\u0142em \u201enie zabijaj\u201d Andrzej Koraszewski Ludzie padaj\u0105cy na kolana podczas wiecu Black Lives Matter na placu przed Kapitolem w Waszyngtonie, 3 czerwca 2020 Zdj\u0119cie: Reuters \/ Jonathan Ernst. Podczas gdy nad Wis\u0142\u0105 \u015bwi\u0105tobliwi bredz\u0105 o Holokau\u015bcie nienarodzonych, Ameryka \u017cyje dzi\u015b has\u0142em \u201eBlack Lives Matter\u201d, w obu przypadkach mo\u017cemy si\u0119 zastanawia\u0107 nad szczero\u015bci\u0105 i [&hellip;]<\/p>\n","protected":false},"author":1,"featured_media":0,"comment_status":"closed","ping_status":"closed","sticky":false,"template":"","format":"standard","meta":[],"categories":[6],"tags":[26,24],"_links":{"self":[{"href":"https:\/\/www.reunion68.se\/index.php?rest_route=\/wp\/v2\/posts\/79605"}],"collection":[{"href":"https:\/\/www.reunion68.se\/index.php?rest_route=\/wp\/v2\/posts"}],"about":[{"href":"https:\/\/www.reunion68.se\/index.php?rest_route=\/wp\/v2\/types\/post"}],"author":[{"embeddable":true,"href":"https:\/\/www.reunion68.se\/index.php?rest_route=\/wp\/v2\/users\/1"}],"replies":[{"embeddable":true,"href":"https:\/\/www.reunion68.se\/index.php?rest_route=%2Fwp%2Fv2%2Fcomments&post=79605"}],"version-history":[{"count":7,"href":"https:\/\/www.reunion68.se\/index.php?rest_route=\/wp\/v2\/posts\/79605\/revisions"}],"predecessor-version":[{"id":79621,"href":"https:\/\/www.reunion68.se\/index.php?rest_route=\/wp\/v2\/posts\/79605\/revisions\/79621"}],"wp:attachment":[{"href":"https:\/\/www.reunion68.se\/index.php?rest_route=%2Fwp%2Fv2%2Fmedia&parent=79605"}],"wp:term":[{"taxonomy":"category","embeddable":true,"href":"https:\/\/www.reunion68.se\/index.php?rest_route=%2Fwp%2Fv2%2Fcategories&post=79605"},{"taxonomy":"post_tag","embeddable":true,"href":"https:\/\/www.reunion68.se\/index.php?rest_route=%2Fwp%2Fv2%2Ftags&post=79605"}],"curies":[{"name":"wp","href":"https:\/\/api.w.org\/{rel}","templated":true}]}}