{"id":7980,"date":"2014-11-01T08:56:59","date_gmt":"2014-11-01T06:56:59","guid":{"rendered":"http:\/\/www.reunion68.se\/?p=7980"},"modified":"2014-11-01T08:56:59","modified_gmt":"2014-11-01T06:56:59","slug":"drugie-pokolenie-gdzie-i-co-nowinki","status":"publish","type":"post","link":"https:\/\/www.reunion68.se\/?p=7980","title":{"rendered":"Drugie Pokolenie [ Gdzie i Co? &#8211; Nowinki ]"},"content":{"rendered":"<h4 style=\"text-align: center;\"><a href=\"http:\/\/drugiepokolenie.org.pl\/\" target=\"_blank\"><img decoding=\"async\" class=\"center alignleft\" src=\"http:\/\/www.reunion68.com\/Biuletyn\/img\/drugie-p.png\" alt=\"\" width=\"710\" \/><\/a><\/h4>\n<h4 style=\"text-align: center;\"><\/h4>\n<h4 style=\"text-align: center;\"><\/h4>\n<h4 style=\"text-align: center;\"><span style=\"color: #000080;\"><strong>Drugie Pokolenie [ Gdzie i Co? &#8211; Nowinki ]<\/strong><\/span><\/h4>\n<hr style=\"height: 15px; background: #d0e6fa; width: 710px;\" \/>\n<p style=\"text-align: left;\"><span style=\"color: #000080;\">Drodzy,<\/span><br \/>\n<span style=\"color: #000080;\"><br \/>\nPo hucznym i bogatym tygodniu otwarcia wystawy g\u0142\u00f3wnej w Muzeum Historii \u017byd\u00f3w Polskich POLIN (www.polin.pl) wracamy do codziennych wydarze\u0144, a w listopadzie duuuu\u017co si\u0119 dzieje!<\/span><\/p>\n<p style=\"text-align: left;\"><span style=\"color: #000080;\"><strong>2 listopada, niedziela godz. 9.30-16.00<\/strong> kwesta na cmentarzu \u017cydowskim przy ul. Okopowej; udzia\u0142 zapowiedzieli Maja Komorowska, Go\u0142da Tencer, Krystyna Zachwatowicz, Jacek Dehnel, J\u00f3zef Duryasz, S\u0142awomir Holland, Marcin \u015awi\u0119cicki oraz przewodnicz\u0105ca Gminy \u017bydowskiej w Warszawie Anna Chipczy\u0144ska.<\/span><\/p>\n<p style=\"text-align: left;\"><span style=\"color: #000080;\"><strong>2 listopada godz. 11.00 oraz o 13.00<\/strong> z zwiedzanie Janem Jagielskim cmentarza \u017cydowskiego przy ulicy Okopowej.<\/span><\/p>\n<p style=\"text-align: left;\"><span style=\"color: #000080;\"><strong>2 listopada godz. 11.00-15.00<\/strong> <strong>JCC Warszawa<\/strong>, ul. Chmielna 9A, Boker Tow, koszerne, \u017cydowsko-izraelsko-polskie \u015bniadanie; 25 z\u0142 lub 20 z\u0142 za okazaniem karty cz\u0142onkowskiej JCC.<\/span><\/p>\n<p style=\"text-align: left;\"><span style=\"color: #000080;\"><strong>2 listopada, niedziela godz. 14.00<\/strong>, Ec Chaim, Al. Jerozolimskie 53, pokaz filmu dokumentalnego H-I-Jew Positive i spotkanie z re\u017cyserk\u0105 Ronit Kertsner oraz bohaterami Agnieszk\u0105 i Leszkiem ; to opowie\u015b\u0107 o Polakach, kt\u00f3rzy na r\u00f3\u017cnych etapach \u017cycia dowiaduj\u0105 si\u0119 o swoim \u017cydowskim pochodzeniu; s\u0105 potomkami drugiej i trzeciej generacji \u017byd\u00f3w ocala\u0142ych podczas Holocaustu, a teraz staj\u0105 przed dylematem \u2013 czy kontynuowa\u0107 tradycje, w kt\u00f3rych zostali wychowani, czy pod\u0105\u017cy\u0107 nieznan\u0105 drog\u0105 swoich przodk\u00f3w.<\/span><\/p>\n<p style=\"text-align: left;\"><span style=\"color: #000080;\"><strong>3 listopada, poniedzia\u0142ek godz. 19.30<\/strong>, w <strong>POLIN MHZP<\/strong> rozpoczyna si\u0119 \u00a0<strong><span style=\"text-decoration: underline;\"><a style=\"color: #000080; text-decoration: underline;\" href=\"http:\/\/www.wjff.pl\/pl\/\" target=\"_blank\">Warszawski Festiwal Film\u00f3w o Tematyce \u017bydowskieja<\/a><\/span><\/strong> (wi\u0119cej &#8211; w za\u0142\u0105czniku program) <\/span><\/p>\n<p style=\"text-align: left;\"><span style=\"color: #000080;\"><strong>6 listopada, czwartek, godz. 18.00<\/strong>, <strong>\u017bIH,<\/strong> ul T\u0142omackie 3\/5, uroczysto\u015b\u0107 wr\u0119czenia Piotrowi Matywieckiemu Nagrody im. Jana Karskiego i Poli Nire\u0144skiej.<\/span><\/p>\n<p style=\"text-align: left;\"><span style=\"color: #000080;\"><strong>8 listopada, sobota, Al. 3 Maja 2\/11<\/strong>, Kryj\u00f3wka\/Hideout, spektakl w re\u017c. P. Passiniego na pdst. scenariusza Patrycji Do\u0142owy; indywidualne \u015bwiadectwa wojenne m. in. Ireny Solskiej i Apolonii Starzec sk\u0142adaj\u0105 si\u0119 na opowie\u015b\u0107 o Warszawie \u2013 jej z\u0142o\u017conej, splecionej z wieloma losami historii i wielow\u0105tkowej, cz\u0119sto trudnej i nie do ko\u0144ca obecnej pami\u0119ci. Nast\u0119pne spektakle 9, 10 i 30 listopada oraz 1, 2, 13, 14 i 15 grudnia; bilety 50 z\u0142otych, rezerwacja:<span style=\"text-decoration: underline;\">\u00a0<strong><span style=\"color: #000080; text-decoration: underline;\"><a style=\"color: #000080; text-decoration: underline;\" href=\"mailto:bilety@instytut-teatralny.pl\">bilety@instytut-teatralny.pl<\/a><\/span><\/strong><\/span>\u00a0 lub tel. (22) 501 70 02 \u00a0<strong><a style=\"color: #000080;\" href=\"http:\/\/www.instytut-teatralny.pl\/kalendarium\/the-hideout-kryjowka-rez-pawel-passini_2014-11-08\" target=\"_blank\">( wi\u0119cej info )<\/a><\/strong>\u00a0 &#8230;a rozmowa z re\u017cyserem w za\u0142\u0105czniku<\/span><\/p>\n<p style=\"text-align: left;\"><span style=\"color: #000080;\"><strong>9 listopada niedziela godz. 19.30 Akademia Teatralna<\/strong>, ul. Miodowa 22\/24 po raz ostatni grany b\u0119dzie spektakl &#8220;Cyjanek o pi\u0105tej&#8221; w re\u017c. Andrzeja Ferenca.<\/span><\/p>\n<p style=\"text-align: left;\"><span style=\"color: #000080;\"><strong>10 listopada poniedzia\u0142ek godz. 17.00<\/strong> w <strong>Warszawskim Klubie TSK\u017b<\/strong>, pl. Grzybowski 12\/16 spotkanie z p. Teci\u0105 Werbowski, autork\u0105 opowiadania &#8220;Mur mi\u0119dzy nami&#8221;, na pdst. kt\u00f3rej Pavel Kohout napisa\u0142 sztuk\u0119 pt. &#8220;Cyjanek o pi\u0105tej&#8221;; wi\u0119cej w za\u0142\u0105czniku<\/span><\/p>\n<p style=\"text-align: left;\"><span style=\"color: #000080;\"><strong>12 listopada \u015broda godz. 18.00<\/strong>, <strong>ZIH<\/strong>, ul. T\u0142omackie 3\/5 spotkanie z Yoramem Grossem, autorem ksi\u0105\u017cki \u201eSamson. Moja dusza zginie, ale razem z wrogiem\u201d; <a style=\"color: #000080;\" href=\"http:\/\/www.jhi.pl\/blog\/2014-10-29-wieczor-autorski-yorama-grossa\" target=\"_blank\">wi\u0119cej o spotkaniu<\/a><\/span><\/p>\n<p style=\"text-align: left;\"><span style=\"color: #000080;\"><strong>13 listopada, czwartek, godz. 17.00 ZIH,<\/strong> ul. T\u0142omackie 3\/5 rozpocznie si\u0119 trzydniowa Mi\u0119dzynarodowa Konferencja Naukowa &#8220;Wok\u00f3\u0142 pomocy \u017bydom w okupowanej Europie&#8221;;\u00a0<strong><span style=\"text-decoration: underline;\"><a style=\"color: #000080; text-decoration: underline;\" href=\"http:\/\/www.jhi.pl\/blog\/2014-09-28-miedzynarodowa-konferencja-naukowa-wokol-pomocy-zydom-w-okupowanej-europie-dedykowana-pamieci-emanuela-ringelbluma\" target=\"_blank\">program konferencji<\/a><\/span><\/strong><\/span><\/p>\n<p style=\"text-align: left;\"><span style=\"color: #000080;\"><strong>16 listopada niedziela od godz. 11.00 JCC<\/strong> Chmielna 9A, Pierwsza <strong>OTWARTA NIEDZIELA<\/strong> po przerwie. Rezerwujcie czas! Drugie Pokolenie b\u0119dzie mie\u0107 wsp\u00f3lny st\u00f3\u0142, przy kt\u00f3rym razem b\u0119dziemy je\u015b\u0107, pi\u0107 i rozmawia\u0107\u2026.. wi\u0119cej o BOKER TOW http:\/\/www.jccwarszawa.pl\/news\/186\/n\/172,\u00a0<\/span><span style=\"color: #000080;\">a po \u015bniadaniu o godz. 13.50 spotykamy si\u0119 w Muzeum Narodowym (przy kasie), by obejrze\u0107 z przewodnikiem wystaw\u0119 \u201eMasoneria. Pro publico bono\u201d; wi\u0119cej o wystawie http:\/\/www.mnw.art.pl\/wystawy\/masoneria-ipro-publico-bonoi,19.html<\/span><\/p>\n<div style=\"width: 110px\" class=\"wp-caption alignright\"><img decoding=\"async\" class=\"center\" src=\"http:\/\/www.reunion68.com\/Biuletyn\/img\/Elzbieta-M.jpg\" alt=\"\" width=\"100\" \/><p class=\"wp-caption-text\"><span style=\"color: #000080;\">Ela Magenheim<\/span><\/p><\/div>\n<p style=\"text-align: left;\"><span style=\"color: #000080;\"><strong>22 listopada, godz. 19.30<\/strong>, podczas Limudu proponujemy rozmow\u0119 na temat \u201eCzy jeste\u015bmy \u017bydami?\u201d, prosimy o liczne drugopokoleniowe uczestnictwo!<\/span><\/p>\n<p style=\"text-align: left;\"><span style=\"color: #000080;\">&#8230;.a dla tych, kt\u00f3rzy nie mogli by\u0107 na otwarciu wystawy w MH\u017bP POLIN &#8211; proponuj\u0119 <strong><span style=\"text-decoration: underline;\">\u00a0<a style=\"color: #000080; text-decoration: underline;\" href=\"https:\/\/www.google.com\/culturalinstitute\/asset-viewer\/muzeum-historii-%C5%BCyd%C3%B3w-polskich-polin\/wAE6GrG-6nU06A\" target=\"_blank\">wirtualny spacer<\/a><\/span><\/strong><\/span><\/p>\n<p style=\"text-align: right;\"><span style=\"color: #000080;\">pozdrawiam<br \/>\njesiennie<\/span><\/p>\n<p>&nbsp;<\/p>\n<hr style=\"height: 15px; background: #d0e6fa; width: 710px;\" \/>\n<p><center><br \/>\n<object class=\"vanilla-pdf-embed\" data=\"http:\/\/www.reunion68.com\/Biuletyn\/Pavla.pdf?attachment_id=1#page=1&view=FitH\" type=\"application\/pdf\" width=\"700px\" height=\"950em\">\n    <p><a href=\"http:\/\/www.reunion68.com\/Biuletyn\/Pavla.pdf?attachment_id=1\">Download the PDF file .<\/a><\/p>\n<\/object><\/center><\/p>\n<hr style=\"height: 15px; background: #d0e6fa; width: 710px;\" \/>\n<p><object class=\"vanilla-pdf-embed\" data=\"http:\/\/www.reunion68.com\/Biuletyn\/Program_2014.pdf?attachment_id=1#page=1&view=FitH\" type=\"application\/pdf\" width=\"700px\" height=\"950em\">\n    <p><a href=\"http:\/\/www.reunion68.com\/Biuletyn\/Program_2014.pdf?attachment_id=1\">Download the PDF file .<\/a><\/p>\n<\/object><\/center><\/p>\n<hr style=\"height: 15px; background: #d0e6fa; width: 710px;\" \/>\n<div id=\"content\" class=\"  content-alignment&lt;br \/&gt;&lt;br \/&gt; \">\n<div id=\"watch-description\" class=\"yt-uix-button-panel\">\n<div id=\"watch-description-text\">\n<p style=\"text-align: center;\"><span style=\"color: #808080;\"> twoje uwagi, linki, wlasne artykuly, lub wiadomosci przeslij do: <strong><span style=\"text-decoration: underline;\"><span style=\"color: #808080; text-decoration: underline;\"><a href=\"mailto:webmaster@reunion68.com\">webmaster@reunion68.com<\/a><\/span><\/span><\/strong><\/span><\/p>\n<\/div>\n<\/div>\n<\/div>\n<p>&nbsp;<\/p>\n<hr style=\"width: 710px;\" \/>\n","protected":false},"excerpt":{"rendered":"<p>Drugie Pokolenie [ Gdzie i Co? &#8211; Nowinki ] Drodzy, Po hucznym i bogatym tygodniu otwarcia wystawy g\u0142\u00f3wnej w Muzeum Historii \u017byd\u00f3w Polskich POLIN (www.polin.pl) wracamy do codziennych wydarze\u0144, a w listopadzie duuuu\u017co si\u0119 dzieje! 2 listopada, niedziela godz. 9.30-16.00 kwesta na cmentarzu \u017cydowskim przy ul. Okopowej; udzia\u0142 zapowiedzieli Maja Komorowska, Go\u0142da Tencer, Krystyna Zachwatowicz, [&hellip;]<\/p>\n","protected":false},"author":1,"featured_media":0,"comment_status":"closed","ping_status":"closed","sticky":false,"template":"","format":"standard","meta":[],"categories":[4],"tags":[24],"_links":{"self":[{"href":"https:\/\/www.reunion68.se\/index.php?rest_route=\/wp\/v2\/posts\/7980"}],"collection":[{"href":"https:\/\/www.reunion68.se\/index.php?rest_route=\/wp\/v2\/posts"}],"about":[{"href":"https:\/\/www.reunion68.se\/index.php?rest_route=\/wp\/v2\/types\/post"}],"author":[{"embeddable":true,"href":"https:\/\/www.reunion68.se\/index.php?rest_route=\/wp\/v2\/users\/1"}],"replies":[{"embeddable":true,"href":"https:\/\/www.reunion68.se\/index.php?rest_route=%2Fwp%2Fv2%2Fcomments&post=7980"}],"version-history":[{"count":49,"href":"https:\/\/www.reunion68.se\/index.php?rest_route=\/wp\/v2\/posts\/7980\/revisions"}],"predecessor-version":[{"id":8029,"href":"https:\/\/www.reunion68.se\/index.php?rest_route=\/wp\/v2\/posts\/7980\/revisions\/8029"}],"wp:attachment":[{"href":"https:\/\/www.reunion68.se\/index.php?rest_route=%2Fwp%2Fv2%2Fmedia&parent=7980"}],"wp:term":[{"taxonomy":"category","embeddable":true,"href":"https:\/\/www.reunion68.se\/index.php?rest_route=%2Fwp%2Fv2%2Fcategories&post=7980"},{"taxonomy":"post_tag","embeddable":true,"href":"https:\/\/www.reunion68.se\/index.php?rest_route=%2Fwp%2Fv2%2Ftags&post=7980"}],"curies":[{"name":"wp","href":"https:\/\/api.w.org\/{rel}","templated":true}]}}