{"id":8065,"date":"2014-11-01T19:00:52","date_gmt":"2014-11-01T17:00:52","guid":{"rendered":"http:\/\/www.reunion68.se\/?p=8065"},"modified":"2014-11-01T09:30:59","modified_gmt":"2014-11-01T07:30:59","slug":"8065","status":"publish","type":"post","link":"https:\/\/www.reunion68.se\/?p=8065","title":{"rendered":"Sylwetki &#8211; Roman Pola\u0144ski"},"content":{"rendered":"<h4 style=\"text-align: center;\"><a href=\"http:\/\/ludzie.wprost.pl\/\" target=\"_blank\"><img decoding=\"async\" class=\"center alignleft\" src=\"http:\/\/www.reunion68.com\/Biuletyn\/img\/wprost.png\" alt=\"\" \/><\/a><span style=\"text-decoration: underline; color: #000080;\"><span style=\"text-decoration: underline;\"><strong><a style=\"color: #000080; text-decoration: underline;\" href=\"http:\/\/ludzie.wprost.pl\/sylwetka\/Roman-Polanski\/\" target=\"_blank\">Sylwetki &#8211; Roman Pola\u0144ski<\/a><\/strong><\/span><\/span><\/h4>\n<hr style=\"height: 15px; background: #d0e6fa; width: 710px;\" \/>\n<div style=\"width: 130px\" class=\"wp-caption alignleft\"><img decoding=\"async\" loading=\"lazy\" src=\"http:\/\/img1.wprost.pl\/G\/cache\/jpg_120x\/0\/93680a5522eedd583183ca08ff45cc20.jpg.png\" alt=\"\" width=\"120\" height=\"180\" \/><p class=\"wp-caption-text\">Roman Pola\u0144ski Fot. M. Tuli\u0144ski\/Forum<\/p><\/div>\n<p style=\"text-align: left;\"><span style=\"color: #808080;\"><em>Wybitny polski re\u017cyser, scenarzysta i aktor filmowy i teatralny, producent filmowy. Laureat wielu nagr\u00f3d filmowych, w tym Z\u0142otych Lw\u00f3w, Z\u0142otej Palmy i Oscara.<\/em><\/span><br \/>\n<span style=\"color: #808080;\"><em>Data urodzenia: 1933-08-18<\/em><\/span><br \/>\n<span style=\"color: #808080;\"><em>Kategoria: Kultura, rozrywka i media<\/em><\/span><\/p>\n<p><span style=\"color: #808080;\"><strong>Biografia<\/strong><\/span><\/p>\n<p style=\"text-align: left;\"><span style=\"color: #000080;\">Roma\u0144 Pola\u0144ski urodzi\u0142 si\u0119 w Pary\u017cu, w rodzinie polskich \u017byd\u00f3w. Jego prawdziwe nazwisko to Raymond Liebling. W 1937 r. rodzina przysz\u0142ego re\u017cysera przenios\u0142a si\u0119 do Krakowa, sk\u0105d pochodzi\u0142 jego ojciec. W czasie wojny z powodu \u017cydowskiego pochodzenia znale\u017ali si\u0119 w krakowskim getcie. Rodzic\u00f3w Pola\u0144skiego wywieziono do oboz\u00f3w koncentracyjnych &#8211; matka zgin\u0119\u0142a w Auschwitz, ojciec prze\u017cy\u0142 ob\u00f3z w Mauthausen. Pola\u0144skiemu uda\u0142o si\u0119 wydosta\u0107 z getta, wychowywa\u0142 si\u0119 potem w podkrakowskiej wsi.<\/span><\/p>\n<p style=\"text-align: left;\"><span style=\"color: #000080;\">W 1954 r. Pola\u0144ski rozpocz\u0105\u0142 studia re\u017cyserskie w \u0142\u00f3dzkiej &#8220;film\u00f3wce&#8221;. Szybko zyska\u0142 tam opini\u0119 orygina\u0142a. Pocz\u0105tkowo by\u0142 niezbyt lubiany, stopniowo jednak zacz\u0105\u0142 zdobywa\u0107 szacunek i podziw koleg\u00f3w.<\/span><\/p>\n<p style=\"text-align: left;\"><span style=\"color: #000080;\">Andrzej Wajda wsp\u00f3ln\u0105 m\u0142odo\u015b\u0107 grupy s\u0142awnych polskich re\u017cyser\u00f3w okre\u015bli\u0142 tak: &#8220;Wszystko by\u0142o w nas przedwojenne, \u0142\u0105cznie z dobrym wychowaniem; natomiast Pola\u0144ski jawi\u0142 si\u0119 jako potw\u00f3r&#8221;.<\/span><\/p>\n<p style=\"text-align: left;\"><span style=\"color: #000080;\">Wajda zdecydowa\u0142 si\u0119 jednak obsadzi\u0107 Pola\u0144skiego w swoim filmie &#8220;Pokolenie&#8221; z 1954 r. W p\u00f3\u017aniejszych latach Pola\u0144ski zagra\u0142 jeszcze m.in. w trzech innych filmach tego re\u017cysera &#8211; &#8220;Lotnej&#8221; (1959), &#8220;Niewinnych czarodziejach&#8221; (1960) i &#8220;Zem\u015bcie&#8221; (2002). Wyst\u0105pi\u0142 te\u017c u Janusza Morgensterna &#8211; w &#8220;Do widzenia, do jutra&#8221; (1960) i u Andrzeja Munka &#8211; w &#8220;Zezowatym szcz\u0119\u015bciu&#8221; (1960).<\/span><\/p>\n<p style=\"text-align: left;\"><span style=\"color: #000080;\">Re\u017cyserskim debiutem fabularnym Pola\u0144skiego by\u0142 g\u0142o\u015bny &#8220;N\u00f3\u017c w wodzie&#8221; z 1962 r. Jego scenariusz Pola\u0144ski napisa\u0142 wsp\u00f3lnie z Jerzym Skolimowskim i Jakubem Goldbergiem. Obraz ten by\u0142 pierwszym polskim filmem nominowanym do Oscara. Zdoby\u0142 presti\u017cow\u0105 nagrod\u0119 krytyk\u00f3w filmowych FIPRESCI na festiwalu w Wenecji. Zosta\u0142 jednak \u017ale przyj\u0119ty przez polskie w\u0142adze. Ostro skrytykowa\u0142 go \u00f3wczesny I sekretarz KC PZPR W\u0142adys\u0142aw Gomu\u0142ka. Pola\u0144ski zdecydowa\u0142 si\u0119 wtedy wyemigrowa\u0107 z Polski.<\/span><\/p>\n<p style=\"text-align: left;\"><span style=\"color: #000080;\">W 1965 r. zrealizowa\u0142 w Wielkiej Brytanii &#8220;Wstr\u0119t&#8221; z 22-letni\u0105 Catherine Deneuve w roli g\u0142\u00f3wnej, ukazuj\u0105cy schizofreniczny rozpad osobowo\u015bci m\u0142odej dziewczyny. Rok p\u00f3\u017aniej wyre\u017cyserowa\u0142 &#8220;Matni\u0119&#8221; (&#8220;Cul-de-sac&#8221;), w kt\u00f3rej zagrali Donald Pleasence i Jacqueline Bisset. Film zosta\u0142 uhonorowany Z\u0142otym Nied\u017awiedziem na festiwalu w Berlinie i otworzy\u0142 Pola\u0144skiemu drog\u0119 do Hollywood.<\/span><\/p>\n<p style=\"text-align: left;\"><span style=\"color: #000080;\">W 1967 r. powsta\u0142 horror komediowy Pola\u0144skiego &#8220;Bal wampir\u00f3w&#8221;. Wyst\u0105pi\u0142a w nim ameryka\u0144ska aktorka Sharon Tate, p\u00f3\u017aniejsza \u017cona re\u017cysera. \u015alub Pola\u0144skiego i Tate odby\u0142 si\u0119 w Londynie w 1968 r. Kilka miesi\u0119cy p\u00f3\u017aniej Pola\u0144ski przeni\u00f3s\u0142 si\u0119 do USA.<\/span><\/p>\n<p style=\"text-align: left;\"><span style=\"color: #000080;\">W 1969 r. 26-letnia Sharon Tate, b\u0119d\u0105ca w\u00f3wczas w zaawansowanej ci\u0105\u017cy, zosta\u0142a bestialsko zamordowana przez sekt\u0119 Charlesa Mansona, kt\u00f3rej cz\u0142onkowie wdarli si\u0119 do willi Pola\u0144skich w Kaliforni. Roman Pola\u0144ski przebywa\u0142 w\u00f3wczas w Europie, gdzie promowa\u0142 sw\u00f3j kolejny film, &#8220;Dziecko Rosemary&#8221;, satanistyczny thriller z udzia\u0142em Mii Farrow i z muzyk\u0105 Krzysztofa Komedy. Skazana na do\u017cywocie morderczyni Sharon Tate, cz\u0142onkini sekty Mansona &#8211; Susan Atkins, zmar\u0142a w wi\u0119zieniu w pi\u0105tek 25 wrze\u015bnia 2009 r. w wieku 61 lat na raka m\u00f3zgu.<\/span><\/p>\n<p style=\"text-align: left;\"><span style=\"color: #000080;\">W pierwszej po\u0142owie lat 70. Pola\u0144ski zrealizowa\u0142 w Hollywood sensacyjne &#8220;Chinatown&#8221; z Jackiem Nicholsonem i Faye Dunaway w rolach g\u0142\u00f3wnych. Film zdoby\u0142 Oscara za scenariusz oraz dziesi\u0119\u0107 nominacji do tej nagrody &#8211; m.in. za re\u017cyseri\u0119. W 1979 r. powsta\u0142 melodramat Pola\u0144skiego &#8220;Tess&#8221;, w kt\u00f3rym zagra\u0142a Nastassja Kinski. Obraz zdoby\u0142 trzy Oscary &#8211; za zdj\u0119cia, kostiumy i scenografi\u0119.<\/span><\/p>\n<p style=\"text-align: left;\"><span style=\"color: #000080;\">W 1986 r. wyre\u017cyserowa\u0142 przygodowych &#8220;Pirat\u00f3w&#8221; z Walterem Matthau w obsadzie, a w 1988 r. thriller &#8220;Frantic&#8221; z Harrisonem Fordem i Francuzk\u0105 Emmanuelle Seigner w rolach g\u0142\u00f3wnych. Rok p\u00f3\u017aniej Seigner, o ponad 30 lat m\u0142odsza od re\u017cysera, zosta\u0142a kolejn\u0105 \u017con\u0105 Pola\u0144skiego. W 1992 r. wyst\u0105pi\u0142a w jego &#8220;Gorzkich godach&#8221;. Pola\u0144ski ma z Seigner dwoje dzieci &#8211; c\u00f3rk\u0119 Morgane i syna Elvisa, mieszkaj\u0105 we Francji.<\/span><\/p>\n<p style=\"text-align: left;\"><span style=\"color: #000080;\">Wielki sukces przyni\u00f3s\u0142 Pola\u0144skiemu film &#8220;Pianista&#8221; z 2002 r., b\u0119d\u0105cy opowie\u015bci\u0105 o wojennych losach kompozytora i pianisty W\u0142adys\u0142awa Szpilmana. Uhonorowano go najbardziej presti\u017cowymi nagrodami filmowymi &#8211; Oscarem, Z\u0142ot\u0105 Palm\u0105 w Cannes, francuskim Cezarem oraz Nagrod\u0105 Brytyjskiej Akademii Sztuki Filmowej BAFTA.<\/span><\/p>\n<p style=\"text-align: left;\"><span style=\"color: #000080;\">W 2005 r. Pola\u0144ski zrealizowa\u0142 &#8220;Olivera Twista&#8221;, ekranizacj\u0119 powie\u015bci Charlesa Dickensa.<\/span><\/p>\n<p style=\"text-align: left;\"><span style=\"color: #000080;\">Pola\u0144ski by\u0142 ju\u017c kilkakrotnie nagradzany za osi\u0105gni\u0119cia \u017cycia. Otrzyma\u0142 m.in. Z\u0142otego Lwa za ca\u0142okszta\u0142t tw\u00f3rczo\u015bci na Mi\u0119dzynarodowym Festiwalu Filmowym w Wenecji (1993), Polsk\u0105 Nagrod\u0119 Filmow\u0105 &#8220;Or\u0142a&#8221; za osi\u0105gni\u0119cia \u017cycia (2003) oraz Nagrod\u0119 za ca\u0142okszta\u0142t tw\u00f3rczo\u015bci przyznan\u0105 mu przez Europejsk\u0105 Akademi\u0119 Filmow\u0105 (2006).<\/span><\/p>\n<p style=\"text-align: left;\"><span style=\"color: #000080;\">Cie\u0144 na karier\u0119 Pola\u0144skiego rzuci\u0142 skandal z 1977 r. Ameryka\u0144ski s\u0105d postawi\u0142 Pola\u0144skiemu kilka zarzut\u00f3w, w tym gwa\u0142t na 13-latce Samancie Geimer po upiciu jej szampanem i podaniu narkotyku. Re\u017cyser przyzna\u0142 si\u0119 do seksu z nieletni\u0105, cho\u0107 utrzymywa\u0142, \u017ce odby\u0142o si\u0119 to za jej przyzwoleniem. Gdy zosta\u0142 zwolniony z aresztu za kaucj\u0105, zanim og\u0142oszono wyrok, w obawie przed wieloletnim wi\u0119zieniem wyjecha\u0142 z USA i schroni\u0142 si\u0119 we Francji. Dla ameryka\u0144skiego wymiaru sprawiedliwo\u015bci sta\u0142 si\u0119 &#8220;uciekinierem spod prawa&#8221;.<\/span><\/p>\n<p style=\"text-align: left;\"><span style=\"color: #000080;\">Samantha Geimer, dzi\u015b ponad 40-letnia, kilkakrotnie wnioskowa\u0142a do s\u0105du o uniewinnienie re\u017cysera. Przyzna\u0142a te\u017c, \u017ce seks odby\u0142 si\u0119 za jej przyzwoleniem, oraz o\u015bwiadczy\u0142a, \u017ce wybacza Pola\u0144skiemu i chce, aby umo\u017cliwiono mu powr\u00f3t do USA.<\/span><\/p>\n<p style=\"text-align: left;\"><span style=\"color: #000080;\">W grudniu 2008 roku adwokaci wyst\u0105pili do s\u0105du w Los Angeles z wnioskiem o oddalenie zarzut\u00f3w wobec Pola\u0144skiego argumentuj\u0105c, \u017ce podczas procesu w 1977 r. prokuratura i s\u0105d dopu\u015bci\u0142y si\u0119 powa\u017cnych uchybie\u0144. Adwokaci powo\u0142ali si\u0119 na film dokumentalny o Pola\u0144skim (&#8220;Roman Polanski: Wanted and Desired&#8221;), z kt\u00f3rego wynika, \u017ce prowadz\u0105cy t\u0119 spraw\u0119 s\u0119dzia Laurence J. Rittenband (zmar\u0142y w 1993 r.) poszed\u0142 z re\u017cyserem na ugod\u0119 i obieca\u0142 mu \u0142agodny wyrok za przyznanie si\u0119 do winy. Zamierza\u0142 j\u0105 jednak z\u0142ama\u0107, skazuj\u0105c wybitnego re\u017cysera dla przysporzenia sobie popularno\u015bci.<\/span><\/p>\n<p style=\"text-align: left;\"><span style=\"color: #000080;\">W maju 2009 roku s\u0105d w Los Angeles odrzuci\u0142 wniosek o umorzenie tej sprawy. S\u0119dzia Peter Espinoza uzasadni\u0142 swoj\u0105 decyzj\u0119 tym, \u017ce Pola\u0144ski nie stawi\u0142 si\u0119 na przes\u0142uchaniu przed s\u0105dem w Los Angeles. Adwokat re\u017cysera, Chad Hummel informowa\u0142 w\u00f3wczas s\u0105d, \u017ce obecno\u015b\u0107 Pola\u0144skiego podczas rozprawy &#8220;nie by\u0142a konieczna ani u\u017cyteczna&#8221;. S\u0119dzia zdecydowa\u0142 jednak, \u017ce tak d\u0142ugo, jak d\u0142ugo re\u017cyser &#8220;ucieka&#8221;, nie b\u0119dzie m\u00f3g\u0142 szuka\u0107 w s\u0105dzie satysfakcji.<\/span><\/p>\n<p style=\"text-align: left;\"><span style=\"color: #000080;\">27 wrze\u015bnia 2009 r. re\u017cyser zosta\u0142 zatrzymany w Zurychu, dok\u0105d przyby\u0142 na festiwal, by odebra\u0107 nagrod\u0119 za ca\u0142okszta\u0142t tw\u00f3rczo\u015bci. Pola\u0144skiego zatrzymano na podstawie ameryka\u0144skiego nakazu aresztowania z 1978 r.<\/span><\/p>\n<hr style=\"height: 15px; background: #d0e6fa; width: 710px;\" \/>\n<div id=\"content\" class=\"  content-alignment&lt;br \/&gt;&lt;br \/&gt; \">\n<div id=\"watch-description\" class=\"yt-uix-button-panel\">\n<div id=\"watch-description-text\">\n<p style=\"text-align: center;\"><span style=\"color: #808080;\"> twoje uwagi, linki, wlasne artykuly, lub wiadomosci przeslij do: <strong><span style=\"text-decoration: underline;\"><span style=\"color: #808080; text-decoration: underline;\"><a href=\"mailto:webmaster@reunion68.com\">webmaster@reunion68.com<\/a><\/span><\/span><\/strong><\/span><\/p>\n<\/div>\n<\/div>\n<\/div>\n<p>&nbsp;<\/p>\n<hr style=\"width: 710px;\" \/>\n","protected":false},"excerpt":{"rendered":"<p>Sylwetki &#8211; Roman Pola\u0144ski Wybitny polski re\u017cyser, scenarzysta i aktor filmowy i teatralny, producent filmowy. Laureat wielu nagr\u00f3d filmowych, w tym Z\u0142otych Lw\u00f3w, Z\u0142otej Palmy i Oscara. Data urodzenia: 1933-08-18 Kategoria: Kultura, rozrywka i media Biografia Roma\u0144 Pola\u0144ski urodzi\u0142 si\u0119 w Pary\u017cu, w rodzinie polskich \u017byd\u00f3w. Jego prawdziwe nazwisko to Raymond Liebling. W 1937 r. [&hellip;]<\/p>\n","protected":false},"author":1,"featured_media":0,"comment_status":"closed","ping_status":"closed","sticky":false,"template":"","format":"standard","meta":[],"categories":[4],"tags":[24],"_links":{"self":[{"href":"https:\/\/www.reunion68.se\/index.php?rest_route=\/wp\/v2\/posts\/8065"}],"collection":[{"href":"https:\/\/www.reunion68.se\/index.php?rest_route=\/wp\/v2\/posts"}],"about":[{"href":"https:\/\/www.reunion68.se\/index.php?rest_route=\/wp\/v2\/types\/post"}],"author":[{"embeddable":true,"href":"https:\/\/www.reunion68.se\/index.php?rest_route=\/wp\/v2\/users\/1"}],"replies":[{"embeddable":true,"href":"https:\/\/www.reunion68.se\/index.php?rest_route=%2Fwp%2Fv2%2Fcomments&post=8065"}],"version-history":[{"count":15,"href":"https:\/\/www.reunion68.se\/index.php?rest_route=\/wp\/v2\/posts\/8065\/revisions"}],"predecessor-version":[{"id":8069,"href":"https:\/\/www.reunion68.se\/index.php?rest_route=\/wp\/v2\/posts\/8065\/revisions\/8069"}],"wp:attachment":[{"href":"https:\/\/www.reunion68.se\/index.php?rest_route=%2Fwp%2Fv2%2Fmedia&parent=8065"}],"wp:term":[{"taxonomy":"category","embeddable":true,"href":"https:\/\/www.reunion68.se\/index.php?rest_route=%2Fwp%2Fv2%2Fcategories&post=8065"},{"taxonomy":"post_tag","embeddable":true,"href":"https:\/\/www.reunion68.se\/index.php?rest_route=%2Fwp%2Fv2%2Ftags&post=8065"}],"curies":[{"name":"wp","href":"https:\/\/api.w.org\/{rel}","templated":true}]}}