{"id":8093,"date":"2014-11-01T19:06:43","date_gmt":"2014-11-01T17:06:43","guid":{"rendered":"http:\/\/www.reunion68.se\/?p=8093"},"modified":"2014-11-01T09:49:31","modified_gmt":"2014-11-01T07:49:31","slug":"ja-sie-urodzilam-kolo-jasnej-gory","status":"publish","type":"post","link":"https:\/\/www.reunion68.se\/?p=8093","title":{"rendered":"Ja si\u0119 urodzi\u0142am ko\u0142o Jasnej G\u00f3ry"},"content":{"rendered":"<h4 style=\"text-align: center;\"><span style=\"text-decoration: underline;\"><span style=\"color: #000080; text-decoration: underline;\"><strong><a href=\"https:\/\/www.youtube.com\/watch?v=ZHCrTNJW1ns\" target=\"_blank\">Ja si\u0119 urodzi\u0142am ko\u0142o Jasnej G\u00f3ry<\/a><\/strong><\/span><\/span><\/h4>\n<hr style=\"height: 15px; background: #d0e6fa; width: 710px;\" \/>\n<p style=\"text-align: left;\"><span style=\"color: #000080;\"><em>\u201eKiedy\u015b wr\u00f3ci\u0142am z podw\u00f3rka z p\u0142aczem, \u017ce kto\u015b mnie przezywa\u0142, \u017ce jestem \u00ab\u017byd\u00f3wa\u00bb. Tato kaza\u0142 mi usi\u0105\u015b\u0107 i m\u00f3wi: \u00bbTak, jeste\u015b \u017byd\u00f3wk\u0105. Bo ja jestem \u017bydem, twoja mama jest \u017byd\u00f3wk\u0105, to i ty jeste\u015b\u00ab. \u00bbNie ja nie jestem\u017byd\u00f3wk\u0105. Ja si\u0119 urodzi\u0142am ko\u0142o Jasnej G\u00f3ry. Mo\u017ce wy jeste\u015bcie!\u00ab\u201d &#8211; opowiada Halina Wasilewicz, dzia\u0142aczka Towarzystwa Kulturalno-Spo\u0142ecznego \u017byd\u00f3w w Cz\u0119stochowie.<\/em><\/span><\/p>\n<p style=\"text-align: left;\"><span style=\"color: #000080;\"><em>Przedstawiamy cykl reporta\u017cy, w kt\u00f3rym o \u017cyciu w swoich miastach, o to\u017csamo\u015bci \u017cydowskiej i o tym, jak mo\u017ce ona by\u0107 r\u00f3\u017cnorodna opowiadaj\u0105 dzia\u0142acze \u017cydowscy, cz\u0142onkowie gmin i klub\u00f3w Towarzystwa Kulturalno-Spo\u0142ecznego \u017byd\u00f3w w Polsce, rabini, chazani, arty\u015bci, spo\u0142ecznicy i pasjonaci kultury \u017cydowskiej.<\/em><\/span><\/p>\n<p style=\"text-align: left;\"><span style=\"color: #000080;\">Cykl powsta\u0142 w ramach realizacji wywiad\u00f3w historii m\u00f3wionej <a href=\"http:\/\/polin.pl\/\" target=\"_blank\"><span style=\"text-decoration: underline;\"><span style=\"color: #000080; text-decoration: underline;\">Muzeum Historii \u017byd\u00f3w Polskich<\/span><\/span>.<\/a><\/span><\/p>\n<div id=\"content\" class=\"  content-alignment&lt;br \/&gt;&lt;br \/&gt; \">\n<div id=\"watch-description\" class=\"yt-uix-button-panel\">\n<div id=\"watch-description-text\"><center><br \/>\n<iframe loading=\"lazy\" src=\"\/\/www.youtube.com\/embed\/ZHCrTNJW1ns?feature=player_detailpage\" width=\"640\" height=\"360\" frameborder=\"0\" allowfullscreen=\"allowfullscreen\"><\/iframe><\/center><\/div>\n<\/div>\n<\/div>\n<p>&nbsp;<\/p>\n<hr style=\"height: 15px; background: #d0e6fa; width: 710px;\" \/>\n<div id=\"content\" class=\"  content-alignment&lt;br \/&gt;&lt;br \/&gt; \">\n<div id=\"watch-description\" class=\"yt-uix-button-panel\">\n<div id=\"watch-description-text\">\n<p style=\"text-align: center;\"><span style=\"color: #808080;\"> twoje uwagi, linki, wlasne artykuly, lub wiadomosci przeslij do: <strong><span style=\"text-decoration: underline;\"><span style=\"color: #808080; text-decoration: underline;\"><a href=\"mailto:webmaster@reunion68.com\">webmaster@reunion68.com<\/a><\/span><\/span><\/strong><\/span><\/p>\n<\/div>\n<\/div>\n<\/div>\n<p>&nbsp;<\/p>\n<hr style=\"width: 710px;\" \/>\n","protected":false},"excerpt":{"rendered":"<p>Ja si\u0119 urodzi\u0142am ko\u0142o Jasnej G\u00f3ry \u201eKiedy\u015b wr\u00f3ci\u0142am z podw\u00f3rka z p\u0142aczem, \u017ce kto\u015b mnie przezywa\u0142, \u017ce jestem \u00ab\u017byd\u00f3wa\u00bb. Tato kaza\u0142 mi usi\u0105\u015b\u0107 i m\u00f3wi: \u00bbTak, jeste\u015b \u017byd\u00f3wk\u0105. Bo ja jestem \u017bydem, twoja mama jest \u017byd\u00f3wk\u0105, to i ty jeste\u015b\u00ab. \u00bbNie ja nie jestem\u017byd\u00f3wk\u0105. Ja si\u0119 urodzi\u0142am ko\u0142o Jasnej G\u00f3ry. Mo\u017ce wy jeste\u015bcie!\u00ab\u201d &#8211; opowiada [&hellip;]<\/p>\n","protected":false},"author":1,"featured_media":0,"comment_status":"closed","ping_status":"closed","sticky":false,"template":"","format":"standard","meta":[],"categories":[4],"tags":[24],"_links":{"self":[{"href":"https:\/\/www.reunion68.se\/index.php?rest_route=\/wp\/v2\/posts\/8093"}],"collection":[{"href":"https:\/\/www.reunion68.se\/index.php?rest_route=\/wp\/v2\/posts"}],"about":[{"href":"https:\/\/www.reunion68.se\/index.php?rest_route=\/wp\/v2\/types\/post"}],"author":[{"embeddable":true,"href":"https:\/\/www.reunion68.se\/index.php?rest_route=\/wp\/v2\/users\/1"}],"replies":[{"embeddable":true,"href":"https:\/\/www.reunion68.se\/index.php?rest_route=%2Fwp%2Fv2%2Fcomments&post=8093"}],"version-history":[{"count":5,"href":"https:\/\/www.reunion68.se\/index.php?rest_route=\/wp\/v2\/posts\/8093\/revisions"}],"predecessor-version":[{"id":8098,"href":"https:\/\/www.reunion68.se\/index.php?rest_route=\/wp\/v2\/posts\/8093\/revisions\/8098"}],"wp:attachment":[{"href":"https:\/\/www.reunion68.se\/index.php?rest_route=%2Fwp%2Fv2%2Fmedia&parent=8093"}],"wp:term":[{"taxonomy":"category","embeddable":true,"href":"https:\/\/www.reunion68.se\/index.php?rest_route=%2Fwp%2Fv2%2Fcategories&post=8093"},{"taxonomy":"post_tag","embeddable":true,"href":"https:\/\/www.reunion68.se\/index.php?rest_route=%2Fwp%2Fv2%2Ftags&post=8093"}],"curies":[{"name":"wp","href":"https:\/\/api.w.org\/{rel}","templated":true}]}}