{"id":8241,"date":"2014-11-04T19:00:53","date_gmt":"2014-11-04T17:00:53","guid":{"rendered":"http:\/\/www.reunion68.se\/?p=8241"},"modified":"2014-11-04T08:08:35","modified_gmt":"2014-11-04T06:08:35","slug":"miedzynarodowa-konferencja-naukowa","status":"publish","type":"post","link":"https:\/\/www.reunion68.se\/?p=8241","title":{"rendered":"Mi\u0119dzynarodowa konferencja naukowa:"},"content":{"rendered":"<h4 style=\"text-align: center;\"><a href=\"http:\/\/www.holocaustresearch.pl\/\" target=\"_blank\"><img decoding=\"async\" class=\"center alignleft\" src=\"http:\/\/www.reunion68.com\/Biuletyn\/img\/centrum-z.png\" alt=\"\" width=\"350\" \/><\/a><span style=\"text-decoration: underline; color: #000080;\"><span style=\"text-decoration: underline;\"><strong><a style=\"color: #000080; text-decoration: underline;\" href=\"http:\/\/www.holocaustresearch.pl\/index.php?mod=news&amp;show=281\" target=\"_blank\">Mi\u0119dzynarodowa konferencja naukowa: Wok\u00f3\u0142 pomocy dla \u017byd\u00f3w w okupowanej Europie<\/a><\/strong><\/span><\/span><\/h4>\n<p style=\"text-align: center;\"><span style=\"color: #808080;\">Call for papers<\/span><\/p>\n<p style=\"text-align: center;\"><strong><span style=\"color: #808080;\">22.01.2014 09:22:23<\/span><\/strong><\/p>\n<hr style=\"height: 15px; background: #d0e6fa; width: 710px;\" \/>\n<p style=\"text-align: left;\"><span style=\"color: #000080;\">70 lat temu Niemcy doprowadzili niemal do ko\u0144ca sw\u00f3j plan ca\u0142kowitego wymordowania \u017byd\u00f3w. Na okupowanych ziemiach polskich ostatni \u017bydzi przebywali jeszcze w kilku gettach (m.in. w \u0141odzi), w obozach koncentracyjnych i w obozach pracy. Tysi\u0105ce pozostawa\u0142o w ukryciu. Spodziewali si\u0119, \u017ce wojna niebawem si\u0119 sko\u0144czy i chocia\u017c byli pewni, \u017ce kl\u0119ska III Rzeszy jest nieunikniona, nie wszyscy mogli mie\u0107 nadziej\u0119, \u017ce doczekaj\u0105 wyzwolenia. Jednym z ukrywaj\u0105cych si\u0119 by\u0142 wybitny historyk, tw\u00f3rca Podziemnego Archiwum Getta Warszawskiego \u2013 Emanuel Ringelblum. Przebywa\u0142 wraz z grup\u0105 oko\u0142o 30 \u017byd\u00f3w w schronie przy ulicy Gr\u00f3jeckiej 81 w Warszawie. 7 marca 1944 r. kryj\u00f3wka zosta\u0142a zdekonspirowana na skutek donosu, aresztowano wszystkich \u017byd\u00f3w oraz pomagaj\u0105cych im Polak\u00f3w. Kilka dni p\u00f3\u017aniej Niemcy rozstrzelali ich w ruinach getta.<\/span><\/p>\n<p style=\"padding-left: 90px;\"><span style=\"color: #000080;\">Termin: <strong>13\u201315 listopada 2014 r., Warszawa<\/strong><\/span><\/p>\n<p style=\"padding-left: 90px;\"><span style=\"color: #000080;\">Miejsce: <strong>Centrum Edukacyjne IPN im. Janusza Kurtyki \u201ePrzystanek Historia&#8221;<\/strong><\/span><br \/>\n<span style=\"color: #000080;\"> ul. <strong>Marsza\u0142kowska 21\/25, Warszawa<\/strong><\/span><br \/>\n<span style=\"color: #000080;\"> oraz<strong> \u017bydowski Instytut Historyczny, ul. T\u0142omackie 3\/5, Warszawa<\/strong><\/span><\/p>\n<hr style=\"height: 15px; background: #d0e6fa; width: 710px;\" \/>\n<div id=\"content\" class=\"  content-alignment&lt;br \/&gt;&lt;br \/&gt; \">\n<div id=\"watch-description\" class=\"yt-uix-button-panel\">\n<div id=\"watch-description-text\">\n<p style=\"text-align: center;\"><span style=\"color: #808080;\"> twoje uwagi, linki, wlasne artykuly, lub wiadomosci przeslij do: <strong><span style=\"text-decoration: underline;\"><span style=\"color: #808080; text-decoration: underline;\"><a href=\"mailto:webmaster@reunion68.com\">webmaster@reunion68.com<\/a><\/span><\/span><\/strong><\/span><\/p>\n<\/div>\n<\/div>\n<\/div>\n<p>&nbsp;<\/p>\n","protected":false},"excerpt":{"rendered":"<p>Mi\u0119dzynarodowa konferencja naukowa: Wok\u00f3\u0142 pomocy dla \u017byd\u00f3w w okupowanej Europie Call for papers 22.01.2014 09:22:23 70 lat temu Niemcy doprowadzili niemal do ko\u0144ca sw\u00f3j plan ca\u0142kowitego wymordowania \u017byd\u00f3w. Na okupowanych ziemiach polskich ostatni \u017bydzi przebywali jeszcze w kilku gettach (m.in. w \u0141odzi), w obozach koncentracyjnych i w obozach pracy. Tysi\u0105ce pozostawa\u0142o w ukryciu. Spodziewali si\u0119, [&hellip;]<\/p>\n","protected":false},"author":1,"featured_media":0,"comment_status":"closed","ping_status":"closed","sticky":false,"template":"","format":"standard","meta":[],"categories":[4],"tags":[24],"_links":{"self":[{"href":"https:\/\/www.reunion68.se\/index.php?rest_route=\/wp\/v2\/posts\/8241"}],"collection":[{"href":"https:\/\/www.reunion68.se\/index.php?rest_route=\/wp\/v2\/posts"}],"about":[{"href":"https:\/\/www.reunion68.se\/index.php?rest_route=\/wp\/v2\/types\/post"}],"author":[{"embeddable":true,"href":"https:\/\/www.reunion68.se\/index.php?rest_route=\/wp\/v2\/users\/1"}],"replies":[{"embeddable":true,"href":"https:\/\/www.reunion68.se\/index.php?rest_route=%2Fwp%2Fv2%2Fcomments&post=8241"}],"version-history":[{"count":10,"href":"https:\/\/www.reunion68.se\/index.php?rest_route=\/wp\/v2\/posts\/8241\/revisions"}],"predecessor-version":[{"id":8251,"href":"https:\/\/www.reunion68.se\/index.php?rest_route=\/wp\/v2\/posts\/8241\/revisions\/8251"}],"wp:attachment":[{"href":"https:\/\/www.reunion68.se\/index.php?rest_route=%2Fwp%2Fv2%2Fmedia&parent=8241"}],"wp:term":[{"taxonomy":"category","embeddable":true,"href":"https:\/\/www.reunion68.se\/index.php?rest_route=%2Fwp%2Fv2%2Fcategories&post=8241"},{"taxonomy":"post_tag","embeddable":true,"href":"https:\/\/www.reunion68.se\/index.php?rest_route=%2Fwp%2Fv2%2Ftags&post=8241"}],"curies":[{"name":"wp","href":"https:\/\/api.w.org\/{rel}","templated":true}]}}