{"id":8252,"date":"2014-11-04T19:03:06","date_gmt":"2014-11-04T17:03:06","guid":{"rendered":"http:\/\/www.reunion68.se\/?p=8252"},"modified":"2014-11-04T08:25:38","modified_gmt":"2014-11-04T06:25:38","slug":"8252","status":"publish","type":"post","link":"https:\/\/www.reunion68.se\/?p=8252","title":{"rendered":"Opcja niemiecka"},"content":{"rendered":"<h4 style=\"text-align: center;\"><span style=\"text-decoration: underline; color: #000080;\"><span style=\"text-decoration: underline;\"><strong><a style=\"color: #000080; text-decoration: underline;\" href=\"http:\/\/recenzjeksiazek.natemat.pl\/122695,opcja-niemiecka\" target=\"_blank\">Opcja niemiecka<\/a><\/strong><\/span><\/span><\/h4>\n<p>&#038;nbsp:<\/p>\n<hr style=\"height: 15px; background: #d0e6fa; width: 710px;\" \/>\n<div style=\"width: 360px\" class=\"wp-caption alignright\"><img decoding=\"async\" src=\"http:\/\/m.natemat.pl\/7a2a18b4e16d3ddb2a7b57d8d88547ef,640,0,0,0.jpg\" alt=\"Piotr Zychowicz Opcja niemiecka Czyli jak polscy antykomuni\u015bci pr\u00f3bowali porozumie\u0107 si\u0119 z III Rzesz\u0105\" width=\"350\" \/><p class=\"wp-caption-text\">Piotr Zychowicz Opcja niemiecka Czyli jak polscy antykomuni\u015bci pr\u00f3bowali porozumie\u0107 si\u0119 z III Rzesz\u0105 \u2022 Wydawnictwo Rebis<\/p><\/div>\n<p style=\"text-align: left;\"><span style=\"color: #000080;\">Mit Polski niewinnej, Polski nieskalanej cho\u0107by pr\u00f3b\u0105 nawi\u0105zania wsp\u00f3\u0142pracy z niemieckim okupantem upada pod ci\u0119\u017carem dowod\u00f3w, kt\u00f3re spoczywaj\u0105 zar\u00f3wno w polskich jak i niemieckich archiwach. Ta ciemna plama na naszej historii miast sta\u0107 si\u0119 przyczynkiem do refleksji, sta\u0142a si\u0119 dla Piotra Zychowicza powodem do wyra\u017cenia dumy z postawy zdrajc\u00f3w i kolaborant\u00f3w.<\/span><\/p>\n<p style=\"text-align: left;\"><span style=\"color: #000080;\">Historii nale\u017cy si\u0119 uczy\u0107, bowiem tylko z niej mo\u017cemy wyci\u0105gn\u0105\u0107 nauczki na przysz\u0142o\u015b\u0107. Historia uczy nas o skutkach pope\u0142nionych b\u0142\u0119d\u00f3w i nakazuje nam dog\u0142\u0119bnie analizowa\u0107 sytuacj\u0119 geopolityczn\u0105, w kt\u00f3rej znale\u017ali si\u0119 historyczni przyw\u00f3dcy. Biada jednak tym, kt\u00f3rzy z analizy dziej\u00f3w wyci\u0105gn\u0105 zbyt daleko id\u0105ce wnioski. Mog\u0105 si\u0119 bowiem posun\u0105\u0107 do gloryfikacji zdrady.<\/span><\/p>\n<p style=\"text-align: left;\"><span style=\"color: #000080;\">Ze smutkiem stwierdzam, i\u017c Piotr Zychowicz osi\u0105gn\u0105\u0142 ten etap w swojej najnowszej ksi\u0105\u017cce. Opcja niemiecka jest bowiem ksi\u0105\u017ck\u0105, w kt\u00f3rej mamy do czynienia z gloryfikacj\u0105 zwyk\u0142ej zdrady. Czym\u017ce bowiem innym by\u0142o porozumienie si\u0119 z wrogiem wbrew polityce legalnego rz\u0105du? Czym z kolei by\u0142y pr\u00f3by porozumienia si\u0119 oficer\u00f3w polskiego podziemia ze \u015bmiertelnym wrogiem narodu polskiego?<\/span><\/p>\n<p style=\"text-align: left;\"><span style=\"color: #000080;\">Sama ksi\u0105\u017cka zaczyna si\u0119 od nadu\u017cycia. Autor stara si\u0119 udowodni\u0107, \u017ce polska polityka mog\u0142a by\u0107 analogiczna do francuskiej. Utworzenie kad\u0142ubowego pa\u0144stwa, kt\u00f3re mog\u0142o sta\u0107 si\u0119 alternatyw\u0105 dla polityki Sikorskiego. Solidna, wg Autora argumentacja przypomina \u017cale mieszka\u0144ca Syberii, kt\u00f3ry chcia\u0142by za\u0142o\u017cy\u0107 upraw\u0119 banan\u00f3w, na kt\u00f3r\u0105 nie pozwala mu polityka Kremla. Autor ignoruje bowiem \u017ar\u00f3d\u0142a historyczne, zapowiedzi niemieckiej polityki, a tak\u017ce zwyk\u0142\u0105 geografi\u0119, zgodnie z zasad\u0105, \u017ce im bardziej fakty przecz\u0105 jego tezom, tym gorzej dla fakt\u00f3w.<\/span><\/p>\n<p style=\"text-align: left;\"><span style=\"color: #000080;\">By\u0107 mo\u017ce nie ocenia\u0142bym ksi\u0105\u017cki Piotra Zychowicza zbyt surowo, gdyby nie fakt, i\u017c alergicznie reaguj\u0119 na wszelkiej ma\u015bci hagiografi\u0119. Nale\u017c\u0119 bowiem do tego pokolenia, kt\u00f3re by\u0142o karmione w szkole opowie\u015bciami o Leninie w Poroninie i eposach o bohaterach czystych jak \u0142za. Tak wi\u0119c wszelkie kwieciste sformu\u0142owania i apele o zapami\u0119tanie takiego czy innego zdrajcy interes\u00f3w Polski mog\u0142y wywo\u0142a\u0107 u mnie tylko niech\u0119\u0107 do pisz\u0105cego takie s\u0142owa. Niech\u0119\u0107 t\u0119 pog\u0142\u0119bi\u0142y jeszcze inne tezy Autora. Ot\u00f3\u017c Piotr Zychowicz postawi\u0142 cezur\u0119 czasow\u0105, po kt\u00f3rej niemo\u017cliwym by\u0142a takowa wsp\u00f3\u0142praca na po\u0142ow\u0119 1940 roku. Postawa ta, godna jest historyk\u00f3w analizuj\u0105cych okupacj\u0119 tylko przez pryzmat Generalnej Guberni. Dla Piotra Zychowicza ofiary mord\u00f3w na trenie G\u00f3rnego \u015al\u0105ska, Wielkopolski czy Pomorza by\u0142y zupe\u0142nie pozbawione znaczenia, a o ich m\u0119cze\u0144skiej \u015bmierci mo\u017cna by\u0142o zapomnie\u0107 w imi\u0119 polsko -niemieckich stosunk\u00f3w.<\/span><br \/>\n<div style=\"width: 110px\" class=\"wp-caption alignleft\"><a href=\"http:\/\/recenzjeksiazek.natemat.pl\/\" target=\"_blank\"><img decoding=\"async\" src=\"http:\/\/m.natemat.pl\/33718e30a6f68aa4cd2a47c3eaf37812.jpg\" alt=\"Adam Kraszewski\" width=\"100\" \/><\/a><p class=\"wp-caption-text\">Adam Kraszewski<\/p><\/div><\/p>\n<p><span style=\"color: #000080;\"> Kolejnym grzechem pierworodnym Piotra Zychowicza jest zarzut braku pluralizmu w polskiej armii podziemnej. Tu zapewne ka\u017cdy z nas si\u0119 tylko \u017cachnie. Armia z regu\u0142y oparta jest na sformalizowanej strukturze, w kt\u00f3rej rozkaz winien by\u0107 wykonany. Armia podziemna dzia\u0142aj\u0105ca w bardziej skomplikowanych warunkach musi by\u0107 o wiele bardziej zdyscyplinowana. Czy\u017cby to umkn\u0119\u0142o uwadze publicysty historycznego? A mo\u017ce zdecydowany antykomunizm odebra\u0142 Autorowi zdolno\u015b\u0107 logicznego my\u015blenia, co dowodzi\u0107 mo\u017ce fakt uznania genera\u0142a Sikorskiego za sowieckiego kolaboranta\u2026.<\/span><\/p>\n<p style=\"text-align: right;\"><span style=\"color: #000080;\">Czytaj dalej tu: <span style=\"text-decoration: underline;\"><strong><a style=\"color: #000080; text-decoration: underline;\" href=\"http:\/\/recenzjeksiazek.natemat.pl\/122695,opcja-niemiecka\" target=\"_blank\">Opcja niemiecka<\/a><\/strong><\/span><\/span><\/p>\n<hr style=\"height: 15px; background: #d0e6fa; width: 710px;\" \/>\n<div id=\"content\" class=\"  content-alignment&lt;br \/&gt;&lt;br \/&gt; \">\n<div id=\"watch-description\" class=\"yt-uix-button-panel\">\n<div id=\"watch-description-text\">\n<p style=\"text-align: center;\"><span style=\"color: #808080;\"> twoje uwagi, linki, wlasne artykuly, lub wiadomosci przeslij do: <strong><span style=\"text-decoration: underline;\"><span style=\"color: #808080; text-decoration: underline;\"><a href=\"mailto:webmaster@reunion68.com\">webmaster@reunion68.com<\/a><\/span><\/span><\/strong><\/span><\/p>\n<\/div>\n<\/div>\n<\/div>\n","protected":false},"excerpt":{"rendered":"<p>Opcja niemiecka &#038;nbsp: Mit Polski niewinnej, Polski nieskalanej cho\u0107by pr\u00f3b\u0105 nawi\u0105zania wsp\u00f3\u0142pracy z niemieckim okupantem upada pod ci\u0119\u017carem dowod\u00f3w, kt\u00f3re spoczywaj\u0105 zar\u00f3wno w polskich jak i niemieckich archiwach. Ta ciemna plama na naszej historii miast sta\u0107 si\u0119 przyczynkiem do refleksji, sta\u0142a si\u0119 dla Piotra Zychowicza powodem do wyra\u017cenia dumy z postawy zdrajc\u00f3w i kolaborant\u00f3w. Historii [&hellip;]<\/p>\n","protected":false},"author":1,"featured_media":0,"comment_status":"closed","ping_status":"closed","sticky":false,"template":"","format":"standard","meta":[],"categories":[6],"tags":[24],"_links":{"self":[{"href":"https:\/\/www.reunion68.se\/index.php?rest_route=\/wp\/v2\/posts\/8252"}],"collection":[{"href":"https:\/\/www.reunion68.se\/index.php?rest_route=\/wp\/v2\/posts"}],"about":[{"href":"https:\/\/www.reunion68.se\/index.php?rest_route=\/wp\/v2\/types\/post"}],"author":[{"embeddable":true,"href":"https:\/\/www.reunion68.se\/index.php?rest_route=\/wp\/v2\/users\/1"}],"replies":[{"embeddable":true,"href":"https:\/\/www.reunion68.se\/index.php?rest_route=%2Fwp%2Fv2%2Fcomments&post=8252"}],"version-history":[{"count":20,"href":"https:\/\/www.reunion68.se\/index.php?rest_route=\/wp\/v2\/posts\/8252\/revisions"}],"predecessor-version":[{"id":8254,"href":"https:\/\/www.reunion68.se\/index.php?rest_route=\/wp\/v2\/posts\/8252\/revisions\/8254"}],"wp:attachment":[{"href":"https:\/\/www.reunion68.se\/index.php?rest_route=%2Fwp%2Fv2%2Fmedia&parent=8252"}],"wp:term":[{"taxonomy":"category","embeddable":true,"href":"https:\/\/www.reunion68.se\/index.php?rest_route=%2Fwp%2Fv2%2Fcategories&post=8252"},{"taxonomy":"post_tag","embeddable":true,"href":"https:\/\/www.reunion68.se\/index.php?rest_route=%2Fwp%2Fv2%2Ftags&post=8252"}],"curies":[{"name":"wp","href":"https:\/\/api.w.org\/{rel}","templated":true}]}}