{"id":8273,"date":"2014-11-04T19:10:42","date_gmt":"2014-11-04T17:10:42","guid":{"rendered":"http:\/\/www.reunion68.se\/?p=8273"},"modified":"2014-11-04T11:42:14","modified_gmt":"2014-11-04T09:42:14","slug":"jerzy-stuhr-chcialbym-zeby-kaczynski-sie-smial","status":"publish","type":"post","link":"https:\/\/www.reunion68.se\/?p=8273","title":{"rendered":"Jerzy Stuhr: chcia\u0142bym, \u017ceby Kaczy\u0144ski si\u0119 \u015bmia\u0142"},"content":{"rendered":"<h4 style=\"text-align: center;\"><a href=\"http:\/\/wiadomosci.wp.pl\/\" target=\"_blank\"><img decoding=\"async\" class=\"center alignleft\" src=\"http:\/\/www.reunion68.com\/Biuletyn\/img\/wp.png\" alt=\"\" \/><\/a><span style=\"text-decoration: underline; color: #000080;\"><span style=\"text-decoration: underline;\"><strong><a style=\"color: #000080; text-decoration: underline;\" href=\"http:\/\/wiadomosci.wp.pl\/kat,1027139,title,Znany-rezyser-szokuje-Chcialbym-zeby-Kaczynski-sie-smial,wid,17005184,wiadomosc.html?ticaid=113be3\" target=\"_blank\">Jerzy Stuhr: chcia\u0142bym, \u017ceby Kaczy\u0144ski si\u0119 \u015bmia\u0142<\/a><\/strong><\/span><\/span><\/h4>\n<p style=\"text-align: center;\"><span style=\"color: #808080;\"><strong>Joanna Stanis\u0142awska<\/strong><\/span><\/p>\n<hr style=\"height: 15px; background: #d0e6fa; width: 710px;\" \/>\n<div id=\"content\" class=\"  content-alignment&lt;br \/&gt;&lt;br \/&gt; \">\n<div id=\"watch-description\" class=\"yt-uix-button-panel\">\n<div id=\"watch-description-text\"><span style=\"color: #808080;\"><strong><cite>Ja sobie tego przecie\u017c nie wymy\u015bli\u0142em! W centrum Warszawy, przy ulicy Marsza\u0142kowskiej kupi\u0142em broszurk\u0119 &#8220;Kto jest \u017bydem w Polsce&#8221; i przeczyta\u0142em tam nie tylko, jak rozpozna\u0107 \u017byda, ale te\u017c dowiedzia\u0142em si\u0119, \u017ce naprawd\u0119 nazywam si\u0119 Jozef Fajngold<br \/>\nJerzy Stuhr<\/cite><\/strong><\/span><\/div>\n<\/div>\n<\/div>\n<p>&nbsp;<\/p>\n<div style=\"width: 360px\" class=\"wp-caption alignright\"><img decoding=\"async\" class=\"fot\" src=\"http:\/\/i.wp.pl\/a\/f\/jpeg\/34010\/jerzy_stuhr_388a.jpeg\" alt=\"\" width=\"350\" \/><p class=\"wp-caption-text\">Jerzy Stuhr<\/p><\/div>\n<p style=\"text-align: left;\"><span style=\"color: #000080;\">Chcia\u0142bym, \u017ceby Jaros\u0142aw Kaczy\u0144ski \u015bmia\u0142 si\u0119 na &#8220;Obywatelu&#8221;. Wtedy bym wiedzia\u0142, \u017ce trafi\u0142em pod strzechy. Cel tego filmu zosta\u0142by maksymalnie zrealizowany: nie k\u0142\u00f3\u0107my si\u0119, ale si\u0119 roze\u015bmiejmy. Przyznajmy sami przed sob\u0105, \u017ce czasem jeste\u015bmy \u015bmieszni &#8211; m\u00f3wi w rozmowie z Wirtualn\u0105 Polsk\u0105 aktor i re\u017cyser filmowy i teatralny Jerzy Stuhr<\/span>.<\/p>\n<p style=\"text-align: left;\"><span style=\"color: #808080;\">Joanna Stanis\u0142awska: &#8211; Kiedy przy okazji &#8220;Pok\u0142osia&#8221; mocno oberwa\u0142o si\u0119 pa\u0144skiemu synowi, by\u0142 pan wstrz\u0105\u015bni\u0119ty. Teraz jednak sam pan wsadza kij w mrowisko, rozbudowuj\u0105c w &#8220;Obywatelu&#8221; w\u0105tek relacji polsko-\u017cydowskich. I to w takim kierunku, kt\u00f3ry z pewno\u015bci\u0105 nie spodoba si\u0119 tym, kt\u00f3rzy krytykowali tamten film.<\/span><\/p>\n<p style=\"text-align: left;\"><span style=\"color: #000080;\">Jerzy Stuhr: Chcia\u0142em ten film zrobi\u0107 przede wszystkim szczerze. Od 40 lat ucz\u0119 student\u00f3w, \u017ce asekuranctwo zabija odwag\u0119 tw\u00f3rcz\u0105. A teraz sam mia\u0142bym zrobi\u0107 unik?<\/span><\/p>\n<p style=\"text-align: left;\"><span style=\"color: #808080;\">Joanna Stanis\u0142awska: Zamiast uniku zdecydowa\u0142 si\u0119 pan na konfrontacj\u0119. Ch\u0142osta pan nas, Polak\u00f3w i wytyka nasze narodowe wady, a my tego nie lubimy. Unikamy rozpraw z czarnymi kartami naszej historii.<\/span><\/p>\n<p style=\"text-align: left;\"><span style=\"color: #000080;\">&#8211; Opowiadam o swoim \u017cyciu i mia\u0142bym udawa\u0107, \u017ce nie by\u0142o w nim antysemityzmu? Kiedy do mojego domu na wsi przyje\u017cd\u017caj\u0105 w odwiedziny W\u0142osi, s\u0142ysz\u0119, jak s\u0105siad ze swojego pola komentuje: &#8220;O, znowu t\u0119 \u017cydowsk\u0105 mow\u0119 s\u0142ycha\u0107!&#8221;<\/span>.<\/p>\n<p style=\"text-align: right;\"><span style=\"color: #000080;\">Czytaj dalej tu: <strong><span style=\"text-decoration: underline;\"><a style=\"color: #000080; text-decoration: underline;\" href=\"http:\/\/wiadomosci.wp.pl\/kat,1027139,title,Znany-rezyser-szokuje-Chcialbym-zeby-Kaczynski-sie-smial,wid,17005184,wiadomosc.html?ticaid=113be3\" target=\"_blank\">Jerzy Stuhr: chcia\u0142bym, \u017ceby Kaczy\u0144ski si\u0119 \u015bmia\u0142<\/a><\/span><\/strong><\/span><\/p>\n<hr style=\"height: 15px; background: #d0e6fa; width: 710px;\" \/>\n<div id=\"content\" class=\"  content-alignment&lt;br \/&gt;&lt;br \/&gt; \">\n<div id=\"watch-description\" class=\"yt-uix-button-panel\">\n<div id=\"watch-description-text\">\n<p style=\"text-align: center;\"><span style=\"color: #808080;\"> twoje uwagi, linki, wlasne artykuly, lub wiadomosci przeslij do: <strong><span style=\"text-decoration: underline;\"><span style=\"color: #808080; text-decoration: underline;\"><a href=\"mailto:webmaster@reunion68.com\">webmaster@reunion68.com<\/a><\/span><\/span><\/strong><\/span><\/p>\n<\/div>\n<\/div>\n<\/div>\n","protected":false},"excerpt":{"rendered":"<p>Jerzy Stuhr: chcia\u0142bym, \u017ceby Kaczy\u0144ski si\u0119 \u015bmia\u0142 Joanna Stanis\u0142awska Ja sobie tego przecie\u017c nie wymy\u015bli\u0142em! W centrum Warszawy, przy ulicy Marsza\u0142kowskiej kupi\u0142em broszurk\u0119 &#8220;Kto jest \u017bydem w Polsce&#8221; i przeczyta\u0142em tam nie tylko, jak rozpozna\u0107 \u017byda, ale te\u017c dowiedzia\u0142em si\u0119, \u017ce naprawd\u0119 nazywam si\u0119 Jozef Fajngold Jerzy Stuhr &nbsp; Chcia\u0142bym, \u017ceby Jaros\u0142aw Kaczy\u0144ski \u015bmia\u0142 si\u0119 [&hellip;]<\/p>\n","protected":false},"author":1,"featured_media":0,"comment_status":"closed","ping_status":"closed","sticky":false,"template":"","format":"standard","meta":[],"categories":[4],"tags":[24],"_links":{"self":[{"href":"https:\/\/www.reunion68.se\/index.php?rest_route=\/wp\/v2\/posts\/8273"}],"collection":[{"href":"https:\/\/www.reunion68.se\/index.php?rest_route=\/wp\/v2\/posts"}],"about":[{"href":"https:\/\/www.reunion68.se\/index.php?rest_route=\/wp\/v2\/types\/post"}],"author":[{"embeddable":true,"href":"https:\/\/www.reunion68.se\/index.php?rest_route=\/wp\/v2\/users\/1"}],"replies":[{"embeddable":true,"href":"https:\/\/www.reunion68.se\/index.php?rest_route=%2Fwp%2Fv2%2Fcomments&post=8273"}],"version-history":[{"count":23,"href":"https:\/\/www.reunion68.se\/index.php?rest_route=\/wp\/v2\/posts\/8273\/revisions"}],"predecessor-version":[{"id":8296,"href":"https:\/\/www.reunion68.se\/index.php?rest_route=\/wp\/v2\/posts\/8273\/revisions\/8296"}],"wp:attachment":[{"href":"https:\/\/www.reunion68.se\/index.php?rest_route=%2Fwp%2Fv2%2Fmedia&parent=8273"}],"wp:term":[{"taxonomy":"category","embeddable":true,"href":"https:\/\/www.reunion68.se\/index.php?rest_route=%2Fwp%2Fv2%2Fcategories&post=8273"},{"taxonomy":"post_tag","embeddable":true,"href":"https:\/\/www.reunion68.se\/index.php?rest_route=%2Fwp%2Fv2%2Ftags&post=8273"}],"curies":[{"name":"wp","href":"https:\/\/api.w.org\/{rel}","templated":true}]}}