{"id":8297,"date":"2014-11-05T18:00:25","date_gmt":"2014-11-05T16:00:25","guid":{"rendered":"http:\/\/www.reunion68.se\/?p=8297"},"modified":"2014-11-05T08:14:52","modified_gmt":"2014-11-05T06:14:52","slug":"jakie-emocje-budzi-slowo-zyd","status":"publish","type":"post","link":"https:\/\/www.reunion68.se\/?p=8297","title":{"rendered":"Jakie emocje budzi s\u0142owo \u201e\u017byd\u201d?"},"content":{"rendered":"<h4 style=\"text-align: center;\"><a href=\"http:\/\/www.tvp.info\/\" target=\"_blank\"><img decoding=\"async\" class=\"center alignleft\" src=\"http:\/\/www.reunion68.com\/Biuletyn\/img\/tvp.png\" alt=\"\" \/><\/a><span style=\"text-decoration: underline; color: #000080;\"><span style=\"text-decoration: underline;\"><strong><a style=\"color: #000080; text-decoration: underline;\" href=\"http:\/\/www.tvp.info\/17502821\/jakie-emocje-budzi-slowozyd-terlikowski-powoli-negatywna-tresc-sie-wyplukuje\" target=\"_blank\">Jakie emocje budzi s\u0142owo \u201e\u017byd\u201d? <\/a><\/strong><\/span><\/span><\/h4>\n<p style=\"text-align: center;\"><span style=\"color: #808080;\"><strong>kf, jk<\/strong><\/span><\/p>\n<hr style=\"height: 15px; background: #d0e6fa; width: 710px;\" \/>\n<p><img decoding=\"async\" class=\"alignright\" src=\"http:\/\/s.tvp.pl\/images2\/d\/9\/4\/uid_d947a21bc0a2b6f70ae9b979f1a30d4c1414962803697_width_633_play_0_pos_0_gs_0_height_355.jpg\" alt=\"\" width=\"350\" \/><span style=\"color: #808080;\"><strong>\u201e\u017byd\u201d &#8211; to s\u0142owo, kt\u00f3re nadal budzi wiele emocji. W kontek\u015bcie otwarcia Muzeum Historii \u017byd\u00f3w Polskich dyskutowali o nim go\u015bcie programu \u201eBez retuszu\u201d w TVP Info. Dominikanin, o. Marek Nowak uwa\u017ca, \u017ce \u017byd to jeden ze znajomych. Prof. Jacek Leociak, historyk &#8211; \u017ce s\u0142owo to jest jednak nacechowane negatywnie. \u2013 Zale\u017cy gdzie ucho przy\u0142o\u017cy\u0107 \u2013 tak odpowiedzia\u0142 z kolei Tomasz Terlikowski, publicysta, cho\u0107 jak doda\u0142, ta negatywna tre\u015b\u0107 powoli si\u0119 wyp\u0142ukuje.<\/strong><\/span><\/p>\n<p style=\"text-align: left;\"><span style=\"color: #000080;\">\u2013 Ja si\u0119 z tym s\u0142owem oby\u0142em, mam du\u017co znajomych \u017byd\u00f3w, dlatego bardzo cz\u0119sto \u201e\u017byd\u201d to jeden ze znajomych \u2013 m\u00f3wi\u0142 o. Nowak. Zdaniem prof. Leociaka w j\u0119zyku polskim s\u0142owo \u201e\u017byd\u201d jest nacechowane negatywnie. Historyk powo\u0142a\u0142 si\u0119 na przys\u0142owia. Zaznaczy\u0142, \u017ce podobnie jest w j\u0119zyku codziennym. Pytany, czy to znaczy, \u017ce Polacy s\u0105 antysemitami, odpar\u0142: \u201eNie, m\u00f3wimy o j\u0119zyku\u201d. \u2013 Moja wypowied\u017a dotyczy j\u0119zyka, a nie antysemityzmu.<\/span><\/p>\n<p style=\"text-align: left;\"><span style=\"color: #000080;\">Polacy to antysemici?<\/span><\/p>\n<p style=\"text-align: left;\"><span style=\"color: #000080;\">Zdaniem Aleksandra Smolara kiedy\u015b to s\u0142owo by\u0142o kiedy\u015b \u2013 jak powiedzia\u0142 \u2013 obsceniczne; dzisiaj to si\u0119 zmienia. \u2013 U inteligencji pewnie bardziej \u2013 doda\u0142. \u2013 A je\u015bli pyta pan o problem antysemityzmu, to s\u0105 badania. Ponad 20 proc. Polak\u00f3w (&#8230;) uwa\u017ca, \u017ce \u017bydzi zamordowali Jezusa, ponad 20 proc. uwa\u017ca, \u017ce by\u0142y mordy rytualne \u2013 powiedzia\u0142. Doda\u0142, \u017ce s\u0105 r\u00f3\u017cne formy antysemityzmu, m.in. antysemityzm polityczny, polegaj\u0105cy na pogl\u0105dzie, \u017ce \u017bydzi rz\u0105dz\u0105 \u015bwiatem, s\u0105 bogatsi. \u2013 S\u0105 silnie obecne w Polsce. Ale to si\u0119 s\u0142abo przek\u0142ada\u0142o na polityk\u0119. We Francji by\u0142\u0105 partia otwarcie antysemicka, w Polsce takiej nie by\u0142o \u2013 zauwa\u017cy\u0142.<\/span><\/p>\n<p style=\"text-align: right;\"><span style=\"color: #000080;\">Czytaj dalej \/ obekzyj video tu: <span style=\"text-decoration: underline;\"><strong><a style=\"color: #000080; text-decoration: underline;\" href=\"http:\/\/www.tvp.info\/17502821\/jakie-emocje-budzi-slowozyd-terlikowski-powoli-negatywna-tresc-sie-wyplukuje\" target=\"_blank\">Jakie emocje budzi s\u0142owo \u201e\u017byd\u201d? <\/a><\/strong><\/span><\/span><\/p>\n<hr style=\"height: 15px; background: #d0e6fa; width: 710px;\" \/>\n<div id=\"content\" class=\"  content-alignment&lt;br \/&gt;&lt;br \/&gt; \">\n<div id=\"watch-description\" class=\"yt-uix-button-panel\">\n<div id=\"watch-description-text\">\n<p style=\"text-align: center;\"><span style=\"color: #808080;\"> twoje uwagi, linki, wlasne artykuly, lub wiadomosci przeslij do: <strong><span style=\"text-decoration: underline;\"><span style=\"color: #808080; text-decoration: underline;\"><a href=\"mailto:webmaster@reunion68.com\">webmaster@reunion68.com<\/a><\/span><\/span><\/strong><\/span><\/p>\n<\/div>\n<\/div>\n<\/div>\n<p>&nbsp;<\/p>\n<hr style=\"width: 710px;\" \/>\n","protected":false},"excerpt":{"rendered":"<p>Jakie emocje budzi s\u0142owo \u201e\u017byd\u201d? kf, jk \u201e\u017byd\u201d &#8211; to s\u0142owo, kt\u00f3re nadal budzi wiele emocji. W kontek\u015bcie otwarcia Muzeum Historii \u017byd\u00f3w Polskich dyskutowali o nim go\u015bcie programu \u201eBez retuszu\u201d w TVP Info. Dominikanin, o. Marek Nowak uwa\u017ca, \u017ce \u017byd to jeden ze znajomych. Prof. Jacek Leociak, historyk &#8211; \u017ce s\u0142owo to jest jednak nacechowane [&hellip;]<\/p>\n","protected":false},"author":1,"featured_media":0,"comment_status":"closed","ping_status":"closed","sticky":false,"template":"","format":"standard","meta":[],"categories":[6],"tags":[24],"_links":{"self":[{"href":"https:\/\/www.reunion68.se\/index.php?rest_route=\/wp\/v2\/posts\/8297"}],"collection":[{"href":"https:\/\/www.reunion68.se\/index.php?rest_route=\/wp\/v2\/posts"}],"about":[{"href":"https:\/\/www.reunion68.se\/index.php?rest_route=\/wp\/v2\/types\/post"}],"author":[{"embeddable":true,"href":"https:\/\/www.reunion68.se\/index.php?rest_route=\/wp\/v2\/users\/1"}],"replies":[{"embeddable":true,"href":"https:\/\/www.reunion68.se\/index.php?rest_route=%2Fwp%2Fv2%2Fcomments&post=8297"}],"version-history":[{"count":15,"href":"https:\/\/www.reunion68.se\/index.php?rest_route=\/wp\/v2\/posts\/8297\/revisions"}],"predecessor-version":[{"id":8313,"href":"https:\/\/www.reunion68.se\/index.php?rest_route=\/wp\/v2\/posts\/8297\/revisions\/8313"}],"wp:attachment":[{"href":"https:\/\/www.reunion68.se\/index.php?rest_route=%2Fwp%2Fv2%2Fmedia&parent=8297"}],"wp:term":[{"taxonomy":"category","embeddable":true,"href":"https:\/\/www.reunion68.se\/index.php?rest_route=%2Fwp%2Fv2%2Fcategories&post=8297"},{"taxonomy":"post_tag","embeddable":true,"href":"https:\/\/www.reunion68.se\/index.php?rest_route=%2Fwp%2Fv2%2Ftags&post=8297"}],"curies":[{"name":"wp","href":"https:\/\/api.w.org\/{rel}","templated":true}]}}