{"id":8314,"date":"2014-11-05T18:03:15","date_gmt":"2014-11-05T16:03:15","guid":{"rendered":"http:\/\/www.reunion68.se\/?p=8314"},"modified":"2014-11-05T08:37:42","modified_gmt":"2014-11-05T06:37:42","slug":"tad-taube-sponsor-pamieci-kim-jest-najwiekszy-darczynca-muzeum-historii-zydow-polskich","status":"publish","type":"post","link":"https:\/\/www.reunion68.se\/?p=8314","title":{"rendered":"Tad Taube &#8211; sponsor pami\u0119ci Kim jest najwi\u0119kszy daroczy\u0144ca Muzeum Historii \u017byd\u00f3w Polskich?"},"content":{"rendered":"<h4 style=\"text-align: center;\"><a href=\"http:\/\/historia.newsweek.pl\/\" target=\"_blank\"><img decoding=\"async\" class=\"center alignleft\" src=\"http:\/\/www.reunion68.com\/Biuletyn\/img\/newsweek.jpg\" alt=\"\" \/><\/a><span style=\"text-decoration: underline; color: #000080;\"><span style=\"text-decoration: underline;\"><strong><a style=\"color: #000080; text-decoration: underline;\" href=\"http:\/\/historia.newsweek.pl\/sponsor-pamieci-tad-taube-muzeum-zydow-newsweek-pl,artykuly,350808,1.html#kategoria\" target=\"_blank\">Tad Taube &#8211; sponsor pami\u0119ci Kim jest najwi\u0119kszy darczy\u0144ca Muzeum Historii \u017byd\u00f3w Polskich? <\/a><\/strong><\/span><\/span><\/h4>\n<p style=\"text-align: center;\"><span style=\"color: #808080;\"><strong>Marcin Marczak<\/strong><\/span><\/p>\n<hr style=\"height: 15px; background: #d0e6fa; width: 710px;\" \/>\n<div style=\"width: 360px\" class=\"wp-caption alignright\"><img decoding=\"async\" src=\"http:\/\/www.newsweek.pl\/g\/i.aspx\/680\/0\/newsweek\/635503757776340356.jpg\" alt=\"Tad Taube\" width=\"350\" border=\"0\" \/><p class=\"wp-caption-text\">Tad Taube fot: Taube Philanthropies<\/p><\/div>\n<p style=\"text-align: left;\"><span style=\"color: #808080;\"><strong>&#8211; Jestem \u017cydem, Amerykaninem i kapitalist\u0105. Dlatego da\u0142em pieni\u0105dze na budow\u0119 muzeum w Warszawie &#8211; m\u00f3wi &#8220;Newsweekowi&#8221; Tad Taube, najwi\u0119kszy darczy\u0144ca otwartego w\u0142a\u015bnie Muzeum Historii \u017byd\u00f3w Polskich. Grupa filantrop\u00f3w kt\u00f3rej przewodzi przekaza\u0142a w\u0142a\u015bnie otwartemu muzeum ponad 50 milion\u00f3w z\u0142otych.<\/strong><\/span><\/p>\n<p style=\"text-align: left;\"><span style=\"color: #000080;\">Newsweek: Kiedy uzna\u0142 Pan, \u017ce przeznaczy pieni\u0105dze na muzeum upami\u0119tniaj\u0105ce polskich \u017byd\u00f3w?<\/span><br \/>\n<span style=\"color: #000080;\"> Tad Taube: Mniej wi\u0119cej 10 lat temu podczas lunchu w Pa\u0142acu Prezydenckim, na kt\u00f3ry prezydent Aleksander Kwa\u015bniewski zaprosi\u0142 kilkunastu ameryka\u0144skich filantrop\u00f3w w tym mnie. Da\u0142 nam mocno do zrozumienia, \u017ce upami\u0119tniaj\u0105ce \u017byd\u00f3w muzeum mo\u017ce stan\u0105\u0107 w Warszawie. W pa\u0142acowym foyer sta\u0142 nawet model budynku &#8211; oczywi\u015bcie zupe\u0142nie inny od obecnego budynku. W tym czasie okaza\u0142o, \u017ce w\u0142adze Warszawy przyzna\u0142y grunt obok pomnika Bohater\u00f3w Getta, a polski rz\u0105d og\u0142osi\u0142, \u017ce b\u0119dzie finansowa\u0142 wzniesienie gmachu.<\/span><\/p>\n<p style=\"text-align: left;\"><span style=\"color: #000080;\">Okaza\u0142o si\u0119, \u017ce pieni\u0105dze o prywatnych darczy\u0144c\u00f3w s\u0105 potrzebne na ekspozycj\u0119 sta\u0142\u0105. Pocz\u0105tkowo chodzi\u0142o o 7 milion\u00f3w z\u0142otych zabezpieczenia dla bank\u00f3w. Widz\u0105c zaanga\u017cowanie Polak\u00f3w uzna\u0142em, \u017ce warto im pom\u00f3c. Szybko okaza\u0142o si\u0119, \u017ce jest nas wi\u0119cej i \u017ce jeste\u015bmy w stanie zebra\u0107 35 milion\u00f3w z\u0142otych, kt\u00f3re budowniczy muzeum liczyli uzyska\u0107 od prywatnych darczy\u0144c\u00f3w. Ostatecznie ja i ludzie, kt\u00f3rych uda\u0142o mi si\u0119 pozyska\u0107 dla sprawy przekazali\u015bmy ponad 50 milion\u00f3w.<\/span><\/p>\n<p style=\"text-align: left;\"><span style=\"color: #000080;\">Newsweek: Wiele os\u00f3b by\u0142o ch\u0119tnych by dotowa\u0107 muzeum?<\/span><br \/>\n<span style=\"color: #000080;\"> Tad Taube: Pozyskiwanie ludzi dla tej sprawy nie by\u0142o \u0142atwe. Chodzili\u015bmy od drzwi do drzwi odwiedzaj\u0105c \u017byd\u00f3w mieszkaj\u0105cych w regionie zatoki San Francisco, ale ich percepcja Polski w tamtym czasie nie by\u0142a najlepsza. Ot, cho\u0107by nie\u017cyj\u0105cy ju\u017c Jack Tramiel, za\u0142o\u017cyciel firmy Commodore, a potem w\u0142a\u015bciciel Atari. Gdy us\u0142ysza\u0142 o pomy\u015ble zacz\u0105\u0142 si\u0119 \u015bmia\u0107 twierdz\u0105c, \u017ce postrada\u0142em zmys\u0142y. Ale kiedy zabra\u0142em go do Polski sta\u0142 si\u0119 jednym z najbardziej szczodrych darczy\u0144c\u00f3w i niczym gorliwy neofita zach\u0119ca\u0142 do tego innych.<\/span><\/p>\n<p style=\"text-align: left;\"><span style=\"color: #000080;\">Newsweek: A Pan ma prywatne powody do zaanga\u017cowania si\u0119 w budow\u0119?<\/span><br \/>\n<span style=\"color: #000080;\"> Tad Taube: Urodzi\u0142em si\u0119 w Krakowie i jako dziecko, latem 1939 r. wyemigrowa\u0142em do USA. To wolny rynek w USA da\u0142 mi mo\u017cliwo\u015b\u0107 zrobienia du\u017cych pieni\u0119dzy: handlowa\u0142em nieruchomo\u015bciami, zarz\u0105dza\u0142em firm\u0105 produkuj\u0105c\u0105 s\u0142ynne w latach 70. koszule non-iron, produkowa\u0142em p\u00f3\u0142przewodniki w Dolinie Krzemowej. I nagle okaza\u0142o si\u0119, \u017ce Polska, kt\u00f3r\u0105 odwiedza\u0142em za komuny idzie w t\u0119 sam\u0105 stron\u0119 &#8211; kapitalizmu i wolnego rynku. To dobry &#8211; moim zdaniem &#8211; kierunek. Zreszt\u0105, gdy bylem tu w 1988 r. w Warszawie by\u0142 jeden sklep, a Krakowski rynek wygl\u0105da\u0142 jak pustynia. A dzi\u015b chyba nie musz\u0119 nic m\u00f3wi\u0107.<\/span><\/p>\n<hr style=\"height: 15px; background: #d0e6fa; width: 710px;\" \/>\n<div id=\"content\" class=\"  content-alignment&lt;br \/&gt;&lt;br \/&gt; \">\n<div id=\"watch-description\" class=\"yt-uix-button-panel\">\n<div id=\"watch-description-text\">\n<p style=\"text-align: center;\"><span style=\"color: #808080;\"> twoje uwagi, linki, wlasne artykuly, lub wiadomosci przeslij do: <strong><span style=\"text-decoration: underline;\"><span style=\"color: #808080; text-decoration: underline;\"><a href=\"mailto:webmaster@reunion68.com\">webmaster@reunion68.com<\/a><\/span><\/span><\/strong><\/span><\/p>\n<\/div>\n<\/div>\n<\/div>\n<p>&nbsp;<\/p>\n<hr style=\"width: 710px;\" \/>\n","protected":false},"excerpt":{"rendered":"<p>Tad Taube &#8211; sponsor pami\u0119ci Kim jest najwi\u0119kszy darczy\u0144ca Muzeum Historii \u017byd\u00f3w Polskich? Marcin Marczak &#8211; Jestem \u017cydem, Amerykaninem i kapitalist\u0105. Dlatego da\u0142em pieni\u0105dze na budow\u0119 muzeum w Warszawie &#8211; m\u00f3wi &#8220;Newsweekowi&#8221; Tad Taube, najwi\u0119kszy darczy\u0144ca otwartego w\u0142a\u015bnie Muzeum Historii \u017byd\u00f3w Polskich. Grupa filantrop\u00f3w kt\u00f3rej przewodzi przekaza\u0142a w\u0142a\u015bnie otwartemu muzeum ponad 50 milion\u00f3w z\u0142otych. Newsweek: [&hellip;]<\/p>\n","protected":false},"author":1,"featured_media":0,"comment_status":"closed","ping_status":"closed","sticky":false,"template":"","format":"standard","meta":[],"categories":[4],"tags":[24],"_links":{"self":[{"href":"https:\/\/www.reunion68.se\/index.php?rest_route=\/wp\/v2\/posts\/8314"}],"collection":[{"href":"https:\/\/www.reunion68.se\/index.php?rest_route=\/wp\/v2\/posts"}],"about":[{"href":"https:\/\/www.reunion68.se\/index.php?rest_route=\/wp\/v2\/types\/post"}],"author":[{"embeddable":true,"href":"https:\/\/www.reunion68.se\/index.php?rest_route=\/wp\/v2\/users\/1"}],"replies":[{"embeddable":true,"href":"https:\/\/www.reunion68.se\/index.php?rest_route=%2Fwp%2Fv2%2Fcomments&post=8314"}],"version-history":[{"count":12,"href":"https:\/\/www.reunion68.se\/index.php?rest_route=\/wp\/v2\/posts\/8314\/revisions"}],"predecessor-version":[{"id":8326,"href":"https:\/\/www.reunion68.se\/index.php?rest_route=\/wp\/v2\/posts\/8314\/revisions\/8326"}],"wp:attachment":[{"href":"https:\/\/www.reunion68.se\/index.php?rest_route=%2Fwp%2Fv2%2Fmedia&parent=8314"}],"wp:term":[{"taxonomy":"category","embeddable":true,"href":"https:\/\/www.reunion68.se\/index.php?rest_route=%2Fwp%2Fv2%2Fcategories&post=8314"},{"taxonomy":"post_tag","embeddable":true,"href":"https:\/\/www.reunion68.se\/index.php?rest_route=%2Fwp%2Fv2%2Ftags&post=8314"}],"curies":[{"name":"wp","href":"https:\/\/api.w.org\/{rel}","templated":true}]}}