{"id":840,"date":"2014-05-12T07:39:45","date_gmt":"2014-05-12T05:39:45","guid":{"rendered":"http:\/\/www.reunion68.se\/?p=840"},"modified":"2014-05-12T07:50:39","modified_gmt":"2014-05-12T05:50:39","slug":"slub-we-wroclawiu","status":"publish","type":"post","link":"https:\/\/www.reunion68.se\/?p=840","title":{"rendered":"\u015alub we Wroc\u0142awiu"},"content":{"rendered":"<p><a href=\"http:\/\/www.jewish.org.pl\/\"><img decoding=\"async\" class=\"alignleft\" src=\"http:\/\/www.reunion68.com\/Biuletyn\/img\/jop-big.gif\" alt=\"\" width=\"200\" \/><\/a><\/p>\n<h3 style=\"text-align: center;\"><span style=\"text-decoration: underline;\"><strong><span style=\"color: #000080; text-decoration: underline;\"><a class=\"tytul2\" href=\"http:\/\/www.jewish.org.pl\/\"><span style=\"color: #000080; text-decoration: underline;\">\u015alub we Wroc\u0142awiu<\/span><\/a><\/span><\/strong><\/span><\/h3>\n<table border=\"0\" width=\"100%\" cellspacing=\"0\" cellpadding=\"0\">\n<tbody>\n<tr>\n<td style=\"vertical-align: top; text-align: left;\"><img decoding=\"async\" src=\"http:\/\/www.jewish.org.pl\/images\/stories\/WroclawSlubKatkaSlawomir.jpg\" alt=\"\" width=\"300\" \/><\/td>\n<td style=\"vertical-align: top; text-align: left;\"><span style=\"color: #000080;\">Z ogromn\u0105 rado\u015bci\u0105 dzielimy si\u0119 z Pa\u0144stwem wiadomo\u015bci\u0105 o nadchodz\u0105cym \u015blubie \u017cydowskim, kt\u00f3ry odb\u0119dzie si\u0119 we wroc\u0142awskiej Synagodze Pod Bia\u0142ym Bocianem\u00a0\u00a022 czerwca 2014 roku. Wsp\u00f3lnie z Wroc\u0142awskim Oddzia\u0142em Zwi\u0105zku Gmin Wyznaniowych \u017bydowskich w RP i Fundacj\u0105 Bente Kahan, odpowiedzialnymi za renowacj\u0119 synagogi, szcz\u0119\u015bliwa para: Katka Reszke i S\u0142awomir Gr\u00fcnberg<\/span><\/td>\n<\/tr>\n<\/tbody>\n<\/table>\n<p><span style=\"color: #000080;\">postanowili zamieni\u0107 swoj\u0105 ceremoni\u0119 za\u015blubin w jedyny w swoim rodzaju festiwal \u017cycia \u017cydowskiego w Polsce. Dzie\u0144 ceremonii \u2013 niedziela, 22 czerwca \u2013 wype\u0142niony b\u0119dzie muzyk\u0105, ta\u0144cem i atrakcjami artystycznymi, dzi\u0119ki wielu zaproszonym go\u015bciom, artystom i znamienitym reprezentantom spo\u0142eczno\u015bci \u017cydowskiej z Polski i z zagranicy. Wydarzenie b\u0119dzie otwarte dla publiczno\u015bci, zar\u00f3wno \u017cydowskiej, jak i nie-\u017cydowskiej \u2013 b\u0119dzie to niezwyk\u0142a okazja, aby do\u015bwiadczy\u0107 wsp\u00f3\u0142czesnego \u017cycia i kultury \u017cydowskiej jako autentycznej cz\u0119\u015bci polskiego krajobrazu kulturowego.<\/span><\/p>\n<p><span style=\"color: #000080;\">Synagoga pod Bia\u0142ym Bocianem zosta\u0142a odrestaurowana w latach 2008 \u2013 2010 z funduszy EOG (Islandia, Liechtenstein i Norwegia), a tak\u017ce funduszy miasta Wroc\u0142awia, Zwi\u0105zku Gmin Wyznaniowych \u017bydowskich w RP i jego wroc\u0142awskiego oddzia\u0142u oraz Fundacji Bente Kahan jako lidera projektu renowacji.<\/span><\/p>\n<p><span style=\"color: #000080;\">Katka i S\u0142awek, kt\u00f3rzy stan\u0105 pod chup\u0105, czyli baldachimem \u015blubnym, urodzili si\u0119 i wychowali w Polsce bez \u015bwiadomo\u015bci swojego \u017cydowskiego pochodzenia. Oboje zdecydowali si\u0119 ju\u017c w doros\u0142o\u015bci pog\u0142\u0119bi\u0107 odkryte korzenie \u017cydowskie. Spotkali si\u0119 w 2007 roku i od tego czasu zwi\u0105zani s\u0105 ze sob\u0105 zar\u00f3wno emocjonalnie, jak i zawodowo. Dziel\u0105c sw\u00f3j czas pomi\u0119dzy Polsk\u0105 i Nowym Jorkiem, po\u015bwi\u0119caj\u0105 si\u0119 tak\u017ce odrodzeniu \u017cycia \u017cydowskiego w Polsce, pisz\u0105c o nim i tworz\u0105c filmy dokumentalne.<\/span><\/p>\n<p><span style=\"color: #000080;\">Wi\u0119cej informacji pod adresem <strong><a href=\"mailto:jewishcommunitywroclaw@gmail.com\">jewishcommunitywroclaw@gmail.com<\/a><\/strong> Adres poczty elektronicznej jest chroniony przed robotami spamuj\u0105cymi. W przegl\u0105darce musi by\u0107 w\u0142\u0105czona obs\u0142uga JavaScript, \u017ceby go zobaczy\u0107. lub na stronach: <strong><a href=\"http:\/\/katreszke.wix.com\/wedding\">http:\/\/katreszke.wix.com\/wedding<\/a>, \u00a0<\/strong><\/span><strong><a href=\"https:\/\/www.facebook.com\/events\/712392058811282\/\">https:\/\/www.facebook.com\/events\/712392058811282\/<\/a><\/strong><\/p>\n<hr \/>\n","protected":false},"excerpt":{"rendered":"<p>\u015alub we Wroc\u0142awiu Z ogromn\u0105 rado\u015bci\u0105 dzielimy si\u0119 z Pa\u0144stwem wiadomo\u015bci\u0105 o nadchodz\u0105cym \u015blubie \u017cydowskim, kt\u00f3ry odb\u0119dzie si\u0119 we wroc\u0142awskiej Synagodze Pod Bia\u0142ym Bocianem\u00a0\u00a022 czerwca 2014 roku. Wsp\u00f3lnie z Wroc\u0142awskim Oddzia\u0142em Zwi\u0105zku Gmin Wyznaniowych \u017bydowskich w RP i Fundacj\u0105 Bente Kahan, odpowiedzialnymi za renowacj\u0119 synagogi, szcz\u0119\u015bliwa para: Katka Reszke i S\u0142awomir Gr\u00fcnberg postanowili zamieni\u0107 swoj\u0105 [&hellip;]<\/p>\n","protected":false},"author":1,"featured_media":0,"comment_status":"closed","ping_status":"closed","sticky":false,"template":"","format":"standard","meta":[],"categories":[4],"tags":[],"_links":{"self":[{"href":"https:\/\/www.reunion68.se\/index.php?rest_route=\/wp\/v2\/posts\/840"}],"collection":[{"href":"https:\/\/www.reunion68.se\/index.php?rest_route=\/wp\/v2\/posts"}],"about":[{"href":"https:\/\/www.reunion68.se\/index.php?rest_route=\/wp\/v2\/types\/post"}],"author":[{"embeddable":true,"href":"https:\/\/www.reunion68.se\/index.php?rest_route=\/wp\/v2\/users\/1"}],"replies":[{"embeddable":true,"href":"https:\/\/www.reunion68.se\/index.php?rest_route=%2Fwp%2Fv2%2Fcomments&post=840"}],"version-history":[{"count":39,"href":"https:\/\/www.reunion68.se\/index.php?rest_route=\/wp\/v2\/posts\/840\/revisions"}],"predecessor-version":[{"id":885,"href":"https:\/\/www.reunion68.se\/index.php?rest_route=\/wp\/v2\/posts\/840\/revisions\/885"}],"wp:attachment":[{"href":"https:\/\/www.reunion68.se\/index.php?rest_route=%2Fwp%2Fv2%2Fmedia&parent=840"}],"wp:term":[{"taxonomy":"category","embeddable":true,"href":"https:\/\/www.reunion68.se\/index.php?rest_route=%2Fwp%2Fv2%2Fcategories&post=840"},{"taxonomy":"post_tag","embeddable":true,"href":"https:\/\/www.reunion68.se\/index.php?rest_route=%2Fwp%2Fv2%2Ftags&post=840"}],"curies":[{"name":"wp","href":"https:\/\/api.w.org\/{rel}","templated":true}]}}