{"id":8478,"date":"2014-11-07T08:57:10","date_gmt":"2014-11-07T06:57:10","guid":{"rendered":"http:\/\/www.reunion68.se\/?p=8478"},"modified":"2014-11-07T08:57:10","modified_gmt":"2014-11-07T06:57:10","slug":"czy-synagoga-w-bydgoszczy-stanie-sie-centrum-kultury","status":"publish","type":"post","link":"https:\/\/www.reunion68.se\/?p=8478","title":{"rendered":"Czy synagoga w Bydgoszczy stanie si\u0119 centrum kultury?"},"content":{"rendered":"<h4 style=\"text-align: center;\"><a href=\"http:\/\/www.jewish-heritage-europe.eu\/\" target=\"_blank\"><img decoding=\"async\" class=\"center alignleft\" src=\"http:\/\/www.reunion68.com\/Biuletyn\/img\/w-sz.jpg\" alt=\"\" \/><\/a><span style=\"text-decoration: underline; color: #000080;\"><span style=\"text-decoration: underline;\"><strong><a style=\"color: #000080; text-decoration: underline;\" href=\"http:\/\/www.sztetl.org.pl\/pl\/cms\/aktualnosci\/4380,czy-synagoga-w-bydgoszczy-stanie-sie-centrum-kultury-\/\" target=\"_blank\">Czy synagoga w Bydgoszczy stanie si\u0119 centrum kultury?<\/a><\/strong><\/span><\/span><\/h4>\n<p style=\"text-align: center;\"><span style=\"color: #808080;\">Autor:<strong> Adrianna Adamik<br \/>\n<\/strong>\u0179r\u00f3d\u0142o:<strong> \u201eExpress Bydgoski\u201d<br \/>\n<\/strong><\/span><\/p>\n<hr style=\"height: 15px; background: #d0e6fa; width: 710px;\" \/>\n<div style=\"width: 360px\" class=\"wp-caption alignright\"><a href=\"http:\/\/www.sztetl.org.pl\/getimage.php?c=OBRAZY&amp;x=800&amp;y=500&amp;file=obraz_5679.jpg\"><img decoding=\"async\" src=\"http:\/\/www.sztetl.org.pl\/getimage.php?c=OBRAZY&amp;x=800&amp;y=500&amp;file=obraz_5679.jpg\" alt=\"\" width=\"350\" \/><\/a><p class=\"wp-caption-text\">Dawna synagoga w Bydgoszczy-Fordonie (foto: Uczestnicy projektu &#8220;\u015aladami przesz\u0142o\u015bci&#8221;)<\/p><\/div>\n<p style=\"text-align: left;\"><span style=\"color: #808080;\"><strong>Remontowana synagoga z XIX w. w bydgoskim Fordonie czeka na wsparcie finansowe. Cz\u0142onkowie Komisji Kultury i Nauki Rady Miasta chc\u0105, aby budynek zosta\u0142 przekazany Miejskiemu Centrum Kultury.<\/strong><\/span><\/p>\n<p style=\"text-align: left;\"><span style=\"color: #000080;\">Dawn\u0105 synagog\u0105 od 2013 r. opiekuje si\u0119 Fundacja dla Uniwersytetu Kazimierza Wielkiego. Wcze\u015bniej obiektem zajmowa\u0142a si\u0119 Fundacja Kultury Yakiza.<\/span><\/p>\n<p style=\"text-align: left;\"><span style=\"color: #000080;\">O renowacji tu:<strong><span style=\"text-decoration: underline;\"> <a style=\"color: #000080; text-decoration: underline;\" href=\"http:\/\/www.sztetl.org.pl\/pl\/article\/fordon\/11,synagogi-domy-modlitwy-i-inne\/189,synagoga-ul-przy-boznicy-\/\" target=\"_blank\">Renowacja zrujnowanego zabytku rozpocz\u0119\u0142a si\u0119 8 lat temu.<\/a><\/span><\/strong><\/span><\/p>\n<p style=\"text-align: left;\"><span style=\"color: #000080;\">Renowacja zrujnowanego zabytku rozpocz\u0119\u0142a si\u0119 8 lat temu. W tej chwili tempo prac budowlanych zmala\u0142o do zera. Do zamkni\u0119cia projektu wci\u0105\u017c potrzebne s\u0105 miliony z\u0142otych.<\/span><\/p>\n<p style=\"text-align: left;\"><span style=\"color: #000080;\">Prezes Fundacji Bogdan Kunach m\u00f3wi, \u017ce organizacja nie ma \u015brodk\u00f3w na stworzenie studium wykonalno\u015bci projektu. Bez tego dokumentu niemo\u017cliwe jest ubieganie si\u0119 o dodatkowe dofinansowanie na remont.<\/span><\/p>\n<p style=\"text-align: left;\"><span style=\"color: #000080;\">Na ostatnim posiedzeniu Komisja Kultury i Nauki RM Bydgoszczy zaproponowa\u0142a, aby od tej pory budynkiem opiekowa\u0142o si\u0119 miasto. Reprezentanci Fundacji nie s\u0105 przychylni temu pomys\u0142owi. Cho\u0107 pod projektem rewitalizacji fordo\u0144skiej synagogi podpisa\u0142 si\u0119 marsza\u0142ek Sejmu Rados\u0142aw Sikorski, inwestor\u00f3w wci\u0105\u017c brak.<\/span><\/p>\n<p style=\"text-align: left;\"><span style=\"color: #000080;\">By\u0107 mo\u017ce przej\u0119cie budynku przez Miejskie Centrum Kultury jest jedyn\u0105 szans\u0105 na jego uratowanie?<\/span><\/p>\n<hr style=\"height: 15px; background: #d0e6fa; width: 710px;\" \/>\n<div id=\"content\" class=\"  content-alignment&lt;br \/&gt;&lt;br \/&gt; \">\n<div id=\"watch-description\" class=\"yt-uix-button-panel\">\n<div id=\"watch-description-text\">\n<p style=\"text-align: center;\"><span style=\"color: #808080;\"> twoje uwagi, linki, wlasne artykuly, lub wiadomosci przeslij do: <strong><span style=\"text-decoration: underline;\"><span style=\"color: #808080; text-decoration: underline;\"><a href=\"mailto:webmaster@reunion68.com\">webmaster@reunion68.com<\/a><\/span><\/span><\/strong><\/span><\/p>\n<\/div>\n<\/div>\n<\/div>\n<p>&nbsp;<\/p>\n<hr style=\"width: 710px;\" \/>\n","protected":false},"excerpt":{"rendered":"<p>Czy synagoga w Bydgoszczy stanie si\u0119 centrum kultury? Autor: Adrianna Adamik \u0179r\u00f3d\u0142o: \u201eExpress Bydgoski\u201d Remontowana synagoga z XIX w. w bydgoskim Fordonie czeka na wsparcie finansowe. Cz\u0142onkowie Komisji Kultury i Nauki Rady Miasta chc\u0105, aby budynek zosta\u0142 przekazany Miejskiemu Centrum Kultury. Dawn\u0105 synagog\u0105 od 2013 r. opiekuje si\u0119 Fundacja dla Uniwersytetu Kazimierza Wielkiego. Wcze\u015bniej obiektem [&hellip;]<\/p>\n","protected":false},"author":1,"featured_media":0,"comment_status":"closed","ping_status":"closed","sticky":false,"template":"","format":"standard","meta":[],"categories":[4],"tags":[24],"_links":{"self":[{"href":"https:\/\/www.reunion68.se\/index.php?rest_route=\/wp\/v2\/posts\/8478"}],"collection":[{"href":"https:\/\/www.reunion68.se\/index.php?rest_route=\/wp\/v2\/posts"}],"about":[{"href":"https:\/\/www.reunion68.se\/index.php?rest_route=\/wp\/v2\/types\/post"}],"author":[{"embeddable":true,"href":"https:\/\/www.reunion68.se\/index.php?rest_route=\/wp\/v2\/users\/1"}],"replies":[{"embeddable":true,"href":"https:\/\/www.reunion68.se\/index.php?rest_route=%2Fwp%2Fv2%2Fcomments&post=8478"}],"version-history":[{"count":15,"href":"https:\/\/www.reunion68.se\/index.php?rest_route=\/wp\/v2\/posts\/8478\/revisions"}],"predecessor-version":[{"id":8493,"href":"https:\/\/www.reunion68.se\/index.php?rest_route=\/wp\/v2\/posts\/8478\/revisions\/8493"}],"wp:attachment":[{"href":"https:\/\/www.reunion68.se\/index.php?rest_route=%2Fwp%2Fv2%2Fmedia&parent=8478"}],"wp:term":[{"taxonomy":"category","embeddable":true,"href":"https:\/\/www.reunion68.se\/index.php?rest_route=%2Fwp%2Fv2%2Fcategories&post=8478"},{"taxonomy":"post_tag","embeddable":true,"href":"https:\/\/www.reunion68.se\/index.php?rest_route=%2Fwp%2Fv2%2Ftags&post=8478"}],"curies":[{"name":"wp","href":"https:\/\/api.w.org\/{rel}","templated":true}]}}