{"id":84964,"date":"2021-04-26T17:00:24","date_gmt":"2021-04-26T15:00:24","guid":{"rendered":"http:\/\/www.reunion68.se\/?p=84964"},"modified":"2021-04-19T15:03:29","modified_gmt":"2021-04-19T13:03:29","slug":"12-00-57","status":"publish","type":"post","link":"https:\/\/www.reunion68.se\/?p=84964","title":{"rendered":"Orthodox Jewish Rapper Nissim Black on Experiencing Racism and Turning Struggles Into \u2018Greatness\u2019"},"content":{"rendered":"<h5 style=\"text-align: center;\"><a href=\"https:\/\/www.algemeiner.com\/\" target=\"_blank\" rel=\"noopener noreferrer\"><img decoding=\"async\" class=\"center alignleft\" src=\"http:\/\/www.reunion68.com\/Biuletyn\/img\/algem.png\" alt=\"\" width=\"35%\"><\/a><span style=\"text-decoration: underline; color: #000080;\"><span><strong><a style=\"color: #000080; text-decoration: underline;\" href=\"https:\/\/www.algemeiner.com\/2021\/04\/02\/orthodox-jewish-rapper-nissim-black-on-experiencing-racism-and-turning-struggles-into-greatness\/\" target=\"_blank\" rel=\"noopener noreferrer\">Orthodox Jewish Rapper Nissim Black on Experiencing Racism and Turning Struggles Into \u2018Greatness\u2019<\/a><\/strong><\/span><\/span><\/h5>\n<p style=\"text-align: center;\"><span style=\"color: #000000;\"><strong>Shiryn Ghermezian<\/strong><\/span><\/p>\n<hr style=\"height: 15px; background: #d0e6fa; width: 100%;\">\n<p style=\"text-align: center;\"><img decoding=\"async\" class=\"aligncenter\" src=\"https:\/\/www.algemeiner.com\/wp-content\/uploads\/2021\/04\/Nissim_3-1.jpg\" width=\"100%\"><span style=\"color: #808080;\"><em>Nissim Black. Photo: Wikimedia Commons.<\/em><\/span><\/p>\n<p style=\"text-align: left;\"><span style=\"color: #000080;\">Rapper Nissim Black spoke<em>&nbsp;<\/em>about facing discrimination for being a Black Orthodox Jew in a new interview with the&nbsp;<em>Jewish News\u2019<\/em>&nbsp;<a style=\"color: #000080;\" href=\"https:\/\/jewishnews.timesofisrael.com\/life-magazine-nissim-black-im-turning-whats-wrong-into-my-greatness\/\" target=\"_blank\" rel=\"noopener noreferrer\"><em>Life Magazine.<\/em><\/a><\/span><\/p>\n<p style=\"text-align: left;\"><span style=\"color: #000080;\">A native of Seattle, where his parents were part of the hip-hop scene, Black grew up Muslim and then, after joining a youth group, converted to Christianity. By the age of 19 he was interested in music, but after a friend shot a rival rapper who had disrespected Black, he stepped back to reflect on his life, began praying, and ultimately turned to Judaism.<\/span><\/p>\n<p style=\"text-align: left;\"><span style=\"color: #000080;\">He and his wife converted in 2012 and made&nbsp;<em>aliyah<\/em>&nbsp;in 2016. They initially lived in Jerusalem\u2019s ultra-Orthodox neighborhood Mea She\u2019arim, but after some of Black\u2019s six children faced racial prejudice, the family moved to Beit Shemesh.<\/span><\/p>\n<p style=\"text-align: left;\"><span style=\"color: #000080;\">Asked about the racism he has faced, Black told&nbsp;<em>Life Magazine<\/em>&nbsp;he had a tough time adjusting to people staring at him. \u201cYou know, I don\u2019t think it\u2019s always a bad thing in terms of what they may be thinking, that somebody where I came from decided to become Jewish,\u201d he added.<\/span><\/p>\n<p style=\"text-align: left;\"><span style=\"color: #000080;\">The musician said he believes there would be more understanding between the Jewish and the African-American communities if they were educated and aware of each other\u2019s struggles<em>.&nbsp;<\/em>Giving himself as an example, he admitted that he knew nothing about the Holocaust until he was age 20 and starting learning about Judaism. He noted that has also been asked about the African American experience by otherwise educated people.<\/span><\/p>\n<p style=\"text-align: left;\"><span style=\"color: #000080;\">Black also said he has been approached by people in the Jewish community who voice their concerns to him because they believe he will listen without prejudice.<span class=\"Apple-converted-space\">&nbsp;He explained,&nbsp;<\/span>\u201cThey tell me, \u2018If we go to a rabbi, they\u2019re going to judge us, but with you I\u2019m comfortable, because I know you\u2019re not going to judge me as you are open about where you came from.\u2019\u201d<span class=\"Apple-converted-space\">&nbsp;<\/span><\/span><\/p>\n<p style=\"text-align: left;\"><span style=\"color: #000080;\">Black said he\u2019s taking all his life experiences and making them work in his favor.<\/span><\/p>\n<p style=\"text-align: left;\"><span style=\"color: #000080;\">\u201cEverything that\u2019s \u2018wrong\u2019 for me \u2014 I\u2019ve had all these problems, I\u2019m a&nbsp;<i>ger<\/i>&nbsp;(convert), I come from the worst of the worst, my parents sold drugs \u2014 I\u2019m taking them, and I\u2019m going to make them my greatness.\u201d<\/span><\/p>\n<hr style=\"height: 15px; background: #d0e6fa; width: 100%;\">\n<div id=\"content\" class=\"content-alignment\">\n<div id=\"watch-description\" class=\"yt-uix-button-panel\">\n<div id=\"watch-description-text\" style=\"text-align: center;\">\n<p><em>Zawarto\u015b\u0107 publikowanych artyku\u0142\u00f3w i materia\u0142\u00f3w nie reprezentuje pogl\u0105d\u00f3w ani opinii Reunion&#8217;68,<\/em><em><br \/>\nani te\u017c webmastera Blogu Reunion&#8217;68, chyba ze jest to wyra\u017anie zaznaczone.<br \/>\nTwoje uwagi, linki, w\u0142asne artyku\u0142y lub wiadomo\u015bci prze\u015blij na adres:<br \/>\n<\/em><span style=\"color: #000080;\"><strong><em><a style=\"color: #000080;\" href=\"mailto:webmaster@reunion68.com\"><span style=\"text-decoration: underline;\">webmaster@reunion68.com<\/span><\/a><\/em><\/strong><\/span><\/p>\n<\/div>\n<\/div>\n<\/div>\n<hr style=\"width: 100%;\">\n","protected":false},"excerpt":{"rendered":"<p>Orthodox Jewish Rapper Nissim Black on Experiencing Racism and Turning Struggles Into \u2018Greatness\u2019 Shiryn Ghermezian Nissim Black. Photo: Wikimedia Commons. Rapper Nissim Black spoke&nbsp;about facing discrimination for being a Black Orthodox Jew in a new interview with the&nbsp;Jewish News\u2019&nbsp;Life Magazine. A native of Seattle, where his parents were part of the hip-hop scene, Black grew [&hellip;]<\/p>\n","protected":false},"author":1,"featured_media":0,"comment_status":"closed","ping_status":"closed","sticky":false,"template":"","format":"standard","meta":[],"categories":[3],"tags":[26,24],"_links":{"self":[{"href":"https:\/\/www.reunion68.se\/index.php?rest_route=\/wp\/v2\/posts\/84964"}],"collection":[{"href":"https:\/\/www.reunion68.se\/index.php?rest_route=\/wp\/v2\/posts"}],"about":[{"href":"https:\/\/www.reunion68.se\/index.php?rest_route=\/wp\/v2\/types\/post"}],"author":[{"embeddable":true,"href":"https:\/\/www.reunion68.se\/index.php?rest_route=\/wp\/v2\/users\/1"}],"replies":[{"embeddable":true,"href":"https:\/\/www.reunion68.se\/index.php?rest_route=%2Fwp%2Fv2%2Fcomments&post=84964"}],"version-history":[{"count":3,"href":"https:\/\/www.reunion68.se\/index.php?rest_route=\/wp\/v2\/posts\/84964\/revisions"}],"predecessor-version":[{"id":85187,"href":"https:\/\/www.reunion68.se\/index.php?rest_route=\/wp\/v2\/posts\/84964\/revisions\/85187"}],"wp:attachment":[{"href":"https:\/\/www.reunion68.se\/index.php?rest_route=%2Fwp%2Fv2%2Fmedia&parent=84964"}],"wp:term":[{"taxonomy":"category","embeddable":true,"href":"https:\/\/www.reunion68.se\/index.php?rest_route=%2Fwp%2Fv2%2Fcategories&post=84964"},{"taxonomy":"post_tag","embeddable":true,"href":"https:\/\/www.reunion68.se\/index.php?rest_route=%2Fwp%2Fv2%2Ftags&post=84964"}],"curies":[{"name":"wp","href":"https:\/\/api.w.org\/{rel}","templated":true}]}}