{"id":8524,"date":"2014-11-07T18:59:26","date_gmt":"2014-11-07T16:59:26","guid":{"rendered":"http:\/\/www.reunion68.se\/?p=8524"},"modified":"2014-11-07T17:08:21","modified_gmt":"2014-11-07T15:08:21","slug":"list-otwarty-panie-prezydencie-prosze-nie-skladac-kwiatow-pod-pomnikiem-romana-dmowskiego","status":"publish","type":"post","link":"https:\/\/www.reunion68.se\/?p=8524","title":{"rendered":"List otwarty Panie Prezydencie, prosz\u0119 nie sk\u0142ada\u0107 kwiat\u00f3w pod pomnikiem Romana Dmowskiego"},"content":{"rendered":"<h4 style=\"text-align: center;\"><a href=\"https:\/\/www.facebook.com\/events\/483875401750926\/permalink\/483875738417559\/\" target=\"_blank\"><img decoding=\"async\" class=\"coverPhotoImg photo img\" style=\"top: -169px; width: 100%;\" src=\"https:\/\/scontent-a-fra.xx.fbcdn.net\/hphotos-xpa1\/v\/t1.0-9\/9454_806327836091952_8102605970905852267_n.jpg?oh=4422f27e6b0951279af9ba5760854716&amp;oe=54F3B3F6\" alt=\"Cover Photo\" width=\"710\" data-fbid=\"806327836091952\" \/><\/a><span style=\"text-decoration: underline; color: #000080;\"><span style=\"text-decoration: underline;\"><strong><a style=\"color: #000080; text-decoration: underline;\" href=\"https:\/\/www.facebook.com\/events\/483875401750926\/permalink\/483875738417559\/\" target=\"_blank\">List otwarty Panie Prezydencie, prosz\u0119 nie sk\u0142ada\u0107 kwiat\u00f3w pod pomnikiem Romana Dmowskiego<\/a><\/strong><\/span><\/span><\/h4>\n<hr style=\"height: 15px; background: #d0e6fa; width: 710px;\" \/>\n<p style=\"text-align: left;\"><span style=\"color: #000080;\">List otwarty<\/span><\/p>\n<p style=\"text-align: left;\"><span style=\"color: #000080;\"> Panie Prezydencie, prosz\u0119 nie sk\u0142ada\u0107 kwiat\u00f3w pod pomnikiem Romana Dmowskiego<\/span><\/p>\n<p style=\"text-align: left;\"><span style=\"color: #000080;\">11 listopada Prezydent RP, Bronis\u0142aw Komorowski poprowadzi marsz &#8220;Razem dla Niepodleg\u0142ej&#8221;. G\u0142owa pa\u0144stwa wraz zaproszonymi go\u015b\u0107mi ma z\u0142o\u017cy\u0107 kwiaty pod pomnikami ojc\u00f3w niepodleg\u0142o\u015bci m.in. Wojciecha Korfantego, J\u00f3zefa Pi\u0142sudskiego i Wincentego Witosa. W programie znalaz\u0142 si\u0119 r\u00f3wnie\u017c przystanek pod pomnikiem Romana Dmowskiego &#8211; z jednej strony uczestnika Konferencji Wersalskiej, z drugiej zajad\u0142ego antysemity, inspiratora atak\u00f3w na robotnik\u00f3w walcz\u0105cych z caratem w rewolucji 1905 roku, polityka jawnie zafascynowanego faszyzmem niemieckim i w\u0142oskim.<\/span><\/p>\n<p style=\"text-align: left;\"><span style=\"color: #000080;\">W XXI wieku Pa\u0144stwo Polskie, b\u0119d\u0105ce cz\u0142onkiem Unii Europejskiej i Rady Europy, historycznie niezwykle silnie do\u015bwiadczone skutkami ksenofobicznych ideologii nie mo\u017ce promowa\u0107 postaci takich jak Roman Dmowski.<\/span><\/p>\n<p style=\"text-align: left;\"><span style=\"color: #000080;\">Dzi\u015b ideowe dzieci Romana Dmowskiego atakuj\u0105 squoty, dokonuj\u0105 pobi\u0107 imigrant\u00f3w i homoseksualist\u00f3w, odwo\u0142uj\u0105 si\u0119 do tradycji przedwojennego antysemityzmu.<\/span><\/p>\n<p style=\"text-align: left;\"><span style=\"color: #000080;\">Upami\u0119tnienie Romana Dmowskiego w tym dniu mog\u0142oby tworzy\u0107 wra\u017cenie, \u017ce Prezydent RP uznaje tradycje endencji jako r\u00f3wnoprawn\u0105 w przestrzeni publicznej. A za tak\u0105 uznana by\u0107 nie mo\u017ce i nie powinna: zalicza si\u0119 do niej getto \u0142awkowe i numerus clausus, ataki na sklepy \u017cydowskie, pobicia i okaleczenia student\u00f3w pochodzenia \u017cydowskiego, kampanie nienawi\u015bci rozp\u0119tywane przez pras\u0119, popieranie dzia\u0142a\u0144 Hitlera wyra\u017cane przez takich ideolog\u00f3w narodowej demokracji jak chocia\u017cby J\u0119drzej Giertych, kt\u00f3rego wnuk i spadkobierca w ubieg\u0142ym roku towarzyszy\u0142 Panu Prezydentowi w obchodach Dnia Niepodleg\u0142o\u015bci.<\/span><\/p>\n<p style=\"text-align: left;\"><span style=\"color: #000080;\">Dlatego apelujemy o omini\u0119cie w tym roku przystanku przy pomniku Romana Dmowskiego.<\/span><\/p>\n<p style=\"text-align: left;\"><span style=\"color: #000080;\">List ma charakter otwarty i jest podany do publicznej wiadomo\u015bci.<\/span><\/p>\n<p style=\"text-align: left;\"><span style=\"color: #000080;\">Je\u015bli zgadzaj\u0105 si\u0119 Pa\u0144stwo z jego tre\u015bci\u0105, prosz\u0119 podpisa\u0107 si\u0119 w komentarzu pod wydarzeniem.<\/span><\/p>\n<hr style=\"height: 15px; background: #d0e6fa; width: 710px;\" \/>\n<div id=\"content\" class=\"  content-alignment&lt;br \/&gt;&lt;br \/&gt; \">\n<div id=\"watch-description\" class=\"yt-uix-button-panel\">\n<div id=\"watch-description-text\">\n<p style=\"text-align: center;\"><span style=\"color: #808080;\"> twoje uwagi, linki, wlasne artykuly, lub wiadomosci przeslij do: <strong><span style=\"text-decoration: underline;\"><span style=\"color: #808080; text-decoration: underline;\"><a href=\"mailto:webmaster@reunion68.com\">webmaster@reunion68.com<\/a><\/span><\/span><\/strong><\/span><\/p>\n<\/div>\n<\/div>\n<\/div>\n<p>&nbsp;<\/p>\n<hr style=\"width: 710px;\" \/>\n","protected":false},"excerpt":{"rendered":"<p>List otwarty Panie Prezydencie, prosz\u0119 nie sk\u0142ada\u0107 kwiat\u00f3w pod pomnikiem Romana Dmowskiego List otwarty Panie Prezydencie, prosz\u0119 nie sk\u0142ada\u0107 kwiat\u00f3w pod pomnikiem Romana Dmowskiego 11 listopada Prezydent RP, Bronis\u0142aw Komorowski poprowadzi marsz &#8220;Razem dla Niepodleg\u0142ej&#8221;. G\u0142owa pa\u0144stwa wraz zaproszonymi go\u015b\u0107mi ma z\u0142o\u017cy\u0107 kwiaty pod pomnikami ojc\u00f3w niepodleg\u0142o\u015bci m.in. Wojciecha Korfantego, J\u00f3zefa Pi\u0142sudskiego i Wincentego Witosa. [&hellip;]<\/p>\n","protected":false},"author":1,"featured_media":0,"comment_status":"closed","ping_status":"closed","sticky":false,"template":"","format":"standard","meta":[],"categories":[1],"tags":[],"_links":{"self":[{"href":"https:\/\/www.reunion68.se\/index.php?rest_route=\/wp\/v2\/posts\/8524"}],"collection":[{"href":"https:\/\/www.reunion68.se\/index.php?rest_route=\/wp\/v2\/posts"}],"about":[{"href":"https:\/\/www.reunion68.se\/index.php?rest_route=\/wp\/v2\/types\/post"}],"author":[{"embeddable":true,"href":"https:\/\/www.reunion68.se\/index.php?rest_route=\/wp\/v2\/users\/1"}],"replies":[{"embeddable":true,"href":"https:\/\/www.reunion68.se\/index.php?rest_route=%2Fwp%2Fv2%2Fcomments&post=8524"}],"version-history":[{"count":13,"href":"https:\/\/www.reunion68.se\/index.php?rest_route=\/wp\/v2\/posts\/8524\/revisions"}],"predecessor-version":[{"id":8537,"href":"https:\/\/www.reunion68.se\/index.php?rest_route=\/wp\/v2\/posts\/8524\/revisions\/8537"}],"wp:attachment":[{"href":"https:\/\/www.reunion68.se\/index.php?rest_route=%2Fwp%2Fv2%2Fmedia&parent=8524"}],"wp:term":[{"taxonomy":"category","embeddable":true,"href":"https:\/\/www.reunion68.se\/index.php?rest_route=%2Fwp%2Fv2%2Fcategories&post=8524"},{"taxonomy":"post_tag","embeddable":true,"href":"https:\/\/www.reunion68.se\/index.php?rest_route=%2Fwp%2Fv2%2Ftags&post=8524"}],"curies":[{"name":"wp","href":"https:\/\/api.w.org\/{rel}","templated":true}]}}