{"id":85274,"date":"2021-04-21T17:00:26","date_gmt":"2021-04-21T15:00:26","guid":{"rendered":"http:\/\/www.reunion68.se\/?p=85274"},"modified":"2021-04-20T07:08:43","modified_gmt":"2021-04-20T05:08:43","slug":"25-00-57","status":"publish","type":"post","link":"https:\/\/www.reunion68.se\/?p=85274","title":{"rendered":"Armani Removes From Sale Blazer Resembling Holocaust Concentration Camp Uniform"},"content":{"rendered":"<h5 style=\"text-align: center;\"><a href=\"\/2021\/04\/16\/armani-removes-from-sale-blazer-resem\" target=\"_blank\" rel=\"noopener noreferrer\"><img decoding=\"async\" class=\"center alignleft\" src=\"http:\/\/www.reunion68.com\/Biuletyn\/img\/algem.png\" alt=\"\" width=\"35%\"><\/a><span style=\"text-decoration: underline; color: #000080;\"><strong><a style=\"color: #000080; text-decoration: underline;\" href=\"https:\/\/www.algemeiner.com\/2021\/04\/16\/armani-removes-from-sale-blazer-resembling-holocaust-concentration-camp-uniform\/\" target=\"_blank\" rel=\"noopener noreferrer\">Armani Removes From Sale Blazer Resembling Holocaust Concentration Camp Uniform<\/a><\/strong><\/span><\/h5>\n<p style=\"text-align: center;\"><span style=\"color: #000000;\"><strong> JNS.org<\/strong><\/span><\/p>\n<hr style=\"height: 15px; background: #d0e6fa; width: 100%;\">\n<p style=\"text-align: center;\"><img decoding=\"async\" class=\"aligncenter\" src=\"https:\/\/www.algemeiner.com\/wp-content\/uploads\/2021\/04\/Georgio-Armani-Concentration-Camp-Fashion-Article-cropped-880x495.jpg\" width=\"100%\"><span style=\"color: #808080;\"><em>The fashion company Georgio Armani pulled an item from sale that resembled prison uniforms worn in concentration camps, April 2021. Photo: Twitter.<\/em><\/span><\/p>\n<p style=\"text-align: left;\"><span style=\"color: #000080;\">The Italian high-end fashion house Giorgio Armani recently removed from sale a blazer that resembled a Holocaust concentration camp uniform following a request by the pro-Israel organization StandWithUs.<\/span><\/p>\n<p style=\"text-align: left;\"><span style=\"color: #000080;\">Roz Rothstein, CEO and co-founder of StandWithUs, first shared a photo of the \u201coffensive\u201d black-and-white vertically striped jacket on April 4 on Twitter, after being displayed outside an Armani store in Beverly Hills, Calif.<\/span><\/p>\n<p><span style=\"color: #000080;\">A photograph of the blazer, part of the fashion label\u2019s spring-summer 2021 Men\u2019s Collection, was also shared on Armani\u2019s official Instagram page.<\/span><\/p>\n<p><span style=\"color: #000080;\">Rothstein called on Armani to apologize and remove the item for purchase.<br \/>\n<\/span><\/p>\n<hr>\n<p><img decoding=\"async\" class=\"css-9pa8cd\" draggable=\"true\" src=\"https:\/\/pbs.twimg.com\/profile_images\/600915379011985408\/psHDCZIK_normal.jpg\" alt=\"\"> Roz Rothstein @RozRothstein<\/p>\n<p><span class=\"css-901oao css-16my406 r-poiln3 r-bcqeeo r-qvutc0\">A better view of the new offensive Armani jacket displayed in Beverly Hills. Armani: apologize and remove it!<\/span><\/p>\n<p><img decoding=\"async\" class=\"css-9pa8cd aligncenter\" draggable=\"true\" src=\"https:\/\/pbs.twimg.com\/media\/EyKB7dEUcAE1yos?format=jpg&amp;name=small\" alt=\"Image\"><\/p>\n<p><a class=\"css-4rbku5 css-18t94o4 css-901oao css-16my406 r-m0bqgq r-1loqt21 r-poiln3 r-bcqeeo r-qvutc0\" role=\"link\" href=\"https:\/\/twitter.com\/RozRothstein\/status\/1378807296361291777?ref_src=twsrc%5Etfw%7Ctwcamp%5Etweetembed%7Ctwterm%5E1378807296361291777%7Ctwgr%5E%7Ctwcon%5Es1_&amp;ref_url=https%3A%2F%2Fwww.algemeiner.com%2F2021%2F04%2F16%2Farmani-removes-from-sale-blazer-resembling-holocaust-concentration-camp-uniform%2F\" target=\"_blank\" rel=\"noopener noreferrer\" data-focusable=\"true\"><span class=\"css-901oao css-16my406 r-poiln3 r-bcqeeo r-qvutc0\">10:30 PM \u00b7 Apr 4, 2021<\/span><\/a><\/p>\n<hr>\n<p style=\"text-align: left;\"><span style=\"color: #000080;\">StandWithUs <a style=\"color: #000080;\" href=\"https:\/\/www.facebook.com\/StandWithUs\/posts\/10158252320527689\" target=\"_blank\" rel=\"noopener noreferrer\">said<\/a>&nbsp;on Facebook about the \u201cdistasteful\u201d item: \u201cThis is an awful look for anyone who cares about Holocaust memory or for anyone with their own personal memory of Nazi concentration-camp uniforms that prisoners were forced to wear. Georgio Armani should rethink and withdraw this insensitive \u2018style.\u2019 \u201d<\/span><\/p>\n<p style=\"text-align: left;\"><span style=\"color: #000080;\">The organization&nbsp;<a style=\"color: #000080;\" href=\"https:\/\/twitter.com\/StandWithUs\/status\/1382092835395043331\" target=\"_blank\" rel=\"noopener noreferrer\">announced<\/a>&nbsp;on Tuesday that Armani had responded to its request by pulling the item. The photo of the jacket on Armani\u2019s Instagram page was also deleted.<\/span><\/p>\n<hr style=\"height: 15px; background: #d0e6fa; width: 100%;\">\n<div id=\"content\" class=\"content-alignment\">\n<div id=\"watch-description\" class=\"yt-uix-button-panel\">\n<div id=\"watch-description-text\" style=\"text-align: center;\">\n<p><em>Zawarto\u015b\u0107 publikowanych artyku\u0142\u00f3w i materia\u0142\u00f3w nie reprezentuje pogl\u0105d\u00f3w ani opinii Reunion&#8217;68,<\/em><em><br \/>\nani te\u017c webmastera Blogu Reunion&#8217;68, chyba ze jest to wyra\u017anie zaznaczone.<br \/>\nTwoje uwagi, linki, w\u0142asne artyku\u0142y lub wiadomo\u015bci prze\u015blij na adres:<br \/>\n<\/em><span style=\"color: #000080;\"><strong><em><a style=\"color: #000080;\" href=\"mailto:webmaster@reunion68.com\"><span style=\"text-decoration: underline;\">webmaster@reunion68.com<\/span><\/a><\/em><\/strong><\/span><\/p>\n<\/div>\n<\/div>\n<\/div>\n<hr style=\"width: 100%;\">\n","protected":false},"excerpt":{"rendered":"<p>Armani Removes From Sale Blazer Resembling Holocaust Concentration Camp Uniform JNS.org The fashion company Georgio Armani pulled an item from sale that resembled prison uniforms worn in concentration camps, April 2021. Photo: Twitter. The Italian high-end fashion house Giorgio Armani recently removed from sale a blazer that resembled a Holocaust concentration camp uniform following a [&hellip;]<\/p>\n","protected":false},"author":1,"featured_media":0,"comment_status":"closed","ping_status":"closed","sticky":false,"template":"","format":"standard","meta":[],"categories":[3],"tags":[26,24],"_links":{"self":[{"href":"https:\/\/www.reunion68.se\/index.php?rest_route=\/wp\/v2\/posts\/85274"}],"collection":[{"href":"https:\/\/www.reunion68.se\/index.php?rest_route=\/wp\/v2\/posts"}],"about":[{"href":"https:\/\/www.reunion68.se\/index.php?rest_route=\/wp\/v2\/types\/post"}],"author":[{"embeddable":true,"href":"https:\/\/www.reunion68.se\/index.php?rest_route=\/wp\/v2\/users\/1"}],"replies":[{"embeddable":true,"href":"https:\/\/www.reunion68.se\/index.php?rest_route=%2Fwp%2Fv2%2Fcomments&post=85274"}],"version-history":[{"count":7,"href":"https:\/\/www.reunion68.se\/index.php?rest_route=\/wp\/v2\/posts\/85274\/revisions"}],"predecessor-version":[{"id":85322,"href":"https:\/\/www.reunion68.se\/index.php?rest_route=\/wp\/v2\/posts\/85274\/revisions\/85322"}],"wp:attachment":[{"href":"https:\/\/www.reunion68.se\/index.php?rest_route=%2Fwp%2Fv2%2Fmedia&parent=85274"}],"wp:term":[{"taxonomy":"category","embeddable":true,"href":"https:\/\/www.reunion68.se\/index.php?rest_route=%2Fwp%2Fv2%2Fcategories&post=85274"},{"taxonomy":"post_tag","embeddable":true,"href":"https:\/\/www.reunion68.se\/index.php?rest_route=%2Fwp%2Fv2%2Ftags&post=85274"}],"curies":[{"name":"wp","href":"https:\/\/api.w.org\/{rel}","templated":true}]}}