{"id":85276,"date":"2021-04-19T17:09:08","date_gmt":"2021-04-19T15:09:08","guid":{"rendered":"http:\/\/www.reunion68.se\/?p=85276"},"modified":"2021-04-19T11:06:29","modified_gmt":"2021-04-19T09:06:29","slug":"26-09-57","status":"publish","type":"post","link":"https:\/\/www.reunion68.se\/?p=85276","title":{"rendered":"Palesty\u0144scy terrory\u015bci do Bidena: nie wierz palesty\u0144skiemu kierownictwu"},"content":{"rendered":"<p style=\"text-align: center;\"><img decoding=\"async\" class=\"aligncenter\" src=\"https:\/\/www.gatestoneinstitute.org\/pics\/619.jpg\" width=\"100%\"><span style=\"color: #808080;\"><em>Autonomia Palesty\u0144ska twierdzi, \u017ce Hamas i inne palesty\u0144skie grupy terrorystyczne wyrzek\u0142y si\u0119 terroru i zaakceptowa\u0142y prawo Izraela do istnienia. Hamas i palesty\u0144skie frakcje m\u00f3wi\u0105 jednak, \u017ce nie jest to prawd\u0105 i \u017ce pozostaj\u0105 oddane &#8220;wszystkim formom oporu&#8221; wobec Izraela, w\u0142\u0105cznie z &#8220;walk\u0105 zbrojn\u0105&#8221;. Na zdj\u0119ciu: cz\u0142onkowie Hamasu w Strefie Gazy. (Zdj\u0119cie: Said Khatib\/AFP via Getty Images)<\/em><\/span><\/p>\n<hr>\n<h5 style=\"text-align: center;\"><a href=\"https:\/\/pl.gatestoneinstitute.org\/\" target=\"_blank\" rel=\"noopener noreferrer\"><img decoding=\"async\" class=\"center alignleft\" src=\"https:\/\/pl.gatestoneinstitute.org\/images\/gatestone-logo-1000.gif\" alt=\"\" width=\"50%\"><\/a><span style=\"text-decoration: underline; color: #000080;\"><span><strong><a style=\"color: #000080; text-decoration: underline;\" href=\"https:\/\/pl.gatestoneinstitute.org\/17293\/palestynscy-terrorysci-do-bidena\" target=\"_blank\" rel=\"noopener noreferrer\">Palesty\u0144scy terrory\u015bci do Bidena: nie wierz palesty\u0144skiemu kierownictwu<\/a><\/strong><\/span><\/span><\/h5>\n<p style=\"text-align: center;\"><span style=\"color: #000000;\"><strong>Bassam Tawil<br \/>\n<\/strong>T\u0142umaczenie: <strong>Ma\u0142gorzata Koraszewska<\/strong><\/span><\/p>\n<hr style=\"height: 15px; background: #d0e6fa; width: 100%;\">\n<p style=\"text-align: left;\"><span style=\"color: #000080;\">Autonomia Palesty\u0144ska (AP)&nbsp;<a style=\"color: #000080;\" href=\"https:\/\/www.amad.ps\/ar\/post\/389945\/%D8%A3%D9%85%D8%AF-%D9%8A%D9%86%D9%81%D8%B1%D8%AF-%D8%A8%D9%86%D8%B4%D8%B1-%D8%A3%D9%88%D9%84-%D8%B1%D8%B3%D8%A7%D9%84%D8%A9-%D9%85%D9%86-%D8%A7%D9%84%D8%B3%D9%84%D8%B7%D8%A9-%D8%A7%D9%84%D9%81%D9%84%D8%B3%D8%B7%D9%8A%D9%86%D9%8A%D8%A9-%D8%A5%D9%84%D9%89-%D8%A7%D9%84%D8%A5%D8%AF%D8%A7%D8%B1%D8%A9-%D8%A7%D9%84%D8%A3%D9%85%D8%B1%D9%8A%D9%83%D9%8A%D8%A9-%D8%AD%D9%88%D9%84-%D8%A7%D9%84%D8%A7%D9%86%D8%AA%D8%AE%D8%A7%D8%A8%D8%A7%D8%AA\" target=\"_blank\" rel=\"noopener noreferrer\">twierdzi<\/a>, \u017ce Hamas i inne palesty\u0144skie grupy terrorystyczne wyrzek\u0142y si\u0119 terroru i zaakceptowa\u0142y prawo Izraela do istnienia.<\/span><\/p>\n<p style=\"text-align: left;\"><span style=\"color: #000080;\">Hamas i palesty\u0144skie frakcje&nbsp;<a style=\"color: #000080;\" href=\"https:\/\/www.palinfo.com\/news\/2021\/2\/25\/%D8%A7%D8%AC%D8%AA%D9%85%D8%A7%D8%B9-%D9%84%D9%84%D9%85%D9%83%D8%AA%D8%A8-%D8%A7%D9%84%D8%B3%D9%8A%D8%A7%D8%B3%D9%8A-%D9%84%D8%AD%D9%85%D8%A7%D8%B3-%D9%87%D8%B0%D9%87-%D8%A7%D9%87%D9%85-%D9%85%D8%AE%D8%B1%D8%AC%D8%A7%D8%AA%D9%87\" target=\"_blank\" rel=\"noopener noreferrer\">m\u00f3wi\u0105<\/a>&nbsp;jednak, \u017ce nie jest to prawd\u0105 i \u017ce pozostaj\u0105 oddane &#8220;wszystkim formom oporu&#8221; wobec Izraela, w\u0142\u0105cznie z &#8220;walk\u0105 zbrojn\u0105&#8221;.<\/span><\/p>\n<p style=\"text-align: left;\"><span style=\"color: #000080;\">Podkre\u015blaj\u0105 tak\u017ce, \u017ce nie uzna\u0142y prawa Izraela do istnienia i s\u0105&nbsp;<a style=\"color: #000080;\" href=\"https:\/\/www.alalamtv.net\/news\/5450543\/%D9%87%D9%86%D9%8A%D8%A9-%D9%8A%D8%AD%D8%AF%D8%AF-4-%D9%85%D8%A8%D8%A7%D8%AF%D8%A6-%D9%84%D9%85%D9%88%D8%A7%D8%AC%D9%87%D8%A9-%D8%A7%D9%84%D8%AA%D8%B7%D8%A8%D9%8A%D8%B9\" target=\"_blank\" rel=\"noopener noreferrer\">zdecydowane<\/a>&nbsp;kontynuowa\u0107 walk\u0119 &#8220;do wyzwolenia ca\u0142ej Palestyny&#8221; od rzeki Jordan do Morza \u015ar\u00f3dziemnego.<\/span><\/p>\n<p style=\"text-align: left;\"><span style=\"color: #000080;\">Hamas i jego sojusznicy, w\u0142\u0105cznie z Palesty\u0144skim Islamskim D\u017cihadem (PIJ) i Ludowym Frontem Wyzwolenia Palestyny (LFWP) m\u00f3wi\u0105 w rzeczywisto\u015bci, \u017ce kierownictwo AP k\u0142amie, kiedy m\u00f3wi, \u017ce grupy terrorystyczne zmieni\u0142y swoje stanowisko wobec Izraela.<\/span><\/p>\n<p style=\"text-align: left;\"><span style=\"color: #000080;\">To wywo\u0142uje pytanie: komu k\u0142amie kierownictwo palesty\u0144skie i dlaczego?<\/span><\/p>\n<p style=\"text-align: left;\"><span style=\"color: #000080;\">Odpowied\u017a: AP k\u0142amie mi\u0119dzynarodowej spo\u0142eczno\u015bci, a konkretnie administracji prezydenta USA, Joego Bidena.<\/span><\/p>\n<p style=\"text-align: left;\"><span style=\"color: #000080;\">Wed\u0142ug palesty\u0144skiej strony informacyjnej, Amad, szef Palesty\u0144skiego G\u0142\u00f3wnego Urz\u0119du ds. Cywilnych i cz\u0142onek Fatahu, rz\u0105dz\u0105cej frakcji prezydenta Mahmouda Abbasa, Hussein al-Szejk, wys\u0142a\u0142 niedawno&nbsp;<a style=\"color: #000080;\" href=\"https:\/\/www.amad.ps\/ar\/post\/389945\/%D8%A3%D9%85%D8%AF-%D9%8A%D9%86%D9%81%D8%B1%D8%AF-%D8%A8%D9%86%D8%B4%D8%B1-%D8%A3%D9%88%D9%84-%D8%B1%D8%B3%D8%A7%D9%84%D8%A9-%D9%85%D9%86-%D8%A7%D9%84%D8%B3%D9%84%D8%B7%D8%A9-%D8%A7%D9%84%D9%81%D9%84%D8%B3%D8%B7%D9%8A%D9%86%D9%8A%D8%A9-%D8%A5%D9%84%D9%89-%D8%A7%D9%84%D8%A5%D8%AF%D8%A7%D8%B1%D8%A9-%D8%A7%D9%84%D8%A3%D9%85%D8%B1%D9%8A%D9%83%D9%8A%D8%A9-%D8%AD%D9%88%D9%84-%D8%A7%D9%84%D8%A7%D9%86%D8%AA%D8%AE%D8%A7%D8%A8%D8%A7%D8%AA\" target=\"_blank\" rel=\"noopener noreferrer\">list<\/a>&nbsp;do administracji Bidena o rzekomych zmianach polityki palesty\u0144skich grup terrorystycznych.<\/span><\/p>\n<p style=\"text-align: left;\"><span style=\"color: #000080;\">W li\u015bcie al-Szejk&nbsp;<a style=\"color: #000080;\" href=\"https:\/\/www.amad.ps\/ar\/post\/389945\/%D8%A3%D9%85%D8%AF-%D9%8A%D9%86%D9%81%D8%B1%D8%AF-%D8%A8%D9%86%D8%B4%D8%B1-%D8%A3%D9%88%D9%84-%D8%B1%D8%B3%D8%A7%D9%84%D8%A9-%D9%85%D9%86-%D8%A7%D9%84%D8%B3%D9%84%D8%B7%D8%A9-%D8%A7%D9%84%D9%81%D9%84%D8%B3%D8%B7%D9%8A%D9%86%D9%8A%D8%A9-%D8%A5%D9%84%D9%89-%D8%A7%D9%84%D8%A5%D8%AF%D8%A7%D8%B1%D8%A9-%D8%A7%D9%84%D8%A3%D9%85%D8%B1%D9%8A%D9%83%D9%8A%D8%A9-%D8%AD%D9%88%D9%84-%D8%A7%D9%84%D8%A7%D9%86%D8%AA%D8%AE%D8%A7%D8%A8%D8%A7%D8%AA\" target=\"_blank\" rel=\"noopener noreferrer\">napisa\u0142<\/a>, \u017ce wszystkie palesty\u0144skie &#8220;polityczne&#8221; frakcje, w\u0142\u0105cznie z Hamasem, zgodzi\u0142y si\u0119 z\u0142o\u017cy\u0107 bro\u0144 i zaakceptowa\u0107 palesty\u0144skie pa\u0144stwo obok Izraela.<\/span><\/p>\n<p style=\"text-align: left;\"><span style=\"color: #000080;\">Al-Szejk&nbsp;<a style=\"color: #000080;\" href=\"https:\/\/www.amad.ps\/ar\/post\/389945\/%D8%A3%D9%85%D8%AF-%D9%8A%D9%86%D9%81%D8%B1%D8%AF-%D8%A8%D9%86%D8%B4%D8%B1-%D8%A3%D9%88%D9%84-%D8%B1%D8%B3%D8%A7%D9%84%D8%A9-%D9%85%D9%86-%D8%A7%D9%84%D8%B3%D9%84%D8%B7%D8%A9-%D8%A7%D9%84%D9%81%D9%84%D8%B3%D8%B7%D9%8A%D9%86%D9%8A%D8%A9-%D8%A5%D9%84%D9%89-%D8%A7%D9%84%D8%A5%D8%AF%D8%A7%D8%B1%D8%A9-%D8%A7%D9%84%D8%A3%D9%85%D8%B1%D9%8A%D9%83%D9%8A%D8%A9-%D8%AD%D9%88%D9%84-%D8%A7%D9%84%D8%A7%D9%86%D8%AA%D8%AE%D8%A7%D8%A8%D8%A7%D8%AA\" target=\"_blank\" rel=\"noopener noreferrer\">napisa\u0142<\/a>, \u017ce osi\u0105gni\u0119to t\u0119 domnieman\u0105 zgod\u0119 podczas spotkania przyw\u00f3dc\u00f3w kilku palesty\u0144skich frakcji we wrze\u015bniu 2020 roku. &#8220;Zosta\u0142 osi\u0105gni\u0119ty nast\u0119puj\u0105cy konsensus z wszystkimi politycznymi frakcjami&#8221;.<\/span><\/p>\n<blockquote>\n<p style=\"text-align: left;\"><strong>&#8220;Zobowi\u0105zanie wobec standard\u00f3w prawa mi\u0119dzynarodowego, zobowi\u0105zanie wobec palesty\u0144skiego pa\u0144stwa w oparciu o granice z 1967 r., zobowi\u0105zanie wobec OWP jako politycznego parasola i jedynego legalnego przedstawiciela narodu palesty\u0144skiego, zobowi\u0105zanie do zasad pokojowego przekazywania w\u0142adzy poprzez wybory i zobowi\u0105zanie do powszechnego (pokojowego) oporu [wobec Izraela]&#8221;.<\/strong><\/p>\n<\/blockquote>\n<p style=\"text-align: left;\"><span style=\"color: #000080;\">Dwa wa\u017cne &#8220;zobowi\u0105zania&#8221; wspomniane w li\u015bcie odnosz\u0105 si\u0119 do palesty\u0144skiego pa\u0144stwa &#8220;w oparciu o granice z 1967 r.&#8221; i &#8220;pokojowego oporu&#8221; wobec Izraela.<\/span><\/p>\n<p style=\"text-align: left;\"><span style=\"color: #000080;\">Pierwsze sugeruje, \u017ce palesty\u0144skie grupy terrorystyczne, kt\u00f3re nie uznaj\u0105 prawa Izraela do istnienia, s\u0105 gotowe zaakceptowa\u0107 palesty\u0144skie pa\u0144stwo tylko na Zachodnim Brzegu, w Strefie Gazy i wschodniej Jerozolimie. Ponadto sugeruje to, \u017ce grupy terrorystyczne nie b\u0119d\u0105 d\u0142u\u017cej d\u0105\u017cy\u0142y do &#8220;wyzwolenia ca\u0142ej Palestyny&#8221; i do zast\u0105pienia Izraela pa\u0144stwem islamskim.<\/span><\/p>\n<p style=\"text-align: left;\"><span style=\"color: #000080;\">Drugie &#8220;zobowi\u0105zanie&#8221; sugeruje, \u017ce Hamas, PIJ i pozosta\u0142e grupy terrorystyczne s\u0105 teraz za &#8220;pokojowym&#8221; oporem wobec Izraela zamiast rozmaitych rodzaj\u00f3w terroryzmu, w\u0142\u0105cznie z rakietami, atakami no\u017cowniczymi, strzelaniem i taranowaniem samochodami.<\/span><\/p>\n<p style=\"text-align: left;\"><span style=\"color: #000080;\">Niemniej wypowiedzi przyw\u00f3dc\u00f3w palesty\u0144skich grup terrorystycznych z ostatnich dni wyra\u017anie zaprzeczaj\u0105 tre\u015bci listu wys\u0142anego przez kierownictwo AP do administracji Bidena.<\/span><\/p>\n<p style=\"text-align: left;\"><span style=\"color: #000080;\">Przyw\u00f3dcy grup terrorystycznych wysy\u0142aj\u0105 administracji Bidena i reszcie \u015bwiata nast\u0119puj\u0105cy komunikat: nie wierzcie kierownictwu AP. My nie zmienili\u015bmy naszej polityki wobec Izraela.<\/span><\/p>\n<p style=\"text-align: left;\"><span style=\"color: #000080;\">25 lutego Hamas wyda\u0142 o\u015bwiadczenie, w kt\u00f3rym zaprzeczy\u0142, by grupa mia\u0142a zmieni\u0107 stanowisko wobec Izraela. &#8220;Nasze polityczne i narodowe stanowisko jest dobrze znane i jasne \u2013&nbsp;<a style=\"color: #000080;\" href=\"https:\/\/www.palinfo.com\/news\/2021\/2\/25\/%D8%A7%D8%AC%D8%AA%D9%85%D8%A7%D8%B9-%D9%84%D9%84%D9%85%D9%83%D8%AA%D8%A8-%D8%A7%D9%84%D8%B3%D9%8A%D8%A7%D8%B3%D9%8A-%D9%84%D8%AD%D9%85%D8%A7%D8%B3-%D9%87%D8%B0%D9%87-%D8%A7%D9%87%D9%85-%D9%85%D8%AE%D8%B1%D8%AC%D8%A7%D8%AA%D9%87\" target=\"_blank\" rel=\"noopener noreferrer\">powiedzia\u0142<\/a>&nbsp;Hamas. \u2013 Jest wyra\u017cone w naszych oficjalnych dokumentach i publikacjach. Pozostajemy zobowi\u0105zani do oporu a\u017c do wyzwolenia [ca\u0142ej Palestyny]&#8221;.<\/span><\/p>\n<p style=\"text-align: left;\"><span style=\"color: #000080;\">Najwa\u017cniejszym dokumentem, o kt\u00f3rym m\u00f3wi Hamas, jest ich&nbsp;<a style=\"color: #000080;\" href=\"https:\/\/oldwebsite.palestine-studies.org\/sites\/default\/files\/jps-articles\/2538093.pdf\" target=\"_blank\" rel=\"noopener noreferrer\">Karta<\/a>&nbsp;z 1988 roku, kt\u00f3ra stanowi:<\/span><\/p>\n<blockquote>\n<p style=\"text-align: left;\"><strong>&#8220;Ziemia Palestyny jest islamskim Wakf (powiernictwo) dla wszystkich pokole\u0144 muzu\u0142man\u00f3w do dnia zmartwychwstania. Nie ma prawa oddania jej ani \u017cadnej jej cz\u0119\u015bci. Nie ma rozwi\u0105zania problem palesty\u0144skiego poza d\u017cihadem (\u015bwi\u0119t\u0105 wojn\u0105). W walce przeciwko \u017cydowskiej okupacji Palestyny sztandar d\u017cihadu musi zosta\u0107 podniesiony&#8221;.<\/strong><\/p>\n<\/blockquote>\n<p style=\"text-align: left;\"><span style=\"color: #000080;\">Zwracaj\u0105c si\u0119 do konferencji prowadzonej przez Zoom pod tytu\u0142em &#8220;Zjednoczeni przeciwko normalizacji&#8221; [stosunk\u00f3w z Izraelem] przyw\u00f3dca Hamasu Ismail Hanija&nbsp;<a style=\"color: #000080;\" href=\"https:\/\/www.alalamtv.net\/news\/5450543\/%D9%87%D9%86%D9%8A%D8%A9-%D9%8A%D8%AD%D8%AF%D8%AF-4-%D9%85%D8%A8%D8%A7%D8%AF%D8%A6-%D9%84%D9%85%D9%88%D8%A7%D8%AC%D9%87%D8%A9-%D8%A7%D9%84%D8%AA%D8%B7%D8%A8%D9%8A%D8%B9\" target=\"_blank\" rel=\"noopener noreferrer\">powiedzia\u0142<\/a>&nbsp;20 lutego, \u017ce jego grupa pozostaje zobowi\u0105zana do &#8220;wszechstronnego oporu&#8221; przeciwko Izraelowi. Doda\u0142, \u017ce Hamas &#8220;b\u0119dzie prowadzi\u0142 program oporu a\u017c do wyzwolenia ziemi palesty\u0144skiej od rzeki [Jordan] do morza [\u015ar\u00f3dziemnego]&#8221;.<\/span><\/p>\n<p style=\"text-align: left;\"><span style=\"color: #000080;\">25 lutego cytowano Fathiego Hammada, wysokiego rang\u0105 funkcjonariusza Hamasu w Strefie Gazy, kt\u00f3ry powiedzia\u0142, \u017ce jego grupa pozostaje oddana walce zbrojnej przeciwko Izraelowi. &#8220;Wszystkie rodzaje oporu s\u0105 uprawnione, w\u0142\u0105cznie z powszechnym i zbrojnym &#8211;&nbsp;<a style=\"color: #000080;\" href=\"https:\/\/www.palinfo.com\/news\/2021\/2\/25\/%D8%AD%D9%85%D8%A7%D8%AF-%D8%AE%D9%8A%D8%A7%D8%B1-%D8%AD%D9%85%D8%A7%D8%B3-%D8%AE%D9%88%D8%B6-%D8%A7%D9%84%D8%A7%D9%86%D8%AA%D8%AE%D8%A7%D8%A8%D8%A7%D8%AA-%D8%B6%D9%85%D9%86-%D9%82%D8%A7%D8%A6%D9%85%D8%A9-%D8%AA%D8%AA%D8%A8%D9%86%D9%89-%D8%A7%D9%84%D9%85%D9%82%D8%A7%D9%88%D9%85%D8%A9\" target=\"_blank\" rel=\"noopener noreferrer\">powiedzia\u0142<\/a>&nbsp;Hammad. \u2013 Palestyna jest muzu\u0142ma\u0144sk\u0105 ziemi\u0105 i nikt nie jest upowa\u017cniony do oddania cho\u0107by jednego jej centymetra&#8221;.<\/span><\/p>\n<p style=\"text-align: left;\"><span style=\"color: #000080;\">Reaguj\u0105c na list AP do administracji Bidena, marksistowsko-leninowska grupa terrorystyczna, LFWP,&nbsp;<a style=\"color: #000080;\" href=\"https:\/\/pflp.ps\/post\/19861\/%D8%A7%D9%84%D8%B4%D8%B9%D8%A8%D9%8A%D8%A9-%D9%84%D8%A7-%D9%8A%D8%AD%D9%82-%D9%84%D8%A3%D9%8A-%D8%A3%D8%AD%D8%AF-%D8%A5%D8%B5%D8%AF%D8%A7%D8%B1-%D9%85%D9%88%D8%A7%D9%82%D9%81-%D8%A8%D8%A7%D8%B3%D9%85-%D8%A7%D9%84%D9%85%D8%AC%D9%85%D9%88%D8%B9-%D8%A7%D9%84%D9%88%D8%B7%D9%86%D9%8A-%D9%8A%D9%81%D9%87%D9%85-%D9%85%D9%86%D9%87%D8%A7-\" target=\"_blank\" rel=\"noopener noreferrer\">zaprzeczy\u0142a<\/a>, by mia\u0142a zmieni\u0107 swoj\u0105 polityk\u0119 wobec Izraela:<\/span><\/p>\n<blockquote>\n<p style=\"text-align: left;\"><strong>&#8220;Ludowy Front Wyzwolenia Palestyny potwierdza, \u017ce pozostaje oddany prawu narodu palesty\u0144skiego do ca\u0142ej swojej ziemi od morza [\u015ar\u00f3dziemnego] do rzeki [Jordan]. Nikt nie ma prawa m\u00f3wi\u0107 w imieniu wszystkich [palesty\u0144skich] grup narodowych w spos\u00f3b, kt\u00f3ry mo\u017ce by\u0107 zrozumiany, \u017ce oddajemy cz\u0119\u015bci historycznej Palestyny&#8221;.<\/strong><\/p>\n<\/blockquote>\n<p style=\"text-align: left;\"><span style=\"color: #000080;\">Wspierany przez Iran Palesty\u0144ski Islamski D\u017cihad tak\u017ce zaprzeczy\u0142, jakoby zmieni\u0142 swoje stanowisko wobec Izraela. Sekretarz generalny PIJ, Zijad al-Nachalah&nbsp;<a style=\"color: #000080;\" href=\"https:\/\/paltoday.ps\/ar\/post\/399154\/%D8%A7%D9%84%D9%82%D8%A7%D8%A6%D8%AF-%D8%A7%D9%84%D9%86%D8%AE%D8%A7%D9%84%D8%A9-%D9%86%D8%AD%D9%86-%D8%B0%D8%A7%D9%87%D8%A8%D9%88%D9%86-%D9%84%D9%84%D9%85%D8%AC%D9%87%D9%88%D9%84-%D9%88%D9%84%D8%A7-%D8%A3%D8%AD%D8%AF-%D9%8A%D8%B9%D9%84%D9%85-%D9%85%D8%A7%D8%B0%D8%A7-%D8%B3%D9%8A%D8%AD%D8%AF%D8%AB-%D9%81%D9%8A-%D8%A7%D9%84%D9%8A%D9%88%D9%85-%D8%A7%D9%84%D8%AA%D8%A7%D9%84%D9%8A-%D9%84%D9%84%D8%A7%D9%86%D8%AA%D8%AE%D8%A7%D8%A8%D8%A7%D8%AA\" target=\"_blank\" rel=\"noopener noreferrer\">o\u015bwiadczy\u0142<\/a>, \u017ce jego grupa nigdy nie uzna Izraela ani Um\u00f3w z Oslo, podpisanych przez OWP i Izrael w 1993 i 1995 roku. Podkre\u015bli\u0142 tak\u017ce potrzeb\u0119 kontynuowania atak\u00f3w terrorystycznych i d\u017cihadu przeciwko Izraelowi.<\/span><\/p>\n<p style=\"text-align: left;\"><span style=\"color: #000080;\">Palesty\u0144skie grupy terrorystyczne z pewno\u015bci\u0105 zas\u0142uguj\u0105 na pochwa\u0142\u0119 za otwarte przedstawianie swoich prawdziwych, ludob\u00f3jczych zamiar\u00f3w wobec Izraela. W odr\u00f3\u017cnieniu od kierownictwa AP, te organizacje terrorystyczne m\u00f3wi\u0105 jednym i prostym j\u0119zykiem. Ich komunikat po arabsku i po angielsku jest wyra\u017any: rozlejemy tyle \u017cydowskiej krwi, ile potrzeba, by oczy\u015bci\u0107 &#8220;Palestyn\u0119&#8221; z \u017byd\u00f3w.<\/span><\/p>\n<p style=\"text-align: left;\"><span style=\"color: #000080;\">List kierownictwa Autonomii Palesty\u0144skiej do administracji Bidena jest kolejn\u0105 pr\u00f3b\u0105 Abbasa i jego \u015bwity, by oszuka\u0107 Amerykan\u00f3w i reszt\u0119 \u015bwiata i sk\u0142oni\u0107 ich do uwierzenia, \u017ce palesty\u0144skie grupy terrorystyczne nie d\u0105\u017c\u0105 ju\u017c d\u0142u\u017cej do unicestwienia Izraela.<\/span><\/p>\n<p style=\"text-align: left;\"><span style=\"color: #000080;\">Jest chorym dowcipem m\u00f3wienie, \u017ce Hamas i PIJ popieraj\u0105 &#8220;pokojowy&#8221; op\u00f3r, kiedy te dwie grupy krzycz\u0105 w dzie\u0144 i w nocy, \u017ce pozostaj\u0105 oddane walce zbrojnej i terroryzmowi.<\/span><\/p>\n<p style=\"text-align: left;\"><span style=\"color: #000080;\">Abbas stara si\u0119 nabra\u0107 administracj\u0119 Bidena, by uwierzy\u0142a, \u017ce uda\u0142o mu si\u0119 przekona\u0107 grupy terrorystyczne, by zmieni\u0142y si\u0119 w staraj\u0105ce si\u0119 o pok\u00f3j organizacje. Abbas ca\u0142kowicie desperacko chce otrzyma\u0107 ameryka\u0144skie fundusze. K\u0142amie jak naj\u0119ty, by sk\u0142oni\u0107 administracj\u0119 Bidena do wznowienia pompowania got\u00f3wki do jego re\u017cimu \u2013 kt\u00f3ry jest zbankrutowany w ka\u017cdym mo\u017cliwym sensie tego s\u0142owa. Zobaczymy, czy administracja Bidena da si\u0119 nabra\u0107 temu mistrzowskiemu magikowi z AP.<\/span><\/p>\n<hr>\n<p style=\"text-align: left;\"><span style=\"color: #808080;\"><em><strong>Bassam Tawil<\/strong>:&nbsp;Muzu\u0142ma\u0144ski badacz i publicysta mieszkaj\u0105cy na Bliskim Wschodzie.<\/em><\/span><\/p>\n<hr style=\"height: 15px; background: #d0e6fa; width: 100%;\">\n<div id=\"content\" class=\"content-alignment\">\n<div id=\"watch-description\" class=\"yt-uix-button-panel\">\n<div id=\"watch-description-text\" style=\"text-align: center;\">\n<p><em>Zawarto\u015b\u0107 publikowanych artyku\u0142\u00f3w i materia\u0142\u00f3w nie reprezentuje pogl\u0105d\u00f3w ani opinii Reunion&#8217;68,<\/em><em><br \/>\nani te\u017c webmastera Blogu Reunion&#8217;68, chyba ze jest to wyra\u017anie zaznaczone.<br \/>\nTwoje uwagi, linki, w\u0142asne artyku\u0142y lub wiadomo\u015bci prze\u015blij na adres:<br \/>\n<\/em><span style=\"color: #000080;\"><strong><em><a style=\"color: #000080;\" href=\"mailto:webmaster@reunion68.com\"><span style=\"text-decoration: underline;\">webmaster@reunion68.com<\/span><\/a><\/em><\/strong><\/span><\/p>\n<\/div>\n<\/div>\n<\/div>\n<hr style=\"width: 100%;\">\n","protected":false},"excerpt":{"rendered":"<p>Autonomia Palesty\u0144ska twierdzi, \u017ce Hamas i inne palesty\u0144skie grupy terrorystyczne wyrzek\u0142y si\u0119 terroru i zaakceptowa\u0142y prawo Izraela do istnienia. Hamas i palesty\u0144skie frakcje m\u00f3wi\u0105 jednak, \u017ce nie jest to prawd\u0105 i \u017ce pozostaj\u0105 oddane &#8220;wszystkim formom oporu&#8221; wobec Izraela, w\u0142\u0105cznie z &#8220;walk\u0105 zbrojn\u0105&#8221;. Na zdj\u0119ciu: cz\u0142onkowie Hamasu w Strefie Gazy. (Zdj\u0119cie: Said Khatib\/AFP via Getty [&hellip;]<\/p>\n","protected":false},"author":1,"featured_media":0,"comment_status":"closed","ping_status":"closed","sticky":false,"template":"","format":"standard","meta":[],"categories":[6],"tags":[26,24],"_links":{"self":[{"href":"https:\/\/www.reunion68.se\/index.php?rest_route=\/wp\/v2\/posts\/85276"}],"collection":[{"href":"https:\/\/www.reunion68.se\/index.php?rest_route=\/wp\/v2\/posts"}],"about":[{"href":"https:\/\/www.reunion68.se\/index.php?rest_route=\/wp\/v2\/types\/post"}],"author":[{"embeddable":true,"href":"https:\/\/www.reunion68.se\/index.php?rest_route=\/wp\/v2\/users\/1"}],"replies":[{"embeddable":true,"href":"https:\/\/www.reunion68.se\/index.php?rest_route=%2Fwp%2Fv2%2Fcomments&post=85276"}],"version-history":[{"count":4,"href":"https:\/\/www.reunion68.se\/index.php?rest_route=\/wp\/v2\/posts\/85276\/revisions"}],"predecessor-version":[{"id":85346,"href":"https:\/\/www.reunion68.se\/index.php?rest_route=\/wp\/v2\/posts\/85276\/revisions\/85346"}],"wp:attachment":[{"href":"https:\/\/www.reunion68.se\/index.php?rest_route=%2Fwp%2Fv2%2Fmedia&parent=85276"}],"wp:term":[{"taxonomy":"category","embeddable":true,"href":"https:\/\/www.reunion68.se\/index.php?rest_route=%2Fwp%2Fv2%2Fcategories&post=85276"},{"taxonomy":"post_tag","embeddable":true,"href":"https:\/\/www.reunion68.se\/index.php?rest_route=%2Fwp%2Fv2%2Ftags&post=85276"}],"curies":[{"name":"wp","href":"https:\/\/api.w.org\/{rel}","templated":true}]}}