{"id":8538,"date":"2014-11-08T08:22:02","date_gmt":"2014-11-08T06:22:02","guid":{"rendered":"http:\/\/www.reunion68.se\/?p=8538"},"modified":"2014-11-08T08:22:02","modified_gmt":"2014-11-08T06:22:02","slug":"muzeum-miedzy-barykadami","status":"publish","type":"post","link":"https:\/\/www.reunion68.se\/?p=8538","title":{"rendered":"Muzeum mi\u0119dzy barykadami"},"content":{"rendered":"<h4 style=\"text-align: center;\"><a href=\"http:\/\/www.jewish-heritage-europe.eu\/\" target=\"_blank\"><img decoding=\"async\" class=\"center alignleft\" src=\"http:\/\/ocdn.eu\/files\/pulscms\/MGI7MDA_\/67306bbbd735d124581d98fb8a8f8807.png\" alt=\"\" \/><\/a><span style=\"text-decoration: underline; color: #000080;\"><span style=\"text-decoration: underline;\"><strong><a style=\"color: #000080; text-decoration: underline;\" href=\"http:\/\/tygodnik.onet.pl\/kraj\/muzeum-miedzy-barykadami\/glsct#.VFy8ZXC6DGs.facebook\" target=\"_blank\">Muzeum mi\u0119dzy barykadami<\/a><\/strong><\/span><\/span><\/h4>\n<hr style=\"height: 15px; background: #d0e6fa; width: 710px;\" \/>\n<div style=\"width: 360px\" class=\"wp-caption alignright\"><a href=\"http:\/\/ocdn.eu\/images\/pulscms\/NjM7MDQsMCw1NywxNTkwLGMyMTswNiwzMjAsMWMy\/63344fcb98b549aec453f63257607b8b.jpg\"><img decoding=\"async\" class=\"mainPhotoImg\" src=\"http:\/\/ocdn.eu\/images\/pulscms\/NjM7MDQsMCw1NywxNTkwLGMyMTswNiwzMjAsMWMy\/63344fcb98b549aec453f63257607b8b.jpg\" alt=\"Otwarcie Muzeum Historii \u017byd\u00f3w\" width=\"350\" \/><\/a><p class=\"wp-caption-text\">Otwarcie Muzeum Historii \u017byd\u00f3w Foto: PAP<\/p><\/div>\n<p style=\"text-align: left;\"><span style=\"color: #808080;\"><strong>Oficjalnie wszyscy si\u0119 ciesz\u0105 z otwarcia Muzeum Historii \u017byd\u00f3w Polskich. Nieoficjalnie toczy si\u0119 o nie sp\u00f3r. Zagro\u017ceniem s\u0105 nie tylko wymagania polityk\u00f3w i sponsor\u00f3w, ale te\u017c zniekszta\u0142canie prawdy historycznej przez pozornych przyjaci\u00f3\u0142.<\/strong><\/span><\/p>\n<p style=\"text-align: left;\"><span style=\"color: #000080;\">Spory o to, czyje in\u00adte\u00adre\u00adsy po\u00adwin\u00adno re\u00adpre\u00adzen\u00adto\u00adwa\u0107 Mu\u00adzeum i czyj\u0105 nar\u00adra\u00adcj\u0119 po\u00adwin\u00adno wy\u00adra\u00ad\u017ca\u0107, tocz\u0105 si\u0119 od dawna. \u015acie\u00adra\u00adj\u0105 si\u0119 tu: po\u00adli\u00adty\u00adka hi\u00adsto\u00adrycz\u00adna pa\u0144\u00adstwa, wy\u00adobra\u00ad\u017ce\u00adnia spon\u00adso\u00adr\u00f3w na temat hi\u00adsto\u00adrii sto\u00adsun\u00adk\u00f3w pol\u00adsko-\u017cy\u00addow\u00adskich, zbu\u00addo\u00adwa\u00adna na trau\u00admie Ho\u00adlo\u00adkau\u00adstu to\u017c\u00adsa\u00admo\u015b\u0107 Izra\u00adel\u00adczy\u00adk\u00f3w i iden\u00adty\u00adfi\u00adka\u00adcja \u017byd\u00f3w z dia\u00adspo\u00adry, opar\u00adta g\u0142\u00f3w\u00adnie na do\u00ad\u015bwiad\u00adcze\u00adniu an\u00adty\u00adse\u00admi\u00adty\u00adzmu i w\u0105t\u00adkach re\u00adli\u00adgij\u00adnych.<\/span><\/p>\n<p style=\"text-align: left;\"><span style=\"color: #000080;\">Tym\u00adcza\u00adsem dla wszyst\u00adkich po\u00adwin\u00adno by\u0107 jasne, komu Mu\u00adzeum od\u00adda\u00adje g\u0142os w pierw\u00adszym rz\u0119\u00addzie: pol\u00adskim \u017bydom. Cha\u00adsy\u00addom i li\u00adtwa\u00adkom, asy\u00admi\u00adla\u00adto\u00adrom i or\u00adto\u00addok\u00adsom, re\u00adli\u00adgij\u00adnym agu\u00addow\u00adcom i \u015bwiec\u00adkim bun\u00addow\u00adcom. \u017by\u00addow\u00adskim in\u00adte\u00adlek\u00adtu\u00adali\u00adstom i lu\u00addziom p\u00f3\u0142\u00ad\u015bwiat\u00adka, re\u00adwo\u00adlu\u00adcjo\u00adni\u00adstom i fa\u00adbry\u00adkan\u00adtom, pa\u00adtrio\u00adtycz\u00adnym le\u00adgio\u00adni\u00adstom i sy\u00adjo\u00adni\u00adstom ma\u00adrz\u0105\u00adcym o Izra\u00adelu.<\/span><\/p>\n<p style=\"text-align: left;\"><span style=\"color: #000080;\">Ju\u017c teraz wida\u0107, \u017ce pe\u0142na re\u00adpre\u00adzen\u00adta\u00adcja wszyst\u00adkich tych od\u00adcie\u00adni pol\u00adskie\u00adgo \u017cy\u00addo\u00adstwa na\u00adpo\u00adty\u00adka na prze\u00adszko\u00addy \u2013 za\u00adr\u00f3w\u00adno ze stro\u00adny \u201epa\u00adtrio\u00adtycz\u00adnej\u201d, jak \u201ekry\u00adtycz\u00adnej\u201d.<\/span><\/p>\n<p style=\"text-align: left;\"><span style=\"color: #000080;\">Ryzyko narracji \u201epatriotycznej\u201d<\/span><\/p>\n<p style=\"text-align: left;\"><span style=\"color: #000080;\">O tym, \u017ce nar\u00adra\u00adcja \u201epa\u00adtrio\u00adtycz\u00adna\u201d mo\u017ce by\u0107 prze\u00adszko\u00add\u0105 w wia\u00adry\u00adgod\u00adnym re\u00adpre\u00adzen\u00adto\u00adwa\u00adniu hi\u00adsto\u00adrii pol\u00adskich \u017byd\u00f3w, tw\u00f3r\u00adcy Mu\u00adzeum prze\u00adko\u00adna\u00adli si\u0119 ju\u017c two\u00adrz\u0105c eks\u00adpo\u00adzy\u00adcj\u0119. Do\u00adbrym przy\u00adk\u0142a\u00addem s\u0105 na\u00adci\u00adski na au\u00adto\u00adr\u00f3w ga\u00adle\u00adrii po\u00adwo\u00adjen\u00adnej pla\u00adc\u00f3w\u00adki. Wsp\u00f3\u0142\u00adtw\u00f3r\u00adczy\u00adni tej eks\u00adpo\u00adzy\u00adcji, He\u00adle\u00adna Dat\u00adner, wspo\u00admi\u00adna\u00ad\u0142a \u201eGa\u00adze\u00adcie Wy\u00adbor\u00adczej\u201d o su\u00adge\u00adstiach ze stro\u00adny pol\u00adskich w\u0142adz, aby le\u00adpiej re\u00adpre\u00adzen\u00adto\u00adwa\u00adno tu \u201epol\u00adsk\u0105 racj\u0119 stanu\u201d. W p\u00f3\u017a\u00adniej\u00adszym ar\u00adty\u00adku\u00adle w \u201eKry\u00adty\u00adce Po\u00adli\u00adtycz\u00adnej\u201d stresz\u00adcza\u00ad\u0142a in\u00adten\u00adcje rz\u0105\u00addz\u0105\u00adcych na\u00adst\u0119\u00adpu\u00adj\u0105\u00adco: \u201ePo\u00adka\u017c\u00adcie, wy, tw\u00f3r\u00adcy wy\u00adsta\u00adwy, \u017byd\u00f3w z\u0142ych (\u017cy\u00addo\u00adko\u00admu\u00adna), ode\u00adtnij\u00adcie si\u0119 od nich, wy\u00adka\u00adzu\u00adj\u0105c si\u0119 od\u00adwa\u00adg\u0105, a potem po\u00adka\u017c\u00adcie \u017byd\u00f3w pi\u0119k\u00adnych, pa\u00adtrio\u00adtycz\u00adnych, wa\u017c\u00adnych i przede wszyst\u00adkim po\u00addob\u00adnych do nas\u201d. W obo\u00adwi\u0105\u00adzu\u00adj\u0105\u00adcej w Pol\u00adsce nar\u00adra\u00adcji pa\u00adtrio\u00adtycz\u00adnej miesz\u00adcz\u0105 si\u0119 tylko \u017by\u00addzi-pa\u00adtrio\u00adci, nawet ci, kt\u00f3\u00adrzy \u017by\u00adda\u00admi si\u0119 ju\u017c nie czuli. Am\u00adbit\u00adne mu\u00adzeum tym\u00adcza\u00adsem po\u00adwin\u00adno pr\u00f3\u00adbo\u00adwa\u0107 wnik\u00adn\u0105\u0107 w mo\u00adty\u00adwy, kt\u00f3re do\u00adpro\u00adwa\u00addzi\u00ad\u0142y wielu \u017byd\u00f3w do ko\u00admu\u00adni\u00adzmu \u2013 po\u00addob\u00adnie zresz\u00adt\u0105 jak w przy\u00adczy\u00adny kry\u00adj\u0105\u00adce si\u0119 za po\u00adgar\u00add\u0105 asy\u00admi\u00adla\u00adto\u00adr\u00f3w wobec \u017byd\u00f3w or\u00adto\u00addok\u00adsyj\u00adnych. Nie mo\u017ce za\u00admy\u00adka\u0107 si\u0119 na pro\u00adstej oce\u00adnie mo\u00adral\u00adnej, w kt\u00f3\u00adrej jedni s\u0105 po pro\u00adstu do\u00adbrzy, a dru\u00addzy \u017ali.<\/span><\/p>\n<p style=\"text-align: left;\"><span style=\"color: #000080;\">Na\u00adci\u00adski w\u0142adz na au\u00adto\u00adr\u00f3w ga\u00adle\u00adrii nie s\u0105 za\u00adsko\u00adcze\u00adniem. W ko\u0144cu po\u00adli\u00adty\u00adka hi\u00adsto\u00adrycz\u00adna (np. kru\u00adcja\u00adta prze\u00adciw oskar\u00ad\u017ce\u00adniom o \u201epol\u00adskie obozy \u015bmier\u00adci\u201d), to chyba je\u00addy\u00adna spra\u00adwa \u0142\u0105\u00adcz\u0105\u00adca po\u00adli\u00adty\u00adk\u00f3w PiS i PO. Je\u015bli cho\u00addzi o sto\u00adsu\u00adnek do hi\u00adsto\u00adrii pol\u00adskich \u017byd\u00f3w i do Ho\u00adlo\u00adkau\u00adstu, w na\u00adszej po\u00adli\u00adty\u00adce ist\u00adnie\u00adje pewna ci\u0105\u00adg\u0142o\u015b\u0107: cho\u00addzi o prze\u00admil\u00adcza\u00adnie ciem\u00adnych kart w\u0142a\u00adsnej prze\u00adsz\u0142o\u00ad\u015bci oraz prze\u00adnie\u00adsie\u00adnie zbio\u00adro\u00adwej od\u00adpo\u00adwie\u00addzial\u00adno\u00ad\u015bci za za\u00adan\u00adga\u00ad\u017co\u00adwa\u00adnie w ko\u00admu\u00adnizm na \u017byd\u00f3w.<\/span><\/p>\n<hr style=\"height: 15px; background: #d0e6fa; width: 710px;\" \/>\n<div id=\"content\" class=\"  content-alignment&lt;br \/&gt;&lt;br \/&gt; \">\n<div id=\"watch-description\" class=\"yt-uix-button-panel\">\n<div id=\"watch-description-text\">\n<p style=\"text-align: center;\"><span style=\"color: #808080;\"> twoje uwagi, linki, wlasne artykuly, lub wiadomosci przeslij do: <strong><span style=\"text-decoration: underline;\"><span style=\"color: #808080; text-decoration: underline;\"><a href=\"mailto:webmaster@reunion68.com\">webmaster@reunion68.com<\/a><\/span><\/span><\/strong><\/span><\/p>\n<\/div>\n<\/div>\n<\/div>\n<p>&nbsp;<\/p>\n<hr style=\"width: 710px;\" \/>\n","protected":false},"excerpt":{"rendered":"<p>Muzeum mi\u0119dzy barykadami Oficjalnie wszyscy si\u0119 ciesz\u0105 z otwarcia Muzeum Historii \u017byd\u00f3w Polskich. Nieoficjalnie toczy si\u0119 o nie sp\u00f3r. Zagro\u017ceniem s\u0105 nie tylko wymagania polityk\u00f3w i sponsor\u00f3w, ale te\u017c zniekszta\u0142canie prawdy historycznej przez pozornych przyjaci\u00f3\u0142. Spory o to, czyje in\u00adte\u00adre\u00adsy po\u00adwin\u00adno re\u00adpre\u00adzen\u00adto\u00adwa\u0107 Mu\u00adzeum i czyj\u0105 nar\u00adra\u00adcj\u0119 po\u00adwin\u00adno wy\u00adra\u00ad\u017ca\u0107, tocz\u0105 si\u0119 od dawna. \u015acie\u00adra\u00adj\u0105 si\u0119 tu: [&hellip;]<\/p>\n","protected":false},"author":1,"featured_media":0,"comment_status":"closed","ping_status":"closed","sticky":false,"template":"","format":"standard","meta":[],"categories":[6],"tags":[24],"_links":{"self":[{"href":"https:\/\/www.reunion68.se\/index.php?rest_route=\/wp\/v2\/posts\/8538"}],"collection":[{"href":"https:\/\/www.reunion68.se\/index.php?rest_route=\/wp\/v2\/posts"}],"about":[{"href":"https:\/\/www.reunion68.se\/index.php?rest_route=\/wp\/v2\/types\/post"}],"author":[{"embeddable":true,"href":"https:\/\/www.reunion68.se\/index.php?rest_route=\/wp\/v2\/users\/1"}],"replies":[{"embeddable":true,"href":"https:\/\/www.reunion68.se\/index.php?rest_route=%2Fwp%2Fv2%2Fcomments&post=8538"}],"version-history":[{"count":9,"href":"https:\/\/www.reunion68.se\/index.php?rest_route=\/wp\/v2\/posts\/8538\/revisions"}],"predecessor-version":[{"id":8547,"href":"https:\/\/www.reunion68.se\/index.php?rest_route=\/wp\/v2\/posts\/8538\/revisions\/8547"}],"wp:attachment":[{"href":"https:\/\/www.reunion68.se\/index.php?rest_route=%2Fwp%2Fv2%2Fmedia&parent=8538"}],"wp:term":[{"taxonomy":"category","embeddable":true,"href":"https:\/\/www.reunion68.se\/index.php?rest_route=%2Fwp%2Fv2%2Fcategories&post=8538"},{"taxonomy":"post_tag","embeddable":true,"href":"https:\/\/www.reunion68.se\/index.php?rest_route=%2Fwp%2Fv2%2Ftags&post=8538"}],"curies":[{"name":"wp","href":"https:\/\/api.w.org\/{rel}","templated":true}]}}