{"id":85392,"date":"2021-04-24T17:09:32","date_gmt":"2021-04-24T15:09:32","guid":{"rendered":"http:\/\/www.reunion68.se\/?p=85392"},"modified":"2021-04-23T07:33:46","modified_gmt":"2021-04-23T05:33:46","slug":"28-09-61","status":"publish","type":"post","link":"https:\/\/www.reunion68.se\/?p=85392","title":{"rendered":"Historia spo\u0142eczno\u015bci \u017byd\u00f3w w \u0141odzi"},"content":{"rendered":"<p style=\"text-align: center;\"><img decoding=\"async\" class=\"aligncenter\" src=\"https:\/\/sztetl.org.pl\/sites\/default\/files\/styles\/photo\/public\/lodz_kolonie_letnie_toz_perec_zoltowski_polin_pki_0.jpg?itok=FBvBbdo9\" width=\"100%\"><span style=\"color: #808080;\"><em>\u0141od\u017a. Kolonie letnie TOZ, w grupie dzieci Perec \u017b\u00f3\u0142towski (1939) Pami\u0105tka z kolonii letnich pod \u0141odzi\u0105, zorganizowanych zapewne przez \u0142\u00f3dzki oddzia\u0142 TOZ. Pi\u0105ty od prawej w g\u00f3rnym rz\u0119dzie Perec \u017b\u00f3\u0142towski (w Izraelu Mor, ur. 20.01.1930), kt\u00f3ry przekaza\u0142 to zdj\u0119cie w ramach proj. Polskie Korzenie w Izraelu.<\/em><\/span><\/p>\n<hr>\n<h5 style=\"text-align: center;\"><a href=\"https:\/\/sztetl.org.pl\/\" target=\"_blank\" rel=\"noopener noreferrer\"><img decoding=\"async\" class=\"center alignleft\" src=\"https:\/\/sztetl.org.pl\/sites\/all\/themes\/sztetl_bs\/images\/logos\/sztetl-logo-pl-normal.png\" alt=\"\" width=\"35%\"><\/a><span style=\"text-decoration: underline; color: #000080;\"><strong><a style=\"color: #000080; text-decoration: underline;\" href=\"https:\/\/sztetl.org.pl\/pl\/miejscowosci\/l\/497-lodz\/99-historia-spolecznosci\/137633-historia-spolecznosci\" target=\"_blank\" rel=\"noopener noreferrer\">Historia spo\u0142eczno\u015bci \u017byd\u00f3w w \u0141odzi<\/a><\/strong><\/span><\/h5>\n<p style=\"text-align: center;\"><span style=\"color: #000000;\"><strong>Wirtualny Sztetl<\/strong><\/span><\/p>\n<hr style=\"height: 15px; background: #d0e6fa; width: 100%;\">\n<p style=\"text-align: center;\"><span style=\"text-decoration: underline;\"><span style=\"color: #000080; text-decoration: underline;\"><strong><a style=\"color: #000080; text-decoration: underline;\" href=\"https:\/\/sztetl.org.pl\/pl\/galeria?article=137633\" target=\"_blank\" rel=\"noopener noreferrer\">GALERIA<br \/>\n<img decoding=\"async\" class=\"aligncenter\" src=\"https:\/\/sztetl.org.pl\/sites\/default\/files\/styles\/photo\/public\/lodz_paszport_aronson_sztetl_polin_pki.jpg?itok=b4bkVmx6\" width=\"100%\"><\/a><\/strong><span style=\"color: #808080;\"><em><a style=\"color: #808080; text-decoration: underline;\" href=\"https:\/\/sztetl.org.pl\/pl\/galeria?article=137633\" target=\"_blank\" rel=\"noopener noreferrer\">\u0141\u00f3d\u017a. Paszport rodziny Aronson\u00f3w &#8211; pierwsze strony (przed 1939)<\/a><a style=\"color: #808080; text-decoration: underline;\" href=\"https:\/\/sztetl.org.pl\/pl\/galeria?article=137633\" target=\"_blank\" rel=\"noopener noreferrer\"><br \/>\n<\/a><a style=\"color: #808080; text-decoration: underline;\" href=\"https:\/\/sztetl.org.pl\/pl\/galeria?article=137633\" target=\"_blank\" rel=\"noopener noreferrer\">Paszport rodziny Aronson\u00f3w z \u0141odzi, wydany przed 1939 &#8211; pierwsze strony. Na zdj\u0119ciach: Waldemar (Wolf, ojciec), Halina (Hinda, matka), Stanis\u0142aw, Janina. Zdj\u0119cie przekaza\u0142 Stanis\u0142aw Aronson z archiwum rodzinnego \u2013 projekt Polskie Korzenie w Izraelu.<\/a><\/em><\/span><\/span><\/span><\/p>\n<p class=\"contrast-1\" style=\"text-align: left;\"><span style=\"color: #000080;\">Pocz\u0105tki osadnictwa \u017cydowskiego w \u0141odzi przypadaj\u0105 na XVIII w. \u2013 okres upadku Rzeczypospolitej. Miasto nie posiada\u0142o&nbsp;<em>przywileju de non tolerandis Judaeis<\/em>. Pierwszymi znanymi \u017cydowskimi mieszka\u0144cami miasta byli&nbsp;Daniel Layzerowicz \u2013 piekarz i Abram Lewkowicz \u2013 krawiec. Obaj mieszkali w \u0141odzi ju\u017c w 1785 r. W 1791 r. osiedli\u0142 si\u0119 tutaj Mosiek vel Moj\u017cesz Pryntz pochodz\u0105cy z Lutomierska. Pierwszymi zamo\u017cnymi i uczonymi w Pi\u015bmie \u017bydami zamieszka\u0142ymi w \u0141odzi byli natomiast: Pinkus Zajdler przyby\u0142y w 1795 r. z Przedborza, Pinkus Sonenberg przyby\u0142y w 1797 r. z \u0141\u0119czycy&nbsp;oraz Lewek Heber przyby\u0142y do \u0141odzi w 1801 r. z Lutomierska. Wszyscy oni odegrali wa\u017cn\u0105 rol\u0119, pe\u0142ni\u0105c funkcje kolejnych parnas\u00f3w kaha\u0142u \u017cydowskiego.<\/span><\/p>\n<p class=\"contrast-1\" style=\"text-align: left;\"><span style=\"color: #000080;\">Nap\u0142yw&nbsp;ludno\u015bci \u017cydowskiej do miasta a\u017c do czasu II rozbioru Polski w 1793 r. nie by\u0142 du\u017cy. Na og\u00f3ln\u0105 liczb\u0119 190 mieszka\u0144c\u00f3w tylko 11&nbsp;by\u0142o \u017bydami. Niew\u0105tpliwie wp\u0142yw na to mia\u0142 charakter miasta; by\u0142a to jeszcze tzw.&nbsp;\u201e\u0141\u00f3d\u017a rolnicza\u201d, ma\u0142o atrakcyjna&nbsp;dla przybysz\u00f3w. Niema\u0142e znaczenie dla osadnictwa \u017cydowskiego mia\u0142o te\u017c, \u017ce \u0141\u00f3d\u017a do&nbsp;II rozbioru Polski stanowi\u0142a&nbsp;w\u0142asno\u015b\u0107 biskupi\u0105; dopiero w okresie&nbsp;1796\u20131798&nbsp;sta\u0142a si\u0119 miastem rz\u0105dowym.<\/span><\/p>\n<p class=\"contrast-1\" style=\"text-align: left;\"><span style=\"color: #000080;\">Po sekularyzacji nast\u0105pi\u0142&nbsp;o\u017cywiony rozw\u00f3j gospodarczy miasta. W latach 1793\u20131808 liczba mieszka\u0144c\u00f3w zwi\u0119kszy\u0142a si\u0119 prawie dwukrotnie. Liczba \u017byd\u00f3w natomiast wzros\u0142a przesz\u0142o pi\u0119ciokrotnie \u2013 z 11 do 58 os\u00f3b.&nbsp;W 1807 r. kaha\u0142 \u0142\u00f3dzki nie mia\u0142 wprawdzie jeszcze swojego rabina, ale funkcj\u0119 rzezaka sprawowa\u0142 ju\u017c Lewek Heber, a jego zast\u0119pc\u0105 by\u0142 Pinkus Sonenberg.&nbsp;Zostali jednak usuni\u0119ci ze swych stanowisk po tym, jak wp\u0142yn\u0119\u0142a na nich skarga do podprefekta powiatu zgierskiego. Nast\u0119pc\u0105 Hebera zosta\u0142 wybrany Dawid Herszkowicz, kt\u00f3ry by\u0142 jednocze\u015bnie kantorem. Pierwszymi znanymi starszymi kaha\u0142u \u0142\u00f3dzkiego byli: Pinkus Zajdler i Moj\u017cesz Fajtlowicz. Pierwsze znane wybory kahalne odby\u0142y si\u0119 12 listopada 1810 r. Kandydatami byli: Pinkus Sonenberg, Mendel Moszkowicz, Lewek Heber i Moj\u017cesz Fajtlowicz. Na starszych kahalnych wybrano Pinkusa Sonenberga, kt\u00f3ry otrzyma\u0142 12 g\u0142os\u00f3w i Mendla Moszkowicza, kt\u00f3ry otrzyma\u0142 10 g\u0142os\u00f3w. To oni w\u0142a\u015bnie brali udzia\u0142 w utworzeniu pierwszego cmentarza \u017cydowskiego w \u0141odzi. Do wybor\u00f3w w 1810 r. zmar\u0142ych grzebano na pobliskich cmentarzach w Lutomiersku i Strykowie.<\/span><\/p>\n<p class=\"contrast-1\" style=\"text-align: left;\"><span style=\"color: #000080;\">W 1811 r. starsi kahalni zawarli umow\u0119 z Adamem Lipi\u0144skim i jego \u017con\u0105 o kupnie ziemi pod cmentarz \u017cydowski<a id=\"footnoteref1_8utrppe\" class=\"see-footnote contrast-1\" style=\"color: #000080;\" title=\"Alperin A., \u017bydzi w \u0141odzi. Pocz\u0105tki Gminy \u017bydowskiej 1780\u20131822, \u201eRocznik \u0141\u00f3dzki\u201d 1933, t. 3,&nbsp;s. 162. Mowa tu o starym cmentarzu \u017cydowskim przy ul. Weso\u0142ej, na kt\u00f3rym chowano zmar\u0142ych do 1892 r.\" href=\"https:\/\/sztetl.org.pl\/pl\/miejscowosci\/l\/497-lodz\/99-historia-spolecznosci\/137633-historia-spolecznosci#footnote1_8utrppe\">[1.1]<\/a>. Jednocze\u015bnie za\u0142o\u017cono bractwo pogrzebowe Chewra Kadisza. Pierwszymi jego prze\u0142o\u017conymi zostali: Szmul Litman vel Lipman, Hersz Sonenberg i Mojzesz Fajtlowicz. Po roku bractwo zmieni\u0142o nazw\u0119 na Bractwo Pogrzebowe i Piel\u0119gnowania Chorych \u2013 Chewra Kadisza u\u2019Bikur Cholim.&nbsp;Pierwszym rabinem \u0142\u00f3dzkim by\u0142 wymieniony w protokole za\u0142o\u017cycielskim bractwa pogrzebowego Jehuda Arje, syn Gaona z Widawy. W p\u00f3\u017aniejszych, oficjalnych dokumentach rabin ten figuruje jako Lewek Salomonowicz. Mieszka\u0142 na Starym Rynku. Urz\u0105d sw\u00f3j pe\u0142ni\u0142 do 1818 r. Po nim urz\u0105d rabina obj\u0105\u0142 Pinkus Hiller z Rozprzy.<\/span><\/p>\n<p class=\"contrast-1\" style=\"text-align: left;\"><span style=\"color: #000080;\">\u0141\u00f3dzka gmina \u017cydowska posiada\u0142a od 1809 r. w\u0142asn\u0105 bo\u017cnic\u0119. Dzi\u0119ki ustanowieniu instytucji religijnych, takich jak: bo\u017cnica, cmentarz, zarz\u0105d kahalny, funkcja rabina i rzezaka, gmina zyska\u0142a niezale\u017cno\u015b\u0107. W\u015br\u00f3d ludno\u015bci \u017cydowskiej przewa\u017cali rzemie\u015blnicy i robotnicy \u2013 62% og\u00f3\u0142u, handlarze \u2013 35%. 73% \u017byd\u00f3w \u0142\u00f3dzkich nie posiada\u0142o w\u0142asnych mieszka\u0144, 27% \u2013 posiada\u0142o w\u0142asno\u015bci nieruchome. \u017bydzi \u0142\u00f3dzcy w 1821 r. zamieszkiwali na Starym Rynku oraz przy ulicach: Wolborskiej, Drewnowskiej, Piotrkowskiej (obecnie ul. Nowomiejska). Blisko po\u0142owa \u0142\u00f3dzkich \u017byd\u00f3w przyby\u0142a do miasta z pobliskich wsi: Chojny, Stoki i Be\u0142d\u00f3w. Oko\u0142o 25% przyby\u0142o z okolicznych miast, takich jak Lutomiersk, Stryk\u00f3w, \u0141ask, Piotrk\u00f3w Trybunalski. Ponadto \u017bydzi do \u0141odzi sprowadzali si\u0119&nbsp;z Sochaczewa, Kutna i Uniejowa.<\/span><\/p>\n<p class=\"contrast-1\" style=\"text-align: left;\"><span style=\"color: #000080;\">W\u0142adze Kr\u00f3lestwa Polskiego dekretem kr\u00f3lewskim z 20 grudnia 1821 r. rozwi\u0105za\u0142y dotychczasow\u0105 organizacj\u0119 kahaln\u0105. W miejsce kaha\u0142\u00f3w powo\u0142ano Dozory B\u00f3\u017cnicze. W 1822 r. Komisja Rz\u0105dowa Wyzna\u0144 Religijnych i O\u015bwiecenia Publicznego zlikwidowa\u0142a wszystkie&nbsp;bractwa, kt\u00f3re zajmowa\u0142y si\u0119 pogrzebami i opiek\u0105 nad chorymi i biednymi. Na mocy tych rozporz\u0105dze\u0144 przesta\u0142 istnie\u0107 kaha\u0142 \u0142\u00f3dzki, jak r\u00f3wnie\u017c oficjalnie zakazano dzia\u0142alno\u015bci Chewra Kadisza u\u2019Bikur Cholim. Mimo tego zakazu, \u0142\u00f3dzkie Chewra Kadisza funkcjonowa\u0142o a\u017c do pocz\u0105tku lat 90. XIX w. Wspierali je najznamienitsi cz\u0142onkowie gminy, tacy jak Izrael Pozna\u0144ski i Markus Silberstein<a id=\"footnoteref2_6qrmxiz\" class=\"see-footnote contrast-1\" style=\"color: #000080;\" title=\"Friedman F., \u0141\u00f3dzka Chewra Kadisza i jej dzieje, [w:] Stary cmentarz \u017cydowski. Dzieje i zabytki, \u0141\u00f3d\u017a 1938, ss. 50\u201361.\" href=\"https:\/\/sztetl.org.pl\/pl\/miejscowosci\/l\/497-lodz\/99-historia-spolecznosci\/137633-historia-spolecznosci#footnote2_6qrmxiz\">[1.2]<\/a>.<\/span><\/p>\n<p class=\"contrast-1\" style=\"text-align: left;\"><span style=\"color: #000080;\">Funkcj\u0119 rabin\u00f3w \u0142\u00f3dzkich sprawowali kolejno: od 1824 r. Mendel Wolf Jerozolimski vel Izraelski, kt\u00f3ry w 1828 r. opu\u015bci\u0142 \u0141\u00f3d\u017a. Po nim stanowisko to piastowa\u0142 Hillel Hakohen, syn rabina z Lutomierska. W 1832 r. rabinem zosta\u0142 Chaskiel Naumberg (Nomberg), kt\u00f3ry pe\u0142ni\u0142 swoje obowi\u0105zki przez kolejne 24 lata. W 1857 r. zast\u0105pi\u0142 go dotychczasowy podrabin Lemel Marokko, a nast\u0119pnie Moj\u017cesz Lipszyc, pochodz\u0105cy&nbsp;ze znanej rabinackiej rodziny z Warszawy. Dziadkiem Lipszyca by\u0142 wybitny rabin warszawski Salomon Lipszyc, autor dzie\u0142a&nbsp;<em>Chemdat Szlomo&nbsp;<\/em>(\u201eWspania\u0142o\u015b\u0107 Salomona\u201d). Moj\u017cesz Lipszyc by\u0142 chasydem kockim. Prawdopodobnie w\u0142a\u015bnie to przyczyni\u0142o si\u0119 do jego wyboru go na stanowisko rabina \u0142\u00f3dzkiego. Zwolennicy cadyka z Kocka stanowili bowiem wi\u0119kszo\u015b\u0107 w\u015br\u00f3d spo\u0142eczno\u015bci \u017cydowskiej \u0141odzi.&nbsp;Lipszyc pozosta\u0142 rabinem przez&nbsp;15 lat, do 1872 r. W tym czasie znacznie wzros\u0142a liczba ludno\u015bci \u017cydowskiej: z 3 do 10&nbsp;tys. Tym samym wzros\u0142y te\u017c obowi\u0105zki rabina, kt\u00f3ry mia\u0142 do pomocy trzech podrabin\u00f3w: Lemela Marokko, Judela Naumberga i Moj\u017cesza Seidla. Po \u015bmierci Lipszyca w 1872 r. Dozorem Bo\u017cniczym kierowali: Jakub Bejnik, Joachim Silberstein i Dawid Dembi\u0144ski. Kolejnym \u0142\u00f3dzkim rabinem zosta\u0142 wybrany w 1873 r. Eliasz Chaim Majzel \u2013 litwak z guberni wile\u0144skiej. Przeciwstawia\u0142 si\u0119 on zdecydowanie przes\u0105dom i nietolerancji. Sw\u00f3j urz\u0105d sprawowa\u0142 przez 39 lat, do momentu \u015bmierci w 1912 r. Cieszy\u0142 si\u0119 ogromnym autorytetem w\u015br\u00f3d swojej spo\u0142eczno\u015bci.&nbsp;Okres sprawowania przez niego urz\u0119du rabina by\u0142 jednym z najistotniejszych w \u017cyciu \u017byd\u00f3w \u0142\u00f3dzkich. W latach 1873\u20131912 liczba \u017byd\u00f3w wzros\u0142a niemal czternastokrotnie \u2013 z 12 tys. do ponad 167 tys. By\u0142o to zwi\u0105zane z szybkim rozwojem przemys\u0142u \u0142\u00f3dzkiego, w kt\u00f3rym spo\u0142eczno\u015b\u0107 \u017cydowska imigruj\u0105ca do \u0141odzi z obszaru Kr\u00f3lestwa Polskiego, a nast\u0119pnie z Rosji, odegra\u0142a pierwszoplanow\u0105 rol\u0119.<\/span><\/p>\n<p class=\"contrast-1\" style=\"text-align: left;\"><span style=\"color: #000080;\">W zwi\u0105zku z tak du\u017c\u0105 liczb\u0105 ludno\u015bci \u017cydowskiej nieoceniona by\u0142a pomoc rabina i trzech wspomnianych powy\u017cej podrabin\u00f3w oraz cz\u0142onk\u00f3w Dozoru Bo\u017cniczego, w sk\u0142ad kt\u00f3rego kolejno wchodzili: Abram Prussak, Joachim Silberstein, Jakub Dobranicki, Szymon Heyman, Moszek Weis, Izrael Pozna\u0144ski i Szaja Rosenblatt.&nbsp;Wszyscy oni nale\u017celi do elity finansowej miasta. Po \u015bmierci Eliasza Chaima Majzela w 1912 r. stanowisko rabina obj\u0105\u0142 Lejzor Lejb Trajstman (Treistman). Niema\u0142\u0105 rol\u0119 odgrywa\u0142 te\u017c rabin Izrael S. Jelski \u2013 jeden z przyw\u00f3dc\u00f3w ruchu syjonistycznego. Przed wybuchem I wojny \u015bwiatowej dzia\u0142a\u0142o w \u0141odzi jeszcze kilkunastu rabin\u00f3w: Natan Lipszyc, I. Frydel, M. Kr\u00f3l, M. Goldman, I. Feiner, Sz. Frydershon, Sz. Justman, M. Domb, L. Totenberg i P. Weinsaft. Przy synagodze reformowanej przy ul. Spacerowej funkcjonowa\u0142 Komitet Synagogi, w sk\u0142ad kt\u00f3rego wchodzili w latach 1887\u20131914: Izrael Pozna\u0144ski, Markus Silberstein, Szaja Rosenblatt, Jakub Hertz, Jakub Brahms, Stanis\u0142aw Jaroci\u0144ski, J. Bielszowski, L. Cukier, Natan Kopel, R. Lipszyc, A. S. Landau, I. Monitz, Karol Pozna\u0144ski i Dawid Rosenblatt.&nbsp;W spo\u0142eczno\u015bci zaznacza\u0142 si\u0119 wyra\u017any podzia\u0142 na zwolennik\u00f3w chasydyzmu oraz tzw. post\u0119powc\u00f3w skupionych w Towarzystwie Rytua\u0142u Niemieckiego. Jak podaje W. Pu\u015b, istnia\u0142a w \u0141odzi te\u017c&nbsp;grupa \u017byd\u00f3w wyznaj\u0105ca judaizm tradycyjny.<\/span><\/p>\n<p class=\"contrast-1\" style=\"text-align: left;\"><span style=\"color: #000080;\">Do 1914 r. gospodarka \u0142\u00f3dzka rozwija\u0142a si\u0119 w niezwyk\u0142ym tempie. W okresie od 1822 do 1914 r. liczba&nbsp;zatrudnionych w wytw\u00f3rczo\u015bci tekstylnej zwi\u0119kszy\u0142a si\u0119 z 2 os\u00f3b do 94 tys., a liczba zak\u0142ad\u00f3w w\u0142\u00f3kienniczych wzros\u0142a z&nbsp;dw\u00f3ch do ponad 570. Liczba sklep\u00f3w i firm wzros\u0142a natomiast z 26 do 4050.&nbsp;Na pocz\u0105tku XX w. \u0141\u00f3d\u017a sta\u0142a si\u0119 najwi\u0119kszym o\u015brodkiem przemys\u0142owym na ziemiach polskich. Jej dynamiczny rozw\u00f3j stanowi\u0142&nbsp;nast\u0119pstwo kilku czynnik\u00f3w, zar\u00f3wno natury politycznej, gospodarczej, jak i spo\u0142ecznej. Protekcyjno-prohibicyjna polityka rz\u0105du Kr\u00f3lestwa Polskiego w latach 1821\u20131830, imigracja r\u0119kodzielnik\u00f3w i tkaczy z zagranicy, polityka celna Rosji i ch\u0142onny rynek rosyjski, import techniki i technologii z Europy Zachodniej.&nbsp;<\/span><\/p>\n<p style=\"text-align: left;\"><span style=\"color: #000080;\">Wszystkie te czynniki po\u0142\u0105czone z przedsi\u0119biorczo\u015bci\u0105 wielonarodowej spo\u0142eczno\u015bci miasta przyczyni\u0142y si\u0119 wkr\u00f3tce do tego, i\u017c \u0141\u00f3d\u017a okre\u015blano mianem \u201epolskiego Manchesteru\u201d. Fabryki Izraela Pozna\u0144skiego, Markusa Silbersteina, Szaji Rozenblatta, Salo Budzynera, Oskara Kona oraz Borysa i Nauma Ejtingon\u00f3w nale\u017ca\u0142y do najwi\u0119kszych. Rozw\u00f3j wytw\u00f3rczo\u015bci nak\u0142adczej, akumulacja kupieckich kapita\u0142\u00f3w, tanie kredyty oraz obr\u00f3t wekslami budowa\u0142y fundament pomy\u015blno\u015bci gospodarczej miasta.<\/span><\/p>\n<p class=\"contrast-1\" style=\"text-align: left;\"><span style=\"color: #000080;\">Istotn\u0105 rol\u0119 odegrali \u017bydzi-litwacy, kt\u00f3rzy przybywali do Kr\u00f3lestwa Polskiego (g\u0142\u00f3wnie do Warszawy i \u0141odzi) ze znajomo\u015bci\u0105 rynk\u00f3w rosyjskich i wschodnich. To przyczyni\u0142o si\u0119 do zmonopolizowania przez nich niemal ca\u0142ego handlu. Dzi\u0119ki nim rynki zbytu rozszerzy\u0142y si\u0119 na Kaukaz, Persj\u0119 i Chiny. Pod koniec XIX w. handel taki organizowali Meir Bejlin, Mordechaj Helman i bracia Ruper.&nbsp;Litwacy mieli w \u0141odzi w\u0142asne b\u00f3\u017cnice i odr\u0119bne \u017cycie kulturalne. Do \u0142\u00f3dzkiego konglomeratu wielonarodowo\u015bciowego do\u0142\u0105czyli, ju\u017c w Polsce niepodleg\u0142ej, tak\u017ce Galicjanie, kt\u00f3rzy odegrali istotn\u0105 rol\u0119 w \u017cyciu kulturalnym miasta.<\/span><\/p>\n<p class=\"contrast-1\" style=\"text-align: left;\"><span style=\"color: #000080;\">Wa\u017cn\u0105 role odgrywa\u0142y tak\u017ce firmy specjalizuj\u0105ce si\u0119 w dostarczaniu surowca dla przedsi\u0119biorstw. W 1913 r. po\u015br\u00f3d 20 takich firm ponad po\u0142owa nale\u017ca\u0142a do \u0142\u00f3dzkich \u017byd\u00f3w: firma Eljasza Feinenbauma \u2013 ul. W\u00f3lcza\u0144ska; firma Finkelsteina i Heimana \u2013 ul. Przejazd; firma Goldberga i Litauera \u2013 ul. Zachodnia; firma A. Hamburgera \u2013 ul. Pa\u0144ska; firma M. Kaleckiego \u2013 ul. Widzewska; firma S. Kutnitzkiego i sp\u00f3\u0142ka \u2013 ul. Cegielniana; firma Leopolda Landaua \u2013 ul. Piotrkowska; firma L. Mendelshona i sp\u00f3\u0142ka \u2013 ul. Zachodnia; firma A. Oppenheima \u2013 ul. Widzewska oraz firma Leona Rappaporta i sp\u00f3\u0142ka \u2013 ul. Po\u0142udniowa<a id=\"footnoteref3_enzawme\" class=\"see-footnote contrast-1\" style=\"color: #000080;\" title=\"Czas. Kalendarz na rok 1914, \u0141\u00f3d\u017a 1914, s. 27.\" href=\"https:\/\/sztetl.org.pl\/pl\/miejscowosci\/l\/497-lodz\/99-historia-spolecznosci\/137633-historia-spolecznosci#footnote3_enzawme\">[1.3]<\/a>. Wa\u017cn\u0105 rol\u0119 odgrywa\u0142y domy agenturowe firm handlowych. Tak\u017ce one w wi\u0119kszo\u015bci nale\u017ca\u0142y do \u017byd\u00f3w. Ponadto \u017bydzi byli w\u0142a\u015bcicielami wi\u0119kszo\u015bci sklep\u00f3w i magazyn\u00f3w z wyrobami w\u0142\u00f3kienniczymi \u2013 oko\u0142o 60%. Ponad 50% sklep\u00f3w papierniczych i technicznych nale\u017ca\u0142o do \u017byd\u00f3w. Po\u015br\u00f3d najwa\u017cniejszych&nbsp;sklep\u00f3w i sk\u0142ad\u00f3w nale\u017c\u0105cych do \u017byd\u00f3w w 1913 r., wymieni\u0107 warto:<\/span><\/p>\n<ul>\n<li style=\"list-style-type: none;\">\n<ul class=\"contrast-1\">\n<li style=\"list-style-type: none;\">\n<ul class=\"contrast-1\">\n<li class=\"contrast-1\">N. Cukierman \u2013 hurtowy sk\u0142ad cukru i towar\u00f3w kolonialnych (ul. Zawidzka),<\/li>\n<\/ul>\n<\/li>\n<\/ul>\n<ul class=\"contrast-1\">\n<li style=\"list-style-type: none;\">\n<ul class=\"contrast-1\">\n<li class=\"contrast-1\">Artur Arnstein \u2013 sk\u0142ad metali (ul. Widzewska),<\/li>\n<\/ul>\n<\/li>\n<\/ul>\n<ul class=\"contrast-1\">\n<li style=\"list-style-type: none;\">\n<ul class=\"contrast-1\">\n<li class=\"contrast-1\">Daniel Berkowicz \u2013 sk\u0142ad wyrob\u00f3w we\u0142nianych (ul. Nowomiejska),<\/li>\n<\/ul>\n<\/li>\n<\/ul>\n<ul class=\"contrast-1\">\n<li style=\"list-style-type: none;\">\n<ul class=\"contrast-1\">\n<li class=\"contrast-1\">Blum i Monitz \u2013 sklep przetwor\u00f3w chemicznych (ul. Piotrkowska),<\/li>\n<\/ul>\n<\/li>\n<\/ul>\n<ul class=\"contrast-1\">\n<li style=\"list-style-type: none;\">\n<ul class=\"contrast-1\">\n<li class=\"contrast-1\">Bornstein i Grossbard \u2013 dom agenturowo-komisowy \u2013 hurtowa sprzeda\u017c bawe\u0142ny \u015brodkowo-azjatyckiej i kaukaskiej (ul. Po\u0142udniowa),<\/li>\n<\/ul>\n<\/li>\n<\/ul>\n<ul class=\"contrast-1\">\n<li style=\"list-style-type: none;\">\n<ul class=\"contrast-1\">\n<li class=\"contrast-1\">Samuel Czama\u0144ski \u2013 sk\u0142ad wyrob\u00f3w jedwabnych (ul. Przejazd),<\/li>\n<\/ul>\n<\/li>\n<\/ul>\n<ul class=\"contrast-1\">\n<li style=\"list-style-type: none;\">\n<ul class=\"contrast-1\">\n<li class=\"contrast-1\">Dobranicki \u2013 sk\u0142ad wyrob\u00f3w bawe\u0142nianych (ul. Cegielniana),<\/li>\n<\/ul>\n<\/li>\n<\/ul>\n<ul class=\"contrast-1\">\n<li style=\"list-style-type: none;\">\n<ul class=\"contrast-1\">\n<li class=\"contrast-1\">Artur Goldstadt \u2013 sk\u0142ad chemiczny (ul. Zachodnia),<\/li>\n<\/ul>\n<\/li>\n<\/ul>\n<ul class=\"contrast-1\">\n<li style=\"list-style-type: none;\">\n<ul class=\"contrast-1\">\n<li class=\"contrast-1\">Natan Kopla \u2013 sprzeda\u017c prz\u0119dzy szewiotowej (ul. Dzielna),<\/li>\n<\/ul>\n<\/li>\n<\/ul>\n<ul class=\"contrast-1\">\n<li style=\"list-style-type: none;\">\n<ul class=\"contrast-1\">\n<li class=\"contrast-1\">Emil Pfeiffer i sp\u00f3\u0142ka \u2013 dom agenturowy (ul. Andrzeja),<\/li>\n<\/ul>\n<\/li>\n<\/ul>\n<ul class=\"contrast-1\">\n<li style=\"list-style-type: none;\">\n<ul class=\"contrast-1\">\n<li class=\"contrast-1\">bracia Rappaport \u2013 sk\u0142ad dywan\u00f3w i firanek (ul. Piotrkowska),<\/li>\n<\/ul>\n<\/li>\n<\/ul>\n<ul class=\"contrast-1\">\n<li style=\"list-style-type: none;\">\n<ul class=\"contrast-1\">\n<li class=\"contrast-1\">Emanuel Sieradzki \u2013 sk\u0142ad futer i kapeluszy (ul. Piotrkowska),<\/li>\n<\/ul>\n<\/li>\n<\/ul>\n<ul class=\"contrast-1\">\n<li style=\"list-style-type: none;\">\n<ul class=\"contrast-1\">\n<li class=\"contrast-1\">Henoch Warszawski \u2013 sk\u0142ad wyrob\u00f3w metalowych (ul. Spacerowa),<\/li>\n<\/ul>\n<\/li>\n<\/ul>\n<ul class=\"contrast-1\">\n<li class=\"contrast-1\">Weiss i Pozna\u0144ski \u2013 sk\u0142ad towar\u00f3w we\u0142nianych (ul. Piotrkowska)<a id=\"footnoteref4_guanypf\" class=\"see-footnote contrast-1\" title=\"Pu\u015b W., \u017bydzi w \u0141odzi w latach zabor\u00f3w 1793\u20131914, \u0141\u00f3d\u017a 2001, s. 59.\" href=\"https:\/\/sztetl.org.pl\/pl\/miejscowosci\/l\/497-lodz\/99-historia-spolecznosci\/137633-historia-spolecznosci#footnote4_guanypf\">[1.4]<\/a>.<\/li>\n<\/ul>\n<\/li>\n<\/ul>\n<p class=\"contrast-1\" style=\"text-align: left;\"><span style=\"color: #000080;\">Wraz z rozwojem gospodarczym \u0141odzi post\u0119powa\u0142 rozkwit \u017cycia spo\u0142ecznego. Na prze\u0142omie XIX i XX w. w \u0141odzi funkcjonowa\u0142y ju\u017c cztery wielkie synagogi i setki dom\u00f3w modlitwy. Aktywnie, zw\u0142aszcza w mi\u0119dzywojniu,&nbsp;dzia\u0142a\u0142y tutaj liczne ugrupowania polityczne, takie jak: Aguda, syjoni\u015bci og\u00f3lni, rewizjoni\u015bci, Poalej Syjon, folki\u015bci, bundowcy&nbsp;i komuni\u015bci. Wi\u0119kszo\u015b\u0107 z tych partii mia\u0142a w\u0142asne organizacje m\u0142odzie\u017cowe, instytucje kulturalne, biblioteki, kluby sportowe, stowarzyszenia charytatywne, a nawet szko\u0142y.&nbsp;W \u0141odzi dzia\u0142a\u0142a tak\u017ce partia ortodoksyjna, funkcjonuj\u0105ca tylko w tym mie\u015bcie \u2013&nbsp;Bezpartyjni Religijni \u017bydzi, zwi\u0105zani z organizacj\u0105 chasyd\u00f3w cadyka Dancygiera z pod\u0142\u00f3dzkiego Aleksandrowa. \u017bydzi posiadali tak\u017ce swoich przedstawicieli w Radzie Miejskiej \u0141odzi. Ich udzia\u0142 waha\u0142 si\u0119 pomi\u0119dzy 20 a 25% w okresie mi\u0119dzywojennym.&nbsp;W 1919 r. w wyborach do Rady Miasta wygrali socjali\u015bci, w 1923 r. \u2013 ob\u00f3z chrze\u015bcija\u0144sko-narodowy, w 1927 r. ponownie zwyci\u0119stwo odnie\u015bli socjali\u015bci. Rok 1934 przyni\u00f3s\u0142 ponownie tryumf endek\u00f3w.&nbsp;W latach 1936 i 1938 sukces wyborczy odnie\u015bli socjali\u015bci, do czego w du\u017cej mierze przyczyni\u0142 si\u0119 Bund.<\/span><\/p>\n<p class=\"contrast-1\" style=\"text-align: left;\"><span style=\"color: #000080;\">W \u0141odzi wykszta\u0142ci\u0142y si\u0119 tak\u017ce pr\u0119\u017cne \u015brodowiska artystyczne, literackie i naukowe. St\u0105d wywodzi\u0142o si\u0119 wielu znanych muzyk\u00f3w, jak cho\u0107by Artur Rubinstein i Aleksander Tansman. Tutaj dzia\u0142ali przedstawiciele ruchu \u201eJung Jidysz\u201d, za\u0142o\u017conego przez Mojsze Brodersona. Z \u0141odzi wywodzi\u0142 si\u0119 poeta Julian Tuwim. Tutaj tworzy\u0142 tak\u017ce Icchak Kacenelson, autor&nbsp;<em>Pie\u015bni o zamordowanym \u017cydowskim narodzie<\/em>. W 1905 r. z inicjatywy Icchaka Zandberga powsta\u0142 teatr \u017cydowski. Repertuar&nbsp;by\u0142 bardzo urozmaicony. Obok \u017cydowskich operetek i melodramat\u00f3w wystawiano tutaj&nbsp;<em>Dam\u0119 Kameliow\u0105&nbsp;<\/em>Aleksandra Dumasa,&nbsp;<em>\u017bywego trupa&nbsp;<\/em>Lwa To\u0142stoja. Wyst\u0119powali tutaj go\u015bcinnie najznamienitsi aktorzy tamtych czas\u00f3w: Ester Rachel Kami\u0144ska, Borys Tomaszewski i Fanny Blumentall. W 1912 r. otwarto drugi teatr \u017cydowski \u201eScala\u201d przy ul. Cegielnianej 18 (obecnie ul. Wi\u0119ckowskiego 15). Teatrem tym kierowali Juliusz Adler i Herman Sierocki.<\/span><\/p>\n<p class=\"contrast-1\" style=\"text-align: left;\"><span style=\"color: #000080;\">Na szczeg\u00f3ln\u0105 uwag\u0119 zas\u0142uguj\u0105 tak\u017ce \u017cydowscy malarze i rze\u017abiarze, dzia\u0142aj\u0105cy w \u0141odzi na prze\u0142omie XIX i XX w. Tutaj malowali swe obrazy Dawid Modenstein; Maurycy Tr\u0119bacz \u2013 ucze\u0144 Jana Matejki;&nbsp;Samuel Hirszenberg, uznany za najwybitniejszego malarza \u017cydowskiego na ziemiach polskich prze\u0142omu XIX i XX w.; Jakub Kacenbogen, kt\u00f3ry w za\u0142o\u017conej przez siebie szkole kszta\u0142ci\u0142 takie p\u00f3\u017aniejsze s\u0142awy jak: Artura Szyka, Henryka Barci\u0144skiego i Icchaka Braunera. W XIX w. powsta\u0142y w \u0141odzi pierwsze kina, kt\u00f3rych w\u0142a\u015bcicielami byli tak\u017ce przedsi\u0119biorcy \u017cydowscy. W 1907 r. Mani Hendlisz za\u0142o\u017cy\u0142 kino o nazwie \u201eTheatre Optique Parisien\u201d przy ul. Piotrkowskiej 15. W 1908 r. Albert Hoffman i Dawid Bernstein uruchomili kino \u201eArkadia\u201d przy ul. Piotrkowskiej 22. W 1908 r. otwarte zosta\u0142y kolejne kina:&nbsp;Towarzystwa \u201eOdeon\u201d przy ul. Przejazd 2,&nbsp;\u201eThe Bio-Express\u201d za\u0142o\u017cone przy ul. Zielonej 2 przez wujka Juliana Tuwima oraz&nbsp;\u201eOaza\u201d przy ul. G\u0142\u00f3wnej 1 (obecnie J. Pi\u0142sudskiego), prowadzone przez Hersza Sch\u00f6nwitza.<\/span><\/p>\n<p class=\"contrast-1\" style=\"text-align: left;\"><span style=\"color: #000080;\">\u0141\u00f3d\u017a mia\u0142a tak\u017ce bardzo rozwini\u0119t\u0105 ofert\u0119 prasy \u017cydowsk\u0105. Tworzy\u0142y j\u0105&nbsp;wydawane w jidysz \u201eLodzer Togb\u0142at\u201d i \u201eNajer Fo\u0142ksblat\u201d oraz polskoj\u0119zyczna&nbsp;\u201eKronika Gminy Wyznaniowej \u017bydowskiej\u201d. Maurycy Ignacy Pozna\u0144ski i Marian Nussbaum-O\u0142taszewski wydawali liberaln\u0105 \u201eRepublik\u0119\u201d, natomiast Jan Urbach wydawa\u0142 czytany przez \u017byd\u00f3w lewicowych \u201eG\u0142os Poranny\u201d.<\/span><\/p>\n<p class=\"contrast-1\" style=\"text-align: left;\"><span style=\"color: #000080;\">W 1939 r. w \u0141odzi mieszka\u0142o 233 tys. \u017byd\u00f3w, co stanowi\u0142o 34,7% og\u00f3\u0142u ludno\u015bci. Dominowali w\u015br\u00f3d nich drobni kupcy, sklepikarze, handlarze, rzemie\u015blnicy i pracownicy transportu. Ponad po\u0142owa du\u017cych i \u015brednich zak\u0142ad\u00f3w przemys\u0142owych&nbsp;znajdowa\u0142a si\u0119 w r\u0119kach \u017cydowskich.<\/span><\/p>\n<p class=\"contrast-1\" style=\"text-align: left;\"><span style=\"color: #000080;\">Wojska niemieckie zaj\u0119\u0142y \u0141\u00f3d\u017a 8 wrze\u015bnia&nbsp;1939 r. Od tego dnia rozpocz\u0119\u0142y si\u0119 represje wobec ludno\u015bci \u017cydowskiej. Miasto znalaz\u0142o si\u0119 pod w\u0142adz\u0105 gauleitera Artura Greisera. W kr\u00f3tkim czasie wyda\u0142 on wiele drako\u0144skich zarz\u0105dze\u0144.&nbsp;Ograniczono obr\u00f3t pieni\u0119\u017cny i zabroniono prowadzenie handlu towarami sk\u00f3rzanymi i w\u0142\u00f3kienniczymi. W\u0142\u0105czenie \u0141odzi do Rzeszy zaostrzy\u0142o terror w stosunku do ludno\u015bci \u017cydowskiej. 31 pa\u017adziernika 1939 r. ukaza\u0142o si\u0119 zarz\u0105dzenie prezydenta policji, nakazuj\u0105ce od 1 listopada 1939 r. oznakowanie wszystkich przedsi\u0119biorstw i sklep\u00f3w widocznymi szyldami wskazuj\u0105cymi narodowo\u015b\u0107 w\u0142a\u015bciciela.&nbsp;Zgodnie z&nbsp; zarz\u0105dzeniem inspektora Kraju Warty Friedricha \u00dcbelh\u00f6ra, \u017bydzi&nbsp;musieli od 14 listopada 1939 r. nosi\u0107 \u017c\u00f3\u0142t\u0105 opask\u0119. Zarz\u0105dzenie to znowelizowano miesi\u0105c p\u00f3\u017aniej.<\/span><\/p>\n<p class=\"contrast-1\" style=\"text-align: left;\"><span style=\"color: #000080;\">Od&nbsp;11 grudnia 1939 r.&nbsp;\u017bydzi zostali zmuszeni do noszenia na piersi i plecach \u017c\u00f3\u0142tej gwiazdy Dawida. \u017bydom nie wolno by\u0142o spacerowa\u0107 w parkach miejskich, chodzi\u0107 ul. Piotrkowsk\u0105 oraz korzysta\u0107 z komunikacji miejskiej. Wszyscy \u017bydzi zatrudnieni w przedsi\u0119biorstwach aryjskich musieli opu\u015bci\u0107 swoje miejsca pracy. Jednocze\u015bnie rozpocz\u0119to grabie\u017c maj\u0105tku \u017cydowskiego, zar\u00f3wno w mieszkaniach prywatnych, jak i warsztatach oraz sklepach. \u201eDzika\u201d grabie\u017c przybra\u0142a w \u0141odzi tak wielkie rozmiary, \u017ce prezes rejencji kalisko-\u0142\u00f3dzkiej oraz dow\u00f3dca miejscowej policji wydali 17 stycznia 1940 r. rozporz\u0105dzenie ostrzegaj\u0105ce osoby i instytucje przed samowolnym dokonywaniem rekwizycji. W\u0142adze wojskowe natomiast przyst\u0105pi\u0142y do oficjalnej grabie\u017cy mienia \u017cydowskiego. Pod koniec 1939 r. zarekwirowano maj\u0105tek o warto\u015bci 1,8 mln marek. Kolejne zarz\u0105dzenie z 29 listopada 1939 r. ustanowi\u0142o komisaryczny zarz\u0105d dla przedsi\u0119biorstw, zak\u0142ad\u00f3w i nieruchomo\u015bci zar\u00f3wno tych, kt\u00f3rych w\u0142a\u015bciciele opu\u015bcili kraj, jak i tych kt\u00f3rych w\u0142a\u015bciciele pozostali na miejscu.&nbsp;Na mocy tego zarz\u0105dzenia przej\u0119to znaczn\u0105 cz\u0119\u015b\u0107 przedsi\u0119biorstw nale\u017c\u0105cych do \u017byd\u00f3w. By\u0142y w\u015br\u00f3d nich zak\u0142ady nale\u017c\u0105ce do zamo\u017cnych \u017byd\u00f3w, kt\u00f3rzy opu\u015bcili pospiesznie miasto na pocz\u0105tku wojny.<\/span><\/p>\n<p class=\"contrast-1\" style=\"text-align: left;\"><span style=\"color: #000080;\">Ludno\u015b\u0107 \u017cydowska ponios\u0142a tak\u017ce ogromne straty w momencie przesiedlania jej do getta. Okupant zaj\u0105\u0142 w\u00f3wczas tysi\u0105ce umeblowanych mieszka\u0144, nieruchomo\u015bci i dzie\u0142 sztuki. Zarz\u0105dzenie z&nbsp;18 wrze\u015bnia 1939 r.&nbsp;nakazywa\u0142o zablokowa\u0107 \u017cydowskie konta bankowe, depozyty i sejfy. \u017bydzi nie mogli pobiera\u0107 ze swych kont wi\u0119cej ni\u017c 500 z\u0142, a z kont oszcz\u0119dno\u015bciowych \u2013 250 z\u0142 tygodniowo. W domu nie mo\u017cna by\u0142o posiada\u0107 wi\u0119cej ni\u017c 2000 z\u0142. Zabroniono tak\u017ce prowadzenia wszelkiego transportu na drogach publicznych, co pozbawi\u0142o ok. tysi\u0105c \u017byd\u00f3w mo\u017cliwo\u015bci zarobkowania. Taka sytuacja spowodowa\u0142a, \u017ce \u017bydzi wi\u0119kszo\u015b\u0107 czasu sp\u0119dzali w domach, nie maj\u0105c mo\u017cliwo\u015bci zarobkowania, a tym samym zdobywania \u015brodk\u00f3w do \u017cycia. Masowym zjawiskiem od pierwszych dni okupacji by\u0142y \u0142apanki uliczne. Z\u0142apanych w ten spos\u00f3b&nbsp;kierowano do ci\u0119\u017ckich prac. Mia\u0142y one tak\u017ce na celu poni\u017cenie ludno\u015bci \u017cydowskiej. Doprowadzi\u0142o to do zupe\u0142nego niemal \u201ewymarcia\u201d ulic w dzielnicy \u017cydowskiej. Ludno\u015b\u0107 ba\u0142a si\u0119 wychodzi\u0107 z dom\u00f3w, nie chc\u0105c nara\u017ca\u0107 si\u0119 na pobicie. Gmina \u017bydowska w zwi\u0105zku z narastaj\u0105cym strachem mieszka\u0144c\u00f3w, wyst\u0105pi\u0142a do w\u0142adz niemieckich z ofert\u0105 wsp\u00f3\u0142pracy przy rekrutacji robotnik\u00f3w. W nast\u0119pstwie&nbsp;powo\u0142ano 7&nbsp;pa\u017adziernika 1939 r. Biuro Zaci\u0105gu Pracy z siedzib\u0105&nbsp;przy ul. Pomorskiej 18, a nast\u0119pnie&nbsp;przy ul. Po\u0142udniowej 10.<\/span><\/p>\n<p class=\"contrast-1\" style=\"text-align: left;\"><span style=\"color: #000080;\">Jednocze\u015bnie utworzono ob\u00f3z koncentracyjny w fabryce Glasera na Radogoszczu. Tam torturowano, a nast\u0119pnie zabijano dzia\u0142aczy politycznych, spo\u0142ecznych i intelektualist\u00f3w. 2 listopada 1939 r. hitlerowcy rozstrzelali w Lesie \u0141agiewnickim 15 \u017byd\u00f3w, kt\u00f3rych aresztowano poprzedniego dnia w kawiarni \u201eAstoria\u201d. 10 dni p\u00f3\u017aniej powieszono w publicznej egzekucji dw\u00f3ch Polak\u00f3w i \u017byda&nbsp;Radnera. Tego samego dnia spalono i wysadzono w powietrze cztery wielkie synagogi: przy ulicy Wolborskiej, Zachodniej, Ko\u015bciuszki i W\u00f3lcza\u0144skiej. 11 listopada 1939 r. aresztowano ca\u0142\u0105 Rad\u0119 Starszych. Zwolniono tylko sze\u015bciu z nich. Reszt\u0119 rozstrzelano w Lesie \u0141agiewnickim.<\/span><\/p>\n<p class=\"contrast-1\" style=\"text-align: left;\"><span style=\"color: #000080;\">Liczba ludno\u015bci \u017cydowskiej zmniejsza\u0142a si\u0119. Opr\u00f3cz tych, kt\u00f3rym uda\u0142o si\u0119 uciec przed terrorem w pierwszych dniach wojny, kolejni przenikali na teren&nbsp;Generalnego Gubernatorstwa.&nbsp;12 grudnia 1939 r. rozpocz\u0119\u0142a si\u0119 te\u017c systematyczna akcja wysiedlania \u017byd\u00f3w do Generalnego Gubernatorstwa. Og\u00f3\u0142em, w pierwszych miesi\u0105cach okupacji z \u0141odzi na tereny Zwi\u0105zku Radzieckiego i Generalnego Gubernatorstwa przenios\u0142o si\u0119 lub zosta\u0142o przesiedlonych ponad 71&nbsp;tys. \u017byd\u00f3w.<\/span><\/p>\n<p class=\"contrast-1\" style=\"text-align: left;\"><span style=\"color: #000080;\">Pierwsza wzmianka o utworzeniu getta \u0142\u00f3dzkiego pojawi\u0142a si\u0119 w tajnym ok\u00f3lniku prezesa rejencji kaliskiej z 10 grudnia 1939 r., w kt\u00f3rym Friedrich \u00dcbelh\u00f6r wyrazi\u0142 opini\u0119, i\u017c nie jest mo\u017cliwa ca\u0142kowita ewakuacja ludno\u015bci \u017cydowskiej;&nbsp;w zwi\u0105zku z tym w p\u00f3\u0142nocnej cz\u0119\u015bci miasta powstanie getto.&nbsp;Getto zlokalizowano w najbardziej zaniedbanych dzielnicach \u0141odzi \u2013 na Ba\u0142utach i Starym Mie\u015bcie. Obejmowa\u0142o&nbsp;obszar 4,13 km kw. W momencie utworzenia,&nbsp;obejmowa\u0142o nast\u0119puj\u0105ce ulice: Gopla\u0144sk\u0105, \u017burawi\u0105, Wsp\u00f3ln\u0105, Stefana, Okopow\u0105, Czarnieckiego, Sukiennicz\u0105, Marysi\u0144sk\u0105, Inflanck\u0105, nast\u0119pnie wzd\u0142u\u017c muru cmentarza \u017cydowskiego i dalej Brack\u0105, Przemys\u0142ow\u0105, \u015arodkow\u0105, G\u0142owackiego, Brzezi\u0144sk\u0105, Obl\u0119gorsk\u0105, Ch\u0142odn\u0105, Smugow\u0105, Nad \u0141\u00f3dk\u0105, Stodolnian\u0105, Podrzeczn\u0105, Drewnowsk\u0105, Majow\u0105, Wrzesi\u0144sk\u0105, Piwn\u0105, Urz\u0119dnicz\u0105 do Zgierskiej i Gopla\u0144skiej.<\/span><\/p>\n<p class=\"contrast-1\" style=\"text-align: left;\"><span style=\"color: #000080;\">W maju 1941 r. wydzielono z getta tr\u00f3jk\u0105t&nbsp;w obr\u0119bie ulic Drewnowskiej, Majowej i Jeneralskiej. W ten spos\u00f3b powierzchnia zmniejszy\u0142a si\u0119 do 3,82 km kw. Dodatkowo getto by\u0142o przeci\u0119te na trzy cz\u0119\u015bci g\u0142\u00f3wnymi ulicami: Nowomiejsk\u0105, Zgiersk\u0105 i Boles\u0142awa Limanowskiego. Pocz\u0105tkowo ruch nimi&nbsp;odbywa\u0142 si\u0119 poprzez specjalne bramy, kt\u00f3re otwierano o wyznaczonej&nbsp;porze dnia. Latem 1940 r. wybudowano w ich miejsce drewniane przej\u015bcia ponad ulicami. Ostateczne zamkni\u0119cie getta nast\u0105pi\u0142o 30 kwietnia 1940 r. Domy przylegaj\u0105ce do getta wyburzono. Teren getta nie by\u0142 skanalizowany, co&nbsp;utrudnia\u0142o kontakt ludno\u015bci w nim zamieszkuj\u0105cej ze \u201estron\u0105 aryjsk\u0105\u201d miasta. Dodatkowym utrudnieniem w kontaktach ze \u015bwiatem zewn\u0119trznym stanowi\u0142 fakt, i\u017c \u0141\u00f3d\u017a by\u0142a w\u00f3wczas zamieszkana przez ponad 70 tys. os\u00f3b, nale\u017c\u0105cych do mniejszo\u015bci niemieckiej, lojalnej wobec nowej w\u0142adzy. Wed\u0142ug urz\u0119dowych danych, w getcie \u0142\u00f3dzkim zamkni\u0119to 160&nbsp;320 \u017byd\u00f3w, w tym 6471 os\u00f3b z terenu Kraju Warty, kt\u00f3re trafi\u0142y do getta \u0142\u00f3dzkiego w wyniku migracji wojennych.<\/span><\/p>\n<p class=\"contrast-1\" style=\"text-align: left;\"><span style=\"color: #000080;\">P\u00f3\u0142tora roku p\u00f3\u017aniej, na rozkaz Heinricha Himmlera deportowano do getta \u0142\u00f3dzkiego 19&nbsp;722 \u017byd\u00f3w z Austrii, Czech, Luksemburga i Niemiec. Po konferencji w Wannsee pod Berlinem podj\u0119to decyzj\u0119 o \u201eostatecznym rozwi\u0105zaniu\u201d kwestii \u017cydowskiej. W jej nast\u0119pstwie zacz\u0119to przesiedla\u0107 do getta \u0142\u00f3dzkiego \u017byd\u00f3w z okolicznych gett Kraju Warty:&nbsp;Brzezin, G\u0142owna, Ozorkowa, Strykowa, \u0141asku, Pabianic, Sieradza, Zdu\u0144skiej Woli i Wielunia. \u0141\u0105cznie przez getto \u0142\u00f3dzkie przesz\u0142o ponad 200 tys. \u017byd\u00f3w z Kraju Warty i Europy Zachodniej. Na obszarze getta utworzono tak\u017ce dwa wyizolowane obozy. Pierwszy przeznaczony by\u0142 dla ludno\u015bci romskiej,&nbsp;drugi \u2013 dla dzieci i m\u0142odzie\u017cy polskiej. Ob\u00f3z cyga\u0144ski istnia\u0142 do 16 stycznia 1942 r., kiedy to wszystkich jego mieszka\u0144c\u00f3w wywieziono do obozu zag\u0142ady w Che\u0142mnie nad Nerem.<\/span><\/p>\n<p class=\"contrast-1\" style=\"text-align: left;\"><span style=\"color: #000080;\">Getto podlega\u0142o Zarz\u0105dowi Miasta. Pocz\u0105tkowo kierowa\u0142 nim Johann Moldenhauer. Po nim funkcj\u0119 t\u0119 sprawowa\u0142 Hans Biebow, kt\u00f3ry osobi\u015bcie uczestniczy\u0142 w selekcjach ludno\u015bci podczas likwidacji okolicznych gett. To on przeforsowa\u0142 we w\u0142adzach centralnych ide\u0119 samowystarczalno\u015bci getta \u0142\u00f3dzkiego. Jemu bezpo\u015brednio podlega\u0142a \u017cydowska administracja. Prze\u0142o\u017conym Starsze\u0144stwa \u017byd\u00f3w w getcie \u0142\u00f3dzkim by\u0142 Chaim Mordechaj Rumkowski. Z czasem sta\u0142 on si\u0119 g\u0142\u00f3wnym po\u015brednikiem mi\u0119dzy \u017cydowsk\u0105 administracj\u0105, a w\u0142adzami niemieckimi. Okupanci zmuszali go do wsp\u00f3\u0142pracy najpierw przy przekszta\u0142caniu getta w ob\u00f3z pracy, a nast\u0119pnie przy grabie\u017cy mienia \u017cydowskiego. Ich kart\u0105 przetargow\u0105 w permanentnym szanta\u017cowaniu Rumkowskiego by\u0142y gro\u017aby zmniejszenia dostaw \u017cywno\u015bci do getta. Rumkowski posiada\u0142 ogromn\u0105 w\u0142adz\u0119 w administracji wewn\u0119trznej getta. To on powo\u0142ywa\u0142 nowe urz\u0119dy, wydzia\u0142y i resorty. Struktura administracji getta sk\u0142ada\u0142a si\u0119 z sieci wydzia\u0142\u00f3w, central, biur i komisji, kt\u00f3re likwidowano, gdy przestawa\u0142y by\u0107 potrzebne, a na ich miejsce powo\u0142ywano kolejne, o okre\u015blonym zakresie kompetencji. W latach 1940-1944 administracja getta liczy\u0142a od 27 do 32 agend. W sumie zatrudnia\u0142y one od 13 tys. do 14 tys. pracownik\u00f3w. Chaim Rumkowski&nbsp;kierowa\u0142 gettem poprzez Centralny Sekretariat.&nbsp; Jak wi\u0119kszo\u015b\u0107 agend gettowych, Centrala mie\u015bci\u0142a si\u0119 przy Ba\u0142uckim Rynku. Wst\u0119p na teren Rynku mia\u0142y tylko osoby na nim zatrudnione lub posiadaj\u0105ce specjalne przepustki. Central\u0105 kierowa\u0142a Dora Fuchs, kt\u00f3ra sprawowa\u0142a swoj\u0105 funkcje nieprzerwanie do VIII 1944 r. Centrala gromadzi\u0142a sprawozdania z poszczeg\u00f3lnych wydzia\u0142\u00f3w getta, tak\u017ce po\u015bredniczy\u0142a w przekazywaniu Zarz\u0105dowi Getta zrabowanego mienia \u017cydowskiego. Centrali podlega\u0142y nast\u0119puj\u0105ce wydzia\u0142y:<\/span><\/p>\n<ul>\n<li style=\"list-style-type: none;\">\n<ul class=\"contrast-1\">\n<li style=\"list-style-type: none;\">\n<ul class=\"contrast-1\">\n<li class=\"contrast-1\">Wydzia\u0142 Prezydialny<\/li>\n<\/ul>\n<\/li>\n<\/ul>\n<ul class=\"contrast-1\">\n<li style=\"list-style-type: none;\">\n<ul class=\"contrast-1\">\n<li class=\"contrast-1\">Wydzia\u0142 Personalny<\/li>\n<\/ul>\n<\/li>\n<\/ul>\n<ul class=\"contrast-1\">\n<li style=\"list-style-type: none;\">\n<ul class=\"contrast-1\">\n<li class=\"contrast-1\">Kasa G\u0142\u00f3wna<\/li>\n<\/ul>\n<\/li>\n<\/ul>\n<ul class=\"contrast-1\">\n<li class=\"contrast-1\">Centralna Ksi\u0119gowo\u015b\u0107.<\/li>\n<\/ul>\n<\/li>\n<\/ul>\n<p class=\"contrast-1\" style=\"text-align: left;\"><span style=\"color: #000080;\">Na Rynku Ba\u0142uckim funkcjonowa\u0142o tak\u017ce Centralne Biuro Resort\u00f3w Pracy. Getto produkowa\u0142o mundury, p\u0142aszcze, ko\u017cuchy, ocieplenia kurtek, czapki, obuwie, s\u0142omiane kamasze, tornistry i plecaki. Odbiorcami tych towar\u00f3w by\u0142y Wehrmacht-Beschaffungsamt w Berlinie, Heeresbekleidungsamt w Berlinie i jego filia w Poznaniu, Marinebekleidungsamt w Kilonii i Wilhelmshaven, Polizeibekleidungsamt w Poznaniu i Organisation Todt \u2013 filia w Poznaniu. Odbiorcami produkcji gettowej by\u0142y tak\u017ce znane domy handlowe i firmy prywatne: \u201eAEG\u201d, \u201eJ. Neckermann\u201d w Berlinie, \u201eAsman&amp;Co\u201d w Berlinie, \u201eHenckel&amp;Co\u201d w Hamburgu, \u201eAdolf Heine\u201d w \u0141odzi, \u201eKarol T. Buhle i SA\u201d w \u0141odzi. Dostarczano do nich g\u0142\u00f3wnie odzie\u017c, obuwie, bielizn\u0119, meble, lampy, wyroby kaletnicze, tekstylne i trykotowe.<\/span><\/p>\n<p class=\"contrast-1\" style=\"text-align: left;\"><span style=\"color: #000080;\">W getcie funkcjonowa\u0142 tak\u017ce Wydzia\u0142 Zdrowia przy Szpitalu Kasy Chorych na ul. \u0141agiewnickiej 34\/36. Zosta\u0142 jednak zlikwidowany po tzw. \u201eszperze\u201d, czyli wrze\u015bniowych wyw\u00f3zkach z getta (3\u201312 wrze\u015bnia 1942 r. \u2013 by\u0142a to akcja skierowana przeciwko dzieciom do 10 roku \u017cycia i starcom powy\u017cej 65 roku \u017cycia. Akcji tej towarzyszy\u0142 zakaz opuszczania dom\u00f3w. W jej wyniku wywieziono na \u015bmier\u0107 15&nbsp;681 os\u00f3b). Wszyscy chorzy szpitala zostali zamordowani z Che\u0142mnie nad Nerem. Ponadto w getcie funkcjonowa\u0142o 6 innych szpitali, 7 aptek, 4 przychodnie, 2 stacje pogotowia, 2 prewentoria dla dzieci i 2 domy starc\u00f3w.<\/span><\/p>\n<p class=\"contrast-1\" style=\"text-align: left;\"><span style=\"color: #000080;\">W getcie rozwija\u0142o si\u0119 tak\u017ce szkolnictwo. Funkcjonowa\u0142y tam szko\u0142y podstawowe, religijne, specjalne, gimnazja, a nawet jedna szko\u0142a muzyczna. W wszystkich szko\u0142ach zorganizowano sto\u0142\u00f3wki. Na Marysinie organizowano kolonie i p\u00f3\u0142kolonie. W pa\u017adzierniku 1941 r. do getta dosiedlono blisko 20 tys. \u017byd\u00f3w z Europy Zachodniej. Zaj\u0119li oni budynki szkolne. W ten spos\u00f3b zako\u0144czy\u0142a si\u0119 dzia\u0142alno\u015b\u0107&nbsp;instytucji o\u015bwiatowych&nbsp;w getcie.<\/span><\/p>\n<p class=\"contrast-1\" style=\"text-align: left;\"><span style=\"color: #000080;\">W getcie \u0142\u00f3dzkim wprowadzono system kartek \u017cywno\u015bciowych. Dzi\u0119ki nim racjonalnie rozdzielano \u017cywno\u015b\u0107 dostarczan\u0105 do getta przez w\u0142adze niemieckie. W ten spos\u00f3b \u015bmiertelno\u015b\u0107 z powodu g\u0142odu by\u0142a w \u0142\u00f3dzkim getcie dwukrotnie mniejsza ni\u017c w bogatszym getcie warszawskim, otwartym dla przemytu.<\/span><\/p>\n<p class=\"contrast-1\" style=\"text-align: left;\"><span style=\"color: #000080;\">Ponadto w getcie funkcjonowa\u0142y nast\u0119puj\u0105ce wydzia\u0142y: kwaterunkowy, meldunkowy, kolegium rabinackie pod przewodnictwem rabina Szlomy&nbsp;Trajstmana; bank emisyjny (getto posiada\u0142o w\u0142asny pieni\u0105dz zast\u0119pczy \u2013&nbsp;<em>Markquittungen<\/em>&nbsp;zwane \u201erumkami\u201d od nazwiska prze\u0142o\u017conego getta); bank skupu warto\u015bciowych przedmiot\u00f3w, poczta, wydzia\u0142 tramwaj\u00f3w, s\u0105d i prokuratura, wi\u0119zienie i komenda s\u0142u\u017cby porz\u0105dkowej.<\/span><\/p>\n<p class=\"contrast-1\" style=\"text-align: left;\"><span style=\"color: #000080;\">Getto \u0142\u00f3dzkie, jako jedyne, przetrwa\u0142o do sierpnia 1944 r. W momencie jego likwidacji zamieszkiwa\u0142o w nim blisko 72 tys. wi\u0119\u017ani\u00f3w. W czasie 4 lat i 8 miesi\u0119cy jego istnienia zmar\u0142o w nim 45&nbsp;327 os\u00f3b, co stanowi\u0142o ponad 24% og\u00f3\u0142u jego mieszka\u0144c\u00f3w.<\/span><\/p>\n<p class=\"contrast-1\" style=\"text-align: left;\"><span style=\"color: #000080;\">Likwidacja getta zosta\u0142a zarz\u0105dzona w maju 1944 r. przez Heinricha Himmlera. Od 23 czerwca 1944 r. do 14 lipca 1944 r. wywieziono 10 transport\u00f3w \u017byd\u00f3w (7196 os\u00f3b) do obozu zag\u0142ady w Che\u0142mnie nad Nerem. 29 sierpnia 1944 r. odszed\u0142 z getta ostatni transport do obozu koncentracyjnego w Auschwitz. Getto przesta\u0142o istnie\u0107. Pozostawiono w nim tylko 840 os\u00f3b z komanda do oczyszczania getta. Oko\u0142o 20\u201330 os\u00f3b ukry\u0142o si\u0119 przed wyw\u00f3zk\u0105. Hans Biebow wybra\u0142 tak\u017ce grup\u0119 600 os\u00f3b, kt\u00f3ra zosta\u0142a wywieziona do oboz\u00f3w pracy w K\u00f6nigswurstenhausen ko\u0142o Berlina i fabryk Drezna. Chaima Rumkowskiego wywieziono wraz z rodzin\u0105 przedostatnim transportem do Auschwitz,&nbsp;gdzie zosta\u0142 zg\u0142adzony.<\/span><\/p>\n<p class=\"contrast-1\" style=\"text-align: left;\"><span style=\"color: #000080;\">Po wojnie teren getta zmieni\u0142 si\u0119. Zlikwidowano wiele starych ulic: Ch\u0142odn\u0105, Garbarsk\u0105, Jerozolimsk\u0105, Kozio\u0142kiewicza, Lwa Kielma, Miodow\u0105 i Puck\u0105. Cz\u0119\u015b\u0107 z dawnych ulic getta wesz\u0142a w sk\u0142ad nowej ulicy Zachodniej: Masarska, Stodolniana i Weso\u0142a. Najlepiej w niezmienionym uk\u0142adzie zachowa\u0142a si\u0119 zachodnia cz\u0119\u015b\u0107 getta: plac Ko\u015bcielny, Rynek Ba\u0142ucki. Zachowa\u0142y si\u0119 te\u017c nast\u0119puj\u0105ce ulice: Bazarowa, Brzezi\u0144ska (obecnie Wojska Polskiego), Ceglana, Ciesielska, Drewnowska, Franciszka\u0144ska, Gnie\u017anie\u0144ska, Joselewicza, Limanowskiego, Lutomierska, \u0141agiewnicka, Marynarska, Marysi\u0144ska, M\u0142ynarska, Pawia, Pieprzowa, Iwna, Podrzeczna, Rybna, Wr\u00f3bla, Zgierska i \u017bytnia.<\/span><\/p>\n<p class=\"contrast-1\" style=\"text-align: left;\"><span style=\"color: #000080;\">Obecnie w \u0141odzi nadal funkcjonuje ortodoksyjna Gmina Wyznaniowa \u017bydowska. Na jej czele stoi Symcha Keller.<\/span><\/p>\n<hr>\n<p class=\"contrast-1\" style=\"text-align: left;\"><strong>NOTA BIBLIOGRAFICZNA<\/strong><\/p>\n<ul class=\"contrast-1\">\n<li style=\"list-style-type: none;\">\n<ul class=\"contrast-1\">\n<li class=\"contrast-1\"><span style=\"color: #808080;\">Alperin A.,&nbsp;<em>\u017bydzi w \u0141odzi. Pocz\u0105tki Gminy \u017bydowskiej 1780\u20131822<\/em>, \u201eRocznik \u0141\u00f3dzki\u201d 1933, t. III.<\/span><\/li>\n<\/ul>\n<\/li>\n<\/ul>\n<ul class=\"contrast-1\">\n<li style=\"list-style-type: none;\">\n<ul class=\"contrast-1\">\n<li class=\"contrast-1\"><span style=\"color: #808080;\"><em>Polacy\u2013Niemcy\u2013\u017bydzi w \u0141odzi w XIX\u2013XX w. S\u0105siedzi dalecy i bliscy<\/em>, red. P. Samu\u015b, \u0141\u00f3d\u017a 1997.<\/span><\/li>\n<\/ul>\n<\/li>\n<\/ul>\n<ul class=\"contrast-1\">\n<li style=\"list-style-type: none;\">\n<ul class=\"contrast-1\">\n<li class=\"contrast-1\"><span style=\"color: #808080;\">Pu\u015b W.,&nbsp;<em>\u017bydzi w \u0141odzi w latach zabor\u00f3w 1793\u20131914<\/em>, \u0141\u00f3d\u017a 2001.<\/span><\/li>\n<\/ul>\n<\/li>\n<\/ul>\n<ul class=\"contrast-1\">\n<li style=\"list-style-type: none;\">\n<ul class=\"contrast-1\">\n<li class=\"contrast-1\"><span style=\"color: #808080;\">Spodenkiewicz P.,&nbsp;<em>Zaginiona dzielnica. \u0141\u00f3d\u017a&nbsp;\u017cydowska&nbsp;\u2013 ludzie i miejsca<\/em>, \u0141\u00f3d\u017a 1999.<\/span><\/li>\n<\/ul>\n<\/li>\n<\/ul>\n<ul class=\"contrast-1\">\n<li style=\"list-style-type: none;\">\n<ul class=\"contrast-1\">\n<li class=\"contrast-1\"><span style=\"color: #808080;\"><em>\u017bydowskie getto w \u0141odzi 1940\u20131944, Vademecum<\/em>, red. J. Pyczewska-Pilarek, \u0141\u00f3d\u017a 1999.<\/span><\/li>\n<\/ul>\n<\/li>\n<\/ul>\n<ul class=\"contrast-1\">\n<li class=\"contrast-1\"><span style=\"color: #808080;\">Walicki J.,&nbsp;<em>\u017bydzi niemieccy w samorz\u0105dzie \u0141odzi lat 1917\u20131939<\/em>, [w:]&nbsp;<em>Polacy\u2013Niemcy\u2013\u017bydzi w \u0141odzi w XIX\u2013XX w. S\u0105siedzi dalecy i bliscy<\/em>, red. P. Samu\u015b, \u0141\u00f3d\u017a 1997, ss. 359\u2013361<\/span><\/li>\n<\/ul>\n<hr style=\"height: 15px; background: #d0e6fa; width: 100%;\">\n<div id=\"content\" class=\"content-alignment\">\n<div id=\"watch-description\" class=\"yt-uix-button-panel\">\n<div id=\"watch-description-text\" style=\"text-align: center;\">\n<p><em>Zawarto\u015b\u0107 publikowanych artyku\u0142\u00f3w i materia\u0142\u00f3w nie reprezentuje pogl\u0105d\u00f3w ani opinii Reunion&#8217;68,<\/em><em><br \/>\nani te\u017c webmastera Blogu Reunion&#8217;68, chyba ze jest to wyra\u017anie zaznaczone.<br \/>\nTwoje uwagi, linki, w\u0142asne artyku\u0142y lub wiadomo\u015bci prze\u015blij na adres:<br \/>\n<\/em><span style=\"color: #000080;\"><strong><em><a style=\"color: #000080;\" href=\"mailto:webmaster@reunion68.com\"><span style=\"text-decoration: underline;\">webmaster@reunion68.com<\/span><\/a><\/em><\/strong><\/span><\/p>\n<\/div>\n<\/div>\n<\/div>\n<hr style=\"width: 100%;\">\n","protected":false},"excerpt":{"rendered":"<p>\u0141od\u017a. Kolonie letnie TOZ, w grupie dzieci Perec \u017b\u00f3\u0142towski (1939) Pami\u0105tka z kolonii letnich pod \u0141odzi\u0105, zorganizowanych zapewne przez \u0142\u00f3dzki oddzia\u0142 TOZ. Pi\u0105ty od prawej w g\u00f3rnym rz\u0119dzie Perec \u017b\u00f3\u0142towski (w Izraelu Mor, ur. 20.01.1930), kt\u00f3ry przekaza\u0142 to zdj\u0119cie w ramach proj. Polskie Korzenie w Izraelu. Historia spo\u0142eczno\u015bci \u017byd\u00f3w w \u0141odzi Wirtualny Sztetl GALERIA \u0141\u00f3d\u017a. [&hellip;]<\/p>\n","protected":false},"author":1,"featured_media":0,"comment_status":"closed","ping_status":"closed","sticky":false,"template":"","format":"standard","meta":[],"categories":[6],"tags":[26,24],"_links":{"self":[{"href":"https:\/\/www.reunion68.se\/index.php?rest_route=\/wp\/v2\/posts\/85392"}],"collection":[{"href":"https:\/\/www.reunion68.se\/index.php?rest_route=\/wp\/v2\/posts"}],"about":[{"href":"https:\/\/www.reunion68.se\/index.php?rest_route=\/wp\/v2\/types\/post"}],"author":[{"embeddable":true,"href":"https:\/\/www.reunion68.se\/index.php?rest_route=\/wp\/v2\/users\/1"}],"replies":[{"embeddable":true,"href":"https:\/\/www.reunion68.se\/index.php?rest_route=%2Fwp%2Fv2%2Fcomments&post=85392"}],"version-history":[{"count":11,"href":"https:\/\/www.reunion68.se\/index.php?rest_route=\/wp\/v2\/posts\/85392\/revisions"}],"predecessor-version":[{"id":85408,"href":"https:\/\/www.reunion68.se\/index.php?rest_route=\/wp\/v2\/posts\/85392\/revisions\/85408"}],"wp:attachment":[{"href":"https:\/\/www.reunion68.se\/index.php?rest_route=%2Fwp%2Fv2%2Fmedia&parent=85392"}],"wp:term":[{"taxonomy":"category","embeddable":true,"href":"https:\/\/www.reunion68.se\/index.php?rest_route=%2Fwp%2Fv2%2Fcategories&post=85392"},{"taxonomy":"post_tag","embeddable":true,"href":"https:\/\/www.reunion68.se\/index.php?rest_route=%2Fwp%2Fv2%2Ftags&post=85392"}],"curies":[{"name":"wp","href":"https:\/\/api.w.org\/{rel}","templated":true}]}}