{"id":85419,"date":"2021-04-23T17:09:13","date_gmt":"2021-04-23T15:09:13","guid":{"rendered":"http:\/\/www.reunion68.se\/?p=85419"},"modified":"2021-04-25T14:42:54","modified_gmt":"2021-04-25T12:42:54","slug":"30-09-49","status":"publish","type":"post","link":"https:\/\/www.reunion68.se\/?p=85419","title":{"rendered":"ONI NIGDY NAM NIE WYBACZ\u0104"},"content":{"rendered":"<p style=\"text-align: center;\"><img decoding=\"async\" class=\"aligncenter\" src=\"https:\/\/europeremembers.com\/wp-content\/uploads\/2018\/07\/Holocaust-Memorial-Berlin-Bartek-Kuzia-via-flickr-1024x680.jpg\" width=\"100%\" \/><span style=\"color: #808080;\"><em>Holocaust Memorial Berlin (Bartek Kuzia via flickr)<\/em><\/span><\/p>\n<hr \/>\n<h5 style=\"text-align: center;\"><a href=\"https:\/\/www.facebook.com\/\" target=\"_blank\" rel=\"noopener noreferrer\"><img decoding=\"async\" class=\"center alignleft\" src=\"http:\/\/www.reunion68.com\/Biuletyn\/img\/facebook.png\" alt=\"\" width=\"15%\" \/><\/a><span style=\"text-decoration: underline; color: #000080;\"><strong><a style=\"color: #000080; text-decoration: underline;\" href=\"https:\/\/www.facebook.com\/permalink.php?story_fbid=3898853476898700&amp;id=2041126036004796\" target=\"_blank\" rel=\"noopener noreferrer\">ONI NIGDY NAM NIE WYBACZ\u0104<\/a><\/strong><\/span><\/h5>\n<p style=\"text-align: center;\"><span style=\"color: #000000;\"><strong>Henryk Grynberg<\/strong><\/span><\/p>\n<hr style=\"height: 15px; background: #d0e6fa; width: 100%;\" \/>\n<p><img decoding=\"async\" class=\"alignleft\" src=\"https:\/\/scontent-arn2-1.xx.fbcdn.net\/v\/t1.6435-9\/68870428_2390832294367500_5072453825088978944_n.jpg?_nc_cat=104&amp;ccb=1-3&amp;_nc_sid=09cbfe&amp;_nc_ohc=Ti-9eqWJI-MAX_ohAde&amp;_nc_ht=scontent-arn2-1.xx&amp;oh=b8c15552a68f58451df5b115a13c3ade&amp;oe=60A898F6\" \/><\/p>\n<p style=\"text-align: left;\"><span style=\"color: #000080;\">W Niemczech \u017cyje przesz\u0142o dwie\u015bcie dwadzie\u015bcia tysi\u0119cy \u017byd\u00f3w. Jedna trzecia tego, co przed Zag\u0142ad\u0105, ale jednak. Zn\u00f3w s\u0105 \u017cydowskie szko\u0142y, synagogi, seminaria rabiniczne, muzea, festiwale, koszerne kawiarnie, restauracje i &#8211; antysemici. \u201eW 1996 roku rz\u0105d niemiecki uczyni\u0142 27 stycznia (rocznic\u0119 wyzwolenia Auschwitz) oficjalnym Dniem Pami\u0119ci o Ofiarach Narodowego Socjalizmu\u201d \u2013\u00a0 przypomina G\u00fcnther Jikeli\u201d w obszernym artykule \u201eHolocaust Remembrance and Antisemitism in Germany since 1945\u201d, kt\u00f3ry ukaza\u0142 si\u0119 w kwartalniku \u201eIsrael Journal of Foreign Affairs (Vol. Fourteen 2020\/5781 Number Three). Negowanie Holokaustu jest w Niemczech karalne, tysi\u0105ce niemieckich student\u00f3w zwiedza by\u0142e obozy koncentracyjne i Niemcy s\u0105 uwa\u017cane za wz\u00f3r w\u0142a\u015bciwego podej\u015bcia do trudnej przesz\u0142o\u015bci, sk\u0105d wi\u0119c si\u0119 bior\u0105 \u201enowe formy antysemityzmu\u201d, kt\u00f3re analizuje autor?\u00a0<\/span><\/p>\n<p style=\"text-align: left;\"><span style=\"color: #000080;\">Mi\u0119dzy innymi z Zimnej wojny, kt\u00f3ra przerwa\u0142a denazyfikacj\u0119, bo obie strony potrzebowa\u0142y niemieckiej pomocy i \u201eekspertyzy\u201d. Zbrodnie pomijano milczeniem. W pami\u0119ci zbiorowej (polityce, filmie, literaturze) g\u0142\u00f3wnymi ofiarami wojny stawali si\u0119 Niemcy wygnani ze Wschodu, a nie \u017bydzi czy inne prze\u015bladowane narodowo\u015bci. \u015awiadcz\u0105 o tym chocia\u017cby odszkodowania, kt\u00f3re cytuje autor: niemieccy wygna\u0144cy z ziem wschodnich otrzymali prawie tyle, co ofiary nazizmu: 75 miliard\u00f3w i 77,8 miliard\u00f3w euro. Rzadko stawiano pod s\u0105d bezpo\u015brednich sprawc\u00f3w zbrodni. Z ponad tysi\u0105ca s\u0105dzonych tylko dwustu skazano za mord \u2013 z tego po\u0142ow\u0119 za mordowanie nie-\u017byd\u00f3w. Nawet z dwudziestu dw\u00f3ch oskar\u017conych o zbrodnie pope\u0142nione w Auschwitz-Birkenau tylko siedmiu uznano za morderc\u00f3w. Starano si\u0119 to \u201ezostawi\u0107 za sob\u0105\u201d, odci\u0105\u0107 grub\u0105 kresk\u0105 (\u201eSchlussstrich\u201d), zrzuci\u0107 ca\u0142\u0105 odpowiedzialno\u015b\u0107 na kilku g\u0142\u00f3wnych przyw\u00f3dc\u00f3w. Nazywa si\u0119 to \u201eeksternalizacj\u0105 winy\u201d. I uda\u0142o si\u0119. Wed\u0142ug sonda\u017cu z 2005 roku tylko trzy procent Niemc\u00f3w przyznawa\u0142o, \u017ce ich krewni za Trzeciej Rzeszy byli \u201enastawieni anty\u017cydowsko\u201d, i tylko jeden procent, \u017ce mogli bra\u0107 bezpo\u015bredni udzia\u0142 w zbrodniach, ma\u0142o kto dopuszcza, \u017ce nale\u017celi do sprawc\u00f3w lub korzystali ze zbrodni. W roku 2020 trzy procent twierdzi\u0142o, \u017ce cz\u0142onkowie ich rodzin popierali hitleryzm, a trzydzie\u015bci procent, \u017ce byli w opozycji.<\/span><\/p>\n<p style=\"text-align: left;\"><span style=\"color: #000080;\">Nie chc\u0105 by\u0107 wi\u0119cej bici \u201epa\u0142k\u0105 moraln\u0105\u201d, berli\u0144ski pomnik Holokaustu nazywaj\u0105 \u201esymbolem wstydu\u201d -kt\u00f3rym rzeczywi\u015bcie jest &#8211; ale gorzej, gdy jeden z przyw\u00f3dc\u00f3w trzeciej co do wielko\u015bci partii politycznej g\u0142osi, \u017ce \u201eHitler i nazi\u015bci byli tylko ptasim g\u00f3wienkiem w ponad tysi\u0105cletniej historii niemieckich sukces\u00f3w\u201d. Chc\u0105, \u017ceby przestano wreszcie m\u00f3wi\u0107 o Holokau\u015bcie,\u00a0 uwa\u017caj\u0105, \u017ce przypominanie hitlerowskiej przesz\u0142o\u015bci przeszkadza w rozwoju \u201ezdrowej \u015bwiadomo\u015bci narodowej\u201d. Co wi\u0119cej, wed\u0142ug sonda\u017cy czterdzie\u015bci obwinia za ten stan rzeczy \u2013 \u017byd\u00f3w. \u201eZa du\u017co m\u00f3wi\u0105 o tym, co ich spotka\u0142o\u201d \u2013 twierdz\u0105 respondenci, zreszt\u0105 nie tylko w Niemczech, dowodz\u0105c, \u017ce tak trzeba i \u017ce jednak jest jaka\u015b kara.<\/span><\/p>\n<p style=\"text-align: left;\"><span style=\"color: #000080;\">Sposobem na zbiorow\u0105 win\u0119 wobec \u017byd\u00f3w jest od wiek\u00f3w zrzucanie jej na nich (bogob\u00f3jstwo, dzieciob\u00f3jstwo, epidemie, pandemie). Oczywiste spiski przeciwko \u017bydom usprawiedliwia si\u0119 ich rzekomym spiskiem przeciwko \u015bwiatu. Dzi\u015b prawica zrzuca na \u017byd\u00f3w odpowiedzialno\u015b\u0107 za komunizm, a lewica oskar\u017ca nas o nacjonalizm a nawet rasizm, nas \u2013 klasyczne ofiary rasizmu i to nie tylko hitlerowskiego. Dlatego Izrael \u2013 jedna z nielicznych prawdziwych demokracji na \u015bwiecie i jedyna na Bliskim Wschodzie \u2013 jest bezwstydnie oskar\u017cany o zbrodnie wojenne, apartheid a nawet zbrodnie przeciwko ludzko\u015bci. \u201eIzrael stanowi gro\u017ab\u0119 dla \u015bwiata\u201d twierdzi\u0142o blisko dwie trzecie (65 procent) Niemc\u00f3w w sonda\u017cu z 2003 roku. Zatem noblista G\u00fcnter Grass by\u0142 wyrazicielem autentycznej opinii, gdy powiedzia\u0142 to samo w swoim ob\u0142udnym wierszu z 2012 roku \u201eWas gesagt werden muss\u201d. W latach 2019 i 2020 prawie czterdzie\u015bci procent Niemc\u00f3w dosz\u0142o do wniosku, \u017ce \u201eto, co Izrael robi z Palesty\u0144czykami, niczym si\u0119 w\u0142a\u015bciwie nie r\u00f3\u017cni od tego, co robili nazi\u015bci z \u017bydami w Trzeciej Rzeszy\u201d \u2013 cytuj\u0119 za profesorem Jikelim i mam nadziej\u0119, \u017ce zostanie to zapisane jako rekord bezczelno\u015bci w ksi\u0119dze Guinessa. Co wi\u0119cej, jedna czwarta niemieckiej opinii w tym stanie rzeczy nareszcie \u201drozumie dlaczego mo\u017cna mie\u0107 co\u015b przeciwko \u017bydom\u201d \u2013 czyli by\u0107 antysemit\u0105. I nadal (\u017cyczeniowo) wierzy\u0107, \u017ce \u017bydzi s\u0105 \u2013 cytuj\u0119 &#8211; \u201eokrutni\u201d.<\/span><\/p>\n<p style=\"text-align: left;\"><span style=\"color: #000080;\">T\u0142umione poczucie winy\u00a0 powoduje, \u017ce przewlek\u0142e resentymenty ujawniaj\u0105 si\u0119 w nowych formach \u2013 konkluduje badacz. Takich jak relatywizm, nowe teorie spiskowe, oraz inwersja Holokaustu czyli obwiniane \u017byd\u00f3w o takie same zbrodnie, jakie pope\u0142nili hitlerowcy. Antysemityzm lewicy jest &#8211; jego zdaniem &#8211; mniej gwa\u0142towny (less violent) od prawicowego, lecz bardziej wp\u0142ywowy w mainstreamie i przypomina stalinowski ansyjonizm z lat pi\u0119\u0107dziesi\u0105tych, Mnie za\u015b do z\u0142udzenia przypomina gwa\u0142towny antysyjonizm post-stalinowski, kr\u00f3ry wybuch\u0142 \u2013 zw\u0142aszcza w Polsce &#8211; po zwyci\u0119stwie Izraela w wojnie czerwcowej 1967 roku. Bior\u0105c po uwag\u0119 wy\u017cej wskazane pod\u0142o\u017ce psychologiczne, nie jest przypadkiem, \u017ce \u201eantysyjonizm nabra\u0142 popularno\u015bci w\u015br\u00f3d niemieckich inteklualist\u00f3w tamtych lat, cz\u0119sto z silnym wyd\u017awi\u0119kiem antysemickim, a nast\u0119pnie w niemieckich mediach i spo\u0142ecze\u0144stwie\u201d \u2013 twierdzi profesor Jikeli. W Polsce te\u017c w mediach i szrokich kr\u0119gach spo\u0142ecze\u0144stwa, lecz prawdziwa inteligencja nie uleg\u0142a trendowi i ob\u0142\u0119dowi, lecz przeciwnie, stawi\u0142a mu op\u00f3r. Bo w Polsce &#8211; w przeciwie\u0144stwie do Niemiec \u2013 istnia\u0142a autentyczna opozycja przeciw faszyzmowi i komunizmowi. \u201eOko\u0142o po\u0142owy mieszka\u0144c\u00f3w Niemiec ma dzi\u015b negatywn\u0105 opini\u0119 o Izraelu\u201d \u2013 stwierdza badacz, dodaj\u0105c, \u017ce \u201edzisiejszy antysyjonizm implikuje likwidacj\u0119 \u017cydowskiego pa\u0144stwa i fizyczne zniszczenie jego obywateli\u201d bez wyja\u015bnienia, czy w\u0142\u0105cznie z dwudziesto-procent\u0105 mniejszo\u015bci\u0105 muzu\u0142ma\u0144sk\u0105 (lecz mo\u017cna za\u0142o\u017cy\u0107, \u017ce tak, skoro arabscy ekstremi\u015bci ch\u0119tnie gin\u0105 w samob\u00f3jczych zamachach na \u017byd\u00f3w).<\/span><\/p>\n<p style=\"text-align: left;\"><span style=\"color: #808080;\"><em>poleci\u0142: <strong>Leon Rozenbaum<\/strong><\/em><\/span><br \/>\n<img decoding=\"async\" class=\"alignleft\" src=\"http:\/\/www.reunion68.com\/Biuletyn\/ico\/leon-r.jpg\" width=\"20%\" \/><span style=\"color: #000080;\">Tu autor wskazuje \u201einny znacz\u0105cy nurt antysemicki w Niemczech, kt\u00f3ry nie ma st\u0142umionego poczucia winy za Holokaust\u201d. Chodzi o ludno\u015b\u0107 muzu\u0142ma\u0144sk\u0105, w\u015br\u00f3d kt\u00f3rej z r\u00f3\u017cnych powod\u00f3w \u201epogl\u0105dy antysemickie s\u0105 niekwestionowan\u0105 norm\u0105\u201d, cho\u0107 przewa\u017cnie brzmi\u0105 jak echo antysemityzmu europejskiego. Na pryk\u0142ad, 66 procent mieszka\u0144c\u00f3w Bliskiego Wschodu i p\u00f3\u0142nocnej Afryki uwa\u017ca, \u017ce \u201e\u017bydzi s\u0105 odpowiedzialni za wi\u0119kszo\u015b\u0107 wojen na \u015bwiecie\u201d. Co jest jeszcze jedn\u0105 chucp\u0105 godn\u0105 ksi\u0119gi Guinessa, je\u015bli obliczy\u0107 wojny nieustannie prowokowane i prowadzone przez muzu\u0142man\u00f3w. Jak klasyczni europejscy antysemici, a\u017c 78 procent uwa\u017ca, \u017ce \u017bydzi maj\u0105 za du\u017ce wp\u0142ywy w \u015bwiecie biznesu. Egipskie Bractwo Muzu\u0142ma\u0144skie oraz radykalne organizacje z Turcji i Syrii siej\u0105 w Niemczech antysemick\u0105 i antyzachodni\u0105 propagand\u0119 w meczetach, muzu\u0142ma\u0144skich szko\u0142ach, ksi\u0119garniach i wszelkich plac\u00f3wkach kulturalnych. Ponad czterdzie\u015bci procent niemieckich \u017byd\u00f3w twierdzi, \u017ce najgoszych napa\u015bci do\u015bwiadczyli z r\u0105k Muzu\u0142man\u00f3w; dwadzie\u015bcia procent, \u017ce ze strony prawicy, a szesna\u015bcie procent ze strony lewicy. \u017beby nie uchodzi\u0107 za \u201erasist\u00f3w\u201d, Niemcy \u2013 w tym tak\u017ce uczeni &#8211; wol\u0105 przemilcza\u0107 to, \u017ce sprawcami najcz\u0119stszych i najgorszych incydent\u00f3w antysemickich s\u0105 muzu\u0142manie &#8211; twierdzi profesor Jikeli. Bowiem \u2013 to ju\u017c m\u00f3j wniosek &#8211; nawet w Niemczech lepiej by\u0107 antysemit\u0105 ni\u017c uchodzi\u0107 za islamofoba.<\/span><\/p>\n<p style=\"text-align: left;\"><span style=\"color: #000080;\">Niemiecki Dzie\u0144 Pami\u0119ci o Ofiarach Narodowego Socjalizmu jest rodzajem uniku, bo nie wszystkie ofiary nazizmu by\u0142y ofiarami Holokaustu i nie wszyscy mordercy \u017byd\u00f3w byli nazistami. Rocznica \u201ewyzwolenia Auschwitz\u201d te\u017c jest nie\u015bcis\u0142o\u015bci\u0105, bo Auschwitz nikt nie wyzwoli\u0142. Gdy sowieckie wojsko po p\u00f3\u0142rocznym staniu z broni\u0105 u nogi wreszcie tam wesz\u0142o, nie by\u0142o ju\u017c kogo wyzwala, bo: \u017cywych Niemcy zabrali ze sob\u0105, a nielicznych p\u00f3\u0142\u017cywych sami od siebie uwolnili. \u017byd\u00f3w w\u015br\u00f3d tych, co prze\u017cyli, by\u0142o niewielu. Mordercy \u017byd\u00f3w byli bezsprzecznie antysemitami, lecz do dzi\u015b nie ma w Niemczech, ani w \u017cadnym innym miejscu na \u015bwiecie, Dnia Pami\u0119ci Ofiar Antysemityzmu. Wnikliwa analiza profesora Jikelego jest potwierdzeniem tego, co kto\u015b ju\u017c dawno powiedzia\u0142: \u017ce oni nigdy nam nie wybacz\u0105 Holokaustu.<\/span><\/p>\n<p style=\"text-align: right;\"><span style=\"color: #808080;\"><em><a class=\"oajrlxb2 g5ia77u1 qu0x051f esr5mh6w e9989ue4 r7d6kgcz rq0escxv nhd2j8a9 nc684nl6 p7hjln8o kvgmc6g5 cxmmr5t8 oygrvhab hcukyx3x jb3vyjys rz4wbd8a qt6c0cv9 a8nywdso i1ao9s8h esuyzwwr f1sip0of lzcic4wl oo9gr5id gpro0wi8 lrazzd5p\" style=\"color: #808080;\" tabindex=\"0\" role=\"link\" href=\"https:\/\/www.facebook.com\/Henryk-Grynberg-2041126036004796\/?__cft__[0]=AZVzLKQljT6vydtAiWEdXIwi7whukPL6c_rH_y0JksnGle-anDcqgtKZUbLArsFKBpoT7q8eKhCKRI7GU57RauRZ2ZShqOtQ-aIClxqlYAezARAaHrLU7nl_YavuK8yz97TIQ6Huvq0WWAlOoC9efCTP&amp;__tn__=-UC%2CP-R\"><strong>Henryk Grynberg<\/strong><\/a><\/em><\/span><\/p>\n<p style=\"text-align: right;\"><span style=\"color: #808080;\"><em><span class=\"d2edcug0 hpfvmrgz qv66sw1b c1et5uql lr9zc1uh a8c37x1j keod5gw0 nxhoafnm aigsh9s9 d9wwppkn fe6kdd0r mau55g9w c8b282yb mdeji52x sq6gx45u j5wam9gi knj5qynh m9osqain hzawbc8m\" dir=\"auto\"><span id=\"jsc_c_4e\"><span class=\"tojvnm2t a6sixzi8 abs2jz4q a8s20v7p t1p8iaqh k5wvi7nf q3lfd5jv pk4s997a bipmatt0 cebpdrjk qowsmv63 owwhemhu dp1hu0rb dhp61c6y iyyx5f41\"><a class=\"oajrlxb2 g5ia77u1 qu0x051f esr5mh6w e9989ue4 r7d6kgcz rq0escxv nhd2j8a9 nc684nl6 p7hjln8o kvgmc6g5 cxmmr5t8 oygrvhab hcukyx3x jb3vyjys rz4wbd8a qt6c0cv9 a8nywdso i1ao9s8h esuyzwwr f1sip0of lzcic4wl gmql0nx0 gpro0wi8 b1v8xokw\" style=\"color: #808080;\" tabindex=\"0\" role=\"link\" href=\"https:\/\/www.facebook.com\/permalink.php?story_fbid=3898853476898700&amp;id=2041126036004796&amp;__cft__[0]=AZVzLKQljT6vydtAiWEdXIwi7whukPL6c_rH_y0JksnGle-anDcqgtKZUbLArsFKBpoT7q8eKhCKRI7GU57RauRZ2ZShqOtQ-aIClxqlYAezARAaHrLU7nl_YavuK8yz97TIQ6Huvq0WWAlOoC9efCTP&amp;__tn__=%2CO%2CP-R\"><span class=\"j1lvzwm4 stjgntxs ni8dbmo4 q9uorilb gpro0wi8\" aria-labelledby=\"jsc_c_4k\"><span class=\"b6zbclly myohyog2 l9j0dhe7 aenfhxwr l94mrbxd ihxqhq3m nc684nl6 t5a262vz sdhka5h4\">21t april 2021<\/span><\/span><\/a><\/span><\/span><\/span><\/em><\/span><\/p>\n<hr style=\"height: 15px; background: #d0e6fa; width: 100%;\" \/>\n<div id=\"content\" class=\"content-alignment\">\n<div id=\"watch-description\" class=\"yt-uix-button-panel\">\n<div id=\"watch-description-text\" style=\"text-align: center;\">\n<p><em>Zawarto\u015b\u0107 publikowanych artyku\u0142\u00f3w i materia\u0142\u00f3w nie reprezentuje pogl\u0105d\u00f3w ani opinii Reunion&#8217;68,<\/em><em><br \/>\nani te\u017c webmastera Blogu Reunion&#8217;68, chyba ze jest to wyra\u017anie zaznaczone.<br \/>\nTwoje uwagi, linki, w\u0142asne artyku\u0142y lub wiadomo\u015bci prze\u015blij na adres:<br \/>\n<\/em><span style=\"color: #000080;\"><strong><em><a style=\"color: #000080;\" href=\"mailto:webmaster@reunion68.com\"><span style=\"text-decoration: underline;\">webmaster@reunion68.com<\/span><\/a><\/em><\/strong><\/span><\/p>\n<\/div>\n<\/div>\n<\/div>\n<hr style=\"width: 100%;\" \/>\n","protected":false},"excerpt":{"rendered":"<p>Holocaust Memorial Berlin (Bartek Kuzia via flickr) ONI NIGDY NAM NIE WYBACZ\u0104 Henryk Grynberg W Niemczech \u017cyje przesz\u0142o dwie\u015bcie dwadzie\u015bcia tysi\u0119cy \u017byd\u00f3w. Jedna trzecia tego, co przed Zag\u0142ad\u0105, ale jednak. Zn\u00f3w s\u0105 \u017cydowskie szko\u0142y, synagogi, seminaria rabiniczne, muzea, festiwale, koszerne kawiarnie, restauracje i &#8211; antysemici. \u201eW 1996 roku rz\u0105d niemiecki uczyni\u0142 27 stycznia (rocznic\u0119 wyzwolenia [&hellip;]<\/p>\n","protected":false},"author":1,"featured_media":0,"comment_status":"closed","ping_status":"closed","sticky":false,"template":"","format":"standard","meta":[],"categories":[6],"tags":[26,24],"_links":{"self":[{"href":"https:\/\/www.reunion68.se\/index.php?rest_route=\/wp\/v2\/posts\/85419"}],"collection":[{"href":"https:\/\/www.reunion68.se\/index.php?rest_route=\/wp\/v2\/posts"}],"about":[{"href":"https:\/\/www.reunion68.se\/index.php?rest_route=\/wp\/v2\/types\/post"}],"author":[{"embeddable":true,"href":"https:\/\/www.reunion68.se\/index.php?rest_route=\/wp\/v2\/users\/1"}],"replies":[{"embeddable":true,"href":"https:\/\/www.reunion68.se\/index.php?rest_route=%2Fwp%2Fv2%2Fcomments&post=85419"}],"version-history":[{"count":6,"href":"https:\/\/www.reunion68.se\/index.php?rest_route=\/wp\/v2\/posts\/85419\/revisions"}],"predecessor-version":[{"id":85505,"href":"https:\/\/www.reunion68.se\/index.php?rest_route=\/wp\/v2\/posts\/85419\/revisions\/85505"}],"wp:attachment":[{"href":"https:\/\/www.reunion68.se\/index.php?rest_route=%2Fwp%2Fv2%2Fmedia&parent=85419"}],"wp:term":[{"taxonomy":"category","embeddable":true,"href":"https:\/\/www.reunion68.se\/index.php?rest_route=%2Fwp%2Fv2%2Fcategories&post=85419"},{"taxonomy":"post_tag","embeddable":true,"href":"https:\/\/www.reunion68.se\/index.php?rest_route=%2Fwp%2Fv2%2Ftags&post=85419"}],"curies":[{"name":"wp","href":"https:\/\/api.w.org\/{rel}","templated":true}]}}