{"id":85429,"date":"2021-04-29T17:00:57","date_gmt":"2021-04-29T15:00:57","guid":{"rendered":"http:\/\/www.reunion68.se\/?p=85429"},"modified":"2021-04-22T09:04:10","modified_gmt":"2021-04-22T07:04:10","slug":"29-00-56","status":"publish","type":"post","link":"https:\/\/www.reunion68.se\/?p=85429","title":{"rendered":"Documentary About French Nazi Hunters Produced by Oscar-Nominated Filmmakers Set for 2021 Release"},"content":{"rendered":"<h5 style=\"text-align: center;\"><a href=\"https:\/\/www.algemeiner.com\/\" target=\"_blank\" rel=\"noopener noreferrer\"><img decoding=\"async\" class=\"center alignleft\" src=\"http:\/\/www.reunion68.com\/Biuletyn\/img\/algem.png\" alt=\"\" width=\"35%\" \/><\/a><span style=\"text-decoration: underline; color: #000080;\"><span><strong><a style=\"color: #000080; text-decoration: underline;\" href=\"https:\/\/www.algemeiner.com\/2021\/04\/21\/documentary-about-french-nazi-hunters-produced-by-oscar-nominated-filmmakers-set-for-2021-release\/\" target=\"_blank\" rel=\"noopener noreferrer\">Documentary About French Nazi Hunters Produced by Oscar-Nominated Filmmakers Set for 2021 Release<\/a><\/strong><\/span><\/span><\/h5>\n<p style=\"text-align: center;\"><span style=\"color: #000000;\"><strong>Shiryn Ghermezian<\/strong><\/span><\/p>\n<hr style=\"height: 15px; background: #d0e6fa; width: 100%;\" \/>\n<p style=\"text-align: center;\"><img decoding=\"async\" class=\"aligncenter\" src=\"https:\/\/www.algemeiner.com\/wp-content\/uploads\/2021\/04\/Klarsfelds-1.jpg\" width=\"100%\" \/><span style=\"color: #808080;\"><em>Serge and Beate Klarsfeld. Photo: Wikimedia Commons<\/em><\/span>.<\/p>\n<p style=\"text-align: left;\"><span style=\"color: #000080;\">A new documentary titled \u201cKlarsfeld\u201d will focus on French Nazi hunters Beate and Serge Klarsfeld, who have dedicated more than half a century to hunting and exposing Nazi war criminals around the world.<\/span><\/p>\n<p style=\"text-align: left;\"><span style=\"color: #000080;\">The film intertwines the couple\u2019s past efforts with their present-day activism, while they are now in their 80s, against neo-Nazis and far-right extremists, according to\u00a0<a style=\"color: #000080;\" href=\"https:\/\/www.hollywoodreporter.com\/news\/collective-director-boards-nazi-hunter-documentary-klarsfeld-as-producer\" target=\"_blank\" rel=\"noopener noreferrer\"><em>The Hollywood Reporter<\/em><\/a>. The documentary also addresses their loving relationship \u2014 from hunting partners, to activists, husband and wife and then parents \u2014 and will feature personal testimonies from presidents, Holocaust survivors, fellow activists, and friends and family members.<\/span><\/p>\n<p style=\"text-align: left;\"><span style=\"color: #000080;\">\u201cKlarsfeld\u201d is currently in post-production and is expected to be released at the end of 2021.<\/span><\/p>\n<p style=\"text-align: left;\"><span style=\"color: #000080;\">The project\u2019s executive producer is Alexander Nanau, the Romanian director of \u201cCollective,\u201d which is nominated in the upcoming Oscars for best documentary and best international feature. \u201cKlarsfeld\u201d was acquired by Fremantle for international distribution, and is being directed by Mike Lerner and Martin Herring for Roast Beef Productions.<\/span><\/p>\n<p style=\"text-align: left;\"><span style=\"color: #000080;\">Nanau spoke\u00a0<i>The Hollywood Reporter<\/i>\u00a0about why he joined the project, saying: \u201cBasically, I was taken by the actuality of what this couple did. Because it feels that this is exactly the kind of attitude and behavior one feels we need now in a world of so much populism and hidden agendas. And I thought that they were really among the first major whistleblowers of the post-war European society.\u201d<\/span><\/p>\n<p style=\"text-align: left;\"><span style=\"color: #000080;\">Lerner, who has been filming the couple for several years, said, \u201cIt has been a huge privilege to have gained the trust and cooperation of Beate and Serge to document their extraordinary lives both past and present. For more than half a century, the Klarsfelds have been a huge inspiration and role models for those activists who seek justice and oppose fascism and yet their story has been under appreciated by the wider world. Until now. We are delighted to be partnering with Fremantle to bring these historic achievements to the screen.\u201d<\/span><\/p>\n<p style=\"text-align: left;\"><span style=\"color: #000080;\">The actions of the Klarsfelds resulted in the prosecution of many high-ranking Nazi officials and French collaborators, including Klaus Barbie \u2014 the notorious Nazi and Gestapo chief in France who became known as the \u201cButcher of Lyon.\u201d He is\u00a0estimated to have been directly responsible for the deaths of up to 14,000 people. With help from the Klarsfelds, he was sentenced in 1987 to life imprisonment for war crimes.<\/span><\/p>\n<p style=\"text-align: left;\"><span style=\"color: #000080;\">In 2019, the Klarsfelds received the US Holocaust Memorial Museum\u2019s\u00a0<a style=\"color: #000080;\" href=\"https:\/\/www.ushmm.org\/information\/about-the-museum\/the-elie-wiesel-award\/2019\" target=\"_blank\" rel=\"noopener noreferrer\">Elie Wiesel Award<\/a>\u00a0for their \u201cextraordinary contributions to Holocaust memory, education, and justice.\u201d<\/span><\/p>\n<p style=\"text-align: left;\"><span style=\"color: #000080;\">Th museum said that Beate also confronted former Nazis serving in the West German government, and that Serge conducted pioneering research on child deportees and the Holocaust in France and Romania, as well as documenting the stories of thousands of French Jews who were sent to gas chambers. The couple have also campaigned against antisemitism in Europe and the Middle East.<\/span><\/p>\n<hr style=\"height: 15px; background: #d0e6fa; width: 100%;\" \/>\n<div id=\"content\" class=\"content-alignment\">\n<div id=\"watch-description\" class=\"yt-uix-button-panel\">\n<div id=\"watch-description-text\" style=\"text-align: center;\">\n<p><em>Zawarto\u015b\u0107 publikowanych artyku\u0142\u00f3w i materia\u0142\u00f3w nie reprezentuje pogl\u0105d\u00f3w ani opinii Reunion&#8217;68,<\/em><em><br \/>\nani te\u017c webmastera Blogu Reunion&#8217;68, chyba ze jest to wyra\u017anie zaznaczone.<br \/>\nTwoje uwagi, linki, w\u0142asne artyku\u0142y lub wiadomo\u015bci prze\u015blij na adres:<br \/>\n<\/em><span style=\"color: #000080;\"><strong><em><a style=\"color: #000080;\" href=\"mailto:webmaster@reunion68.com\"><span style=\"text-decoration: underline;\">webmaster@reunion68.com<\/span><\/a><\/em><\/strong><\/span><\/p>\n<\/div>\n<\/div>\n<\/div>\n<hr style=\"width: 100%;\" \/>\n","protected":false},"excerpt":{"rendered":"<p>Documentary About French Nazi Hunters Produced by Oscar-Nominated Filmmakers Set for 2021 Release Shiryn Ghermezian Serge and Beate Klarsfeld. Photo: Wikimedia Commons. A new documentary titled \u201cKlarsfeld\u201d will focus on French Nazi hunters Beate and Serge Klarsfeld, who have dedicated more than half a century to hunting and exposing Nazi war criminals around the world. [&hellip;]<\/p>\n","protected":false},"author":1,"featured_media":0,"comment_status":"closed","ping_status":"closed","sticky":false,"template":"","format":"standard","meta":[],"categories":[6],"tags":[26,24],"_links":{"self":[{"href":"https:\/\/www.reunion68.se\/index.php?rest_route=\/wp\/v2\/posts\/85429"}],"collection":[{"href":"https:\/\/www.reunion68.se\/index.php?rest_route=\/wp\/v2\/posts"}],"about":[{"href":"https:\/\/www.reunion68.se\/index.php?rest_route=\/wp\/v2\/types\/post"}],"author":[{"embeddable":true,"href":"https:\/\/www.reunion68.se\/index.php?rest_route=\/wp\/v2\/users\/1"}],"replies":[{"embeddable":true,"href":"https:\/\/www.reunion68.se\/index.php?rest_route=%2Fwp%2Fv2%2Fcomments&post=85429"}],"version-history":[{"count":5,"href":"https:\/\/www.reunion68.se\/index.php?rest_route=\/wp\/v2\/posts\/85429\/revisions"}],"predecessor-version":[{"id":85452,"href":"https:\/\/www.reunion68.se\/index.php?rest_route=\/wp\/v2\/posts\/85429\/revisions\/85452"}],"wp:attachment":[{"href":"https:\/\/www.reunion68.se\/index.php?rest_route=%2Fwp%2Fv2%2Fmedia&parent=85429"}],"wp:term":[{"taxonomy":"category","embeddable":true,"href":"https:\/\/www.reunion68.se\/index.php?rest_route=%2Fwp%2Fv2%2Fcategories&post=85429"},{"taxonomy":"post_tag","embeddable":true,"href":"https:\/\/www.reunion68.se\/index.php?rest_route=%2Fwp%2Fv2%2Ftags&post=85429"}],"curies":[{"name":"wp","href":"https:\/\/api.w.org\/{rel}","templated":true}]}}