{"id":85600,"date":"2021-04-29T17:09:56","date_gmt":"2021-04-29T15:09:56","guid":{"rendered":"http:\/\/www.reunion68.se\/?p=85600"},"modified":"2021-04-29T08:19:34","modified_gmt":"2021-04-29T06:19:34","slug":"06-09-56","status":"publish","type":"post","link":"https:\/\/www.reunion68.se\/?p=85600","title":{"rendered":"We Francji burza: genera\u0142owie przestrzegaj\u0105 przed &#8220;rozk\u0142adem pa\u0144stwa i wojn\u0105 domow\u0105&#8221;"},"content":{"rendered":"<p style=\"text-align: center;\"><img decoding=\"async\" class=\"aligncenter\" src=\"https:\/\/bi.im-g.pl\/im\/82\/eb\/18\/z26128770V,Prezydent-Macron-odbiera-ubiegloroczna-defilade-z-.jpg\" width=\"100%\" \/><span style=\"color: #808080;\"><em>Prezydent Macron odbiera ubieg\u0142oroczn\u0105 defilad\u0119 z okazji 14 lipca, Pary\u017c (Fot. Francois Mori \/ AP Photo)<\/em><\/span><\/p>\n<hr \/>\n<h5 style=\"text-align: center;\"><a href=\"https:\/\/wyborcza.pl\/\" target=\"_blank\" rel=\"noopener noreferrer\"><img decoding=\"async\" class=\"center alignleft\" src=\"http:\/\/www.reunion68.com\/Biuletyn\/img\/wyborcza.png\" alt=\"\" width=\"35%\" \/><\/a><span style=\"text-decoration: underline; color: #000080;\"><strong><a style=\"color: #000080; text-decoration: underline;\" href=\"https:\/\/wyborcza.pl\/7,75399,27030546,dwudziestu-francuskich-generalow-przestrzega-przed-rozkladem.html\" target=\"_blank\" rel=\"noopener noreferrer\">We Francji burza: genera\u0142owie przestrzegaj\u0105 przed &#8220;rozk\u0142adem pa\u0144stwa i wojn\u0105 domow\u0105&#8221;<\/a><\/strong><\/span><\/h5>\n<p style=\"text-align: center;\"><span style=\"color: #000000;\"><strong>Piotr Moszy\u0144ski<\/strong><\/span><\/p>\n<hr style=\"height: 15px; background: #d0e6fa; width: 100%;\" \/>\n<h4 style=\"text-align: center;\"><span style=\"color: #808080;\"><strong>W li\u015bcie otwartym do prezydenta, rz\u0105du i parlamentu dwudziestu francuskich genera\u0142\u00f3w w stanie spoczynku wzywa do wykazania si\u0119 &#8220;odwag\u0105&#8221; i &#8220;honorem&#8221; w celu &#8220;wytrzebienia&#8221; niebezpiecze\u0144stw, kt\u00f3re gro\u017c\u0105 Francji. Co maj\u0105 na my\u015bli?<\/strong><\/span><\/h4>\n<p>.<\/p>\n<p class=\"art_paragraph\" style=\"text-align: left;\"><span style=\"color: #000080;\">Autorzy listu musieli zdawa\u0107 sobie spraw\u0119, \u017ce data i miejsce jego publikacji nadaje mu od razu silne zabarwienie polityczne. Miejscem jest zwi\u0105zany ze skrajn\u0105 prawic\u0105 tygodnik \u201eValeurs Actuelles\u201d (Dzisiejsze Warto\u015bci), a moment publikacji to 60. rocznica wybuchu puczu innych genera\u0142\u00f3w, s\u0142u\u017c\u0105cych w Algierii, przeciwko polityce dekolonizacyjnej gen. de Gaulle\u2019a.<\/span><\/p>\n<p class=\"art_paragraph\" style=\"text-align: left;\"><span style=\"color: #000080;\">Sygnatariusze listu nale\u017c\u0105 do specyficznej kategorii oficer\u00f3w. To \u201egenera\u0142owie drugiej klasy\u201d \u2013 przeszli na\u00a0<a style=\"color: #000080;\" href=\"http:\/\/wyborcza.biz\/biznes\/7,147880,25515096,jakie-beda-podwyzki-emerytur-i-rent.html#anchorLink\">emerytur\u0119<\/a>, ale mog\u0105 by\u0107 w ka\u017cdej chwili zmobilizowani i przywr\u00f3ceni do czynnej s\u0142u\u017cby. Ich zwi\u0105zki z wojskiem pozostaj\u0105 wi\u0119c do\u015b\u0107 bliskie. W\u015br\u00f3d nich s\u0105 byli dow\u00f3dcy wielu rodzaj\u00f3w wojsk, w tym tak\u017ce Legii Cudzoziemskiej.<\/span><\/p>\n<p class=\"art_paragraph\" style=\"text-align: left;\"><span style=\"color: #000080;\">Z jednej strony podpisy pod listem z\u0142o\u017cy\u0142a tak\u017ce setka oficer\u00f3w i ok. tysi\u0105ca innych \u017co\u0142nierzy s\u0142u\u017cby czynnej. Z drugiej \u2013 w mediach spo\u0142eczno\u015bciowych mo\u017cna zobaczy\u0107 pojedyncze wypowiedzi innych wojskowych, kt\u00f3rzy przestrzegaj\u0105 opini\u0119 publiczn\u0105 przed lud\u017ami, kt\u00f3rzy prowadz\u0105 do pog\u0142\u0119bienia podzia\u0142\u00f3w, cho\u0107 usta maj\u0105 pe\u0142ne hase\u0142 o jedno\u015bci Francuz\u00f3w.<\/span><\/p>\n<h4 class=\"art_sub_title\" style=\"text-align: left;\"><strong>Co wojskowi zarzucaj\u0105 rz\u0105dowi?<\/strong><\/h4>\n<p class=\"art_paragraph\" style=\"text-align: left;\"><span style=\"color: #000080;\">Nie podoba im si\u0119 bezczynno\u015b\u0107 lub nieskuteczno\u015b\u0107 w obliczu zjawisk, kt\u00f3re w ich mniemaniu gro\u017c\u0105 rozk\u0142adem pa\u0144stwa. Zagro\u017cenia te przedstawiaj\u0105 w trzech punktach.<\/span><\/p>\n<p class=\"art_paragraph\" style=\"text-align: left;\"><span style=\"color: #000080;\">Przede wszystkim ostro krytykuj\u0105 \u201epewien typ antyrasizmu\u201d. Ich zdaniem jego \u201enienawistni i fanatyczni zwolennicy\u201d pragn\u0105 sk\u0142\u00f3ci\u0107 r\u00f3\u017cne spo\u0142eczno\u015bci i doprowadzi\u0107 do \u201ewojny rasowej\u201d. Zarzucaj\u0105 tym ludziom tak\u017ce \u201epogard\u0119 dla naszego kraju, jego tradycji, kultury\u201d i zamiar doprowadzenia do ich rozwodnienia poprzez &#8220;pozbawienie\u00a0<a style=\"color: #000080;\" href=\"https:\/\/wyborcza.pl\/0,128956.html?tag=francja#anchorLink\">Francji<\/a>\u00a0jej przesz\u0142o\u015bci i historii&#8221;.<\/span><\/p>\n<blockquote class=\"art_blockquote\">\n<p style=\"text-align: left;\"><strong>Kim s\u0105 &#8220;antyrasi\u015bci&#8221;? W skr\u00f3cie: ludzie, kt\u00f3rzy chc\u0105 doprowadzi\u0107 do sytuacji, w kt\u00f3rej jakakolwiek krytyka spo\u0142eczno\u015bci arabskiej czy szerzej muzu\u0142ma\u0144skiej, nawet najbardziej zradykalizowanej, b\u0119dzie automatycznie interpretowana jako przejaw rasizmu.<\/strong><\/p>\n<\/blockquote>\n<p class=\"art_paragraph\" style=\"text-align: left;\"><span style=\"color: #000080;\">Nast\u0119pnie genera\u0142owie zwracaj\u0105 uwag\u0119, \u017ce \u201eislamizm i hordy z przedmie\u015b\u0107\u201d przekszta\u0142caj\u0105 cz\u0119\u015b\u0107 kraju w \u201eterytoria podlegaj\u0105ce dogmatom sprzecznym z nasz\u0105 konstytucj\u0105\u201d. Tymczasem \u2013 podkre\u015blaj\u0105 \u2013 \u201eka\u017cdy Francuz, bez wzgl\u0119du na wyznanie lub brak wyznania, jest tu wsz\u0119dzie u siebie; nie mo\u017ce i nie powinno istnie\u0107 \u017cadne miasto czy dzielnica, gdzie nie stosuj\u0119 si\u0119 praw Republiki\u201d.<\/span><\/p>\n<p class=\"art_paragraph\" style=\"text-align: left;\"><span style=\"color: #000080;\">Wreszcie \u2013 co nieco zaskakuj\u0105ce \u2013 bior\u0105 w obron\u0119 \u201e\u017c\u00f3\u0142te kamizelki\u201d, kt\u00f3re w sensie politycznym kojarzy si\u0119 przede wszystkim z radykalizmem lewicowym. Genera\u0142owie pisz\u0105 wi\u0119c, \u017ce \u201enienawi\u015b\u0107 bierze g\u00f3r\u0119 nad braterstwem podczas manifestacji, w czasie kt\u00f3rych w\u0142adze u\u017cywaj\u0105 si\u0142 porz\u0105dkowych wobec Francuz\u00f3w wyra\u017caj\u0105cych swoj\u0105 rozpacz\u201d.<\/span><\/p>\n<h4 class=\"art_sub_title\" style=\"text-align: left;\"><strong>Wojskowi wzywaj\u0105 polityk\u00f3w, zg\u0142asza si\u0119 Le Pen<\/strong><\/h4>\n<p class=\"art_paragraph\" style=\"text-align: left;\"><span style=\"color: #000080;\">Zdaniem autor\u00f3w listu \u201ezagro\u017cenia rosn\u0105, przemoc nasila si\u0119 z ka\u017cdym dniem\u201d. Dlatego \u201eci, kt\u00f3rzy kieruj\u0105 naszym krajem, musz\u0105 koniecznie zdoby\u0107 si\u0119 na odwag\u0119 niezb\u0119dn\u0105 do wykorzenienia tych niebezpiecze\u0144stw\u201d.<\/span><\/p>\n<blockquote class=\"art_blockquote\">\n<p style=\"text-align: left;\"><strong>\u201eNie tra\u0107cie czasu \u2013 czytamy w li\u015bcie \u2013 i wiedzcie, \u017ce jeste\u015bmy gotowi poprze\u0107 polityk\u00f3w, kt\u00f3rzy wezm\u0105 pod uwag\u0119 konieczno\u015b\u0107 trwania narodu\u201d.<\/strong><\/p>\n<\/blockquote>\n<p class=\"art_paragraph\" style=\"text-align: left;\">Nic dziwnego, \u017ce natychmiast zg\u0142osi\u0142a si\u0119 polityk, kt\u00f3ra dostrzeg\u0142a w tym zdaniu siebie. Szefowa skrajnie prawicowego Zjednoczenia Narodowego (RN) Marine Le Pen szybko opublikowa\u0142a na \u0142amach tego samego pisma tekst, w kt\u00f3rym popiera autor\u00f3w i sygnatariuszy listu. A sonda\u017ce wskazuj\u0105, \u017ce mo\u017ce ona by\u0107 ponownie g\u0142\u00f3wn\u0105 rywalk\u0105 Emmanuela Macrona w przysz\u0142orocznych wyborach prezydenckich.<\/p>\n<h4 class=\"art_sub_title\" style=\"text-align: left;\"><strong>Genera\u0142owie gro\u017c\u0105 interwencj\u0105<\/strong><\/h4>\n<p class=\"art_paragraph\" style=\"text-align: left;\"><span style=\"color: #000080;\">Po sformu\u0142owaniu diagnozy sytuacji we Francji w li\u015bcie nast\u0119puje seria ostrze\u017ce\u0144, brzmi\u0105cych wr\u0119cz jak pogr\u00f3\u017cki.<\/span><\/p>\n<p class=\"art_paragraph\" style=\"text-align: left;\"><span style=\"color: #000080;\">\u201eJe\u015bli nie zostan\u0105 podj\u0119te \u017cadne dzia\u0142ania \u2013 pisz\u0105 \u2013 a leseferyzm nadal b\u0119dzie nieuchronnie rozprzestrzenia\u0107 si\u0119 w spo\u0142ecze\u0144stwie, dojdzie w ko\u0144cu do eksplozji&#8221;, co musi doprowadzi\u0107 do &#8220;interwencji naszych koleg\u00f3w z czynnej s\u0142u\u017cby w ramach misji obrony naszych cywilizacyjnych warto\u015bci i naszych rodak\u00f3w na terytorium narodowym\u201d.<\/span><\/p>\n<p class=\"art_paragraph\" style=\"text-align: left;\"><span style=\"color: #000080;\">Konkluzja listu brzmi za\u015b tak: \u201eJak wida\u0107, nie ma ju\u017c czasu na wahania, bo w przeciwnym wypadku jutro kres temu chaosowi po\u0142o\u017cy wojna domowa, a zabitych, za kt\u00f3rych \u015bmier\u0107 to wy b\u0119dziecie ponosi\u0107 odpowiedzialno\u015b\u0107, b\u0119dziemy liczy\u0107 w tysi\u0105cach\u201d.<\/span><\/p>\n<h4 class=\"art_sub_title\" style=\"text-align: left;\"><strong>Rz\u0105d reaguje ostro<\/strong><\/h4>\n<p class=\"art_paragraph\" style=\"text-align: left;\"><span style=\"color: #000080;\">Na takie sformu\u0142owania wysokich oficer\u00f3w w\u0142adze nie mog\u0142y pozosta\u0107 oboj\u0119tne.<\/span><\/p>\n<p class=\"art_paragraph\" style=\"text-align: left;\"><span style=\"color: #000080;\">Premier Jean Castex ostro pot\u0119pi\u0142 list genera\u0142\u00f3w, wytykaj\u0105c im celow\u0105 zbie\u017cno\u015b\u0107 czasu publikacji ich listu z okr\u0105g\u0142\u0105 rocznic\u0105 puczu genera\u0142\u00f3w w Algierze. Szefowa resortu obrony Florence Parly stanowczo przypomnia\u0142a za\u015b genera\u0142om, \u017ce nawet w stanie spoczynku maj\u0105 \u201eobowi\u0105zek pow\u015bci\u0105gliwo\u015bci\u201d w zabieraniu g\u0142osu na tematy polityczne, nie m\u00f3wi\u0105c ju\u017c o \u017co\u0142nierzach s\u0142u\u017cby czynnej, kt\u00f3rzy maj\u0105 po prostu zakaz mieszania si\u0119 do polityki.<\/span><\/p>\n<p class=\"art_paragraph\" style=\"text-align: left;\"><span style=\"color: #000080;\">Minister Parly zapowiedzia\u0142a sankcje dla sygnatariuszy listu pe\u0142ni\u0105cych s\u0142u\u017cb\u0119 czynn\u0105 i podkre\u015bli\u0142a, \u017ce prawo przewiduje wyci\u0105gni\u0119cie konsekwencji tak\u017ce wobec wojskowych w stanie spoczynku.<\/span><\/p>\n<blockquote class=\"art_blockquote\">\n<p style=\"text-align: left;\"><strong>Ca\u0142a sprawa wywo\u0142a\u0142a gor\u0105c\u0105 dyskusj\u0119 w mediach. Francuzi stan\u0119li znowu twarz\u0105 w twarz z pytaniami o to, czym jest patriotyzm i tolerancja, a czym nacjonalizm i ksenofobia.<\/strong><\/p>\n<\/blockquote>\n<p class=\"art_paragraph\" style=\"text-align: left;\"><span style=\"color: #000080;\">Mo\u017cna si\u0119 by\u0142o spodziewa\u0107, \u017ce przy silnej pozycji skrajnej prawicy w sonda\u017cach ta tematyka, wraz z zagadnieniem bezpiecze\u0144stwa pa\u0144stwa i obywateli, b\u0119dzie kluczowa w prezydenckiej kampanii wyborczej. Ma\u0142o kto jednak si\u0119 spodziewa\u0142, \u017ce kampania zacznie si\u0119 tak wcze\u015bnie i tak ostro.<\/span><\/p>\n<p class=\"art_paragraph\" style=\"text-align: left;\"><span style=\"color: #000080;\">Media od lewa do prawa roztrz\u0105saj\u0105, czy genera\u0142owie mieli prawo zabra\u0107 g\u0142os w taki spos\u00f3b i co powinien teraz zrobi\u0107 rz\u0105d.<\/span><\/p>\n<p class=\"art_paragraph\" style=\"text-align: left;\"><span style=\"color: #000080;\">Na pierwsze z tych pyta\u0144 lewica odpowiada, \u017ce wojskowi zupe\u0142nie i szokuj\u0105co wyszli ze swojej roli. Z prawicy dochodz\u0105 natomiast przede wszystkim opinie, \u017ce genera\u0142owie to przecie\u017c obywatele jak wszyscy inni, a wi\u0119c maj\u0105 prawo do zabierania publicznie g\u0142osu. St\u0105d namowy konserwatyst\u00f3w, aby rz\u0105d wyci\u0105gn\u0105\u0142 z tego wnioski, bo &#8220;podobne niepokoje odczuwa tak\u017ce sporo cywil\u00f3w&#8221;.<\/span><\/p>\n<p class=\"art_paragraph\" style=\"text-align: left;\"><span style=\"color: #000080;\">Pa\u0142ac Elizejski na razie milczy. Prezydent Macron szykuje si\u0119 do pi\u0105tkowego og\u0142oszenia harmonogramu wycofywania rygor\u00f3w epidemicznych, a ponadto zapewne nie chce sprawi\u0107 wra\u017cenia, \u017ce pozwala Le Pen narzuci\u0107 sobie rytm i tematyk\u0119 kampanii wyborczej.<\/span><\/p>\n<hr style=\"height: 15px; background: #d0e6fa; width: 100%;\" \/>\n<div id=\"content\" class=\"content-alignment\">\n<div id=\"watch-description\" class=\"yt-uix-button-panel\">\n<div id=\"watch-description-text\" style=\"text-align: center;\">\n<p><em>Zawarto\u015b\u0107 publikowanych artyku\u0142\u00f3w i materia\u0142\u00f3w nie reprezentuje pogl\u0105d\u00f3w ani opinii Reunion&#8217;68,<\/em><em><br \/>\nani te\u017c webmastera Blogu Reunion&#8217;68, chyba ze jest to wyra\u017anie zaznaczone.<br \/>\nTwoje uwagi, linki, w\u0142asne artyku\u0142y lub wiadomo\u015bci prze\u015blij na adres:<br \/>\n<\/em><span style=\"color: #000080;\"><strong><em><a style=\"color: #000080;\" href=\"mailto:webmaster@reunion68.com\"><span style=\"text-decoration: underline;\">webmaster@reunion68.com<\/span><\/a><\/em><\/strong><\/span><\/p>\n<\/div>\n<\/div>\n<\/div>\n<hr style=\"width: 100%;\" \/>\n","protected":false},"excerpt":{"rendered":"<p>Prezydent Macron odbiera ubieg\u0142oroczn\u0105 defilad\u0119 z okazji 14 lipca, Pary\u017c (Fot. Francois Mori \/ AP Photo) We Francji burza: genera\u0142owie przestrzegaj\u0105 przed &#8220;rozk\u0142adem pa\u0144stwa i wojn\u0105 domow\u0105&#8221; Piotr Moszy\u0144ski W li\u015bcie otwartym do prezydenta, rz\u0105du i parlamentu dwudziestu francuskich genera\u0142\u00f3w w stanie spoczynku wzywa do wykazania si\u0119 &#8220;odwag\u0105&#8221; i &#8220;honorem&#8221; w celu &#8220;wytrzebienia&#8221; niebezpiecze\u0144stw, kt\u00f3re [&hellip;]<\/p>\n","protected":false},"author":1,"featured_media":0,"comment_status":"closed","ping_status":"closed","sticky":false,"template":"","format":"standard","meta":[],"categories":[6],"tags":[26,24],"_links":{"self":[{"href":"https:\/\/www.reunion68.se\/index.php?rest_route=\/wp\/v2\/posts\/85600"}],"collection":[{"href":"https:\/\/www.reunion68.se\/index.php?rest_route=\/wp\/v2\/posts"}],"about":[{"href":"https:\/\/www.reunion68.se\/index.php?rest_route=\/wp\/v2\/types\/post"}],"author":[{"embeddable":true,"href":"https:\/\/www.reunion68.se\/index.php?rest_route=\/wp\/v2\/users\/1"}],"replies":[{"embeddable":true,"href":"https:\/\/www.reunion68.se\/index.php?rest_route=%2Fwp%2Fv2%2Fcomments&post=85600"}],"version-history":[{"count":6,"href":"https:\/\/www.reunion68.se\/index.php?rest_route=\/wp\/v2\/posts\/85600\/revisions"}],"predecessor-version":[{"id":85610,"href":"https:\/\/www.reunion68.se\/index.php?rest_route=\/wp\/v2\/posts\/85600\/revisions\/85610"}],"wp:attachment":[{"href":"https:\/\/www.reunion68.se\/index.php?rest_route=%2Fwp%2Fv2%2Fmedia&parent=85600"}],"wp:term":[{"taxonomy":"category","embeddable":true,"href":"https:\/\/www.reunion68.se\/index.php?rest_route=%2Fwp%2Fv2%2Fcategories&post=85600"},{"taxonomy":"post_tag","embeddable":true,"href":"https:\/\/www.reunion68.se\/index.php?rest_route=%2Fwp%2Fv2%2Ftags&post=85600"}],"curies":[{"name":"wp","href":"https:\/\/api.w.org\/{rel}","templated":true}]}}