{"id":8611,"date":"2014-11-11T19:02:22","date_gmt":"2014-11-11T17:02:22","guid":{"rendered":"http:\/\/www.reunion68.se\/?p=8611"},"modified":"2014-11-10T16:07:38","modified_gmt":"2014-11-10T14:07:38","slug":"8611","status":"publish","type":"post","link":"https:\/\/www.reunion68.se\/?p=8611","title":{"rendered":"Bunt i zag\u0142ada w obozie janowskim we Lwowie"},"content":{"rendered":"<h4 style=\"text-align: center;\"><a href=\"http:\/\/historia.wp.pl\/\" target=\"_blank\"><img decoding=\"async\" class=\"center alignleft\" src=\"http:\/\/www.reunion68.com\/Biuletyn\/img\/wp1.png\" alt=\"\" \/><\/a><span style=\"text-decoration: underline; color: #000080;\"><span style=\"text-decoration: underline;\"><strong><a style=\"color: #000080; text-decoration: underline;\" href=\"http:\/\/historia.wp.pl\/title,Bunt-i-zaglada-w-obozie-janowskim-we-Lwowie,wid,17016439,wiadomosc.html?ticaid=113c6f\" target=\"_blank\">Bunt i zag\u0142ada w obozie janowskim we Lwowie <\/a><\/strong><\/span><\/span><\/h4>\n<p style=\"text-align: center;\"><span style=\"color: #808080;\"><strong>Micha\u0142 Staniul dla Wirtualnej Polski<\/strong><\/span><\/p>\n<hr style=\"height: 15px; background: #d0e6fa; width: 710px;\" \/>\n<div style=\"width: 360px\" class=\"wp-caption alignright\"><a href=\"http:\/\/i.wp.pl\/a\/\/f\/jpeg\/34032\/nac_hans_frank_lwow_970.jpeg\"><img decoding=\"async\" src=\"http:\/\/i.wp.pl\/a\/\/f\/jpeg\/34032\/nac_hans_frank_lwow_970.jpeg\" alt=\"Bunt i zag\u0142ada w obozie janowskim we Lwowie\" width=\"350\" \/><\/a><p class=\"wp-caption-text\"><span style=\"color: #000080;\"><em>Wizyta Hansa Franka (trzeci z lewej) we Lwowie. Generalny gubernator przechodzi przed oddzia\u0142em ochotnik\u00f3w SS &#8220;Galizien&#8221; (fot. NAC \/ ) <\/em><\/span><\/p><\/div>\n<p style=\"text-align: left;\"><span style=\"color: #000080;\"><em>Nazistowski ob\u00f3z janowski we Lwowie dzia\u0142a\u0142 zaledwie dwa lata. To wystarczy\u0142o, by przekszta\u0142ci\u0142 si\u0119 z miejsca kator\u017cniczej pracy przymusowej w katowni\u0119, w kt\u00f3rej mordowano tysi\u0105ce polskich i ukrai\u0144skich \u017byd\u00f3w. Gdy 19 listopada 1943 roku garstka wi\u0119\u017ani\u00f3w wybranych do odkopywania i palenia zw\u0142ok podj\u0119\u0142a desperack\u0105 pr\u00f3b\u0119 buntu, Niemcy po raz kolejny zastosowali odpowiedzialno\u015b\u0107 zbiorow\u0105. 71 lat temu oddzia\u0142y SS otoczy\u0142y ob\u00f3z przy ul. Janowskiej i zimn\u0105 krwi\u0105 pozbawi\u0142y \u017cycia reszt\u0119 jego mieszka\u0144c\u00f3w &#8211; pisze Micha\u0142 Staniul w artykule dla WP.PL.<\/em><\/span><\/p>\n<p style=\"text-align: left;\"><span style=\"color: #000080;\">Masywny, dwupi\u0119trowy budynek przy ulicy Janowskiej 134 mia\u0142 ju\u017c swoje lata &#8211; powsta\u0142 jeszcze w czasach, gdy Lw\u00f3w by\u0142 cz\u0119\u015bci\u0105 austriackiego zaboru. W 1939 roku stanowi\u0142 centralny punkt fabryki maszyn m\u0142y\u0144skich nale\u017c\u0105cej do \u017cydowskiego przedsi\u0119biorcy Steinhausa. Gdy po sowieckiej napa\u015bci na Polsk\u0119 miasto dosta\u0142o si\u0119 w r\u0119ce wojsk radzieckich, zak\u0142ad zosta\u0142 znacjonalizowany. Wkr\u00f3tce jednak znowu mia\u0142 konkretnego w\u0142a\u015bciciela.<\/span><\/p>\n<p style=\"text-align: left;\"><span style=\"color: #000080;\">Niestety, by\u0142a to DAW &#8211; Deutsche Ausr\u00fcstungswerke, firma zbrojeniowa zarz\u0105dzana przez hitlerowskie SS.<\/span><\/p>\n<p style=\"text-align: left;\"><strong><span style=\"color: #000080;\">Trucizna<\/span><\/strong><\/p>\n<p style=\"text-align: left;\"><span style=\"color: #000080;\">Armia Czerwona nie by\u0142a, rzecz jasna, \u0142askawa dla mieszka\u0144c\u00f3w Lwowa. Ocenia si\u0119, \u017ce podczas niespe\u0142na dw\u00f3ch lat pobytu nad Pe\u0142twi\u0105 komuni\u015bci zabili oko\u0142o 7 tys. ludzi, g\u0142\u00f3wnie &#8220;wrog\u00f3w klasowych&#8221;. Wi\u0119kszo\u015b\u0107 gin\u0119\u0142a w piwnicach bezpieki lub podczas egzekucji w okolicznych lasach, z dala od wzroku przypadkowych \u015bwiadk\u00f3w. Kiedy wi\u0119c 29 czerwca 1941 roku miasto zosta\u0142o zdobyte przez Wermacht, Niemcy bez wi\u0119kszych problem\u00f3w obci\u0105\u017cyli sowieckimi zbrodniami lokalnych \u017byd\u00f3w.<\/span><\/p>\n<p style=\"text-align: left;\"><span style=\"color: #000080;\">Przedwojenny Lw\u00f3w by\u0142 trzecim z najwi\u0119kszych skupiskiem ludno\u015bci \u017cydowskiej w Polsce. Wed\u0142ug danych z pocz\u0105tku lat 30., oko\u0142o 100 tysi\u0119cy lwowian wyznawa\u0142o religi\u0119 moj\u017ceszow\u0105. Dekad\u0119 p\u00f3\u017aniej liczb\u0119 t\u0119 powi\u0119kszy\u0142a &#8211; opr\u00f3cz przyrostu naturalnego &#8211; fala uchod\u017ac\u00f3w z frontu zachodniego. W chwili nadej\u015bcia oddzia\u0142\u00f3w nazistowskich w mie\u015bcie mog\u0142o \u017cy\u0107 wi\u0119c nawet 150 tysi\u0119cy \u017byd\u00f3w.<\/span><\/p>\n<p style=\"text-align: left;\"><span style=\"color: #000080;\">&#8220;Ju\u017c w pierwszych godzinach rozlepili Niemcy po mie\u015bcie afisze podjudzaj\u0105ce przeciwko \u017bydom. W tych afiszach i w ulotkach, rozdawanych na ulicach, przedstawiano \u017byd\u00f3w jako winowajc\u00f3w po\u017cogi wojennej, pomawiano ich o niestworzone zbrodnie, insynuowano im rzekome wymordowanie kilku tysi\u0119cy Polak\u00f3w i Ukrai\u0144c\u00f3w. Zatruty siew wyda\u0142 oczywi\u015bcie odpowiedni plon&#8221; &#8211; pisa\u0142 w wydanej tu\u017c po wojnie &#8220;Zag\u0142adzie \u017byd\u00f3w lwowskich&#8221; historyk Filip Friedman.<\/span><\/p>\n<p style=\"text-align: left;\"><span style=\"color: #000080;\">Pogromy wybucha\u0142y z przera\u017caj\u0105c\u0105 cz\u0119stotliwo\u015bci\u0105 przez kolejne trzy lata. W cz\u0119\u015bci z nich bra\u0142y udzia\u0142 boj\u00f3wki ukrai\u0144skich nacjonalist\u00f3w.<\/span><\/p>\n<p style=\"text-align: left;\"><span style=\"color: #000080;\">W lipcu 1941 roku Niemcy uruchomili produkcj\u0119 amunicji przy ulicy Janowskiej, na p\u00f3\u0142nocno-zachodnim obrze\u017cu miasta. Niemieckie prawo nak\u0142ada\u0142o obowi\u0105zek pracy na wszystkich \u017cydowskich m\u0119\u017cczyzn w wieku od 14 do 60 lat. Pocz\u0105tkowo wielu z nich dobrowolnie zg\u0142asza\u0142o si\u0119 do DAW; wierzyli, \u017ce papiery z zak\u0142ad\u00f3w pozwol\u0105 im chocia\u017c cz\u0119\u015bciowo unikn\u0105\u0107 represji ze strony okupant\u00f3w. Ale je\u015bli tak by\u0142o, trwa\u0142o to bardzo kr\u00f3tko.<\/span><\/p>\n<p style=\"text-align: left;\"><span style=\"color: #000080;\">Po nieca\u0142ych trzech miesi\u0105cach hitlerowcy postanowili zmieni\u0107 charakter fabryki. Poszerzono nale\u017c\u0105cy do niej teren, otoczono go drutem kolczastym i wie\u017cyczkami stra\u017cniczymi, a na wolnym miejscu wzniesiono kompleks pod\u0142u\u017cnych drewnianych barak\u00f3w. Odes\u0142ano te\u017c do domu polskich i ukrai\u0144skich robotnik\u00f3w. 1 pa\u017adziernika 1941 roku komendant plac\u00f3wki, Hauptsturmf\u00fchrer (kapitan w SS) Fritz Gebauer, oznajmi\u0142 pozosta\u0142ym pracownikom: od teraz zostajecie tutaj.<\/span><\/p>\n<p style=\"text-align: left;\"><span style=\"color: #000080;\">Obiekt przy ul. Janowskiej mia\u0142 sta\u0107 si\u0119 bowiem g\u0142\u00f3wnym lwowskim obozem koncentracyjnym dla ludno\u015bci \u017cydowskiej.<\/span><\/p>\n<p style=\"text-align: left;\"><strong><span style=\"color: #000080;\">Sady\u015bci<\/span><\/strong><\/p>\n<p style=\"text-align: left;\"><span style=\"color: #000080;\">Sytuacja \u017byd\u00f3w we Lwowie stawa\u0142a si\u0119 tymczasem dramatyczna. Jesieni\u0105 Niemcy zacz\u0119li wyp\u0119dza\u0107 ich do getta, kt\u00f3re utworzono w najbardziej zaniedbanej, p\u00f3\u0142nocnej cz\u0119\u015bci miasta: na Zamarstynowie i Kleparowie. Ponad 100 tysi\u0119cy ludzi musia\u0142o st\u0142oczy\u0107 si\u0119 na obszarze zaledwie kilku osiedli. Przeludnienie, g\u0142\u00f3d i choroby nie by\u0142y jednak jedynymi problemami &#8211; hitlerowcy co rusz urz\u0105dzali brutalne \u0142apanki, podczas kt\u00f3rych zatrzymywali zdrowych i silnych m\u0119\u017cczyzn oraz chorych i starc\u00f3w. Ci pierwsi trafiali do oboz\u00f3w pracy. Drudzy byli zazwyczaj zabijani na miejscu.<\/span><\/p>\n<p style=\"text-align: right;\"><span style=\"color: #000080;\">Czytaj dalej tu: <span style=\"text-decoration: underline;\"><strong><a style=\"color: #000080; text-decoration: underline;\" href=\"http:\/\/historia.wp.pl\/title,Bunt-i-zaglada-w-obozie-janowskim-we-Lwowie,wid,17016439,wiadomosc.html?ticaid=113c6f\" target=\"_blank\">Bunt i zag\u0142ada&#8230;<\/a><\/strong><\/span><\/span><\/p>\n<hr style=\"height: 15px; background: #d0e6fa; width: 710px;\" \/>\n<div id=\"content\" class=\"  content-alignment&lt;br \/&gt;&lt;br \/&gt; \">\n<div id=\"watch-description\" class=\"yt-uix-button-panel\">\n<div id=\"watch-description-text\">\n<p style=\"text-align: center;\"><span style=\"color: #808080;\"> twoje uwagi, linki, wlasne artykuly, lub wiadomosci przeslij do: <strong><span style=\"text-decoration: underline;\"><span style=\"color: #808080; text-decoration: underline;\"><a href=\"mailto:webmaster@reunion68.com\">webmaster@reunion68.com<\/a><\/span><\/span><\/strong><\/span><\/p>\n<\/div>\n<\/div>\n<\/div>\n<p>&nbsp;<\/p>\n<hr style=\"width: 710px;\" \/>\n","protected":false},"excerpt":{"rendered":"<p>Bunt i zag\u0142ada w obozie janowskim we Lwowie Micha\u0142 Staniul dla Wirtualnej Polski Nazistowski ob\u00f3z janowski we Lwowie dzia\u0142a\u0142 zaledwie dwa lata. To wystarczy\u0142o, by przekszta\u0142ci\u0142 si\u0119 z miejsca kator\u017cniczej pracy przymusowej w katowni\u0119, w kt\u00f3rej mordowano tysi\u0105ce polskich i ukrai\u0144skich \u017byd\u00f3w. Gdy 19 listopada 1943 roku garstka wi\u0119\u017ani\u00f3w wybranych do odkopywania i palenia zw\u0142ok [&hellip;]<\/p>\n","protected":false},"author":1,"featured_media":0,"comment_status":"closed","ping_status":"closed","sticky":false,"template":"","format":"standard","meta":[],"categories":[4],"tags":[24],"_links":{"self":[{"href":"https:\/\/www.reunion68.se\/index.php?rest_route=\/wp\/v2\/posts\/8611"}],"collection":[{"href":"https:\/\/www.reunion68.se\/index.php?rest_route=\/wp\/v2\/posts"}],"about":[{"href":"https:\/\/www.reunion68.se\/index.php?rest_route=\/wp\/v2\/types\/post"}],"author":[{"embeddable":true,"href":"https:\/\/www.reunion68.se\/index.php?rest_route=\/wp\/v2\/users\/1"}],"replies":[{"embeddable":true,"href":"https:\/\/www.reunion68.se\/index.php?rest_route=%2Fwp%2Fv2%2Fcomments&post=8611"}],"version-history":[{"count":23,"href":"https:\/\/www.reunion68.se\/index.php?rest_route=\/wp\/v2\/posts\/8611\/revisions"}],"predecessor-version":[{"id":8635,"href":"https:\/\/www.reunion68.se\/index.php?rest_route=\/wp\/v2\/posts\/8611\/revisions\/8635"}],"wp:attachment":[{"href":"https:\/\/www.reunion68.se\/index.php?rest_route=%2Fwp%2Fv2%2Fmedia&parent=8611"}],"wp:term":[{"taxonomy":"category","embeddable":true,"href":"https:\/\/www.reunion68.se\/index.php?rest_route=%2Fwp%2Fv2%2Fcategories&post=8611"},{"taxonomy":"post_tag","embeddable":true,"href":"https:\/\/www.reunion68.se\/index.php?rest_route=%2Fwp%2Fv2%2Ftags&post=8611"}],"curies":[{"name":"wp","href":"https:\/\/api.w.org\/{rel}","templated":true}]}}