{"id":8654,"date":"2014-11-12T18:06:06","date_gmt":"2014-11-12T16:06:06","guid":{"rendered":"http:\/\/www.reunion68.se\/?p=8654"},"modified":"2014-11-13T14:27:49","modified_gmt":"2014-11-13T12:27:49","slug":"8654","status":"publish","type":"post","link":"https:\/\/www.reunion68.se\/?p=8654","title":{"rendered":"Prezydent wiedzia\u0142a o fa\u0142szerstwie (cd)"},"content":{"rendered":"<h4 style=\"text-align: center;\"><a href=\"http:\/\/warszawa.gazeta.pl\/\" target=\"_blank\"><img decoding=\"async\" class=\"center alignleft\" src=\"http:\/\/www.reunion68.com\/Biuletyn\/img\/wyborcza-s.png\" alt=\"\" \/><\/a><span style=\"text-decoration: underline; color: #000080;\"><span style=\"text-decoration: underline;\"><strong><a style=\"color: #000080; text-decoration: underline;\" href=\"http:\/\/warszawa.gazeta.pl\/warszawa\/1,54420,16955535,Guzial_o_kamienicy_na_Noakowskiego__prezydent_wiedziala.html#BoxSlotI3img\" target=\"_blank\">Guzia\u0142 o kamienicy na Noakowskiego: prezydent wiedzia\u0142a o fa\u0142szerstwie<\/a><\/strong><\/span><\/span><\/h4>\n<p style=\"text-align: center;\"><span style=\"color: #808080;\"><strong>Aneta Kulesza<\/strong><\/span><\/p>\n<hr style=\"height: 15px; background: #d0e6fa; width: 710px;\" \/>\n<div style=\"width: 360px\" class=\"wp-caption alignright\"><img decoding=\"async\" title=\"Piotr Guzia\u0142 na swojej konferencji zorganizowanej przed kamienic\u0105 przy ul. Noakowskiego 16\" src=\"http:\/\/bi.gazeta.pl\/im\/a0\/2b\/10\/z16955552Q,Piotr-Guzial-na-swojej-konferencji-zorganizowanej-.jpg\" alt=\"Piotr Guzia\u0142 na swojej konferencji zorganizowanej przed kamienic\u0105 przy ul. Noakowskiego 16\" width=\"350\" border=\"0\" \/><p class=\"wp-caption-text\"><span style=\"color: #000080;\"><em>Piotr Guzia\u0142 na swojej konferencji zorganizowanej przed kamienic\u0105 przy ul. Noakowskiego 16<\/em><\/span><\/p><\/div>\n<p style=\"text-align: left;\"><strong><span style=\"color: #333333;\">Je\u015bli Hanna Gronkiewicz-Waltz nie ujawni dokument\u00f3w z przej\u0119cia kamienicy i nie wyja\u015bni tej sprawy, to nie ma dla niej miejsca w polityce &#8211; m\u00f3wi\u0142 Piotr Guzia\u0142 na konferencji zorganizowanej przed kamienic\u0105 przy ul. Noakowskiego 16. Twierdzi, \u017ce prezydent Warszawy wiedzia\u0142a o fa\u0142szerstwach towarzysz\u0105cych transakcji.<\/span><\/strong><\/p>\n<p style=\"text-align: left;\"><span style=\"color: #000080;\">&#8211; Tylko ujawnienie wszystkich dokument\u00f3w przez ni\u0105 samych mo\u017ce oczy\u015bci\u0107 z zarzut\u00f3w o fa\u0142szerstwo jej rodzine i pozwoli\u0107 jej pozosta\u0107 w \u017cyciu politycznym Warszawy &#8211; m\u00f3wi\u0142 Piotr Guzia\u0142. Dowodzi\u0142, \u017ce Andrzej Waltz, m\u0105\u017c urz\u0119duj\u0105cej prezydent,&#8230;<\/span><\/p>\n<p>&nbsp;<\/p>\n<p style=\"text-align: right;\"><span style=\"color: #000080;\">Czytaj dalej tu: <strong><span style=\"text-decoration: underline;\"><a style=\"color: #000080; text-decoration: underline;\" href=\"http:\/\/warszawa.gazeta.pl\/warszawa\/1,54420,16955535,Guzial_o_kamienicy_na_Noakowskiego__prezydent_wiedziala.html#BoxSlotI3img\" target=\"_blank\">Guzia\u0142 o kamienicy&#8230;..<\/a><\/span><\/strong><\/span><\/p>\n<hr style=\"height: 15px; background: #d0e6fa; width: 710px;\" \/>\n<h4 style=\"text-align: center;\"><a href=\"http:\/\/warszawa.gazeta.pl\/\" target=\"_blank\"><img decoding=\"async\" class=\"center alignleft\" src=\"http:\/\/www.reunion68.com\/Biuletyn\/img\/wyborcza-s.png\" alt=\"\" \/><\/a><span style=\"text-decoration: underline; color: #000080;\"><span style=\"text-decoration: underline;\"><strong><a style=\"color: #000080; text-decoration: underline;\" href=\"http:\/\/warszawa.gazeta.pl\/warszawa\/1,34862,16951530,Czego_oczekujemy_od_prezydent_ws__reprywatyzacji_kamienicy_.html\" target=\"_blank\">Czego oczekujemy od prezydent ws. reprywatyzacji kamienicy?<\/a><\/strong><\/span><\/span><\/h4>\n<p style=\"text-align: center;\"><span style=\"color: #808080;\"><strong>Micha\u0142 Wybieralski, Wojciech Tymowski<\/strong><\/span><\/p>\n<hr style=\"height: 2px; background: #d0e6fa; width: 710px;\" \/>\n<div style=\"width: 360px\" class=\"wp-caption alignright\"><img decoding=\"async\" title=\"Hanna Gronkiewicz-Waltz\" src=\"http:\/\/bi.gazeta.pl\/im\/e8\/60\/d6\/z14049512Q,Hanna-Gronkiewicz-Waltz.jpg\" alt=\"Hanna Gronkiewicz-Waltz\" width=\"350\" border=\"0\" \/><p class=\"wp-caption-text\"><em>Hanna Gronkiewicz-WaltzHanna Gronkiewicz-Waltz (Fot. Kuba Atys \/ Agencja Gazeta)<\/em><\/p><\/div>\n<p><span style=\"color: #333333;\"><strong>Hanna Gronkiewicz-Waltz powinna d\u0105\u017cy\u0107 do wyja\u015bnienia kulis\u00f3w reprywatyzacji kamienicy, kt\u00f3rej dokona\u0142a jej rodzina. W przeciwnym razie b\u0119dzie traci\u0107 wiarygodno\u015b\u0107, a ca\u0142a sprawa jeszcze wielokrotnie powr\u00f3ci w jej politycznej karierze.<\/strong><\/span><\/p>\n<p style=\"text-align: left;\"><span style=\"color: #000080;\">Sprawa kamienicy w \u015bcis\u0142ym centrum Warszawy, kt\u00f3r\u0105 w wyniku reprywatyzacji odzyska\u0142a i spieni\u0119\u017cy\u0142a rodzina prezydent Hanny Gronkiewicz-Waltz, zn\u00f3w wraca w kampanii wyborczej. Tym razem opisa\u0142 j\u0105 tygodnik &#8220;W Sieci&#8221;.<\/span><\/p>\n<p style=\"text-align: left;\"><span style=\"color: #000080;\">Kulisy tej historii s\u0105 skomplikowane i mroczne &#8211; mamy tu po\u017cydowskie mienie, skazanego przez s\u0105d fa\u0142szerza, kt\u00f3ry handlowa\u0142 prawami do tego maj\u0105tku, rodzin\u0119 m\u0119\u017ca pani prezydent, kt\u00f3ra ubi\u0142a interes z &#8211; jak si\u0119 p\u00f3\u017aniej okaza\u0142o &#8211; oszustem, wreszcie zawi\u0142o\u015bci prawne zwi\u0105zane z reprywatyzacj\u0105.<\/span><\/p>\n<p style=\"text-align: right;\"><span style=\"color: #000080;\">Czytaj dalej tu: <span style=\"text-decoration: underline;\"><strong><a style=\"color: #000080; text-decoration: underline;\" href=\"http:\/\/warszawa.gazeta.pl\/warszawa\/1,34862,16951530,Czego_oczekujemy_od_prezydent_ws__reprywatyzacji_kamienicy_.html\" target=\"_blank\">Czego oczekujemy&#8230;<\/a><\/strong><\/span><\/span><\/p>\n<hr style=\"height: 15px; background: #d0e6fa; width: 710px;\" \/>\n<h4 style=\"text-align: center;\"><a href=\"http:\/\/biznes.onet.pl\/\" target=\"_blank\"><img decoding=\"async\" class=\"center alignleft\" src=\"http:\/\/www.reunion68.com\/Biuletyn\/img\/onnet.png\" alt=\"\" \/><\/a><span style=\"text-decoration: underline; color: #000080;\"><span style=\"text-decoration: underline;\"><strong><a style=\"color: #000080; text-decoration: underline;\" href=\"http:\/\/biznes.onet.pl\/rodzina-hanny-gronkiewicz-waltz-nielegalnie-zarobila-na-pozydowskim-mieniu\/jdqrj#.VGCy8KPxBi0.facebook\" target=\"_blank\">Rodzina Hanny Gronkiewicz- Waltz nielegalnie zarobi\u0142a na po\u017cydowskim mieniu?<\/a><\/strong><\/span><\/span><\/h4>\n<p style=\"text-align: center;\"><span style=\"color: #808080;\"><strong>(NZ;RC)<\/strong><\/span><\/p>\n<hr style=\"height: 2px; background: #d0e6fa; width: 710px;\" \/>\n<div style=\"width: 360px\" class=\"wp-caption alignright\"><img decoding=\"async\" src=\"http:\/\/ocdn.eu\/images\/pulscms\/MWI7MDQsMCw0Miw3ODAsNDM4OzA2LDMyMCwxYzI_\/0895f9eb86580f118de4a6a0ca7252c9.jpg\" alt=\"Hanna Gronkiewicz-Waltz\" width=\"350\" \/><p class=\"wp-caption-text\"><em>Hanna Gronkiewicz-Waltz<\/em><\/p><\/div>\n<p style=\"text-align: left;\"><span style=\"color: #000080;\">[ \u00a0<em>Nie ma \u017cadnej w\u0105tpliwo\u015bci ze tak jak to autor artyku\u0142u w GW wyja\u015bnia (poni\u017cej) sprawa kamienicy zosta\u0142a wyci\u0105gni\u0119ta na nowo z powodu zbli\u017caj\u0105cych si\u0119 wybor\u00f3w. Tym niemniej w\u0105tpliwym jest aby Pani H.Gronkiewicz-Waltz o ca\u0142ej sprawie nie wiedzia\u0142a, Nasuwaj\u0105 sie te\u017c w\u0105tpliwo\u015bci co do wiarygodno\u015bci o\u015bwiadcze\u0144 zar\u00f3wno Pani Burmistrz jak i jej m\u0119\u017ca, &#8211;\u00a0zw\u0142aszcza po przeczytaniu &#8220;Sprzeciwu&#8221; &#8211; oskar\u017cenia wniesionego przez prokuratora Prokuratury W-wa-Wola, od decyzji przyznania Romanowi Kepskiemu nieruchomo\u015bci przy ul. Noakowskiego 16 (czytaj poni\u017cej)<\/em><\/span><\/p>\n<p style=\"text-align: left;\"><span style=\"color: #000080;\"><em>Jak wiadomo Pani H.Gronkiewicz-Waltz jest jako Burmistrz Miasta W-wa jednym z trzech w\u0142a\u015bcicieli Muzeum MHZP, a w samej radzie muzeum MHZP zasiadaj\u0105 &#8211; W\u0142odzimierz Paszy\u0144ski, zast\u0119pca Pani H.Gronkiewicz-Waltz oraz\u00a0&#8211; Renata Wi\u015bniewska zatrudniona w gabinecie Pani Gronkiewicz-Waltz\u00a0<\/em>]<\/span><\/p>\n<p><span style=\"color: #333333;\"><strong>Rodzina prezydent Warszawy Hanny Gronkiewicz- Waltz mia\u0142a zarobi\u0107 fortun\u0119 na sprzeda\u017cy kamienicy bezprawnie odebranej prawowitym, \u017cydowskim w\u0142a\u015bcicielom &#8211; pisze tygodnik &#8220;wSieci&#8221;. Sama Gronkiewicz-Waltz zapewnia, \u017ce wszystko odby\u0142o si\u0119 zgodnie z prawem.<\/strong><\/span><\/p>\n<p style=\"text-align: right;\"><span style=\"color: #000080;\">Czytaj dalek tu: <span style=\"text-decoration: underline;\"><strong><a style=\"color: #000080; text-decoration: underline;\" href=\"http:\/\/biznes.onet.pl\/rodzina-hanny-gronkiewicz-waltz-nielegalnie-zarobila-na-pozydowskim-mieniu\/jdqrj#.VGCy8KPxBi0.facebook\" target=\"_blank\">Rodzina Hanny G&#8230;.<\/a><\/strong><\/span><\/span><\/p>\n<hr style=\"height: 15px; background: #d0e6fa; width: 710px;\" \/>\n<h4 style=\"text-align: center;\"><a href=\"http:\/\/m.wiadomosci.gazeta.pl\/\" target=\"_blank\"><img decoding=\"async\" class=\"center alignleft\" src=\"http:\/\/www.reunion68.com\/Biuletyn\/img\/wyborcza-s.png\" alt=\"\" \/><\/a><span style=\"text-decoration: underline; color: #000080;\"><span style=\"text-decoration: underline;\"><strong><a style=\"color: #000080; text-decoration: underline;\" href=\"http:\/\/m.wiadomosci.gazeta.pl\/wiadomosci\/1,117915,16945339,Co_prezydent_stolicy_wiedziala_o_kamienicy_odzyskanej.html\" target=\"_blank\">Co prezydent stolicy wiedzia\u0142a o kamienicy odzyskanej przez m\u0119\u017ca<\/a><\/strong><\/span><\/span><\/h4>\n<p style=\"text-align: center;\"><span style=\"color: #808080;\"><strong>Iwona Szpala, Ma\u0142gorzata Zubik<\/strong><\/span><\/p>\n<hr style=\"height: 2px; background: #d0e6fa; width: 710px;\" \/>\n<p style=\"text-align: left;\"><span style=\"color: #333333;\"><strong>M\u0105\u017c Hanny Gronkiewicz-Waltz zosta\u0142 jednym ze wsp\u00f3\u0142w\u0142a\u015bcicieli zreprywatyzowanej kamienicy, do kt\u00f3rej prawa jego wuj kupi\u0142 w 1945 r. od oszust\u00f3w. W rzeczywisto\u015bci kamienica nale\u017ca\u0142a do \u017cydowskich rodzin, kt\u00f3rych pe\u0142nomocnictwa jeden z oszust\u00f3w sfa\u0142szowa\u0142 &#8211; donosi w najnowszym wydaniu magazyn &#8220;W Sieci&#8221;. Prezydent Warszawy odpowiada: &#8220;sprawa ta jest tematem zast\u0119pczym dla merytorycznej dyskusji o przysz\u0142o\u015bci Warszawy i stanowi element brudnej walki politycznej&#8221;.<\/strong><\/span><\/p>\n<p style=\"text-align: right;\"><span style=\"color: #000080;\">Czytaj dalej tu: <span style=\"text-decoration: underline;\"><strong><a style=\"color: #000080; text-decoration: underline;\" href=\"http:\/\/m.wiadomosci.gazeta.pl\/wiadomosci\/1,117915,16945339,Co_prezydent_stolicy_wiedziala_o_kamienicy_odzyskanej.html\" target=\"_blank\">Co prezydent&#8230;.<\/a><\/strong><\/span><\/span><\/p>\n<hr style=\"height: 15px; background: #d0e6fa; width: 710px;\" \/>\n<h4 style=\"text-align: left;\"><img decoding=\"async\" class=\"profilePic img alignleft\" src=\"https:\/\/fbcdn-profile-a.akamaihd.net\/hprofile-ak-xpa1\/v\/t1.0-1\/p160x160\/10672063_801222699940129_1489441187883259606_n.jpg?oh=687e6a135b93f6d21e1953b63bb2f8e3&amp;oe=54D4D634&amp;__gda__=1424561289_bf48f6efd9073bc2d9e48011107f9238\" alt=\"Miasto Jest Nasze\" \/><br \/>\n<strong><span style=\"color: #333333;\">Miasto Jest Nasze<\/span><\/strong><br \/>\n<strong><span style=\"color: #333333;\"> Miasto Jest Nasze jako jedna z pierwszych warszawskich organizacji zaczela naglasniac sprawe tzw. &#8220;dzikiej reprywatyzacji&#8221;. Wydaje sie, ze dzisiaj sprawa osiagnela sw\u00f3j moment krytyczny.<\/span><\/strong><\/h4>\n<p style=\"text-align: left;\"><span style=\"color: #000080;\">Tygodnik wSieci opublikowal artykul, z kt\u00f3rego jasno wynika, ze rodzina Hanny Gronkiewicz-Waltz odziedziczyla ukradziona wczesniej kamienice na Noakowskiego 16 po czym blyskawicznie ponizej ceny rynkowej sprzedala ja firmie Fenix Group. Nie publikowalibysmy tego postu, gdybysmy sami nie przeprowadzili w tej kwestii malego dochodzenia. Uzyskane przez nas dokumenty i relacje mieszkanc\u00f3w kamienicy potwierdzaja ustalenia tygodnika.<\/span><\/p>\n<p><img decoding=\"async\" class=\"center alignright\" src=\"http:\/\/www.reunion68.com\/Biuletyn\/img\/kamienica.png\" alt=\"\" \/><\/p>\n<p style=\"text-align: left;\"><span style=\"color: #000080;\">Kamienica na Noakowskiego 16 zostala po wojnie ukradziona przez gang szmalcownik\u00f3w a nastepnie sprzedana Romanowi Kepskiemu, kt\u00f3ry byl wujkiem meza Hanny Gronkiewicz-Waltz. Dwa lata p\u00f3zniej szajka zostala zlapana i osadzona w wiezieniu. Sad nakazal wykreslic Romana Kepskiego z hipoteki. Przez niedopatrzenie tak sie jednak nie stalo. Kamienica zostala znacjonalizowana. 50 lat p\u00f3zniej Roman Kepski zglosil sie po &#8220;sw\u00f3j&#8221; majatek. Dokonal tym samym przestepstwa, bowiem wiedzial, ze pochodzi on z kradziezy. Ciezko tez uznac, ze o zaistnialej sytuacji nie wiedziala Hanna Gronkiewicz-Waltz i jej maz.<\/span><\/p>\n<p style=\"text-align: left;\"><span style=\"color: #000080;\">Dzisiaj apelujemy do pani prezydent o wystapienie o zwrot ukradzionej kamienicy. Noakowskiego 16 musi wr\u00f3cic do prawowitych wlascicieli &#8211; w tym wypadku do mieszkanc\u00f3w Warszawy, az nie ujawnia sie, albo zostana uznani za zmarlych, spadkobiercy przedwojennych wlascicieli.<\/span><\/p>\n<p><span style=\"text-decoration: underline;\"><strong><a href=\"https:\/\/www.scribd.com\/doc\/246107080\/Noakowskiego-16-postanowienie-z-1948r\" target=\"_blank\">Link do orginalnych dokumentow Sadu Okregowego w Warszawie 1948r.<\/a><\/strong><\/span><\/p>\n<hr style=\"height: 15px; background: #d0e6fa; width: 710px;\" \/>\n<p style=\"text-align: center;\"><span style=\"color: #000080;\"><em>&#8220;Sprzeciw&#8221; &#8211; oskar\u017cenie wniesione przez prokuratora Prokuratury W-wa-Wola, od decyzji przyznania Romanowi Kepskiemu nieruchomo\u015bci przy ul. Noakowskiego 16 <\/em><\/span><\/p>\n<p>&nbsp;<\/p>\n<object class=\"vanilla-pdf-embed\" data=\"http:\/\/www.reunion68.com\/Biuletyn\/SKO.pdf?attachment_id=1#page=1&view=FitH\" type=\"application\/pdf\" width=\"700px\" height=\"950em\">\n    <p><a href=\"http:\/\/www.reunion68.com\/Biuletyn\/SKO.pdf?attachment_id=1\">Download the PDF file .<\/a><\/p>\n<\/object>\n<hr style=\"height: 15px; background: #d0e6fa; width: 710px;\" \/>\n<div id=\"content\" class=\"  content-alignment&lt;br \/&gt;&lt;br \/&gt; \">\n<div id=\"watch-description\" class=\"yt-uix-button-panel\">\n<div id=\"watch-description-text\">\n<p style=\"text-align: center;\"><span style=\"color: #808080;\"> twoje uwagi, linki, wlasne artykuly, lub wiadomosci przeslij do: <strong><span style=\"text-decoration: underline;\"><span style=\"color: #808080; text-decoration: underline;\"><a href=\"mailto:webmaster@reunion68.com\">webmaster@reunion68.com<\/a><\/span><\/span><\/strong><\/span><\/p>\n<\/div>\n<\/div>\n<\/div>\n<p>&nbsp;<\/p>\n<hr style=\"width: 710px;\" \/>\n","protected":false},"excerpt":{"rendered":"<p>Guzia\u0142 o kamienicy na Noakowskiego: prezydent wiedzia\u0142a o fa\u0142szerstwie Aneta Kulesza Je\u015bli Hanna Gronkiewicz-Waltz nie ujawni dokument\u00f3w z przej\u0119cia kamienicy i nie wyja\u015bni tej sprawy, to nie ma dla niej miejsca w polityce &#8211; m\u00f3wi\u0142 Piotr Guzia\u0142 na konferencji zorganizowanej przed kamienic\u0105 przy ul. Noakowskiego 16. Twierdzi, \u017ce prezydent Warszawy wiedzia\u0142a o fa\u0142szerstwach towarzysz\u0105cych transakcji. [&hellip;]<\/p>\n","protected":false},"author":1,"featured_media":0,"comment_status":"closed","ping_status":"closed","sticky":false,"template":"","format":"standard","meta":[],"categories":[6],"tags":[24],"_links":{"self":[{"href":"https:\/\/www.reunion68.se\/index.php?rest_route=\/wp\/v2\/posts\/8654"}],"collection":[{"href":"https:\/\/www.reunion68.se\/index.php?rest_route=\/wp\/v2\/posts"}],"about":[{"href":"https:\/\/www.reunion68.se\/index.php?rest_route=\/wp\/v2\/types\/post"}],"author":[{"embeddable":true,"href":"https:\/\/www.reunion68.se\/index.php?rest_route=\/wp\/v2\/users\/1"}],"replies":[{"embeddable":true,"href":"https:\/\/www.reunion68.se\/index.php?rest_route=%2Fwp%2Fv2%2Fcomments&post=8654"}],"version-history":[{"count":82,"href":"https:\/\/www.reunion68.se\/index.php?rest_route=\/wp\/v2\/posts\/8654\/revisions"}],"predecessor-version":[{"id":8790,"href":"https:\/\/www.reunion68.se\/index.php?rest_route=\/wp\/v2\/posts\/8654\/revisions\/8790"}],"wp:attachment":[{"href":"https:\/\/www.reunion68.se\/index.php?rest_route=%2Fwp%2Fv2%2Fmedia&parent=8654"}],"wp:term":[{"taxonomy":"category","embeddable":true,"href":"https:\/\/www.reunion68.se\/index.php?rest_route=%2Fwp%2Fv2%2Fcategories&post=8654"},{"taxonomy":"post_tag","embeddable":true,"href":"https:\/\/www.reunion68.se\/index.php?rest_route=%2Fwp%2Fv2%2Ftags&post=8654"}],"curies":[{"name":"wp","href":"https:\/\/api.w.org\/{rel}","templated":true}]}}