{"id":8697,"date":"2014-11-11T19:05:24","date_gmt":"2014-11-11T17:05:24","guid":{"rendered":"http:\/\/www.reunion68.se\/?p=8697"},"modified":"2014-11-11T10:04:35","modified_gmt":"2014-11-11T08:04:35","slug":"ocalale","status":"publish","type":"post","link":"https:\/\/www.reunion68.se\/?p=8697","title":{"rendered":"Ocala\u0142e"},"content":{"rendered":"<h4 style=\"text-align: center;\"><a href=\"http:\/\/www.jhi.pl\/\" target=\"_blank\"><img decoding=\"async\" class=\"center alignleft\" src=\"http:\/\/www.reunion68.com\/Biuletyn\/img\/zih-1.png\" alt=\"\" \/><\/a><span style=\"text-decoration: underline; color: #000080;\"><span style=\"text-decoration: underline;\"><strong><a style=\"color: #000080; text-decoration: underline;\" href=\"http:\/\/www.jhi.pl\/wystawy\/7\" target=\"_blank\">Kolekcja malarstwa, rysunku, rze\u017aby ze zbior\u00f3w \u017bydowskiego Instytutu Historycznego<\/a><\/strong><\/span><\/span><\/h4>\n<hr style=\"height: 15px; background: #d0e6fa; width: 710px;\" \/>\n<div style=\"width: 365px\" class=\"wp-caption alignright\"><a href=\"http:\/\/www.jhi.pl\/uploads\/exhibition_poster\/image\/7\/big_ocalale_poster03.jpg\"><img decoding=\"async\" src=\"http:\/\/www.jhi.pl\/uploads\/exhibition_poster\/image\/7\/big_ocalale_poster03.jpg\" alt=\"Ocala\u0142e\" width=\"355\" \/><\/a><p class=\"wp-caption-text\"><span style=\"color: #000080;\"><em>Kolekcja malarstwa, rysunku, rze\u017aby ze zbior\u00f3w \u017bydowskiego Instytutu Historycznego<\/em><\/span><\/p><\/div>\n<p><span style=\"color: #333333;\"><strong>Wystawa \u201eOCALA\u0141E. Kolekcja \u017bIH\u201d uka\u017ce fenomen polsko-\u017cydowskiej kultury i sztuki od ko\u0144ca XIX do po\u0142owy XX wieku. Zaprezentowane zostan\u0105 dzie\u0142a blisko pi\u0119\u0107dziesi\u0119ciu artyst\u00f3w<\/strong><\/span>.<br \/>\n&nbsp;<\/p>\n<p style=\"text-align: left;\"><span style=\"color: #000080;\"><strong>Czas trwania<\/strong> &#8211; 30 X 2014 \u2013 31 III 2015<br \/>\n<strong>Wernisa\u017c<\/strong> &#8211; czwartek, 30 pa\u017adziernika 2014, godzina 18:00<\/span><br \/>\n<span style=\"color: #000080;\"><strong>Miejsce<\/strong> &#8211; \u017bydowski Instytut Historyczny, Warszawa, ul. T\u0142omackie 3\/5<\/span><br \/>\n<span style=\"color: #000080;\"><strong>Kurator wystawy<\/strong> &#8211; Teresa \u015amiechowska<\/span><br \/>\n<span style=\"color: #000080;\"><strong>Wsp\u00f3\u0142praca<\/strong> &#8211; Jakub Bendkowski, Micha\u0142 Krasicki<\/span><br \/>\n<span style=\"color: #000080;\"><strong>Partnerzy wystaw<\/strong>y &#8211; Taube Foundation<\/span><br \/>\n<span style=\"color: #000080;\"><strong>Patroni medialn<\/strong>i &#8211; PAP, Radio TOK FM, TVP Kultura, Tygodnik Powszechny, Newsweek Historia, Gazeta Wyborcza, Gazeta Co Jest Grane, The Warsaw Voice, Kultura Liberalna, Dzieje.pl, Culture.p<\/span>l<\/p>\n<p style=\"text-align: center;\"><span style=\"color: #000080;\"><strong>* * *<\/strong><\/span><\/p>\n<p style=\"text-align: left;\"><span style=\"color: #000080;\">Zbierane na terenie ca\u0142ego kraju od roku 1944, ocalone od zniszczenia dzie\u0142a s\u0105 bardzo wa\u017cnym dokumentem i \u015bwiadectwem historii polskich \u017byd\u00f3w. Stanowi\u0105 one trzon kolekcji malarstwa, grafiki i rze\u017aby znajduj\u0105cej si\u0119 w zbiorach Muzeum \u017bIH. Dzi\u0119ki jej sta\u0142emu uzupe\u0142nianiu Instytut zgromadzi\u0142 prace najwa\u017cniejszych artyst\u00f3w \u017cydowskiego pochodzenia, niejednokrotnie jest to jedyny pozosta\u0142y po nich \u015blad, jedyna pami\u0105tka. Na wystawie zaprezentujemy dzie\u0142a blisko pi\u0119\u0107dziesi\u0119ciu autor\u00f3w, ukazuj\u0105ce bogactwo \u017cydowsko-polskiego \u017cycia artystycznego przedwojennej Warszawy i wielu innych miast II Rzeczypospolitej. Znajd\u0105 si\u0119 na niej tak\u017ce prace powsta\u0142e w gettach w czasie niemieckiej okupacji.<\/span><\/p>\n<p style=\"text-align: left;\"><span style=\"color: #333333;\"><strong>Wystaw\u0105 pragniemy te\u017c przerwa\u0107 d\u0142ugie milczenie na temat tych ma\u0142o znanych a zarazem wybitnych tw\u00f3rc\u00f3w. Z\u0142o\u017cona z dw\u00f3ch cz\u0119\u015bci ekspozycja b\u0119dzie zrealizowana z okazji otwarcia wystawy g\u0142\u00f3wnej w Muzeum Historii \u017byd\u00f3w Polskich.<\/strong><\/span><\/p>\n<p style=\"text-align: left;\"><span style=\"color: #000080;\">Jej pierwsza cz\u0119\u015b\u0107, na kt\u00f3r\u0105 z\u0142o\u017c\u0105 si\u0119 prace artyst\u00f3w tworzone w gettach i w czasie niemieckiej okupacji, zostanie umieszczona w specjalne zaaran\u017cowanej przestrzeni. Du\u017ca cz\u0119\u015b\u0107 prac zwi\u0105zana jest bezpo\u015brednio z Warszaw\u0105 i \u0141odzi\u0105. Wi\u0119kszo\u015b\u0107 z nich pochodzi z Podziemnego Archiwum Getta Warszawskiego z tzw. Archiwum Ringelbluma. W\u015br\u00f3d nich b\u0119d\u0105 prace takich artyst\u00f3w jak Gela Seksztajn (seria portret\u00f3w dzieci) czy nieznany z imienia Rosenfeld (rysunki z komentarzami autora). Ponadto na wystawie znajd\u0105 si\u0119 rysunki Witolda Lewinsona, Romana Kramsztyka i Henryka Becka, dzie\u0142a tworzone w atmosferze l\u0119ku o \u017cycie i w nieludzkich warunkach.<\/span><\/p>\n<p style=\"text-align: left;\"><span style=\"color: #000080;\">Przypomnimy tak\u017ce prace Maksymiliana Eljowicza, kt\u00f3ry w czasie wojny w warszawskim getcie, razem z innym artyst\u0105 J\u00f3zefem \u015aliwniakiem, wykonywa\u0142 witra\u017ce do holu recepcyjnego budynku gminy \u017cydowskiej oraz polichromie ukazuj\u0105ce sceny biblijne i \u017byd\u00f3w przy pracy.<\/span><\/p>\n<p style=\"text-align: left;\"><span style=\"color: #000080;\">Na drug\u0105 cz\u0119\u015b\u0107 wystawy z\u0142o\u017c\u0105 si\u0119 przede wszystkim dzie\u0142a b\u0119d\u0105ce rdzeniem kolekcji sztuki \u017bIH. Ich tre\u015bci dotycz\u0105 wielu zjawisk, my\u015bli inspirowanych problemami epoki i wydarzeniami z codziennego \u017cycia. Ich autorzy, mistrzowie koloru, przestrzeni, rytmu i formy cz\u0119sto nawi\u0105zuj\u0105 do czas\u00f3w dzieci\u0144stwa i dojrzewania. Poka\u017cemy zapami\u0119tane przez artyst\u00f3w \u201ekrajobrazy\u201c, wiejskie i miejskie scenerie, martwe natury i portrety, malarstwo rodzajowe. To, co je charakteryzuje, to znakomity warsztat malarski nabyty w szko\u0142ach rzemios\u0142a artystycznego i akademiach sztuk pi\u0119knych Europy. B\u0119dziemy mogli zobaczy\u0107 r\u00f3\u017cne style i kierunki odbijaj\u0105ce si\u0119 w prezentowanych dzie\u0142ach, pocz\u0105wszy od realizmu, poprzez impresjonizm, postimpresjonizm, po ekspresjonizm i surrealizm.<\/span><\/p>\n<p style=\"text-align: left;\"><span style=\"color: #000080;\">Wa\u017cne i wsp\u00f3lne dla obu cz\u0119\u015bci wystawy OCALA\u0141E. Kolekcja \u017bIH jest to, \u017ce b\u0119dzie ona \u015bwiadectwem \u017cycia wielu artyst\u00f3w, kt\u00f3re zosta\u0142o brutalnie przerwane: umierali z g\u0142odu, mordowano ich w niemieckich obozach zag\u0142ady w Treblince, Auschwitz, Be\u0142\u017ccu, gin\u0119li zam\u0119czeni w gettach Warszawy, Lwowa, Krakowa, Bia\u0142egostoku i \u0141odzi. Tylko niewielu z nich uda\u0142o si\u0119 prze\u017cy\u0107 gehenn\u0119 Holokaustu. Jedyne, co po nich zosta\u0142o, to wspomnienie pejza\u017cy minionego \u015bwiata.<\/span><\/p>\n<p style=\"text-align: right;\"><span style=\"color: #000080;\">Czytaj dalej o wystawie tu: <span style=\"text-decoration: underline;\"><strong><a style=\"color: #000080; text-decoration: underline;\" href=\"http:\/\/www.jhi.pl\/wystawy\/7\" target=\"_blank\">Kolekcja malarstwa&#8230;.<\/a><\/strong><\/span><\/span><\/p>\n<hr style=\"height: 15px; background: #d0e6fa; width: 710px;\" \/>\n<div id=\"content\" class=\"  content-alignment&lt;br \/&gt;&lt;br \/&gt; \">\n<div id=\"watch-description\" class=\"yt-uix-button-panel\">\n<div id=\"watch-description-text\">\n<p style=\"text-align: center;\"><span style=\"color: #808080;\"> twoje uwagi, linki, wlasne artykuly, lub wiadomosci przeslij do: <strong><span style=\"text-decoration: underline;\"><span style=\"color: #808080; text-decoration: underline;\"><a href=\"mailto:webmaster@reunion68.com\">webmaster@reunion68.com<\/a><\/span><\/span><\/strong><\/span><\/p>\n<\/div>\n<\/div>\n<\/div>\n<p>&nbsp;<\/p>\n<hr style=\"width: 710px;\" \/>\n","protected":false},"excerpt":{"rendered":"<p>Kolekcja malarstwa, rysunku, rze\u017aby ze zbior\u00f3w \u017bydowskiego Instytutu Historycznego Wystawa \u201eOCALA\u0141E. Kolekcja \u017bIH\u201d uka\u017ce fenomen polsko-\u017cydowskiej kultury i sztuki od ko\u0144ca XIX do po\u0142owy XX wieku. Zaprezentowane zostan\u0105 dzie\u0142a blisko pi\u0119\u0107dziesi\u0119ciu artyst\u00f3w. &nbsp; Czas trwania &#8211; 30 X 2014 \u2013 31 III 2015 Wernisa\u017c &#8211; czwartek, 30 pa\u017adziernika 2014, godzina 18:00 Miejsce &#8211; \u017bydowski Instytut [&hellip;]<\/p>\n","protected":false},"author":1,"featured_media":0,"comment_status":"closed","ping_status":"closed","sticky":false,"template":"","format":"standard","meta":[],"categories":[4],"tags":[24],"_links":{"self":[{"href":"https:\/\/www.reunion68.se\/index.php?rest_route=\/wp\/v2\/posts\/8697"}],"collection":[{"href":"https:\/\/www.reunion68.se\/index.php?rest_route=\/wp\/v2\/posts"}],"about":[{"href":"https:\/\/www.reunion68.se\/index.php?rest_route=\/wp\/v2\/types\/post"}],"author":[{"embeddable":true,"href":"https:\/\/www.reunion68.se\/index.php?rest_route=\/wp\/v2\/users\/1"}],"replies":[{"embeddable":true,"href":"https:\/\/www.reunion68.se\/index.php?rest_route=%2Fwp%2Fv2%2Fcomments&post=8697"}],"version-history":[{"count":24,"href":"https:\/\/www.reunion68.se\/index.php?rest_route=\/wp\/v2\/posts\/8697\/revisions"}],"predecessor-version":[{"id":8722,"href":"https:\/\/www.reunion68.se\/index.php?rest_route=\/wp\/v2\/posts\/8697\/revisions\/8722"}],"wp:attachment":[{"href":"https:\/\/www.reunion68.se\/index.php?rest_route=%2Fwp%2Fv2%2Fmedia&parent=8697"}],"wp:term":[{"taxonomy":"category","embeddable":true,"href":"https:\/\/www.reunion68.se\/index.php?rest_route=%2Fwp%2Fv2%2Fcategories&post=8697"},{"taxonomy":"post_tag","embeddable":true,"href":"https:\/\/www.reunion68.se\/index.php?rest_route=%2Fwp%2Fv2%2Ftags&post=8697"}],"curies":[{"name":"wp","href":"https:\/\/api.w.org\/{rel}","templated":true}]}}