{"id":8798,"date":"2014-11-15T19:10:36","date_gmt":"2014-11-15T17:10:36","guid":{"rendered":"http:\/\/www.reunion68.se\/?p=8798"},"modified":"2014-11-15T18:30:42","modified_gmt":"2014-11-15T16:30:42","slug":"drugie-pokolenie-ogloszenia","status":"publish","type":"post","link":"https:\/\/www.reunion68.se\/?p=8798","title":{"rendered":"Drugie Pokolenie Og\u0142oszenia [ cd ]"},"content":{"rendered":"<h4 style=\"text-align: center;\"><a href=\"http:\/\/drugiepokolenie.org.pl\/\" target=\"_blank\"><img decoding=\"async\" class=\"center\" src=\"http:\/\/www.reunion68.com\/Biuletyn\/img\/drugie-p.png\" alt=\"\" width=\"710\" \/><\/a><\/h4>\n<hr style=\"height: 15px; background: #d0e6fa; width: 710px;\" \/>\n<p style=\"text-align: left;\"><strong><span style=\"color: #000080;\">Drodzy<\/span><\/strong><\/p>\n<p><span style=\"color: #000080;\">Listopad mamy d\u0142uuugi, niezwykle ciep\u0142y i bogaty.<\/span><br \/>\n<span style=\"color: #000080;\"> Przypominam, \u017ce je\u015bli nie podajemy miasta, rzecz dzieje si\u0119 w Warszawie!, a na niebiesko sprawy &#8220;drugopokoleniowe&#8221;.<\/span><\/p>\n<p style=\"text-align: left;\"><span style=\"color: #000080;\">Dzisiaj,<strong> wtorek 12 listopada, w ZIH odwo\u0142any wiecz\u00f3r autorski Yorama Grossa<\/strong>; spotkanie po\u015bwi\u0119cone jego tw\u00f3rczo\u015bci odb\u0119dzie si\u0119 4 grudnia.<\/span><\/p>\n<p style=\"text-align: left;\"><span style=\"color: #000080;\"><strong>13 listopada czwartek, godz. 16.00 Instytut Historyczny UW, sala 106, Krakowskie Przedmie\u015bcie 26\/28, spotkanie z Miko\u0142ajem Grynbergiem<\/strong> autorem Oskar\u017cam Auschwitz. Opowie\u015bci rodzinne, gdyby kto\u015b chcia\u0142 pos\u0142ucha\u0107 fragment\u00f3w: <span style=\"text-decoration: underline;\"><strong><a style=\"color: #000080; text-decoration: underline;\" href=\"http:\/\/www.radiokrakow.pl\/audycje\/nocne-delikatesy\/nocne-delikatesy-oskarzam-auschwitz-mikolaja-grynberga\/audycje\/nocne-delikatesy\/nocne-delikatesy-oskarzam-auschwitz-mikolaja-grynberga\/\" target=\"_blank\">Oskar\u017cam Auschwitz<\/a><\/strong><\/span><\/span><\/p>\n<p style=\"text-align: left;\"><span style=\"color: #000080;\"><strong>13 listopada czwartek godz. 17.00 ZIH, ul. T\u0142omackie 3\/5<\/strong> pocz\u0105tek Mi\u0119dzynarodowej Konferencja Naukowej <strong><a style=\"color: #000080;\" href=\"http:\/\/www.jhi.pl\/blog\/2014-09-28-miedzynarodowa-konferencja-naukowa-wokol-pomocy-zydom-w-okupowanej-europie-dedykowana-pamieci-emanuela-ringelbluma\" target=\"_blank\">&#8220;Wok\u00f3\u0142 pomocy \u017bydom w okupowanej Europie&#8221;; program<\/a><\/strong><\/span><\/p>\n<p style=\"text-align: left;\"><span style=\"color: #000080;\"><strong>13 listopada czwartek godz. 18.00, JCC Krak\u00f3w, spotkanie z Monik\u0105 Drugie Pokolenie OgloszeniaRakus<\/strong>\u0105, autorka ksi\u0105\u017cki \u201eCie\u0144\u201d prowadzenie Kasia Zimmerer; wi\u0119cej w za\u0142\u0105czniku<\/span><\/p>\n<p style=\"text-align: left;\"><span style=\"color: #000080;\"><strong>13 listopada czwartek godz. 20.00 JCC Warszawa, spotkanie \u017bydowskiego Klubu Ksi\u0105\u017cki DA<\/strong>F Siedem dobrych lat<strong> Etgara Keret<\/strong>a; to nowy zbi\u00f3r opowiada\u0144 i esej\u00f3w jednego z najpopularniejszych w Polsce izraelskich autor\u00f3w; w kilku tekstach najnowszego zbioru Keret odnosi si\u0119 do swoich podr\u00f3\u017cy do Polski i opisuje sw\u00f3j szczeg\u00f3lny stosunek do Warszawy, Polski i Polak\u00f3w.<\/span><\/p>\n<p style=\"text-align: left;\"><span style=\"color: #000080;\"><strong>16 listopada niedziela od godz. 11.00 Centrum Kultury Jidysz przy ulicy Andersa 15<\/strong>, kolejne spotkanie z <strong>Bell\u0105 Szwarcman-Czarnot\u0105<\/strong> i literatur\u0105 jidysz, tym razem \u017bydzi a opryszki; wi\u0119cej www.jidyszland.pl<\/span><\/p>\n<p style=\"text-align: left;\"><span style=\"color: #000080;\"><strong>16 listopada niedziela od godz. 11.00, JCC Chmielna 9A<\/strong>, Pierwsza OTWARTA NIEDZIELA po przerwie. Wsp\u00f3lny drugo pokoleniowy st\u00f3\u0142, przy kt\u00f3rym b\u0119dziemy je\u015b\u0107, pi\u0107 i rozmawia\u0107\u2026.. wi\u0119cej\u00a0<strong><a style=\"color: #000080;\" href=\"http:\/\/www.jccwarszawa.pl\/news\/186\/n\/172\" target=\"_blank\">o BOKER TOW<\/a><\/strong>, a po \u015bniadaniu<\/span><\/p>\n<p style=\"text-align: left;\"><span style=\"color: #000080;\"><strong>16 listopada godz. 13.50 Muzeum Narodowe<\/strong> (przy kasie) zwiedzanie z przewodnikiem wystawy \u201eMasoneria. Pro publico bono\u201d; wi\u0119cej <strong><a style=\"color: #000080;\" href=\"http:\/\/www.mnw.art.pl\/wystawy\/masoneria-ipro-publico-bonoi,19.html\" target=\"_blank\">\u201eMasoneria. Pro publico bono\u201d<\/a> <\/strong><\/span><\/p>\n<p style=\"text-align: left;\"><span style=\"color: #000080;\"><strong>16 listopada niedziela godz. 17.00 Muzeum POLIN<\/strong>, Anielewicza 6 spotkanie po\u0142\u0105czone z promocj\u0105 ksi\u0105\u017cki <strong>prof. Leona Tadeusza B\u0142aszczyk<\/strong>a \u017bydzi w kulturze muzycznej ziem polskich w XIX i XX wieku.<\/span><\/p>\n<p style=\"text-align: left;\"><span style=\"color: #000080;\"><strong>18 listopada wtorek godz. 18.00 ul. Pr\u00f3\u017cna 7\/9<\/strong>, Austriacki Instytut Kultury, Bella Szwarcman Czarnota &#8211; Izrael jako kobieta, wyk\u0142ad z cyklu &#8220;Metafory \u017ce\u0144skie w Biblii&#8221;<\/span><\/p>\n<p style=\"text-align: left;\"><span style=\"color: #000080;\"><strong>20 listopada czwartek godz. 18.00 Muzeum POLIN<\/strong>, Losy polskich \u017byd\u00f3w w XX wieku. Jak o nich opowiada\u0107?, dyskusja nt. sposobu prezentacji; wi\u0119cej tu: <a style=\"color: #000080;\" href=\"http:\/\/www.polin.pl\/pl\/wydarzenie\/losy-polskich-zydow-w-xx-wieku-jak-o-nich-opowiadac\" target=\"_blank\">Losy polskich \u017byd\u00f3w w XX wieku.<\/a><\/span><\/p>\n<p style=\"text-align: left;\"><span style=\"color: #000080;\"><strong>22 listopada sobota godz. 19.30 Stowarzyszenie Drugie Pokolenie na LIMUDZIE<\/strong> &#8211; proponujemy rozmow\u0119 na temat \u201eCzy jeste\u015bmy \u017bydami?\u201d, prosimy o liczne uczestnictwo drugopokoleniowe!<\/span><\/p>\n<p style=\"text-align: left;\"><span style=\"color: #000080;\"><strong>23 listopada niedziela godz. 19.00 Teatr \u017bydowski, koncert Leny Pi\u0119kniewskie<\/strong>j z zespo\u0142em, Ko\u0142ysanki na wieczny sen, to program muzyczny o \u017cydowskiej historii wtopionej w ulice miast i \u015bwi\u0105ty\u0144, utulenie w muzyce pami\u0119ci o ludziach.<\/span><\/p>\n<p style=\"text-align: left;\"><span style=\"color: #000080;\"><strong>27 listopada-1 grudnia NOA: trasa koncertowa Noa<\/strong>, izraelska piosenkarka obdarzona anielskim g\u0142osem i magnetyczn\u0105 prezencj\u0105 sceniczn\u0105, zagra w Polsce! Piosenkarka, autorka tekst\u00f3w i perkusjonistka o pochodzeniu jeme\u0144sko-izraelsko-ameryka\u0144skim zagra w czterech miastach: 27.11 Bielsko-Bia\u0142a, 28.11 \u0141\u00f3d\u017a, 30.11 Wroc\u0142aw, 1.12 Warszawa<\/span><\/p>\n<p style=\"text-align: left;\"><span style=\"color: #000080;\"><strong>27 listopada czwartek godz. 18.00 Galeria W\u0142. Hasiora, Jagiello\u0144ska 18b Zakopan<\/strong>e, spotkanie z<strong> Miko\u0142ajem Grynberg<\/strong> po\u0142\u0105czone z promocj\u0105 jego ksi\u0105\u017cki Oskar\u017cam Auschwitz. Opowie\u015bci rodzinne<\/span><\/p>\n<div style=\"width: 360px\" class=\"wp-caption alignright\"><img decoding=\"async\" src=\"http:\/\/www.jhi.pl\/uploads\/image\/file\/6039\/wide_Nast_pcy_Tron_w__po_owa_lat_sze__dziesi_tych._Archiwum_prywatne_R__y_Klajman.png\" alt=\"Wide nastepcy tronow  po owa lat sze  dziesi tych. archiwum prywatne r  y klajman\" width=\"350\" \/><p class=\"wp-caption-text\"><span style=\"color: #000080;\"><em>Nastepcy Tronow (FOTO: archiwum prywatne Klajman)<\/em><\/span><\/p><\/div>\n<p style=\"text-align: left;\">&nbsp;<\/p>\n<p style=\"text-align: left;\"><span style=\"color: #000080;\"><strong>27 listopada czwartek godz. 18.00, ZIH<\/strong> , promocja ksi\u0105\u017cki \u201eNa rozdro\u017cu. M\u0142odzie\u017c \u017cydowska w PRL 1956\u20131968\u201d z udzia\u0142em autora Piotra P\u0119zi\u0144skiego oraz Leopolda Sobla (Sobela?) nades\u0142a\u0142 Poldek Sobel &#8211; dzi\u0119kujemy! ciut wi\u0119cej tu: <span style=\"text-decoration: underline;\"><strong><a style=\"color: #000080; text-decoration: underline;\" href=\"http:\/\/www.jhi.pl\/blog\/2014-10-24-promocja-ksiazki-na-rozdrozu-mlodziez-zydowska-w-prl-1956-1968\" target=\"_blank\">\u201eNa rozdro\u017cu&#8230;.&#8221;<\/a><\/strong><\/span><\/span><\/p>\n<p style=\"text-align: left;\">&nbsp;<\/p>\n<p style=\"text-align: left;\"><span style=\"color: #000080;\"><strong>29-30 listopada Warszawa Powi\u015ble &#8211; Akademia<\/strong> \u015bwiadomego ruchu zaprasza na warsztat Metod\u0105 Moshe Feldenkraisa Zdrowe plecy; prowadzenie Jacek Paszkowski 606 832 328 mgr rehabilitacji, certyfikowany nauczyciel metody Feldenkraisa, szczeg\u00f3\u0142y na www.metoda-feldenkraisa.pl i w za\u0142\u0105czniku<\/span><\/p>\n<p style=\"text-align: left;\"><span style=\"color: #000080;\"><strong>TAGLIT &#8211; trwaj\u0105 zapisy na zimowy 10.dniowy wyjazd do Izraela dla m\u0142odzie\u017cy<\/strong> &#8211; szczeg\u00f3\u0142y w za\u0142\u0105czniku, informacje u Magdy Dorosz, tel. 66 000 1345, 513550 670 lub sochnut.edukacja@gmail.com oraz http:\/\/goo.gl\/0VdqiK; nowo\u015bci\u0105 w najbli\u017cszym sezonie jest mo\u017cliwo\u015b\u0107 udzia\u0142u w Taglicie os\u00f3b, kt\u00f3re maj\u0105 uko\u0144czone 27 lat, ale niesko\u0144czone jeszcze 28 lat, patrz za\u0142\u0105cznik<\/span><\/p>\n<div style=\"width: 720px\" class=\"wp-caption aligncenter\"><img decoding=\"async\" src=\"http:\/\/www.jhi.pl\/uploads\/image\/file\/6124\/wide_10363525_751534641562560_3900343895153876011_n.jpg\" alt=\"\" width=\"710\" \/><p class=\"wp-caption-text\"><span style=\"color: #000080;\"><em>Czy rozpoznajecie Pa\u0144stwo te dzieci? ZiH <\/em><\/span><\/p><\/div>\n<p style=\"text-align: left;\"><span style=\"color: #000080;\"><strong>DZIA\u0141 DOKUMENTACJI \u017bIH POTRZEBUJE POMOCY<\/strong> w jego zbiorach znajduje si\u0119 du\u017co niezidentyfikowanych fotografii z czas\u00f3w powojennych; zdj\u0119cia by\u0142y robione w latach 1945-49 dzieciom \u017cydowskim, kt\u00f3re prze\u017cy\u0142y wojn\u0119 i znajdowa\u0142y si\u0119 pod opiek\u0105 dom\u00f3w dziecka Centralnego Komitetu \u017byd\u00f3w Polskich; Czytaj wi\u0119cej tu: <strong><a style=\"color: #000080;\" href=\"http:\/\/www.jhi.pl\/blog\/2014-11-06-czy-rozpoznajecie-panstwo-te-dzieci\" target=\"_blank\">Czy rozpoznajecie Pa\u0144stwo te dzieci?<\/a><\/strong><\/span><\/p>\n<hr style=\"height: 2px; background: #d0e6fa; width: 710px;\" \/>\n<div style=\"width: 160px\" class=\"wp-caption alignright\"><img decoding=\"async\" class=\"center\" src=\"http:\/\/www.reunion68.com\/Biuletyn\/img\/Elzbieta-M.jpg\" alt=\"\" width=\"150\" \/><p class=\"wp-caption-text\"><span style=\"color: #000080;\"><em>El\u017cbieta Magenheim<\/em><\/span><\/p><\/div>\n<p style=\"text-align: left;\"><strong><span style=\"color: #000080;\">Drugopokoleniowe:<\/span><\/strong><\/p>\n<p style=\"text-align: left;\"><strong> <span style=\"color: #000080;\"> Otwarta niedziela: powracamy do terminu Pierwsza niedziela miesi\u0105ca, czyli 7 grudnia; miejsce i czas \u2013 wkr\u00f3tce.<\/span><\/strong><\/p>\n<p style=\"text-align: left;\"><strong><span style=\"color: #000080;\">Chanuka drugopokoleniowa: 19 grudnia (pi\u0105tek), szczeg\u00f3\u0142y niebawem.<\/span><\/strong><\/p>\n<p style=\"text-align: left;\"><strong><span style=\"color: #000080;\">Pi\u0105te (jubileuszowe) spotkanie Drugiego Pokolenia odb\u0119dzie si\u0119 w \u015ar\u00f3dborowie w dniach 27-29 marca 2015; zg\u0142oszenia od stycznia!<\/span><\/strong><\/p>\n<p>&nbsp;<\/p>\n<p style=\"text-align: right;\"><span style=\"color: #000080;\">Pozdrawiam<\/span><br \/>\n<span style=\"color: #000080;\"> Wasza Donosici\u2019Elka<\/span><\/p>\n<hr style=\"height: 2px; background: #d0e6fa; width: 710px;\" \/>\n<p style=\"text-align: center;\"><span style=\"color: #993300;\"><strong>OSTRZE\u017bENIE<\/strong><\/span><\/p>\n<p style=\"text-align: left;\"><span style=\"color: #993300;\">Autorami poni\u017cszego o\u015bwiadczenia s\u0105 Monika Sznajderman i Andrzej Stasiuk:<\/span><br \/>\n<span style=\"color: #993300;\"> Z uwagi na docieraj\u0105ce do nas informacje o powo\u0142ywaniu si\u0119 przez osoby trzecie na rzekome pokrewie\u0144stwo z nasz\u0105 rodzin\u0105, pragniemy poinformowa\u0107 i uprzedzi\u0107, \u017ce nie jeste\u015bmy spokrewnieni z \u017cadn\u0105 osob\u0105 u\u017cywaj\u0105c\u0105 nazwiska \u201cCzarnecki\u201d. W przypadku pr\u00f3b powo\u0142ywania si\u0119 przez takie osoby na pokrewie\u0144stwo z rodzinami Stasiuk\u00f3w lub Sznajderman w jakimkolwiek kontek\u015bcie prosimy o zachowanie szczeg\u00f3lnej ostro\u017cno\u015bci. B\u0119dziemy te\u017c wdzi\u0119czni za poinformowanie nas o takich incydentach za po\u015brednictwem facebooka (na priv) albo mailem na adres: redakcja@czarne.com.pl<\/span><\/p>\n<p style=\"text-align: left;\"><span style=\"color: #993300;\">Poniewa\u017c osoba o nazwisku \u201eCzarnecki\u201d, by\u0142a r\u00f3wnie\u017c uczestnikiem naszej grupy Drugie Pokolenie na Facebooku, wysy\u0142am to ostrze\u017cenie, z pro\u015bb\u0105, by by\u0107 ostro\u017cnym w kontaktach z osob\u0105 o nazwisku \u201eCzarnecki\u201d, kt\u00f3ra \u201ekr\u0119ci si\u0119\u201d w \u015brodowisku \u017cydowskim (em).<\/span><\/p>\n<hr style=\"height: 2px; background: #d0e6fa; width: 710px;\" \/>\n<p><img decoding=\"async\" class=\"center\" src=\"http:\/\/www.reunion68.com\/Biuletyn\/img\/Monika.jpg\" alt=\"\" width=\"710\" \/><\/p>\n<hr style=\"height: 2px; background: #d0e6fa; width: 710px;\" \/>\n<hr style=\"height: 15px; background: #d0e6fa; width: 710px;\" \/>\n<p><img decoding=\"async\" class=\"center\" src=\"http:\/\/www.reunion68.com\/Biuletyn\/img\/taglit1.png\" alt=\"\" width=\"710\" \/><\/p>\n<hr style=\"height: 15px; background: #d0e6fa; width: 710px;\" \/>\n<div id=\"content\" class=\"  content-alignment&lt;br \/&gt;&lt;br \/&gt; \">\n<div id=\"watch-description\" class=\"yt-uix-button-panel\">\n<div id=\"watch-description-text\">\n<p style=\"text-align: center;\"><span style=\"color: #808080;\"> twoje uwagi, linki, wlasne artykuly, lub wiadomosci przeslij do: <strong><span style=\"text-decoration: underline;\"><span style=\"color: #808080; text-decoration: underline;\"><a href=\"mailto:webmaster@reunion68.com\">webmaster@reunion68.com<\/a><\/span><\/span><\/strong><\/span><\/p>\n<\/div>\n<\/div>\n<\/div>\n<p>&nbsp;<\/p>\n<hr style=\"width: 710px;\" \/>\n","protected":false},"excerpt":{"rendered":"<p>Drodzy Listopad mamy d\u0142uuugi, niezwykle ciep\u0142y i bogaty. Przypominam, \u017ce je\u015bli nie podajemy miasta, rzecz dzieje si\u0119 w Warszawie!, a na niebiesko sprawy &#8220;drugopokoleniowe&#8221;. Dzisiaj, wtorek 12 listopada, w ZIH odwo\u0142any wiecz\u00f3r autorski Yorama Grossa; spotkanie po\u015bwi\u0119cone jego tw\u00f3rczo\u015bci odb\u0119dzie si\u0119 4 grudnia. 13 listopada czwartek, godz. 16.00 Instytut Historyczny UW, sala 106, Krakowskie Przedmie\u015bcie [&hellip;]<\/p>\n","protected":false},"author":1,"featured_media":0,"comment_status":"closed","ping_status":"closed","sticky":false,"template":"","format":"standard","meta":[],"categories":[4],"tags":[24],"_links":{"self":[{"href":"https:\/\/www.reunion68.se\/index.php?rest_route=\/wp\/v2\/posts\/8798"}],"collection":[{"href":"https:\/\/www.reunion68.se\/index.php?rest_route=\/wp\/v2\/posts"}],"about":[{"href":"https:\/\/www.reunion68.se\/index.php?rest_route=\/wp\/v2\/types\/post"}],"author":[{"embeddable":true,"href":"https:\/\/www.reunion68.se\/index.php?rest_route=\/wp\/v2\/users\/1"}],"replies":[{"embeddable":true,"href":"https:\/\/www.reunion68.se\/index.php?rest_route=%2Fwp%2Fv2%2Fcomments&post=8798"}],"version-history":[{"count":56,"href":"https:\/\/www.reunion68.se\/index.php?rest_route=\/wp\/v2\/posts\/8798\/revisions"}],"predecessor-version":[{"id":8977,"href":"https:\/\/www.reunion68.se\/index.php?rest_route=\/wp\/v2\/posts\/8798\/revisions\/8977"}],"wp:attachment":[{"href":"https:\/\/www.reunion68.se\/index.php?rest_route=%2Fwp%2Fv2%2Fmedia&parent=8798"}],"wp:term":[{"taxonomy":"category","embeddable":true,"href":"https:\/\/www.reunion68.se\/index.php?rest_route=%2Fwp%2Fv2%2Fcategories&post=8798"},{"taxonomy":"post_tag","embeddable":true,"href":"https:\/\/www.reunion68.se\/index.php?rest_route=%2Fwp%2Fv2%2Ftags&post=8798"}],"curies":[{"name":"wp","href":"https:\/\/api.w.org\/{rel}","templated":true}]}}