{"id":8858,"date":"2014-11-13T16:08:29","date_gmt":"2014-11-13T14:08:29","guid":{"rendered":"http:\/\/www.reunion68.se\/?p=8858"},"modified":"2014-11-13T18:11:27","modified_gmt":"2014-11-13T16:11:27","slug":"promocja-ksiazki-na-rozdrozu-mlodziez-zydowska-w-prl-1956-1968","status":"publish","type":"post","link":"https:\/\/www.reunion68.se\/?p=8858","title":{"rendered":"Promocja ksi\u0105\u017cki \u2014 \u201eNa rozdro\u017cu. M\u0142odzie\u017c \u017cydowska w PRL 1956\u20131968\u201d"},"content":{"rendered":"<h4 style=\"text-align: center;\"><a href=\"http:\/\/www.jhi.pl\/\" target=\"_blank\"><img decoding=\"async\" class=\"center alignleft\" src=\"http:\/\/www.reunion68.com\/Biuletyn\/img\/zih-1\" alt=\"\" \/><\/a><span style=\"text-decoration: underline; color: #000080;\"><span style=\"text-decoration: underline;\"><strong><a style=\"color: #000080; text-decoration: underline;\" href=\"http:\/\/www.jhi.pl\/blog\/2014-10-24-promocja-ksiazki-na-rozdrozu-mlodziez-zydowska-w-prl-1956-1968\" target=\"_blank\">Promocja ksi\u0105\u017cki \u2014 \u201eNa rozdro\u017cu. M\u0142odzie\u017c \u017cydowska w PRL 1956\u20131968\u201d<\/a><\/strong><\/span><\/span><\/h4>\n<hr style=\"height: 15px; background: #d0e6fa; width: 710px;\" \/>\n<div style=\"width: 360px\" class=\"wp-caption alignright\"><img decoding=\"async\" src=\"http:\/\/www.jhi.pl\/uploads\/image\/file\/6039\/wide_Nast_pcy_Tron_w__po_owa_lat_sze__dziesi_tych._Archiwum_prywatne_R__y_Klajman.png\" alt=\"Wide nastepcy tronow  po owa lat sze  dziesi tych. archiwum prywatne r  y klajman\" width=\"350\" \/><p class=\"wp-caption-text\"><span style=\"color: #000080;\"><em>Nastepcy Tronow (FOTO: archiwum prywatne Klajman)<\/em><\/span><\/p><\/div>\n<p style=\"text-align: left;\"><span style=\"color: #000080;\">27 XI 2014, godz. 18:00<\/span><\/p>\n<p style=\"text-align: left;\"><span style=\"color: #000080;\">Czwartek na T\u0142omackiem \u2014 spotkanie po\u015bwi\u0119cone ksi\u0105\u017cce Piotra P\u0119zi\u0144skiego \u201eNa rozdro\u017cu. M\u0142odzie\u017c \u017cydowska w PRL 1956\u20131968\u201d. W Wydarzeniu udzia\u0142 wezm\u0105: Leopold Sobel, Adam Gryniewicz oraz Piotr P\u0119zi\u0144ski<\/span><\/p>\n<hr style=\"height: 15px; background: #d0e6fa; width: 710px;\" \/>\n<div id=\"content\" class=\"  content-alignment&lt;br \/&gt;&lt;br \/&gt; \">\n<div id=\"watch-description\" class=\"yt-uix-button-panel\">\n<div id=\"watch-description-text\">\n<p style=\"text-align: center;\"><span style=\"color: #808080;\"> twoje uwagi, linki, wlasne artykuly, lub wiadomosci przeslij do: <strong><span style=\"text-decoration: underline;\"><span style=\"color: #808080; text-decoration: underline;\"><a href=\"mailto:webmaster@reunion68.com\">webmaster@reunion68.com<\/a><\/span><\/span><\/strong><\/span><\/p>\n<\/div>\n<\/div>\n<\/div>\n<p>&nbsp;<\/p>\n<hr style=\"width: 710px;\" \/>\n","protected":false},"excerpt":{"rendered":"<p>Promocja ksi\u0105\u017cki \u2014 \u201eNa rozdro\u017cu. M\u0142odzie\u017c \u017cydowska w PRL 1956\u20131968\u201d 27 XI 2014, godz. 18:00 Czwartek na T\u0142omackiem \u2014 spotkanie po\u015bwi\u0119cone ksi\u0105\u017cce Piotra P\u0119zi\u0144skiego \u201eNa rozdro\u017cu. M\u0142odzie\u017c \u017cydowska w PRL 1956\u20131968\u201d. W Wydarzeniu udzia\u0142 wezm\u0105: Leopold Sobel, Adam Gryniewicz oraz Piotr P\u0119zi\u0144ski twoje uwagi, linki, wlasne artykuly, lub wiadomosci przeslij do: webmaster@reunion68.com &nbsp;<\/p>\n","protected":false},"author":1,"featured_media":0,"comment_status":"closed","ping_status":"closed","sticky":false,"template":"","format":"standard","meta":[],"categories":[4],"tags":[24],"_links":{"self":[{"href":"https:\/\/www.reunion68.se\/index.php?rest_route=\/wp\/v2\/posts\/8858"}],"collection":[{"href":"https:\/\/www.reunion68.se\/index.php?rest_route=\/wp\/v2\/posts"}],"about":[{"href":"https:\/\/www.reunion68.se\/index.php?rest_route=\/wp\/v2\/types\/post"}],"author":[{"embeddable":true,"href":"https:\/\/www.reunion68.se\/index.php?rest_route=\/wp\/v2\/users\/1"}],"replies":[{"embeddable":true,"href":"https:\/\/www.reunion68.se\/index.php?rest_route=%2Fwp%2Fv2%2Fcomments&post=8858"}],"version-history":[{"count":11,"href":"https:\/\/www.reunion68.se\/index.php?rest_route=\/wp\/v2\/posts\/8858\/revisions"}],"predecessor-version":[{"id":8870,"href":"https:\/\/www.reunion68.se\/index.php?rest_route=\/wp\/v2\/posts\/8858\/revisions\/8870"}],"wp:attachment":[{"href":"https:\/\/www.reunion68.se\/index.php?rest_route=%2Fwp%2Fv2%2Fmedia&parent=8858"}],"wp:term":[{"taxonomy":"category","embeddable":true,"href":"https:\/\/www.reunion68.se\/index.php?rest_route=%2Fwp%2Fv2%2Fcategories&post=8858"},{"taxonomy":"post_tag","embeddable":true,"href":"https:\/\/www.reunion68.se\/index.php?rest_route=%2Fwp%2Fv2%2Ftags&post=8858"}],"curies":[{"name":"wp","href":"https:\/\/api.w.org\/{rel}","templated":true}]}}