{"id":8871,"date":"2014-11-13T18:30:41","date_gmt":"2014-11-13T16:30:41","guid":{"rendered":"http:\/\/www.reunion68.se\/?p=8871"},"modified":"2014-11-13T18:38:27","modified_gmt":"2014-11-13T16:38:27","slug":"po-szwedzku-polin-museet-i-warszawa-valjer-livet-fore-doden","status":"publish","type":"post","link":"https:\/\/www.reunion68.se\/?p=8871","title":{"rendered":"[PO Szwedzku ] Polin-museet i Warszawa v\u00e4ljer livet f\u00f6re d\u00f6den"},"content":{"rendered":"<h4 style=\"text-align: center;\"><a href=\"http:\/\/www.jewish-heritage-europe.eu\/\" target=\"_blank\"><img decoding=\"async\" class=\"center alignleft\" src=\"http:\/\/www.reunion68.com\/Biuletyn\/img\/syd-s.png\" alt=\"\" width=\"350\" \/><\/a><span style=\"text-decoration: underline; color: #000080;\"><span style=\"text-decoration: underline;\"><strong><a style=\"color: #000080; text-decoration: underline;\" href=\"http:\/\/www.sydsvenskan.se\/kultur--nojen\/polin-museet-i-warszawa-valjer-livet-fore-doden\/\" target=\"_blank\">Polin-museet i Warszawa v\u00e4ljer livet f\u00f6re d\u00f6den<\/a><\/strong><\/span><\/span><\/h4>\n<p style=\"text-align: center;\"><span style=\"color: #808080;\"><strong>Bozena Irene Werbart \u00a0[Czlonek Reunion68 ]<\/strong><\/span><\/p>\n<hr style=\"height: 15px; background: #d0e6fa; width: 710px;\" \/>\n<div style=\"width: 360px\" class=\"wp-caption alignright\"><img decoding=\"async\" src=\"http:\/\/s1.sydsvenskan-img.se\/ScaledImages\/644x429\/Images2\/2014\/11\/12\/ta02d342_2.jpg?h=185fed60960dd8f489fac36673409547&amp;fill=False&amp;cut=False&amp;ql=Undefined\" alt=\"\" width=\"350\" data-desktop-src=\"http:\/\/s1.sydsvenskan-img.se\/ScaledImages\/644x429\/Images2\/2014\/11\/12\/ta02d342_2.jpg?h=185fed60960dd8f489fac36673409547&amp;fill=False&amp;cut=False&amp;ql=Undefined\" data-tablet-src=\"http:\/\/s1.sydsvenskan-img.se\/ScaledImages\/644x430\/Images2\/2014\/11\/12\/ta02d342_2.jpg?h=4d9b2729e564dc4cf1d8618de15910fa&amp;fill=False&amp;cut=False&amp;ql=Undefined\" data-src-processing=\"disabled\" \/><p class=\"wp-caption-text\"><span style=\"color: #000080;\"><em>Polin-museet visar hur Polens judar levde \u2013 inte hur de dog. BILD: Czarek Sokolowski <\/em><\/span><\/p><\/div>\n<p style=\"text-align: left;\"><span style=\"color: #333333;\"><strong>Polin-museet i Warszawa fokuserar p\u00e5 det judiska livet snarare \u00e4n p\u00e5 F\u00f6rintelsen. Kanske representerar det den egentliga segern \u00f6ver nazismen, skriver Bozena Irene Werbart.<\/strong><\/span><\/p>\n<p style=\"text-align: left;\"><span style=\"color: #000080;\">Polin \u00e4r ordet f\u00f6r Polen p\u00e5 hebreiska och jiddisch och betyder \u201dh\u00e4r kan du vila\u201d. Det \u00e4r ocks\u00e5 namnet p\u00e5 museet f\u00f6r de polska judarnas historia som \u00f6ppnades den 28 oktober i Warszawa \u2013 en arkitektoniskt dj\u00e4rv byggnad med en interaktiv utst\u00e4llning som skildrar tusen \u00e5r av judiskt liv i Polen: en fantastisk, pedagogisk och r\u00f6rande utst\u00e4llning.<\/span><\/p>\n<p style=\"text-align: left;\"><span style=\"color: #000080;\">Det \u00e4r tydligt att man inte kan f\u00f6rst\u00e5 Polens historia utan den roll som polska judar spelade. Inte heller kan man f\u00f6rst\u00e5 de polska judarnas historia utan Polen, d\u00e4r s\u00e5 m\u00e5nga av dem levde under tusentals \u00e5r. Men de polsk-judiska relationerna var sv\u00e5ra. Och trots allt som h\u00e4nde under 1900-talet och under andra v\u00e4rldskriget finns en del judar kvar \u201df\u00f6r att minnas\u201d, skrev den amerikanska journalisten Anne Applebaum nyligen i den polska tidningen Gazeta Wyborcza.<\/span><\/p>\n<p style=\"text-align: left;\"><span style=\"color: #000080;\">Det unika med Polin \u00e4r att det inte \u00e4r ett F\u00f6rintelsemuseum, att det inte handlar om d\u00f6d utan om liv \u2013 det judiska liv som b\u00f6rjade under tidig medeltid och som trots tragedier genom historien (pogromer p\u00e5 1600-talet, antisemitismen i mellankrigstid, F\u00f6rintelsen, h\u00e4ndelser som den i Jedwabne, den antisemitiska v\u00e5gen i mars 1968), bara forts\u00e4tter.<\/span><\/p>\n<p style=\"text-align: left;\"><span style=\"color: #000080;\">M\u00e5nga judiska museer visar hur judar f\u00f6rintades, d\u00f6dades. Polins syfte \u00e4r att visa hur judarna levde.<\/span><\/p>\n<p style=\"text-align: left;\"><span style=\"color: #000080;\">Trots att byggnaden restes p\u00e5 en enorm begravningsplats efter Warszawas ghetto, manifesterar det f\u00f6r mig livet och en plats d\u00e4r det har funnits och fortfarande finns judar. Det \u00e4r kanske den egentliga segern \u00f6ver nazismen.<\/span><\/p>\n<p style=\"text-align: left;\"><span style=\"color: #000080;\">Unga polacker har inte n\u00e5gon st\u00f6rre kunskap om det judiska livet i Polen eller om den judiska historien. En historia som h\u00e4r inte har n\u00e5gon k\u00e4nd avslutning, och det \u00e4r stimulerande i sig.<\/span><\/p>\n<p style=\"text-align: left;\"><span style=\"color: #000080;\">Vid ing\u00e5ngen f\u00e5r bes\u00f6karen en broschyr med ett vykort d\u00e4r p\u00e5 baksidan finns det ett tomt f\u00e4lt att fylla i: \u201dSkriv din egen historia. Ber\u00e4tta om ditt m\u00f6te med judisk kultur.\u201d<\/span><\/p>\n<p style=\"text-align: left;\"><span style=\"color: #000080;\">Museet satsar p\u00e5 upplevelser som p\u00e5verkar de bes\u00f6kandes sinnen, visuellt, k\u00e4nslom\u00e4ssigt och med doft och ljud. Som i ett rum med ett litter\u00e4rt kaf\u00e9 fr\u00e5n 1920-talets Warszawa, d\u00e4r polska och judiska intellektuella tr\u00e4ffades, d\u00e4r man kan \u201dtr\u00e4na\u201d tangosteg p\u00e5 golvet. Eller som i rummet som \u00e4gnas \u00e5t judar som under andra v\u00e4rldskriget g\u00f6mde sig hos polacker. De enskilda familjernas historier och foton kan man besk\u00e5da l\u00e4ngst ner, vid golvet, i en liten spricka, och f\u00f6r att kunna se det m\u00e5ste man b\u00f6ja sig och titta in, till ett g\u00f6mst\u00e4lle.<\/span><\/p>\n<div style=\"width: 160px\" class=\"wp-caption alignright\"><img decoding=\"async\" src=\"http:\/\/www.reunion68.com\/Biuletyn\/img\/bozena.jpg\" alt=\"\" width=\"150\" \/><p class=\"wp-caption-text\"><span style=\"color: #000080;\"><em> Bozena Irene Werbart <\/em><\/span><\/p><\/div>\n<p style=\"text-align: left;\"><span style=\"color: #000080;\">Den nutida fascinationen f\u00f6r det judiska livet och judisk historia har sina r\u00f6tter i en sorts nostalgi efter en f\u00f6rlorad kultur. Den moderna ren\u00e4ssansen yttrar sig i massor av judiska festivaler (ofta jippoartade), dokument\u00e4rer och publikationer, som ocks\u00e5 \u00e4r ett s\u00e4tt att hantera den antisemitism som r\u00e5dde i Polen.<\/span><\/p>\n<p style=\"text-align: left;\"><span style=\"color: #000080;\">Kommer detta museum att bidra till st\u00f6rre f\u00f6rst\u00e5else och empati och bryta tystnaden efter de f\u00f6rsvunna judiska st\u00e4derna? F\u00f6rhoppningsvis. F\u00f6r landet Polin \u00e4r inte synonymt med en stor begravningsplats, utan ocks\u00e5 med det hem f\u00f6r den st\u00f6rsta europeiska judiska befolkningen, som det var f\u00f6re andra v\u00e4rldskriget.<\/span><\/p>\n<hr style=\"height: 15px; background: #d0e6fa; width: 710px;\" \/>\n<div id=\"content\" class=\"  content-alignment&lt;br \/&gt;&lt;br \/&gt; \">\n<div id=\"watch-description\" class=\"yt-uix-button-panel\">\n<div id=\"watch-description-text\">\n<p style=\"text-align: center;\"><span style=\"color: #808080;\"> twoje uwagi, linki, wlasne artykuly, lub wiadomosci przeslij do: <strong><span style=\"text-decoration: underline;\"><span style=\"color: #808080; text-decoration: underline;\"><a href=\"mailto:webmaster@reunion68.com\">webmaster@reunion68.com<\/a><\/span><\/span><\/strong><\/span><\/p>\n<\/div>\n<\/div>\n<\/div>\n<p>&nbsp;<\/p>\n<hr style=\"width: 710px;\" \/>\n","protected":false},"excerpt":{"rendered":"<p>Polin-museet i Warszawa v\u00e4ljer livet f\u00f6re d\u00f6den Bozena Irene Werbart \u00a0[Czlonek Reunion68 ] Polin-museet i Warszawa fokuserar p\u00e5 det judiska livet snarare \u00e4n p\u00e5 F\u00f6rintelsen. Kanske representerar det den egentliga segern \u00f6ver nazismen, skriver Bozena Irene Werbart. Polin \u00e4r ordet f\u00f6r Polen p\u00e5 hebreiska och jiddisch och betyder \u201dh\u00e4r kan du vila\u201d. Det \u00e4r ocks\u00e5 [&hellip;]<\/p>\n","protected":false},"author":1,"featured_media":0,"comment_status":"closed","ping_status":"closed","sticky":false,"template":"","format":"standard","meta":[],"categories":[6],"tags":[24],"_links":{"self":[{"href":"https:\/\/www.reunion68.se\/index.php?rest_route=\/wp\/v2\/posts\/8871"}],"collection":[{"href":"https:\/\/www.reunion68.se\/index.php?rest_route=\/wp\/v2\/posts"}],"about":[{"href":"https:\/\/www.reunion68.se\/index.php?rest_route=\/wp\/v2\/types\/post"}],"author":[{"embeddable":true,"href":"https:\/\/www.reunion68.se\/index.php?rest_route=\/wp\/v2\/users\/1"}],"replies":[{"embeddable":true,"href":"https:\/\/www.reunion68.se\/index.php?rest_route=%2Fwp%2Fv2%2Fcomments&post=8871"}],"version-history":[{"count":16,"href":"https:\/\/www.reunion68.se\/index.php?rest_route=\/wp\/v2\/posts\/8871\/revisions"}],"predecessor-version":[{"id":8884,"href":"https:\/\/www.reunion68.se\/index.php?rest_route=\/wp\/v2\/posts\/8871\/revisions\/8884"}],"wp:attachment":[{"href":"https:\/\/www.reunion68.se\/index.php?rest_route=%2Fwp%2Fv2%2Fmedia&parent=8871"}],"wp:term":[{"taxonomy":"category","embeddable":true,"href":"https:\/\/www.reunion68.se\/index.php?rest_route=%2Fwp%2Fv2%2Fcategories&post=8871"},{"taxonomy":"post_tag","embeddable":true,"href":"https:\/\/www.reunion68.se\/index.php?rest_route=%2Fwp%2Fv2%2Ftags&post=8871"}],"curies":[{"name":"wp","href":"https:\/\/api.w.org\/{rel}","templated":true}]}}