{"id":89512,"date":"2021-10-19T17:09:06","date_gmt":"2021-10-19T15:09:06","guid":{"rendered":"http:\/\/www.reunion68.se\/?p=89512"},"modified":"2021-10-10T09:55:56","modified_gmt":"2021-10-10T07:55:56","slug":"01-09-57","status":"publish","type":"post","link":"https:\/\/www.reunion68.se\/?p=89512","title":{"rendered":"Bibliografia dotycz\u0105ca dziej\u00f3w polskich \u017byd\u00f3w"},"content":{"rendered":"<h5 style=\"text-align: center;\"><a href=\"https:\/\/www.sztetl.org.pl\/\" target=\"_blank\" rel=\"noopener noreferrer\"><img decoding=\"async\" class=\"center alignleft\" src=\"http:\/\/www.reunion68.com\/Biuletyn\/img\/w-sz.png\" alt=\"\" width=\"35%\"><\/a><span style=\"text-decoration: underline; color: #000080;\"><strong><a style=\"color: #000080; text-decoration: underline;\" href=\"https:\/\/www.sztetl.org.pl\/pl\/bibliografia-dotyczaca-dziejow-polskich-zydow\" target=\"_blank\" rel=\"noopener noreferrer\">Bibliografia dotycz\u0105ca dziej\u00f3w polskich \u017byd\u00f3w<\/a><\/strong><\/span><\/h5>\n<p style=\"text-align: center;\"><span style=\"color: #000000;\"><strong><br \/>\nDzia\u0142 Naukowy<br \/>\nMuzeum Historii \u017byd\u00f3w Polskich POLIN<\/strong><\/span><\/p>\n<hr style=\"height: 15px; background: #d0e6fa; width: 100%;\">\n<p style=\"text-align: center;\"><strong>&#8220;Atlas historii \u017byd\u00f3w polskich&#8221;<\/strong><br \/>\n<img decoding=\"async\" class=\"aligncenter\" src=\"https:\/\/polin.pl\/sites\/default\/files\/styles\/isohead_8\/public\/pictures\/wyd_atlas_historii_zydow_polskich.jpg?itok=UUvKuf-5\" width=\"100%\"><\/p>\n<p style=\"text-align: left;\"><span style=\"color: #000080;\"><strong>Autor<\/strong>: August Grabski, Andrzej Ryka\u0142a, Witold Sienkiewicz, Jacek Wijaczka, Marcin Wodzi\u0144ski, Hanna Zaremska, Andrzej \u017bbikowski, Jolanta \u017byndul<\/span><br \/>\n<span style=\"color: #000080;\"><strong>Nazwa wydawcy, rok wydania<\/strong>: Demart, 2009<\/span><br \/>\n<span style=\"color: #000080;\"><strong>Liczba stron<\/strong>: 424<\/span><\/p>\n<p style=\"text-align: left;\"><span style=\"color: #000080;\">Ksi\u0105\u017cka pod patronatem Muzeum Historii \u017byd\u00f3w Polskich POLIN.<\/span><\/p>\n<p style=\"text-align: left;\"><span style=\"color: #000080;\"><em>Atlas historii \u017byd\u00f3w polskich<\/em>&nbsp;jest pierwsz\u0105 tego typu ksi\u0105\u017ck\u0105 wszechstronnie ukazuj\u0105c\u0105 dzieje ludno\u015bci \u017cydowskiej na ziemiach polskich od przybycia do naszego kraju pierwszych \u017byd\u00f3w po dzie\u0144 dzisiejszy. Na 424 stronach publikacji czytelnik znajdzie 166 map, uzupe\u0142nionych przez 461 fotografii i rycin, 95 wykres\u00f3w i diagram\u00f3w oraz nowe teksty wybitnych historyk\u00f3w. Pracownicy i wsp\u00f3\u0142pracownicy muzeum wsp\u00f3\u0142tworzyli zawarto\u015b\u0107 merytoryczn\u0105 ksi\u0105\u017cki od samego pocz\u0105tku. W\u015br\u00f3d autor\u00f3w tekst\u00f3w znale\u017ali si\u0119 cz\u0142onkowie zespo\u0142u projektuj\u0105cego wystaw\u0119 g\u0142\u00f3wn\u0105 muzeum \u2013 prof. Hanna Zaremska tworz\u0105ca galeri\u0119 \u201ePierwsze spotkania\u201d i prof. Marcin Wodzi\u0144ski odpowiedzialny za galeri\u0119 \u201eWyzwania nowoczesno\u015bci\u201d. W przysz\u0142o\u015bci mapy te pojawi\u0105 si\u0119 r\u00f3wnie\u017c w ekspozycjach muzeum.<\/span><\/p>\n<p><img decoding=\"async\" class=\"center aligncenter\" src=\"http:\/\/www.reunion68.com\/Biuletyn\/img\/break.png\" alt=\"\"><\/p>\n<h4 class=\"contrast-1\" style=\"text-align: center;\"><span style=\"color: #000080;\"><strong>ENCYKLOPEDIE, S\u0141OWNIKI, SYNTEZY DZIEJ\u00d3W POLSKICH \u017bYD\u00d3W<\/strong><\/span><\/h4>\n<ul class=\"contrast-1\">\n<li class=\"contrast-1\"><span style=\"color: #000080;\"><em>Atlas historii \u017byd\u00f3w polskich<\/em>, Warszawa 2010.<\/span><\/li>\n<li class=\"contrast-1\"><span style=\"color: #000080;\">Ca\u0142a A., W\u0119grzynek H,, Zalewska G.,&nbsp;<em>Historia i kultura \u017byd\u00f3w polskich. S\u0142ownik<\/em>, Warszawa 2000.<\/span><\/li>\n<li class=\"contrast-1\"><span style=\"color: #000080;\"><em>Dzieje \u017byd\u00f3w polskich<\/em>&nbsp;[atlas], red. W. Sienkiewicz, Warszawa 2019.<\/span><\/li>\n<li class=\"contrast-1\"><span style=\"color: #000080;\">Haumann&nbsp;H.,&nbsp;<em>Historia \u017byd\u00f3w w Europie \u015arodkowej i Wschodnie<\/em>j, Warszawa 2000.<\/span><\/li>\n<li class=\"contrast-1\"><span style=\"color: #000080;\"><em>Historia \u017byd\u00f3w. Dzieje narodu od Abrahama do pa\u0144stwa Izrael. \u017bydzi w Polsce, 1000 lat wsp\u00f3lnych los\u00f3w<\/em>, Warszawa 2014.<\/span><\/li>\n<li class=\"contrast-1\"><span style=\"color: #000080;\"><em>Najnowsze dzieje \u017byd\u00f3w w Polsce w zarysie (do 1950 roku)<\/em>, red. J. Tomaszewski, Warszawa 1993.<\/span><\/li>\n<li class=\"contrast-1\"><span style=\"color: #000080;\">Polonsky&nbsp;A.,&nbsp;<em>Dzieje \u017byd\u00f3w w Polsce i Rosji<\/em>, Warszawa 2014.<\/span><\/li>\n<li class=\"contrast-1\"><span style=\"color: #000080;\"><em>Polski s\u0142ownik judaistyczny. Dzieje kultura religia ludzie<\/em>, t. 1\u20132, red. Z. Borzymi\u0144ska,&nbsp;R. \u017bebrowski, Warszawa 2003.<\/span><\/li>\n<li class=\"contrast-1\"><span style=\"color: #000080;\"><em>Studia z dziej\u00f3w \u017byd\u00f3w w Polsce. Materia\u0142y edukacyjne dla szk\u00f3\u0142 \u015brednich i wy\u017cszych<\/em>, t. 1\u20132, Warszawa 1995.<\/span><\/li>\n<li class=\"contrast-1\"><span style=\"color: #000080;\">Szuchta&nbsp;R.,&nbsp;<em>Tysi\u0105c lat historii \u017byd\u00f3w polskich. Podr\u00f3\u017c przez wieki,<\/em>&nbsp;Warszawa 2015.<\/span><\/li>\n<li class=\"contrast-1\"><span style=\"color: #000080;\">Tokarska-Bakir&nbsp;J.,&nbsp;<em>Legendy o krwi. Antropologia przes\u0105du<\/em>, Warszawa 2008.<\/span><\/li>\n<li class=\"contrast-1\"><span style=\"color: #000080;\">Wodzi\u0144ski M.,<em>&nbsp;Chasydyzm. Atlas historyczny<\/em>, Krak\u00f3w 2018.<\/span><\/li>\n<li class=\"contrast-1\"><span style=\"color: #000080;\">\u017bbikowski A.,&nbsp;<em>\u017bydzi<\/em>, Wroc\u0142aw 1997.<\/span><\/li>\n<li class=\"contrast-1\"><span style=\"color: #000080;\"><em>\u017bydzi w dawnej Rzeczypospolitej. Materia\u0142y z konferencji \u201eAutonomia \u017byd\u00f3w w Rzeczypospolitej szlacheckiej<\/em>, Wroc\u0142aw 1991.<\/span><\/li>\n<li class=\"contrast-1\"><span style=\"color: #000080;\"><em>\u017bydzi w Ma\u0142opolsce. Studia z dziej\u00f3w osadnictwa i \u017cycia spo\u0142ecznego,&nbsp;<\/em>red. F. Kiryk, Przemy\u015bl 1991.<\/span><\/li>\n<li class=\"contrast-1\"><span style=\"color: #000080;\"><em>\u017bydzi w Polsce. Leksykon \u2013 dzieje i kultura<\/em>, red. J. Tomaszewski, A. \u017bbikowski, Warszawa 2001.<\/span><\/li>\n<li class=\"contrast-1\"><span style=\"color: #000080;\"><em>\u017bydzi w Polsce Odrodzonej. Dzia\u0142alno\u015b\u0107 spo\u0142eczna, gospodarcza, o\u015bwiatowa i kulturalna<\/em>, red. I. Schipper, A. Tartakower, A. Hafftka, t. 1\u20132, Warszawa 1932\u20131936.<\/span><\/li>\n<li class=\"contrast-1\"><span style=\"color: #000080;\"><em>\u017bydzi w Wielkopolsce na przestrzeni dziej\u00f3w<\/em>, red. J. Topolski, K. Modelski, Pozna\u0144 1995.<\/span><\/li>\n<\/ul>\n<h4 class=\"contrast-1\" style=\"text-align: center;\"><span style=\"color: #000080;\"><strong>EPOKA PRZEDROZBIOROWA<\/strong><\/span><\/h4>\n<ul class=\"contrast-1\">\n<li class=\"contrast-1\"><span style=\"color: #000080;\">M. Cie\u015bla,&nbsp;<em>Kupcy, arendarze i rzemie\u015blnicy: r\u00f3\u017cnorodno\u015b\u0107 zawodowa \u017byd\u00f3w w Wielkim Ksi\u0119stwie Litewskim w XVII i XVIII w.,&nbsp;<\/em>Warszawa 2018.<\/span><\/li>\n<li class=\"contrast-1\"><span style=\"color: #000080;\">J. Dokt\u00f3r,&nbsp;<em>Jakub Frank i jego nauka na tle kryzysu religijnej tradycji osiemnastowiecznego \u017cydostwa polskiego<\/em>, Warszawa 1991.<\/span><\/li>\n<li class=\"contrast-1\"><span style=\"color: #000080;\">J. Dokt\u00f3r,&nbsp;<em>\u015aladami mesjasza-apostaty. \u017bydowskie ruchy mesja\u0144skie w XVII i XVIII wieku a problem konwersji<\/em>, Wroc\u0142aw 1998.<\/span><\/li>\n<li class=\"contrast-1\"><span style=\"color: #000080;\">J. Dokt\u00f3r,&nbsp;<em>Misjonarze i \u017cydzi w czasach mesja\u0144skiej zawieruchy 1648-1792<\/em>. Warszawa 2012.<\/span><\/li>\n<li class=\"contrast-1\"><span style=\"color: #000080;\">B. Geremek,&nbsp;<em>\u017bydzi w spo\u0142ecze\u0144stwie chrze\u015bcija\u0144skim \u2013 od segregacji do ekskluzji,<\/em>&nbsp;[w:] O \u015bredniowieczu, Warszawa 2012, ss. 238\u2013287.<\/span><\/li>\n<li class=\"contrast-1\"><span style=\"color: #000080;\">R. Grodecki,&nbsp;<em>Dzieje \u017byd\u00f3w w Polsce do ko\u0144ca XIV w.<\/em>, [w:]&nbsp;<em>Polska piastowska<\/em>, Warszawa 1969, ss. 595\u2013702.<\/span><\/li>\n<li class=\"contrast-1\"><span style=\"color: #000080;\">Z. Guldon, J. Wijaczka,&nbsp;<em>Procesy o mordy rytualne w Polsce w XVI\u2013XVIII wieku<\/em>, Kielce 1995.<\/span><\/li>\n<li class=\"contrast-1\"><span style=\"color: #000080;\">M. Horn,&nbsp;<em>\u017bydzi na Rusi Czerwonej w XVI i pierwszej po\u0142owie XVII w. Dzia\u0142alno\u015b\u0107 gospodarcza na tle rozwoju demograficznego<\/em>, Warszawa 1975.<\/span><\/li>\n<li class=\"contrast-1\"><span style=\"color: #000080;\">G. D. Hundert,&nbsp;<em>\u017bydzi w Rzeczypospolitej Obojga Narod\u00f3w w XVIII wieku. Genealogia nowoczesno\u015bci<\/em>, Warszawa 2007.<\/span><\/li>\n<li class=\"contrast-1\"><span style=\"color: #000080;\">A. Ka\u017amierczyk,&nbsp;<em>Sejmy i sejmiki szlacheckie wobec \u017byd\u00f3w w drugiej po\u0142owie XVII wieku<\/em>, Warszawa 1994.<\/span><\/li>\n<li class=\"contrast-1\"><span style=\"color: #000080;\">A. Ka\u017amierczyk,&nbsp;<em>\u017bydzi w dobrach prywatnych w \u015bwietle s\u0105downiczej i administracyjnej praktyki d\u00f3br magnackich w wiekach XVI\u2013XVIII<\/em>, Krak\u00f3w 2002.<\/span><\/li>\n<li class=\"contrast-1\"><span style=\"color: #000080;\">J. Krupa,&nbsp;<em>\u017bydzi w Rzeczypospolitej w czasach Augusta II (1697-1733)<\/em>, Krak\u00f3w 2009.<\/span><\/li>\n<li class=\"contrast-1\"><span style=\"color: #000080;\">A. Leszczy\u0144ski,&nbsp;<em>Sejm \u017byd\u00f3w Korony 1623\u20131764<\/em>, Warszawa 1994.<\/span><\/li>\n<li class=\"contrast-1\"><span style=\"color: #000080;\">S. \u0141astik,&nbsp;<em>Z dziej\u00f3w o\u015bwiecenia \u017cydowskiego w Polsce<\/em>, Warszawa 1963.<\/span><\/li>\n<li class=\"contrast-1\"><span style=\"color: #000080;\"><em>Ma\u0142\u017ce\u0144stwo z rozs\u0105dku? \u017bydzi w spo\u0142ecze\u0144stwie dawnej Rzeczypospolitej<\/em>, red. M. Wodzi\u0144ski, A. Micha\u0142owska-Mycielska, Wroc\u0142aw 2007.<\/span><\/li>\n<li class=\"contrast-1\"><span style=\"color: #000080;\">A. Micha\u0142owska-Mycielska,&nbsp;<em>Sejm \u017byd\u00f3w litewskich (1623-1764)<\/em>, Warszawa 2014.<\/span><\/li>\n<li class=\"contrast-1\"><span style=\"color: #000080;\">Y. Petrovsky-Shtern,&nbsp;<em>Sztetl. Rozkwit i upadek \u017cydowskich miasteczek na Kresach Wschodnich<\/em>, Krak\u00f3w 2014.<\/span><\/li>\n<li class=\"contrast-1\"><span style=\"color: #000080;\">M. i K. Piechotkowie,&nbsp;<em>Oppidum Judaeorum. \u017bydzi w przestrzeni miejskiej dawnej Rzeczypospolitej<\/em>, Warszawa 2004.<\/span><\/li>\n<li class=\"contrast-1\"><span style=\"color: #000080;\">M. i K. Piechotkowie,&nbsp;<em>Bramy nieba. B\u00f3\u017cnice murowane na ziemiach dawnej Rzeczypospolitej<\/em>, Warszawa 2018.<\/span><\/li>\n<li class=\"contrast-1\"><span style=\"color: #000080;\">M. i K. Piechotkowie,&nbsp;<em>Bramy nieba. B\u00f3\u017cnice drewniane na ziemiach dawnej Rzeczypospolitej<\/em>, Warszawa 2018.&nbsp;<\/span><br \/>\n<span style=\"color: #000080;\">M. Rosman,&nbsp;<em>\u017bydzi pa\u0144scy. Stosunki magnacko-\u017cydowskie w Rzeczypospolitej XVIII wieku<\/em>, Warszawa 2005.<\/span><\/li>\n<li class=\"contrast-1\"><span style=\"color: #000080;\">I. Schiper,&nbsp;<em>Przyczynki do dziej\u00f3w chasydyzmu w Polsce<\/em>, Warszawa 1992.<\/span><\/li>\n<li class=\"contrast-1\"><span style=\"color: #000080;\">D. Tollet,&nbsp;<em>Historia \u017byd\u00f3w w Polsce od XVI wieku do rozbior\u00f3w<\/em>, Warszawa 1999.<\/span><\/li>\n<li class=\"contrast-1\"><span style=\"color: #000080;\">H. W\u0119grzynek,&nbsp;<em>\u201eCzarna legenda\u201d \u017byd\u00f3w. Procesy o rzekome mordy rytualne w dawnej Polsce<\/em>, Warszawa 1995.<\/span><\/li>\n<li class=\"contrast-1\"><span style=\"color: #000080;\">J. Wyrozumski,&nbsp;<em>\u017bydzi w Polsce \u015bredniowiecznej,<\/em>&nbsp;[w:]&nbsp;<em>\u017bydzi w dawnej Rzeczypospolitej. Materia\u0142y z konferencji \u201eAutonomia \u017byd\u00f3w w Rzeczypospolitej szlacheckiej\u201d<\/em>, Wroc\u0142aw 1991, ss. 129\u2013135.<\/span><\/li>\n<li class=\"contrast-1\"><span style=\"color: #000080;\">H. Zaremska,&nbsp;<em>\u017bydzi w \u015bredniowiecznej Polsce. Gmina krakowska<\/em>, Warszawa 2011.<\/span><\/li>\n<li class=\"contrast-1\"><span style=\"color: #000080;\">H. Zaremska,&nbsp;<em>\u017bydzi w \u015bredniowiecznej Europie \u015arodkowej: w Czechach, Polsce i na W\u0119grzech<\/em>, Pozna\u0144 2005.<\/span><\/li>\n<li class=\"contrast-1\"><span style=\"color: #000080;\"><em>\u017bydzi w\u015br\u00f3d chrze\u015bcijan w dobie szlacheckiej Rzeczypospolitej<\/em>, red. W. Kowalski, J. Muszy\u0144ska, Kielce 1996.<\/span><\/li>\n<\/ul>\n<h4 class=\"contrast-1\" style=\"text-align: center;\"><span style=\"color: #000080;\"><strong>WIEK XIX<\/strong><\/span><\/h4>\n<ul class=\"contrast-1\">\n<li class=\"contrast-1\"><span style=\"color: #000080;\">E. Bergman,&nbsp;<em>\u201eNie masz b\u00f3\u017cnicy powszechnej\u201d. Synagogi i domy modlitwy w Warszawie od ko\u0144ca XVIII do pocz\u0105tku XXI wieku<\/em>, Warszawa 2007.<\/span><\/li>\n<li class=\"contrast-1\"><span style=\"color: #000080;\">Z. Borzymi\u0144ska,&nbsp;<em>Szkolnictwo \u017cydowskie w Warszawie 1831\u20131870<\/em>, Warszawa 1994.<\/span><\/li>\n<li class=\"contrast-1\"><span style=\"color: #000080;\">A. Ca\u0142a,&nbsp;<em>Asymilacja \u017byd\u00f3w w Kr\u00f3lestwie Polskim (1864\u20131897). Postawy, konflikty, stereotypy<\/em>, Warszawa 1989.<\/span><\/li>\n<li class=\"contrast-1\"><span style=\"color: #000080;\">M. Domagalska,&nbsp;<em>Zatrute ziarno. Proza antysemicka na \u0142amach \u201eRoli\u201d (1883-1912)<\/em>, Warszawa 2015.<\/span><\/li>\n<li class=\"contrast-1\"><span style=\"color: #000080;\">H. Datner,&nbsp;<em>Ta i tamta strona. \u017bydowska inteligencja Warszawy drugiej po\u0142owy XIX wieku<\/em>,&nbsp;Warszawa 2007.<\/span><\/li>\n<li class=\"contrast-1\"><span style=\"color: #000080;\">A. Eisenbach,&nbsp;<em>Emancypacja \u017byd\u00f3w na ziemiach polskich 1785\u20131870 na tle europejskim<\/em>, Warszawa 1988.<\/span><\/li>\n<li class=\"contrast-1\"><span style=\"color: #000080;\">A. Eisenbach,&nbsp;<em>Z dziej\u00f3w ludno\u015bci \u017cydowskiej w Polsce w XVIII i XIX wieku. Studia i szkice<\/em>, Warszawa 1983.<\/span><\/li>\n<li class=\"contrast-1\"><span style=\"color: #000080;\">T. G\u0105sowski,&nbsp;<em>Mi\u0119dzy gettem a \u015bwiatem. Dylematy ideowe \u017byd\u00f3w galicyjskich na prze\u0142omie XIX i XX wieku<\/em>, Krak\u00f3w 1997.<\/span><\/li>\n<li class=\"contrast-1\"><span style=\"color: #000080;\">A. Jagodzi\u0144ska,&nbsp;<em>Pomi\u0119dzy. Akulturacja \u017byd\u00f3w Warszawy w drugiej po\u0142owie XIX wieku<\/em>, Wroc\u0142aw 2008.<\/span><\/li>\n<li class=\"contrast-1\"><span style=\"color: #000080;\">A. Jakimyszyn,&nbsp;<em>\u017bydzi krakowscy w dobie Rzeczypospolitej Krakowskiej<\/em>, Krak\u00f3w-Budapeszt 2008.<\/span><br \/>\n<span style=\"color: #000080;\">S. Kemlein,&nbsp;<em>\u017bydzi w Wielkim Ksi\u0119stwie Pozna\u0144skim 1815-1848<\/em>, Pozna\u0144 2001.<\/span><\/li>\n<li class=\"contrast-1\"><span style=\"color: #000080;\">K. Lewalski,&nbsp;<em>Ko\u015bcio\u0142y chrze\u015bcija\u0144skie w Kr\u00f3lestwie Polskim wobec \u017byd\u00f3w w latach 1855-1915<\/em>, Wroc\u0142aw 2002.<\/span><\/li>\n<li class=\"contrast-1\"><span style=\"color: #000080;\">K. Makowski,&nbsp;<em>Si\u0142a mitu. \u017bydzi w Poznanskiem w dobie zabor\u00f3w w pi\u015bmiennictwie historycznym<\/em>, Pozna\u0144 2004.<\/span><\/li>\n<li class=\"contrast-1\"><span style=\"color: #000080;\">A. Markowski,&nbsp;<em>Przemoc anty\u017cydowska i wyobra\u017cenia spo\u0142eczne: Pogrom bia\u0142ostocki 1906 roku<\/em>, Warszawa 2018.<\/span><\/li>\n<li class=\"contrast-1\"><span style=\"color: #000080;\">A. Markowski,&nbsp;<em>Rodzina i gospodarstwo domowe \u017byd\u00f3w suwalskich w I po\u0142owie XIX wieku<\/em>, Warszawa 2008.<\/span><\/li>\n<li class=\"contrast-1\"><span style=\"color: #000080;\">A. Ma\u015blak-Maciejewska,&nbsp;<em>Modlili si\u0119 w Templu. Krakowscy \u017bydzi post\u0119powi w XIX wieku. Studium spo\u0142eczno-religijne<\/em>, Krak\u00f3w 2018.<\/span><\/li>\n<li class=\"contrast-1\"><span style=\"color: #000080;\">J. Nalewajko-Kulikov,&nbsp;<em>M\u00f3wi\u0107 we w\u0142asnym imieniu. Prasa jidyszowa a tworzenie \u017cydowskiej to\u017csamo\u015bci narodowej (do 1918 roku)<\/em>, Warszawa 2016.<\/span><\/li>\n<li class=\"contrast-1\"><span style=\"color: #000080;\"><em>Ortodoksja, emancypacja, asymilacja. Studia z dziej\u00f3w ludno\u015bci \u017cydowskiej na ziemiach polskich w okresie rozbior\u00f3w<\/em>, red. K. Zieli\u0144ski, M. Adamczyk-Garbowska, Lublin 2003.<\/span><\/li>\n<li class=\"contrast-1\"><span style=\"color: #000080;\"><em>Pogromy \u017byd\u00f3w na ziemiach polskich w XIX i XX wieku<\/em>, t. 1\u20133, Warszawa 2018\u20132019.<\/span><\/li>\n<li class=\"contrast-1\"><span style=\"color: #000080;\">M. \u015ali\u017c,&nbsp;<em>Galicyjscy \u017bydzi na drodze do r\u00f3wnouprawnienia 1848-1914<\/em>, Krak\u00f3w 2006.<\/span><\/li>\n<li class=\"contrast-1\"><span style=\"color: #000080;\">J. Tazbir, Protoko\u0142y m\u0119drc\u00f3w Syjonu. Autentyk czy falsyfikat, Warszawa 1992.<\/span><\/li>\n<li class=\"contrast-1\"><span style=\"color: #000080;\">M. Wodzi\u0144ski,<em>&nbsp;Chasydyzm. Wszystko, co najwa\u017cniejsze<\/em>, Krak\u00f3w 2019.<\/span><\/li>\n<li class=\"contrast-1\"><span style=\"color: #000080;\">M. Wodzi\u0144ski,&nbsp;<em>Chasydyzm. \u0179r\u00f3d\u0142a, metody, perspektywy<\/em>, Krak\u00f3w 2019.<\/span><\/li>\n<li class=\"contrast-1\"><span style=\"color: #000080;\">M. Wodzi\u0144ski,&nbsp;<em>W\u0142adze Kr\u00f3lestwa Polskiego wobec chasydyzmu. Z dziej\u00f3w stosunk\u00f3w politycznych<\/em>, Wroc\u0142aw 2008.<\/span><\/li>\n<li class=\"contrast-1\"><span style=\"color: #000080;\"><em>Wok\u00f3\u0142 akulturacji i asymilacji \u017byd\u00f3w na ziemiach polskich<\/em>, red. K. Zieli\u0144ski, Lublin 2010.<\/span><\/li>\n<li class=\"contrast-1\"><span style=\"color: #000080;\">P. Wr\u00f3bel,&nbsp;<em>Zarys dziej\u00f3w \u017byd\u00f3w na ziemiach polskich w latach 1880\u20131918<\/em>, Warszawa 1991.<\/span><\/li>\n<li class=\"contrast-1\"><span style=\"color: #000080;\">L. Zi\u0105tkowski,&nbsp;<em>Mi\u0119dzy niemo\u017cliwym a koniecznym. Reformy pa\u0144stwa pruskiego w ko\u0144cu XVIII i na pocz\u0105tku XIX wieku a proces r\u00f3wnouprawnienia \u017byd\u00f3w ze szczeg\u00f3lnym uwzgl\u0119dnieniem sytuacji na \u015al\u0105sku<\/em>, Wroc\u0142aw 2007.<\/span><\/li>\n<li class=\"contrast-1\"><span style=\"color: #000080;\">K. Zieli\u0144ski,&nbsp;<em>Stosunki polsko-\u017cydowskie na ziemiach Kr\u00f3lestwa Polskiego w czasie pierwszej wojny \u015bwiatowej<\/em>, Lublin 2005.<\/span><\/li>\n<li class=\"contrast-1\"><span style=\"color: #000080;\">A. \u017bbikowski,&nbsp;<em>\u017bydzi krakowscy i ich gmina w latach 1869\u20131919<\/em>, Warszawa 1994.<\/span><\/li>\n<li class=\"contrast-1\"><span style=\"color: #000080;\"><em>\u017bydzi bojownicy o niepodleg\u0142o\u015b\u0107 Polski. Ilustrowana monografia w opracowaniu zbiorowym<\/em>,&nbsp;red. N. Getter, J. Schall, Z. Schipper, Lw\u00f3w 1939.<\/span><\/li>\n<li class=\"contrast-1\"><span style=\"color: #000080;\"><em>\u017bydzi w obronie Rzeczypospolitej. Materia\u0142y z konferencji w Warszawie 17 i 19 pa\u017adziernika 1993 r.<\/em>, red. J. Tomaszewski, Warszawa 1996.<\/span><\/li>\n<li class=\"contrast-1\"><span style=\"color: #000080;\">J. \u017byndul,&nbsp;<em>K\u0142amstwo krwi. Legenda mordu rytualnego na ziemiach polskich w XIX i XX wieku<\/em>, Warszawa 2011.<\/span><\/li>\n<\/ul>\n<h4 class=\"contrast-1\" style=\"text-align: center;\"><span style=\"color: #000080;\"><strong>DWUDZIESTOLECIE MI\u0118DZYWOJENNE<\/strong><\/span><\/h4>\n<ul class=\"contrast-1\">\n<li class=\"contrast-1\"><span style=\"color: #000080;\"><em>Bund. 100 lat historii 1897\u20131997<\/em>, red. F. Tych, J. Hensel, Warszawa 2000.<\/span><\/li>\n<li class=\"contrast-1\"><span style=\"color: #000080;\">A. Ca\u0142a,&nbsp;<em>Wizerunek \u017byda w polskiej kulturze ludowej<\/em>, Warszawa 2005.<\/span><\/li>\n<li class=\"contrast-1\"><span style=\"color: #000080;\">A. Ca\u0142a,&nbsp;<em>\u017byd \u2013 wr\u00f3g odwieczny? Antysemityzm w Polsce i jego \u017ar\u00f3d\u0142a<\/em>, Warszawa 2012.<\/span><\/li>\n<li class=\"contrast-1\"><span style=\"color: #000080;\">W. Jaworski,&nbsp;<em>Struktura i wp\u0142ywy syjonistycznych organizacji politycznych w Polsce w latach 1918\u20131939<\/em>, Warszawa 1996.<\/span><\/li>\n<li class=\"contrast-1\"><span style=\"color: #000080;\">K. Kijek,&nbsp;<em>Dzieci modernizmu. \u015awiadomo\u015b\u0107, kultura i socjalizacja polityczna m\u0142odzie\u017cy \u017cydowskiej w II Rzeczypospolitej<\/em>, Wroc\u0142aw 2017.<\/span><\/li>\n<li class=\"contrast-1\"><span style=\"color: #000080;\">M. Kula,&nbsp;<em>Autoportret rodziny X. Fragment \u017cydowskiej Warszawy lat mie\u031cdzwojennych<\/em>, Warszawa 2007.<\/span><\/li>\n<li class=\"contrast-1\"><span style=\"color: #000080;\">A. Landau-Czajka,&nbsp;<em>Syn b\u0119dzie Lech. Asymilacja \u017byd\u00f3w w Polsce mi\u0119dzywojennej<\/em>, Warszawa 2006.<\/span><\/li>\n<li class=\"contrast-1\"><span style=\"color: #000080;\">A. Landau-Czajka,&nbsp;<em>W jednym stali domu&#8230; Koncepcje rozwi\u0105zania kwestii \u017cydowskiej w publicystyce polskiej lat 1933\u20131939<\/em>, Warszawa 1998.<\/span><\/li>\n<li class=\"contrast-1\"><span style=\"color: #000080;\">S. Ma\u0144ko,&nbsp;<em>Polski ruch ludowy wobec \u017byd\u00f3w (1895\u20131939)<\/em>, Warszawa 2010.<\/span><\/li>\n<li class=\"contrast-1\"><span style=\"color: #000080;\">E. Mendelsohn,&nbsp;<em>\u017bydzi Europy \u015arodkowo-Wschodniej w okresie mi\u0119dzywojennym<\/em>, Warszawa 1992.<\/span><\/li>\n<li class=\"contrast-1\"><span style=\"color: #000080;\">J.B. Michlic,&nbsp;<em>Obcy jako zagro\u017cenie. Obraz \u017byda w Polsce od roku 1880 do czas\u00f3w obecnych<\/em>, Warszawa 2015.<\/span><\/li>\n<li class=\"contrast-1\"><span style=\"color: #000080;\">R. Modras,&nbsp;<em>Ko\u015bci\u00f3\u0142 katolicki i antysemityzm w Polsce w latach 1933\u20131939<\/em>, Krak\u00f3w 2004.<\/span><\/li>\n<li class=\"contrast-1\"><span style=\"color: #000080;\">M. Natkowska,&nbsp;<em>Numerus clausus, getto \u0142awkowe, numerus nullus, \u201eparagraf aryjski\u201d. Antysemityzm na Uniwersytecie Warszawskim 1931\u20131939<\/em>, Warszawa 1999.<\/span><\/li>\n<li class=\"contrast-1\"><span style=\"color: #000080;\"><em>Ostatnie pokolenie. Autobiografie polskiej m\u0142odzie\u017cy \u017cydowskiej okresu mi\u0119dzywojennego ze zbior\u00f3w YIVO Institute for Jewish Research w Nowym Jorku<\/em>, red. A. Ca\u0142a, Warszawa 2003.<\/span><\/li>\n<li class=\"contrast-1\"><span style=\"color: #000080;\">A. Patek,&nbsp;<em>\u017bydzi w drodze do Palestyny 1934\u20131944. Szkice z dziej\u00f3w aliji bet nielegalnej migracji \u017cydowskiej<\/em>, Krak\u00f3w 2009.<\/span><\/li>\n<li class=\"contrast-1\"><span style=\"color: #000080;\">G. Pickhan,&nbsp;<em>Pod pr\u0105d. Powszechny \u017bydowski Zwi\u0105zek Robotniczy Bund w Polsce w latach 1918\u20131939<\/em>, Warszawa 2017.<\/span><\/li>\n<li class=\"contrast-1\"><span style=\"color: #000080;\">S. Pi\u0105tkowski,&nbsp;<em>Dni \u017cycia, dni \u015bmierci. Ludno\u015b\u0107 \u017cydowska w Radomiu w latach 1918\u20131950<\/em>, Warszawa 2006.<\/span><\/li>\n<li class=\"contrast-1\"><span style=\"color: #000080;\"><em>Pogromy \u017byd\u00f3w na ziemiach polskich w XIX i XX wieku<\/em>, t. 2\u20133, Warszawa 2018\u20132019.<\/span><\/li>\n<li class=\"contrast-1\"><span style=\"color: #000080;\"><em>Przemoc anty\u017cydowska i konteksty akcji pogromowych na ziemiach polskich w XX wieku<\/em>, red. K. Kijek, K. Zieli\u0144ski, Lublin 2016.<\/span><\/li>\n<li class=\"contrast-1\"><span style=\"color: #000080;\">S. Redlich,&nbsp;<em>Razem i osobno. Polacy,&nbsp;\u017bydzi, Ukrai\u0144cy w Brze\u017canach 1919\u20131945<\/em>, Sejny 2002.<\/span><\/li>\n<li class=\"contrast-1\"><span style=\"color: #000080;\">S. Rudnicki,&nbsp;<em>\u017bydzi w Parlamencie II Rzeczypospolitej<\/em>, Warszawa 2003.<\/span><\/li>\n<li class=\"contrast-1\"><span style=\"color: #000080;\">J. Tomaszewski,&nbsp;<em>Preludium zag\u0142ady. Wygnanie \u017byd\u00f3w polskich z Niemiec w 1938 r.<\/em>, Warszawa 1998.<\/span><\/li>\n<li class=\"contrast-1\"><span style=\"color: #000080;\">J. Tomaszewski,&nbsp;<em>\u017bydzi w II Rzeczypospolitej<\/em>, Warszawa 2016.<\/span><\/li>\n<li class=\"contrast-1\"><span style=\"color: #000080;\">M. Tr\u0119bacz,&nbsp;<em>Izrael Lichtenstein (1883\u20131933). Biografia \u017cydowskiego socjalisty<\/em>, \u0141\u00f3d\u017a 2016.<\/span><\/li>\n<li class=\"contrast-1\"><span style=\"color: #000080;\">Z. Tr\u0119bacz,&nbsp;<em>Nie tylko Palestyna. Polskie plany emigracyjne wobec \u017byd\u00f3w 1935\u20131939<\/em>, Warszawa 2018.<\/span><\/li>\n<li class=\"contrast-1\"><span style=\"color: #000080;\">G. Zalewska,&nbsp;<em>Ludno\u015b\u0107 \u017cydowska w Warszawie w okresie mi\u0119dzywojennym<\/em>, Warszawa 1996.<\/span><\/li>\n<li class=\"contrast-1\"><span style=\"color: #000080;\">K. Zieli\u0144ski,&nbsp;<em>Jeszywas Chachmej Lublin. Uczelnia M\u0119drc\u00f3w Lublina<\/em>, Lublin 2003.<\/span><br \/>\n<span style=\"color: #000080;\">R. \u017bebrowski,&nbsp;<em>\u017bydowska gmina wyznaniowa w Warszawie1918\u20131939. W kr\u0119gu polityki<\/em>, Warszawa 2012.<\/span><br \/>\n<span style=\"color: #000080;\">R. \u017bebrowski, Z. Borzymi\u0144ska,&nbsp;<em>PO-LIN. Kultura \u017byd\u00f3w polskich w XX wieku (zarys)<\/em>, Warszawa 1993.<\/span><\/li>\n<li class=\"contrast-1\"><span style=\"color: #000080;\">J. \u017byndul,&nbsp;<em>Zaj\u015bcia anty\u017cydowskie w Polsce w latach 1935\u20131937<\/em>, Warszawa 1994<\/span><\/li>\n<\/ul>\n<h4 class=\"contrast-1\" style=\"text-align: center;\"><span style=\"color: #000080;\"><strong>ZAG\u0141ADA<\/strong><\/span><\/h4>\n<ul class=\"contrast-1\">\n<li class=\"contrast-1\"><span style=\"color: #000080;\"><em>Akcja &#8220;Reinhardt&#8221;. Historia i upami\u0119tnienie<\/em>, red. S. Lehnstaedt, Warszawa 2019.<\/span><\/li>\n<li class=\"contrast-1\"><span style=\"color: #000080;\"><em>Akcja Reinhardt. Zag\u0142ada \u017byd\u00f3w w Generalnym Gubernatorstwie<\/em>, red. D. Libionka, Warszawa 2004.<\/span><\/li>\n<li class=\"contrast-1\"><span style=\"color: #000080;\">M. Arczy\u0144ski, W. Balcerak,&nbsp;<em>Kryptonim &#8220;\u017begota&#8221;. Z dziej\u00f3w pomocy \u017bydom w Polsce 1939\u20131945<\/em>, Warszawa 1979.<\/span><\/li>\n<li class=\"contrast-1\"><span style=\"color: #000080;\">W. Bartoszewski, Z. Lewin\u00f3wna,&nbsp;<em>Ten jest z ojczyzny mojej. Polacy z pomoc\u0105 \u017bydom 1939\u20131945<\/em>, Krak\u00f3w 2007.<\/span><\/li>\n<li class=\"contrast-1\"><span style=\"color: #000080;\">O. Bartov,&nbsp;<em>Anatomia pewnego ludob\u00f3jstwa. \u017bycie i \u015bmier\u0107 Buczacza<\/em>, Wo\u0142owiec 2019.<\/span><\/li>\n<li class=\"contrast-1\"><span style=\"color: #000080;\">M. Bem,&nbsp;<em>Exodus. Sobib\u00f3r 14 pa\u017adziernika 1943<\/em>, Warszawa \u2013 W\u0142odawa 2013.<\/span><\/li>\n<li class=\"contrast-1\"><span style=\"color: #000080;\">M. Bem,&nbsp;<em>Sobib\u00f3r. Ob\u00f3z zag\u0142ady 1942\u20131943<\/em>, Warszawa 2014.<\/span><\/li>\n<li class=\"contrast-1\"><span style=\"color: #000080;\">W. Bere\u015b, K. Burnetko,&nbsp;<em>Bohater z cienia. Losy Kazika Ratajzera<\/em>, Warszawa 2012.<\/span><\/li>\n<li class=\"contrast-1\"><span style=\"color: #000080;\">W. Bere\u015b, K. Burnetko,&nbsp;<em>Marek Edelman. \u017bycie. Po prostu<\/em>, Warszawa 2008.<\/span><\/li>\n<li class=\"contrast-1\"><span style=\"color: #000080;\">W. Bere\u015b, K. Burnetko,&nbsp;<em>Marek Edelman. \u017bycie. Do ko\u0144ca<\/em>, Warszawa 2013.<\/span><\/li>\n<li class=\"contrast-1\"><span style=\"color: #000080;\">A. Bikont,&nbsp;<em>My z Jedwabnego<\/em>, Wo\u0142owiec 2012.<\/span><\/li>\n<li class=\"contrast-1\"><span style=\"color: #000080;\">A. Bikont,&nbsp;<em>Sendlerowa. W ukryciu<\/em>, Wo\u0142owiec 2017.<\/span><\/li>\n<li class=\"contrast-1\"><span style=\"color: #000080;\">C. Browning,&nbsp;<em>Pami\u0119\u0107 przetrwania. Nazistowski ob\u00f3z pracy oczami wi\u0119\u017ani\u00f3w<\/em>, Wo\u0142owiec 2012.<\/span><\/li>\n<li class=\"contrast-1\"><span style=\"color: #000080;\">C. Browning,&nbsp;<em>Geneza \u201eostatecznego rozwi\u0105zania\u201d. Ewolucja nazistowskiej polityki wobec \u017byd\u00f3w. Wrzesie\u0144 1939\u2013marzec 1942<\/em>, Krak\u00f3w 2012.<\/span><\/li>\n<li class=\"contrast-1\"><span style=\"color: #000080;\">C. Browning,&nbsp;<em>Zwykli ludzie. 101. Policyjny Batalion Rezerwy i \u201eostateczne rozwi\u0105zanie\u201d w Polsce<\/em>, Warszawa 2000.<\/span><\/li>\n<li class=\"contrast-1\"><span style=\"color: #000080;\">D. Cesarani,&nbsp;<em>Ostateczne rozwi\u0105zanie. Losy \u017byd\u00f3w w latach 1933\u20131949<\/em>, Warszawa 2019.<\/span><\/li>\n<li class=\"contrast-1\"><span style=\"color: #000080;\"><em>Co wiemy o Treblince? Stan bada<\/em>\u0144, red. E. Kop\u00f3wka, Siedlce 2013.<\/span><\/li>\n<li class=\"contrast-1\"><span style=\"color: #000080;\">M. Cobel-Tokarska,&nbsp;<em>Bezludna wyspa, nora, gr\u00f3b. Wojenne kryj\u00f3wki \u017byd\u00f3w w okupowanej Polsce<\/em>, Warszawa 2012.<\/span><\/li>\n<li class=\"contrast-1\"><span style=\"color: #000080;\"><em>Dalej jest noc. Losy \u017byd\u00f3w w wybranych powiatach okupowanej Polski<\/em>, red. B. Engelking, J. Grabowski, Warszawa 2018.<\/span><\/li>\n<li class=\"contrast-1\"><span style=\"color: #000080;\">S. Datner,&nbsp;<em>Walka i zag\u0142ada bia\u0142ostockiego getta<\/em>, \u0141\u00f3d\u017a 1946.<\/span><\/li>\n<li class=\"contrast-1\"><span style=\"color: #000080;\">D. Dwork, R.J. van Pelt,&nbsp;<em>Auschwitz. Historia miasta i obozu<\/em>, Warszawa 2011.<\/span><\/li>\n<li class=\"contrast-1\"><span style=\"color: #000080;\">A. Eisenbach,&nbsp;<em>Hitlerowska polityka zag\u0142ady \u017byd\u00f3w<\/em>, Warszawa 1961.<\/span><\/li>\n<li class=\"contrast-1\"><span style=\"color: #000080;\"><em>Elity i przedstawiciele spo\u0142eczno\u015bci \u017cydowskiej podczas II wojny \u015bwiatowej<\/em>, red. M. Gr\u0105dzka-Rejak, A. Namys\u0142o, Warszawa 2017.<\/span><\/li>\n<li class=\"contrast-1\"><span style=\"color: #000080;\">B. Engelking,&nbsp;<em>Zag\u0142ada i pami\u0119\u0107. Do\u015bwiadczenie Holocaustu i jego konsekwencje opisane na podstawie relacji autobiograficznych<\/em>, Warszawa 2001.<\/span><br \/>\n<span style=\"color: #000080;\">B. Engelking, J. Grabowski,&nbsp;<em>&#8220;\u017byd\u00f3w \u0142ami\u0105cych prawo nale\u017cy kara\u0107 \u015bmierci\u0105&#8221;. &#8220;Przest\u0119pczo\u015b\u0107&#8221; \u017byd\u00f3w w Warszawie 1939\u20131942<\/em>, Warszawa 2010.<\/span><br \/>\n<span style=\"color: #000080;\">B. Engelking,&nbsp;<em>\u201eJest taki pi\u0119kny s\u0142oneczny dzie\u0144\u2026\u201d. Losy \u017byd\u00f3w szukaj\u0105cych ratunku na wsi polskiej 1942\u20131945<\/em>, Warszawa 2011.<\/span><\/li>\n<li class=\"contrast-1\"><span style=\"color: #000080;\">B. Engelking, J. Leociak,&nbsp;<em>Getto warszawskie. Przewodnik po nieistniej\u0105cym mie\u015bcie<\/em>, Warszawa 2013.<\/span><\/li>\n<li class=\"contrast-1\"><span style=\"color: #000080;\">B. Engelking, D. Libionka,&nbsp;<em>\u017bydzi w powsta\u0144czej Warszawie<\/em>, Warszawa 2009.<\/span><\/li>\n<li class=\"contrast-1\"><span style=\"color: #000080;\">S. Friedl\u00e4nder,&nbsp;<em>Czas eksterminacji. Nazistowskie Niemcy i \u017bydzi 1939\u20131945<\/em>, Warszawa 2010.<\/span><\/li>\n<li class=\"contrast-1\"><span style=\"color: #000080;\">T. G\u0105sowski,&nbsp;<em>Pod sztandarami or\u0142a bia\u0142ego. Kwestia \u017cydowska w Polskich Si\u0142ach Zbrojnych w czasie drugiej wojny \u015bwiatowej<\/em>, Krak\u00f3w 2002.<\/span><\/li>\n<li class=\"contrast-1\"><span style=\"color: #000080;\">M. Gilbert,&nbsp;<em>Atlas historii Holocaustu<\/em>, Liszki 2011.<\/span><\/li>\n<li class=\"contrast-1\"><span style=\"color: #000080;\">J. Grabowski,&nbsp;<em>&#8220;Ja tego \u017cyda znam!&#8221;. Szanta\u017cowanie \u017cyd\u00f3w w Warszawie, 1939\u20131943<\/em>, Warszawa 2004.<\/span><\/li>\n<li class=\"contrast-1\"><span style=\"color: #000080;\">J. Grabowski,&nbsp;<em>Judenjagd. Polowanie na \u017byd\u00f3w 1942\u20131945. Studium dziej\u00f3w pewnego powiatu<\/em>, Warszawa 2011.<\/span><\/li>\n<li class=\"contrast-1\"><span style=\"color: #000080;\">M. Gr\u0105dzka-Rejak,&nbsp;<em>Kobieta \u017cydowska w okupowanym Krakowie (1939\u20131945)<\/em>, Krak\u00f3w 2016.<\/span><\/li>\n<li class=\"contrast-1\"><span style=\"color: #000080;\">J.T. Gross,&nbsp;<em>S\u0105siedzi. Historia zag\u0142ady \u017cydowskiego miasteczka<\/em>, Sejny 2000.<\/span><\/li>\n<li class=\"contrast-1\"><span style=\"color: #000080;\">J.T. Gross,&nbsp;<em>S\u0105siedzi i inni. Prace zebrane na temat Zag\u0142ady<\/em>, Krak\u00f3w 2018.<\/span><\/li>\n<li class=\"contrast-1\"><span style=\"color: #000080;\">J.T. Gross,&nbsp;<em>Upiorna dekada. Trzy eseje o stereotypach na temat \u017byd\u00f3w, Polak\u00f3w i komunist\u00f3w 1939\u20131948<\/em>, Krak\u00f3w 1998.<\/span><\/li>\n<li class=\"contrast-1\"><span style=\"color: #000080;\">J.T. Gross, I. Grudzi\u0144ska-Gross,&nbsp;<em>Z\u0142ote \u017cniwa. Rzecz o tym, co si\u0119 dzia\u0142o na obrze\u017cach zag\u0142ady \u017byd\u00f3w<\/em>, Krak\u00f3w 2011.<\/span><\/li>\n<li class=\"contrast-1\"><span style=\"color: #000080;\">A. Grupi\u0144ska,&nbsp;<em>Ci\u0105gle po kole. Rozmowy z \u017co\u0142nierzami getta warszawskiego<\/em>, Warszawa 2013.<\/span><\/li>\n<li class=\"contrast-1\"><span style=\"color: #000080;\">A. Grupi\u0144ska,&nbsp;<em>Odczytanie listy. Opowie\u015bci o warszawskich powsta\u0144cach \u017bydowskiej Organizacji Bojowej<\/em>, Wo\u0142owiec 2014.<\/span><\/li>\n<li class=\"contrast-1\"><span style=\"color: #000080;\">I. Gutman,&nbsp;<em>Walka bez cienia nadziei. Powstanie w getcie warszawskim<\/em>, Warszawa 1998.<\/span><\/li>\n<li class=\"contrast-1\"><span style=\"color: #000080;\">I. Gutman,&nbsp;<em>\u017bydzi warszawscy 1939\u20131943. Getto \u2013 podziemie \u2013 walka<\/em>, Warszawa 1993.<\/span><\/li>\n<li class=\"contrast-1\"><span style=\"color: #000080;\">R. Hilberg,&nbsp;<em>Sprawcy, ofiary, \u015bwiadkowie. Zag\u0142ada \u017byd\u00f3w 1933\u20131945<\/em>, Warszawa, 2007.<\/span><\/li>\n<li class=\"contrast-1\"><span style=\"color: #000080;\">R. Hilberg,&nbsp;<em>Zag\u0142ada \u017byd\u00f3w europejskich<\/em>, t. 1\u20133, Warszawa 2014.<\/span><\/li>\n<li class=\"contrast-1\"><span style=\"color: #000080;\">A. Jarkowska-Natkaniec,&nbsp;<em>Wymuszona wsp\u00f3\u0142praca czy zdrada? Wok\u00f3\u0142 przypadk\u00f3w kolaboracji \u017byd\u00f3w w okupowanym Krakowie<\/em>, Krak\u00f3w 2018.<\/span><\/li>\n<li class=\"contrast-1\"><span style=\"color: #000080;\">E. Jones,&nbsp;<em>\u017bydzi Lwowa w okresie okupacji 1939\u20131945<\/em>, \u0141\u00f3d\u017a 1999.<\/span><\/li>\n<li class=\"contrast-1\"><span style=\"color: #000080;\">S. Kassow,&nbsp;<em>Kto napisze nasz\u0105 histori\u0119? Ukryte Archiwum Emanuela Ringelbluma<\/em>, Warszawa 2017.<\/span><\/li>\n<li class=\"contrast-1\"><span style=\"color: #000080;\"><em>Klucze i kasa. O mieniu \u017cydowskim w Polsce pod okupacj\u0105 niemieck\u0105 i we wczesnych latach powojennych 1939\u20131950<\/em>, red. J. Grabowski, D. Libionka, Warszawa 2014.<\/span><\/li>\n<li class=\"contrast-1\"><span style=\"color: #000080;\">A. Kopciowski,&nbsp;<em>Zag\u0142ada \u017byd\u00f3w w Zamo\u015bciu<\/em>, Lublin 2005.<\/span><\/li>\n<li class=\"contrast-1\"><span style=\"color: #000080;\">K. Koprowska,&nbsp;<em>Postronni? Zag\u0142ada w relacjach ch\u0142opskich \u015bwiadk\u00f3w<\/em>, Krak\u00f3w 2017.<\/span><\/li>\n<li class=\"contrast-1\"><span style=\"color: #000080;\">R. Kotarba,&nbsp;<em>Niemiecki ob\u00f3z w P\u0142aszowie 1942\u20131945<\/em>, Krak\u00f3w 2009.<\/span><\/li>\n<li class=\"contrast-1\"><span style=\"color: #000080;\">J. Kowalska-Leder,&nbsp;<em>Nie wiem, jak ich mam ceni\u0107. Strefa ambiwalencji w \u015bwiadectwach Polak\u00f3w i \u017byd\u00f3w<\/em>, Warszawa 2019.<\/span><\/li>\n<li class=\"contrast-1\"><span style=\"color: #000080;\">T. Kranz,&nbsp;<em>Zag\u0142ada \u017byd\u00f3w w obozie koncentracyjnym na Majdanku<\/em>, Lublin 2010.<\/span><\/li>\n<li class=\"contrast-1\"><span style=\"color: #000080;\">R. Kuwa\u0142ek,&nbsp;<em>Ob\u00f3z zag\u0142ady w Be\u0142\u017ccu<\/em>, Lublin 2010.<\/span><\/li>\n<li class=\"contrast-1\"><span style=\"color: #000080;\">S. Lehnstaedt,&nbsp;<em>Czas zabijania. Be\u0142\u017cec, Sobib\u00f3r, Treblinka i Akcja Reinhardt<\/em>, Warszawa 2018.<\/span><\/li>\n<li class=\"contrast-1\"><span style=\"color: #000080;\">J. Leociak,&nbsp;<em>Tekst wobec zag\u0142ady. O relacjach z getta warszawskiego<\/em>, Wroc\u0142aw 1997.<\/span><\/li>\n<li class=\"contrast-1\"><span style=\"color: #000080;\">J. Leociak,&nbsp;<em>Ratowanie. Opowie\u015bci Polak\u00f3w i \u017byd\u00f3w<\/em>, Krak\u00f3w 2010.<\/span><\/li>\n<li class=\"contrast-1\"><span style=\"color: #000080;\">D. Libionka,&nbsp;<em>Zag\u0142ada \u017byd\u00f3w w Generalnym Gubernatorstwie. Zarys problematyki<\/em>, Lublin 2017.<\/span><\/li>\n<li class=\"contrast-1\"><span style=\"color: #000080;\">D. Libionka, L. Weinbaum,&nbsp;<em>Bohaterowie, hochsztaplerzy, opisywacze. Wok\u00f3\u0142 \u017bydowskiego Zwi\u0105zku Wojskowego<\/em>, Warszawa 2011.<\/span><\/li>\n<li class=\"contrast-1\"><span style=\"color: #000080;\">A. L\u00f6w,&nbsp;<em>Getto \u0142\u00f3dzkie. Litzmannstadt Getto. Warunki \u017cycia i sposoby przetrwania<\/em>, \u0141\u00f3d\u017a 2012.<\/span><\/li>\n<li class=\"contrast-1\"><span style=\"color: #000080;\">A. L\u00f6w, M. Roth,&nbsp;<em>Krakowscy \u017bydzi pod okupacj\u0105 niemieck\u0105 1939\u20131945<\/em>, Krak\u00f3w 2014.<\/span><\/li>\n<li class=\"contrast-1\"><span style=\"color: #000080;\">B. Mark,&nbsp;<em>Powstanie w getcie warszawskim, Nowe uzupe\u0142nione wydanie i zbi\u00f3r dokument\u00f3w<\/em>, Warszawa 1963.<\/span><\/li>\n<li class=\"contrast-1\"><span style=\"color: #000080;\">T. Markiel, A. Skibi\u0144ska,&nbsp;<em>\u201eJakie to ma znaczenie, czy zrobili to z chciwo\u015bci?&#8221;. Zag\u0142ada domu Trynczer\u00f3w<\/em>, Warszawa 2011.<\/span><\/li>\n<li class=\"contrast-1\"><span style=\"color: #000080;\">M. Melchior,&nbsp;<em>Zag\u0142ada a to\u017csamo\u015b\u0107. Polscy \u017bydzi ocaleni \u201ena aryjskich papierach&#8221;. Analiza do\u015bwiadczenia biograficznego<\/em>, Warszawa 2004.<\/span><\/li>\n<li class=\"contrast-1\"><span style=\"color: #000080;\">W. M\u0119dykowski,&nbsp;<em>W cieniu gigant\u00f3w. Pogromy 1941 r. w by\u0142ej sowieckiej strefie okupacyjnej. Kontekst historyczny, spo\u0142eczny i kulturowy<\/em>, Warszawa 2012.<\/span><\/li>\n<li class=\"contrast-1\"><span style=\"color: #000080;\">P. Montague,&nbsp;<em>Che\u0142mno. Pierwszy nazistowski ob\u00f3z zag\u0142ady<\/em>, Wo\u0142owiec 2014.<\/span><\/li>\n<li class=\"contrast-1\"><span style=\"color: #000080;\">J. Nalewajko-Kulikov,&nbsp;<em>Strategie przetrwania. \u017bydzi po aryjskiej stronie Warszawy<\/em>, Warszawa 2004.<\/span><\/li>\n<li class=\"contrast-1\"><span style=\"color: #000080;\">A. Namys\u0142o,&nbsp;<em>Zanim nadesz\u0142a Zag\u0142ada\u2026 Po\u0142o\u017cenie ludno\u015bci \u017cydowskiej w Zag\u0142\u0119biu D\u0105browskim w okresie okupacji niemieckiej<\/em>, Katowice 2009.<\/span><\/li>\n<li class=\"contrast-1\"><span style=\"color: #000080;\"><em>OUN, UPA i zag\u0142ada \u017byd\u00f3w<\/em>, red. A. A. Zi\u0119ba, Krak\u00f3w 2016.<\/span><\/li>\n<li class=\"contrast-1\"><span style=\"color: #000080;\"><em>Pami\u0119\u031c\u0107 Shoah. Kulturowe reprezentacje i praktyki upami\u0119\u031ctnienia<\/em>, red. A. Zeidler-Janiszewska, T. Majewski, M. W\u00f3jcik, \u0141\u00f3d\u017a 2011.<\/span><\/li>\n<li class=\"contrast-1\"><span style=\"color: #000080;\">G. Paulsson,&nbsp;<em>Utajone miasto. \u017bydzi po aryjskiej stronie Warszawy (1940\u20131945)<\/em>, Krak\u00f3w 2007.<\/span><\/li>\n<li class=\"contrast-1\"><span style=\"color: #000080;\">K. Person,&nbsp;<em>Dipisi. \u017bydzi polscy w ameryka\u0144skiej i brytyjskiej strefach okupacyjnych Niemiec, 1945\u20131948<\/em>, Warszawa 2019.<\/span><\/li>\n<li class=\"contrast-1\"><span style=\"color: #000080;\">K. Person,&nbsp;<em>Policjanci. Wizerunek \u017bydowskiej S\u0142u\u017cby Porz\u0105dkowej w getcie warszawskim<\/em>, Warszawa 2018.<\/span><\/li>\n<li class=\"contrast-1\"><span style=\"color: #000080;\"><em>Polacy i \u017bydzi pod okupacj\u0105 niemieck\u0105 1939\u20131945. Studia i materia\u0142y<\/em>, red. A. \u017bbikowski, Warszawa 2006.<\/span><\/li>\n<li class=\"contrast-1\"><span style=\"color: #000080;\">M. Polit,&nbsp;<em>Mordechaj Chaim Rumkowski. Prawda i zmy\u015blenie<\/em>, Warszawa 2012.<\/span><\/li>\n<li class=\"contrast-1\"><span style=\"color: #000080;\">T. Prekerowa,&nbsp;<em>Konspiracyjna Rada Pomocy \u017bydom w Warszawie 1942\u20131945<\/em>, Warszawa 1982.<\/span><\/li>\n<li class=\"contrast-1\"><span style=\"color: #000080;\">T. Prekerowa,&nbsp;<em>Zarys dziej\u00f3w \u017byd\u00f3w w Polsce w latach 1939\u20131945<\/em>, Warszawa 1992.<\/span><\/li>\n<li class=\"contrast-1\"><span style=\"color: #000080;\"><em>Prowincja noc. \u017bycie i zag\u0142ada \u017byd\u00f3w w dystrykcie warszawskim<\/em>, red. B. Engelking, J. Leociak, D. Libionka, Warszawa 2007.<\/span><\/li>\n<li class=\"contrast-1\"><span style=\"color: #000080;\">A. Pu\u0142awski,<em>&nbsp;W obliczu Zag\u0142ady. Rz\u0105d RP na Uchod\u017astwie, Delegatura Rz\u0105du RP na Kraj, ZWZ-AK wobec deportacji \u017byd\u00f3w do oboz\u00f3w zag\u0142ady (1941\u20131942)<\/em>, Lublin 2009.<\/span><\/li>\n<li class=\"contrast-1\"><span style=\"color: #000080;\">A. Pu\u0142awski,&nbsp;<em>Wobec \u201eniespotykanego w dziejach mordu&#8221;. Rz\u0105d RP na uchod\u017astwie, Delegatura Rz\u0105du RP na Kraj, AK a eksterminacja ludno\u015bci \u017cydowskiej od \u201ewielkiej akcji&#8221; do powstania w getcie warszawskim<\/em>, Che\u0142m 2018.<\/span><\/li>\n<li class=\"contrast-1\"><span style=\"color: #000080;\">T. Radzik,&nbsp;<em>Zag\u0142ada lubelskiego getta<\/em>, Lublin 2007.<\/span><\/li>\n<li class=\"contrast-1\"><span style=\"color: #000080;\">E. R\u0105czy,&nbsp;<em>Pomoc Polak\u00f3w dla ludno\u015bci \u017cydowskiej na Rzeszowszczy\u017anie 1939\u20131945<\/em>, Rzesz\u00f3w 2008.<\/span><\/li>\n<li class=\"contrast-1\"><span style=\"color: #000080;\">E. R\u0105czy,&nbsp;<em>Zag\u0142ada \u017byd\u00f3w w dystrykcie krakowskim w latach 1939\u20131945<\/em>, Rzesz\u00f3w 2014.<\/span><\/li>\n<li class=\"contrast-1\"><span style=\"color: #000080;\"><em>Represje za pomoc \u017bydom na okupowanych ziemiach polskich w czasie II wojny \u015bwiatowej<\/em>, t. 1, red. A. Namys\u0142o, M. Gr\u0105dzka, Warszawa 2019.<\/span><\/li>\n<li class=\"contrast-1\"><span style=\"color: #000080;\">E. Ringelblum,&nbsp;<em>Stosunki polsko-\u017cydowskie w czasie drugiej wojny \u015bwiatowej. Uwagi i spostrze\u017cenia<\/em>, Warszawa 1988.<\/span><\/li>\n<li class=\"contrast-1\"><span style=\"color: #000080;\">R. Sakowska,&nbsp;<em>Dwa etapy. Hitlerowska polityka eksterminacji \u017byd\u00f3w w oczach ofiar. Szkic historyczny i dokumenty<\/em>, Wroc\u0142aw 1986.<\/span><\/li>\n<li class=\"contrast-1\"><span style=\"color: #000080;\">R. Sakowska,&nbsp;<em>Ludzie z dzielnicy zamkni\u0119tej. Z dziej\u00f3w \u017byd\u00f3w w Warszawie w latach okupacji hitlerowskiej pa\u017adziernik 1939 \u2013 marzec 1943<\/em>, Warszawa 1993.<\/span><\/li>\n<li class=\"contrast-1\"><span style=\"color: #000080;\">A. Sitarek,&nbsp;<em>\u201eOtoczone drutem pa\u0144stwo&#8221;. Struktura i funkcjonowanie administracji \u017cydowskiej getta \u0142\u00f3dzkiego<\/em>, \u0141\u00f3d\u017a 2016.<\/span><\/li>\n<li class=\"contrast-1\"><span style=\"color: #000080;\">D. Stola,&nbsp;<em>Nadzieja i Zag\u0142ada. Ignacy Schwartzbart \u2013 \u017cydowski przedstawiciel w Radzie Narodowej RP (1940\u20131945)<\/em>, Warszawa 1995.<\/span><\/li>\n<li class=\"contrast-1\"><span style=\"color: #000080;\">P. Szapiro,&nbsp;<em>Wojna \u017cydowsko-niemiecka. Polska prasa konspiracyjna o powstaniu w getcie Warszawy 1943\u20131944<\/em>, Londyn 1992.<\/span><\/li>\n<li class=\"contrast-1\"><span style=\"color: #000080;\">T. Szarota,&nbsp;<em>U progu Zag\u0142ady. Zaj\u015bcia anty\u017cydowskie i pogromy w okupowanej Europie. Warszawa, Pary\u017c, Amsterdam, Antwerpia, Kowno<\/em>, Warszawa 2000.<\/span><\/li>\n<li class=\"contrast-1\"><span style=\"color: #000080;\">R. Szuchta, P. Troja\u0144ski,&nbsp;<em>Zrozumie\u0107 Holokaust. Ksi\u0105\u017cka pomocnicza do nauczania o zag\u0142adzie \u017byd\u00f3w<\/em>, Warszawa 2012.<\/span><\/li>\n<li class=\"contrast-1\"><span style=\"color: #000080;\">J. Tokarska-Bakir,&nbsp;<em>Okrzyki pogromowe. Szkice z antropologii historycznej Polski lat 1939\u20131946<\/em>, Wo\u0142owiec 2012.<\/span><\/li>\n<li class=\"contrast-1\"><span style=\"color: #000080;\">M. Urynowicz,&nbsp;<em>Adam Czerniak\u00f3w 1880\u20131942. Prezes getta warszawskiego<\/em>, Warszawa 2009.<\/span><\/li>\n<li class=\"contrast-1\"><span style=\"color: #000080;\">M. Wierzbicki,&nbsp;<em>Polacy i \u017bydzi w zaborze sowieckim. Stosunki polsko-\u017cydowskie na ziemiach p\u00f3\u0142nocno-wschodnich II RP pod okupacj\u0105 sowieck\u0105 (1939\u20131941)<\/em>, Warszawa 2001.<\/span><\/li>\n<li class=\"contrast-1\"><span style=\"color: #000080;\"><em>Wok\u00f3\u0142 Jedwabnego<\/em>, t. 1\u20132, red. P. Machcewicz, K. Persak, Warszawa 2002.<\/span><\/li>\n<li class=\"contrast-1\"><span style=\"color: #000080;\">M. W\u00f3jcik,&nbsp;<em>Treblinka \u201943. Bunt w fabryce \u015bmierci<\/em>, Krak\u00f3w 2018.<\/span><\/li>\n<li class=\"contrast-1\"><span style=\"color: #000080;\"><em>Zag\u0142ada \u017byd\u00f3w na polskich terenach wcielonych do Rzeszy<\/em>, red. A. Namys\u0142o, Warszawa 2008.<\/span><\/li>\n<li class=\"contrast-1\"><span style=\"color: #000080;\"><em>Zag\u0142ada \u017byd\u00f3w na polskiej prowincji<\/em>, red. A. Sitarek, M. Tr\u0119bacz, E. Wiatr, \u0141\u00f3d\u017a 2012.<\/span><\/li>\n<li class=\"contrast-1\"><span style=\"color: #000080;\"><em>Zag\u0142ada \u017byd\u00f3w. Pami\u0119\u0107 narodowa a pisanie historii w Polsce i we Francji<\/em>, red. B. Engelking, J. Leociak, D. Libionka, A. Zi\u0119bi\u0144ska-Witek, Lublin&nbsp;2006.<\/span><\/li>\n<li class=\"contrast-1\"><span style=\"color: #000080;\"><em>Zarys krajobrazu. Wie\u015b polska wobec zag\u0142ady \u017byd\u00f3w 1942\u20131945<\/em>, red. B. Engelking, J. Grabowski, Warszawa 2011.<\/span><\/li>\n<li class=\"contrast-1\"><span style=\"color: #000080;\">K. Zimmerer,&nbsp;<em>Kronika zamordowanego \u015bwiata. \u017bydzi w Krakowie w czasie okupacji niemieckiej<\/em>, Krak\u00f3w 2017.<\/span><\/li>\n<li class=\"contrast-1\"><span style=\"color: #000080;\">A. Zi\u00f3\u0142kowska,&nbsp;<em>Obozy pracy przymusowej dla \u017byd\u00f3w w Wielkopolsce w latach okupacji hitlerowskiej (1941\u20131943)<\/em>, Pozna\u0144 2005.<\/span><\/li>\n<li class=\"contrast-1\"><span style=\"color: #000080;\">A. \u017bbikowski,&nbsp;<em>U genezy Jedwabnego. \u017bydzi na Kresach P\u00f3\u0142nocno-Wschodnich II Rzeczypospolitej. Wrzesie\u0144 1939\u2013lipiec 1941<\/em>, Warszawa 2006.<\/span><\/li>\n<\/ul>\n<h4 class=\"contrast-1\" style=\"text-align: center;\"><span style=\"color: #000080;\"><strong>POWOJNIE<\/strong><\/span><\/h4>\n<ul class=\"contrast-1\">\n<li class=\"contrast-1\"><span style=\"color: #000080;\">N. Aleksiun,&nbsp;<em>Dok\u0105d dalej? Ruch syjonistyczny w Polsce 1945\u20131950<\/em>, Warszawa 2002.<\/span><\/li>\n<li class=\"contrast-1\"><span style=\"color: #000080;\"><em>Antysemityzm w Polsce i na Ukrainie. Raport z bada\u0144<\/em>, red. I. Krzemi\u0144ski, Warszawa 2004.<\/span><\/li>\n<li class=\"contrast-1\"><span style=\"color: #000080;\">G. Berendt,&nbsp;<em>\u017bydzi na gda\u0144skim rozdro\u017cu (1945\u20131950)<\/em>, Gda\u0144sk 2000.<\/span><\/li>\n<li class=\"contrast-1\"><span style=\"color: #000080;\">G. Berendt,&nbsp;<em>\u017bycie \u017cydowskie w Polsce w latach 1950\u20131956. Z dziej\u00f3w Towarzystwa Spo\u0142eczno-Kulturalnego \u017byd\u00f3w w Polsce<\/em>, Warszawa 2008.<\/span><\/li>\n<li class=\"contrast-1\"><span style=\"color: #000080;\">A. Ca\u0142a,<em>&nbsp;Ochrona bezpiecze\u0144stwa fizycznego \u017byd\u00f3w w Polsce powojennej. Komisje specjalne przy Centralnym Komitecie \u017byd\u00f3w w Polsce<\/em>, Warszawa 2014.<\/span><\/li>\n<li class=\"contrast-1\"><span style=\"color: #000080;\">A. Cichopek,&nbsp;<em>Pogrom \u017byd\u00f3w w Krakowie. 11 sierpnia 1945,<\/em>&nbsp;Warszawa 2000.<\/span><\/li>\n<li class=\"contrast-1\"><span style=\"color: #000080;\"><em>Czy Polacy s\u0105 antysemitami? Wyniki badania sonda\u017cowego<\/em>, red. I. Krzemi\u0144ski, Warszawa 1996.<\/span><\/li>\n<li class=\"contrast-1\"><span style=\"color: #000080;\">H.-C. Dahlmann,&nbsp;<em>Antysemityzm w Polsce roku 1968<\/em>, Warszawa 2018.<\/span><\/li>\n<li class=\"contrast-1\"><span style=\"color: #000080;\">J. Eisler,&nbsp;<em>Marzec 1968. Geneza, przebieg, konsekwencje<\/em>, Warszawa 1991.<\/span><\/li>\n<li class=\"contrast-1\"><span style=\"color: #000080;\">J. Eisler,&nbsp;<em>Polski rok 1968<\/em>, Warszawa 2006.<\/span><\/li>\n<li class=\"contrast-1\"><span style=\"color: #000080;\">M. Fik,&nbsp;<em>Marcowa kultura<\/em>, Warszawa 1995.<\/span><\/li>\n<li class=\"contrast-1\"><span style=\"color: #000080;\">P. Forecki,&nbsp;<em>Od Shoah do &#8220;Strachu&#8221;. Spory o polsko-\u017cydowsk\u0105 przesz\u0142o\u015b\u0107 i pami\u0119\u0107 w debatach publicznych<\/em>, Pozna\u0144 2010.<\/span><\/li>\n<li class=\"contrast-1\"><span style=\"color: #000080;\">P. Forecki,&nbsp;<em>Po Jedwabnem. Anatomia pami\u0119ci funkcjonalnej<\/em>, Warszawa 2018.<\/span><\/li>\n<li class=\"contrast-1\"><span style=\"color: #000080;\">A. Grabski,&nbsp;<em>Dzia\u0142alno\u015b\u0107 komunist\u00f3w w\u015br\u00f3d \u017byd\u00f3w w Polsce (1944\u20131949)<\/em>, Warszawa 2004.<\/span><\/li>\n<li class=\"contrast-1\"><span style=\"color: #000080;\">A. Grabski,&nbsp;<em>Centralny Komitet \u017byd\u00f3w w Polsce (1944\u20131950). Historia polityczna<\/em>, Warszawa 2015.<\/span><\/li>\n<li class=\"contrast-1\"><span style=\"color: #000080;\">A. Grabski,&nbsp;<em>\u017bydowski ruch kombatancki w Polsce w latach 1944\u20131949<\/em>, Warszawa 2002.<\/span><\/li>\n<li class=\"contrast-1\"><span style=\"color: #000080;\">A. Grabski, G. Berendt,&nbsp;<em>Mi\u0119dzy emigracj\u0105 a trwaniem. Syjoni\u015bci i komuni\u015bci \u017cydowscy w Polsce po Holocau\u015bcie<\/em>, Warszawa 2003.<\/span><\/li>\n<li class=\"contrast-1\"><span style=\"color: #000080;\">J.T. Gross,&nbsp;<em>Strach. Antysemityzm w Polsce tu\u017c po wojnie. Historia zapa\u015bci moralnej<\/em>, Krak\u00f3w 2008.<\/span><\/li>\n<li class=\"contrast-1\"><span style=\"color: #000080;\">R. E. Gruber,&nbsp;<em>Odrodzenie kultury \u017cydowskiej w Europie<\/em>, Sejny 2004.<\/span><\/li>\n<li class=\"contrast-1\"><span style=\"color: #000080;\">M. Grynberg,&nbsp;<em>\u017bydowska sp\u00f3\u0142dzielczo\u015b\u0107 pracy w Polsce w latach 1945\u20131949<\/em>, Warszawa 1986.<\/span><\/li>\n<li class=\"contrast-1\"><span style=\"color: #000080;\">I. Hurwic-Nowakowska,&nbsp;<em>\u017bydzi polscy (1947\u20131950). Analiza wi\u0119zi spo\u0142ecznej ludno\u015bci \u017cydowskiej<\/em>, Warszawa 1996.<\/span><\/li>\n<li class=\"contrast-1\"><span style=\"color: #000080;\">W. Jaworski,&nbsp;<em>\u017bydzi na G\u00f3rnym \u015al\u0105sku w latach 1945\u20131970<\/em>, Sosnowiec 2001.<\/span><\/li>\n<li class=\"contrast-1\"><span style=\"color: #000080;\">K. Kersten,&nbsp;<em>Polacy, \u017bydzi, komunizm: anatomia p\u00f3\u0142prawd 1939\u20131968<\/em>, Warszawa 1992.<\/span><\/li>\n<li class=\"contrast-1\"><span style=\"color: #000080;\">R. Kobylarz,&nbsp;<em>Walka o pami\u0119\u0107. Polityczne aspekty obchod\u00f3w rocznicy powstania w getcie warszawskim 1944\u20131989<\/em>, Warszawa 2009.<\/span><\/li>\n<li class=\"contrast-1\"><span style=\"color: #000080;\">B. Krupa,&nbsp;<em>Opowiedzie\u0107 Zag\u0142ad\u0119. Proza polska i historiografia wobec Holocaustu (1987\u20132003)<\/em>, Krak\u00f3w 2013.<\/span><\/li>\n<li class=\"contrast-1\"><span style=\"color: #000080;\">\u0141. Krzy\u017canowski,&nbsp;<em>Dom, kt\u00f3rego nie by\u0142o. Powroty ocala\u0142ych do powojennego miasta<\/em>, Wo\u0142owiec 2016.<\/span><\/li>\n<li class=\"contrast-1\"><span style=\"color: #000080;\"><em>Lata czterdzieste. Pocz\u0105tki polskiej narracji o Zag\u0142adzie<\/em>, red. M. Hopfinger, T. \u017bukowski, Warszawa 2018.<\/span><\/li>\n<li class=\"contrast-1\"><span style=\"color: #000080;\"><em>Literatura polska wobec Zag\u0142ady (1939\u20131968)<\/em>, red. S. Bury\u0142a, D. Krawczy\u0144ska, J Leociak, Warszawa 2012.<\/span><\/li>\n<li class=\"contrast-1\"><span style=\"color: #000080;\"><em>Marzec 1968. Trzydzie\u015bci lat p\u00f3\u017aniej<\/em>, red. M. Kula, P. Os\u0119ka, M. Zaremba, t. 1\u20132, Warszawa 1998.<\/span><\/li>\n<li class=\"contrast-1\"><span style=\"color: #000080;\">J. Nalewajko-Kulikow,&nbsp;<em>Obywatel Jidyszlandu. Rzecz o \u017cydowskich komunistach w Polsce<\/em>, Warszawa 2009.<\/span><\/li>\n<li class=\"contrast-1\"><span style=\"color: #000080;\"><em>Nast\u0119pstwa zag\u0142ady \u017byd\u00f3w. Polska 1944\u20132010<\/em>, red. F. Tych, M. Adamczyk-Garbowska, Warszawa 2011.<\/span><\/li>\n<li class=\"contrast-1\"><span style=\"color: #000080;\">M. Nowicka-Franczak,&nbsp;<em>Niechciana debata: Sp\u00f3r o ksi\u0105\u017cki Jana Tomasza Grossa<\/em>, Warszawa 2017.<\/span><\/li>\n<li class=\"contrast-1\"><span style=\"color: #000080;\"><em>Nusech Pojln. Studia z dziej\u00f3w kultury jidysz w powojennej Polsce<\/em>, red. M. Ruta, Krak\u00f3w 2008.<\/span><\/li>\n<li class=\"contrast-1\"><span style=\"color: #000080;\">P. Os\u0119ka,&nbsp;<em>Syjoni\u015bci, inspiratorzy, wichrzyciele. Obraz wroga w propagandzie marca 1968<\/em>, Warszawa 1999.<\/span><\/li>\n<li class=\"contrast-1\"><span style=\"color: #000080;\">P. Os\u0119ka,&nbsp;<em>Marzec \u201968<\/em>, Krak\u00f3w 2008.<\/span><\/li>\n<li class=\"contrast-1\"><span style=\"color: #000080;\">P. P\u0119zi\u0144ski, Na rozdro\u017cu. M\u0142odzie\u017c \u017cydowska w PRL 1956-1968, Warszawa 2014.<\/span><\/li>\n<li class=\"contrast-1\"><span style=\"color: #000080;\"><em>Pogromy \u017byd\u00f3w na ziemiach polskich w XIX i XX wieku, t. 4: Holocaust i powojnie (1939\u20131946)<\/em>, red. A. Grabski, Warszawa 2019.<\/span><\/li>\n<li class=\"contrast-1\"><span style=\"color: #000080;\">A. Polonsky,&nbsp;<em>Stosunki polsko-\u017cydowskie od 1984 roku: refleksje uczestnika<\/em>, Krak\u00f3w \u2013 Budapeszt 2009.<\/span><\/li>\n<li class=\"contrast-1\"><span style=\"color: #000080;\">J.Y. Potel,&nbsp;<em>Koniec niewinno\u015bci. Polska wobec swojej \u017cydowskiej przesz\u0142o\u015bci<\/em>, Krak\u00f3w 2010.<\/span><\/li>\n<li class=\"contrast-1\"><span style=\"color: #000080;\"><em>Spo\u0142eczno\u015b\u0107 \u017cydowska w PRL przed kampani\u0105 antysemick\u0105 lat 1967\u20131968 i po niej<\/em>, red. G. Berendt, Warszawa 2009.<\/span><\/li>\n<li class=\"contrast-1\"><span style=\"color: #000080;\">S. Redlich,<em>&nbsp;Na rozdro\u017cu. \u017bydzi w powojennej \u0141odzi 1945\u20131950<\/em>, \u0141\u00f3d\u017a 2012.<\/span><\/li>\n<li class=\"contrast-1\"><span style=\"color: #000080;\">A. Rosner,&nbsp;<em>Obraz spo\u0142eczno\u015bci ocala\u0142ych w centralnej kartotece wydzia\u0142u ewidencji i statystyki CK\u017bP<\/em>, Warszawa 2018.<\/span><\/li>\n<li class=\"contrast-1\"><span style=\"color: #000080;\">M. Rusiniak,&nbsp;<em>Ob\u00f3z zag\u0142ady Treblinka II w pami\u0119ci spo\u0142ecznej (1943\u20131989)<\/em>, Warszawa 2008.<\/span><\/li>\n<li class=\"contrast-1\"><span style=\"color: #000080;\">M. Rusiniak-Karwat,&nbsp;<em>Nowe \u017cycie na zgliszczach. Bund w Polsce w latach 1944\u20131949<\/em>, Warszawa 2016.<\/span><\/li>\n<li class=\"contrast-1\"><span style=\"color: #000080;\">A. Skalska,&nbsp;<em>Obraz wroga w antysemickich rysunkach prasowych Marca \u201968<\/em>, Warszawa&nbsp;2007.<\/span><\/li>\n<li class=\"contrast-1\"><span style=\"color: #000080;\">M.C. Steinlauf,&nbsp;<em>Pami\u0119\u0107 nieprzyswojona. Polska pami\u0119\u0107 Zag\u0142ady<\/em>, Warszawa 2001.<\/span><\/li>\n<li class=\"contrast-1\"><span style=\"color: #000080;\">D. Stola,&nbsp;<em>Kampania antysyjonistyczna w Polsce 1967\u20131968<\/em>, Warszawa 2000.<\/span><\/li>\n<li class=\"contrast-1\"><span style=\"color: #000080;\">B. Szaynok,&nbsp;<em>Ludno\u015b\u0107 \u017cydowska na Dolnym \u015al\u0105sku w latach 1945\u20131950<\/em>, Wroc\u0142aw 2000.<\/span><\/li>\n<li class=\"contrast-1\"><span style=\"color: #000080;\">M. Szydzisz,&nbsp;<em>Spo\u0142eczno\u015b\u0107 \u017cydowska na Dolnym \u015al\u0105sku w \u015bwietle dzia\u0142alno\u015bci Towarzystwa Spo\u0142eczno-Kulturalnego \u017byd\u00f3w w Polsce w latach 1950\u20131989<\/em>, Wroc\u0142aw 2019.<\/span><\/li>\n<li class=\"contrast-1\"><span style=\"color: #000080;\">J. Tokarska-Bakir,&nbsp;<em>Pod kl\u0105tw\u0105. Spo\u0142eczny portret pogromu kieleckiego<\/em>, t. 1\u20132, Warszawa 2018.<\/span><\/li>\n<li class=\"contrast-1\"><span style=\"color: #000080;\">E. W\u0119grzyn,&nbsp;<em>Wyje\u017cd\u017camy! Wyje\u017cd\u017camy?! Alija gomu\u0142kowska, 1956\u20131960<\/em>, Krak\u00f3w 2016.<\/span><\/li>\n<li class=\"contrast-1\"><span style=\"color: #000080;\">J. Wiszniewicz,<em>&nbsp;\u017bycie przeci\u0119te. Opowie\u015bci pokolenia Marca<\/em>, Wo\u0142owiec 2008.<\/span><\/li>\n<li class=\"contrast-1\"><span style=\"color: #000080;\"><em>Wok\u00f3\u0142 pogromu kieleckiego<\/em>, t. 1\u20132, Warszawa 2006\u20132008.<\/span><\/li>\n<li class=\"contrast-1\"><span style=\"color: #000080;\">A. \u017bbikowski,&nbsp;<em>S\u0105d Spo\u0142eczny przy CK\u017bP. Wojenne rozliczenia spo\u0142eczno\u015bci \u017cydowskiej w Polsce<\/em>, Warszawa 2014.<\/span><\/li>\n<li class=\"contrast-1\"><span style=\"color: #000080;\">A. \u017bbikowski,&nbsp;<em>\u017bydowski Instytut Historyczny. 70 lat bada\u0144 nad dziejami polskich \u017byd\u00f3w pisane z perspektywy historyka Zag\u0142ady<\/em>, Warszawa 2018.<\/span><\/li>\n<li class=\"contrast-1\"><span style=\"color: #000080;\"><em>\u017bydzi \u2013 problem prawdziwego Polaka. Antysemityzm, ksenofobia i stereotypy narodowe po raz trzeci,<\/em>&nbsp;red. I. Krzemi\u0144ski, Warszawa 2015.<\/span><\/li>\n<\/ul>\n<hr style=\"height: 15px; background: #d0e6fa; width: 100%;\">\n<div id=\"content\" class=\"content-alignment\">\n<div id=\"watch-description\" class=\"yt-uix-button-panel\">\n<div id=\"watch-description-text\" style=\"text-align: center;\">\n<p><em>Zawarto\u015b\u0107 publikowanych artyku\u0142\u00f3w i materia\u0142\u00f3w nie reprezentuje pogl\u0105d\u00f3w ani opinii Reunion&#8217;68,<\/em><em><br \/>\nani te\u017c webmastera Blogu Reunion&#8217;68, chyba ze jest to wyra\u017anie zaznaczone.<br \/>\nTwoje uwagi, linki, w\u0142asne artyku\u0142y lub wiadomo\u015bci prze\u015blij na adres:<br \/>\n<\/em><span style=\"color: #000080;\"><strong><em><a style=\"color: #000080;\" href=\"mailto:webmaster@reunion68.com\"><span style=\"text-decoration: underline;\">webmaster@reunion68.com<\/span><\/a><\/em><\/strong><\/span><\/p>\n<\/div>\n<\/div>\n<\/div>\n<hr style=\"width: 100%;\">\n","protected":false},"excerpt":{"rendered":"<p>Bibliografia dotycz\u0105ca dziej\u00f3w polskich \u017byd\u00f3w Dzia\u0142 Naukowy Muzeum Historii \u017byd\u00f3w Polskich POLIN &#8220;Atlas historii \u017byd\u00f3w polskich&#8221; Autor: August Grabski, Andrzej Ryka\u0142a, Witold Sienkiewicz, Jacek Wijaczka, Marcin Wodzi\u0144ski, Hanna Zaremska, Andrzej \u017bbikowski, Jolanta \u017byndul Nazwa wydawcy, rok wydania: Demart, 2009 Liczba stron: 424 Ksi\u0105\u017cka pod patronatem Muzeum Historii \u017byd\u00f3w Polskich POLIN. Atlas historii \u017byd\u00f3w polskich&nbsp;jest pierwsz\u0105 [&hellip;]<\/p>\n","protected":false},"author":1,"featured_media":0,"comment_status":"closed","ping_status":"closed","sticky":false,"template":"","format":"standard","meta":[],"categories":[6],"tags":[26,24],"_links":{"self":[{"href":"https:\/\/www.reunion68.se\/index.php?rest_route=\/wp\/v2\/posts\/89512"}],"collection":[{"href":"https:\/\/www.reunion68.se\/index.php?rest_route=\/wp\/v2\/posts"}],"about":[{"href":"https:\/\/www.reunion68.se\/index.php?rest_route=\/wp\/v2\/types\/post"}],"author":[{"embeddable":true,"href":"https:\/\/www.reunion68.se\/index.php?rest_route=\/wp\/v2\/users\/1"}],"replies":[{"embeddable":true,"href":"https:\/\/www.reunion68.se\/index.php?rest_route=%2Fwp%2Fv2%2Fcomments&post=89512"}],"version-history":[{"count":10,"href":"https:\/\/www.reunion68.se\/index.php?rest_route=\/wp\/v2\/posts\/89512\/revisions"}],"predecessor-version":[{"id":89740,"href":"https:\/\/www.reunion68.se\/index.php?rest_route=\/wp\/v2\/posts\/89512\/revisions\/89740"}],"wp:attachment":[{"href":"https:\/\/www.reunion68.se\/index.php?rest_route=%2Fwp%2Fv2%2Fmedia&parent=89512"}],"wp:term":[{"taxonomy":"category","embeddable":true,"href":"https:\/\/www.reunion68.se\/index.php?rest_route=%2Fwp%2Fv2%2Fcategories&post=89512"},{"taxonomy":"post_tag","embeddable":true,"href":"https:\/\/www.reunion68.se\/index.php?rest_route=%2Fwp%2Fv2%2Ftags&post=89512"}],"curies":[{"name":"wp","href":"https:\/\/api.w.org\/{rel}","templated":true}]}}