{"id":89612,"date":"2021-10-15T17:00:22","date_gmt":"2021-10-15T15:00:22","guid":{"rendered":"http:\/\/www.reunion68.se\/?p=89612"},"modified":"2021-10-14T09:44:31","modified_gmt":"2021-10-14T07:44:31","slug":"05-00-65","status":"publish","type":"post","link":"https:\/\/www.reunion68.se\/?p=89612","title":{"rendered":"UK Jewish Group Urges Netflix to Offer Documentary About Antisemitism That \u2018Tarnishes\u2019 Legacy of Children\u2019s Author Roald Dahl"},"content":{"rendered":"<h5 style=\"text-align: center;\"><a href=\"https:\/\/www.algemeiner.com\/\" target=\"_blank\" rel=\"noopener noreferrer\"><img decoding=\"async\" class=\"center alignleft\" src=\"http:\/\/www.reunion68.com\/Biuletyn\/img\/algem.png\" alt=\"\" width=\"35%\"><\/a><span style=\"text-decoration: underline; color: #000080;\"><span><strong><a style=\"color: #000080; text-decoration: underline;\" href=\"https:\/\/www.algemeiner.com\/2021\/09\/24\/top-uk-jewish-group-urges-netflix-to-offer-documentary-about-the-antisemitism-that-tarnishes-legacy-of-childrens-author-roald-dahl\/\" target=\"_blank\" rel=\"noopener noreferrer\">UK Jewish Group Urges Netflix to Offer Documentary About Antisemitism That \u2018Tarnishes\u2019 Legacy of Children\u2019s Author Roald Dahl<\/a><\/strong><\/span><\/span><\/h5>\n<p style=\"text-align: center;\"><span style=\"color: #000000;\"><strong>Shiryn Ghermezian<\/strong><\/span><\/p>\n<hr style=\"height: 15px; background: #d0e6fa; width: 100%;\">\n<p style=\"text-align: center;\"><img decoding=\"async\" class=\"aligncenter\" src=\"https:\/\/www.algemeiner.com\/wp-content\/uploads\/2020\/12\/Roald_Dahl.jpg\" width=\"100%\"><span style=\"color: #808080;\"><em>Roald Dahl. Photo: Wikimedia Commons.<\/em><\/span><\/p>\n<p style=\"text-align: left;\"><span style=\"color: #000080;\">After Netflix announced that it acquired the entire catalogue of works by the late British children\u2019s author Roald Dahl, the Board of Deputies of British Jews called on the streaming giant to produce a documentary examining the \u201cCharlie and the Chocolate Factory\u201d writer\u2019s antisemitic history.<\/span><\/p>\n<p style=\"text-align: left;\"><span style=\"color: #000080;\">Board of Deputies President Marie van der Zyl said in&nbsp;<a style=\"color: #000080;\" href=\"https:\/\/www.bod.org.uk\/bod-news\/netflix-should-make-documentary-exploring-the-antisemitism-that-tarnishes-roald-dahls-legacy\/\" target=\"_blank\" rel=\"noopener noreferrer\">a statement<\/a>&nbsp;on Thursday that Dahl\u2019s \u201cvirulent antisemitism\u201d is widely known and had \u201csadly marred the full enjoyment of his works\u201d for many people.<\/span><\/p>\n<p style=\"text-align: left;\"><span style=\"color: #000080;\">\u201cWe do not believe that Netflix should be prefacing every film and TV series it adapts from Dahl\u2019s works with disclaimers about his bigotry. However, we fear that, as part of Netflix\u2019s stated plans to create a \u2018unique universe\u2019 around his works, a by-product of that may be to present Dahl \u2014 whether on-screen or off it \u2014 as some sort of paragon of kindness and virtue,\u201d she explained. \u201cTo avoid such an approach, Netflix should produce a documentary fully exploring the antisemitism that so tarnishes Dahl\u2019s legacy. Failure to do so will not go unnoticed.\u201d<\/span><\/p>\n<p style=\"text-align: left;\"><span style=\"color: #000080;\">Netflix\u2019s&nbsp;<a style=\"color: #000080;\" href=\"https:\/\/about.netflix.com\/en\/news\/netflix-acquires-iconic-roald-dahl-story-company\" target=\"_blank\" rel=\"noopener noreferrer\">acquisition<\/a>&nbsp;of the Roald Dahl Story Company (RDSC) gives the streaming platform full rights to all of Dahl\u2019s works, which include \u201cJames and the Giant Peach,\u201d \u201cFantastic Mr. Fox,\u201d \u201cMatilda,\u201d \u201cThe BFG,\u201d \u201cThe Witches\u201d and \u201cThe Twits.\u201d Dahl\u2019s books have been translated into 63 languages and sold more than 300 million copies worldwide.<\/span><\/p>\n<p style=\"text-align: left;\"><span style=\"color: #000080;\">The author was unapologetic about his antisemitism. Months before he died in 1990, at the age of 74, he told&nbsp;<em>The Independent<\/em>&nbsp;that Jewish publishers \u201ccontrol the media\u201d and said, \u201cI\u2019m certainly anti-Israeli and I\u2019ve become antisemitic in as much as that you get a Jewish person in another country like England strongly supporting Zionism,\u201d&nbsp;<em><span style=\"text-decoration: underline;\"><strong><a style=\"color: #000080; text-decoration: underline;\" href=\"https:\/\/www.theguardian.com\/books\/2018\/nov\/06\/royal-mint-roald-dahl-coin-antisemitic-views\">The Guardian<\/a><\/strong><\/span>&nbsp;<\/em>reported.<\/span><\/p>\n<p style=\"text-align: left;\"><span style=\"color: #000080;\">He told&nbsp;Britain\u2019s&nbsp;<em><span style=\"text-decoration: underline;\"><strong><a style=\"color: #000080; text-decoration: underline;\" href=\"https:\/\/www.newstatesman.com\/politics\/2018\/11\/i-d-still-read-roald-dahl-s-books-my-children-we-can-t-forget-he-was-anti-semite\" target=\"_blank\" rel=\"noopener noreferrer\">New Statesman<\/a><\/strong><\/span>&nbsp;<\/em>magazine that \u201cthere is a trait in the Jewish character that does provoke animosity, maybe it\u2019s a kind of lack of generosity towards non-Jews \u2026 Even a stinker like Hitler didn\u2019t just pick on them for no reason.\u201d<\/span><\/p>\n<p style=\"text-align: left;\"><span style=\"color: #000080;\">He also made comments about \u201cthose powerful American Jewish bankers\u201d and claimed that the US government was \u201cutterly dominated by the great Jewish financial institutions over there,\u201d<span style=\"text-decoration: underline;\"><strong>&nbsp;<a style=\"color: #000080; text-decoration: underline;\" href=\"https:\/\/www.nytimes.com\/2020\/12\/06\/world\/europe\/roald-dahl-apology-anti-semitism.html\" target=\"_blank\" rel=\"noopener noreferrer\"><em>The New York Times<\/em><\/a>&nbsp;<\/strong><\/span>has reported.<\/span><\/p>\n<p style=\"text-align: left;\"><span style=\"color: #000080;\">In a review on a book about the Lebanon War that appeared in the August 1983 edition of the British periodical&nbsp;<span style=\"text-decoration: underline;\"><strong><a style=\"color: #000080; text-decoration: underline;\" href=\"https:\/\/literaryreview.co.uk\/not-a-chivalrous-affair\" target=\"_blank\" rel=\"noopener noreferrer\"><em>Literary Review<\/em><\/a><\/strong><\/span>, Dahl said about Jewish people: \u201cNever before in the history of man has a race of people switched so rapidly from being much-pitied victims to barbarous murderers.\u201d<\/span><\/p>\n<p style=\"text-align: left;\"><span style=\"color: #000080;\">Dahl\u2019s family issued an apology for his antisemitism on the author\u2019s&nbsp;<a style=\"color: #000080;\" href=\"https:\/\/www.roalddahl.com\/global\/rdsc-and-family-notice\" target=\"_blank\" rel=\"noopener noreferrer\">official website<\/a>&nbsp;in 2020. At the time, van der Zyl&nbsp;<a style=\"color: #000080;\" href=\"https:\/\/twitter.com\/boardofdeputies\/status\/1335595855190044672?s=21\" target=\"_blank\" rel=\"noopener noreferrer\">said<\/a>, \u201cThis apology should have happened long ago \u2014 and it is of concern that it has happened so quietly now.\u201d She also said educators should use Dahl\u2019s books \u201cas an opportunity for young people to learn about his intolerant views.\u201d<\/span><\/p>\n<p style=\"text-align: left;\"><span style=\"color: #000080;\">Netflix&nbsp;<a style=\"color: #000080;\" href=\"https:\/\/about.netflix.com\/en\/news\/netflix-acquires-iconic-roald-dahl-story-company\">said<\/a>&nbsp;on Wednesday that its partnership with RDSC began in 2018 with the aim of creating a number of animated television series\u2019 based on Dahl\u2019s books. Academy Award-winning filmmaker Taika Waititi is already working on a series based on \u201cCharlie and the Chocolate Factory,\u201d and Netflix is collaborating with Sony and Working Title on an adaptation of \u201cMatilda The Musical.\u201d<\/span><\/p>\n<p style=\"text-align: left;\"><span style=\"color: #000080;\">A source close to Netflix told&nbsp;<span style=\"text-decoration: underline;\"><strong><a style=\"color: #000080; text-decoration: underline;\" href=\"https:\/\/www.thejc.com\/news\/uk\/netflix-urged-to-produce-documentary-that-tackles-roald-dahl-s-antisemitism-1.520755\" target=\"_blank\" rel=\"noopener noreferrer\"><em>The Jewish Chronicle<\/em><\/a><\/strong><\/span>&nbsp;that the company condemns \u201cantisemitism in all its forms\u201d and is \u201ccommitted to inclusion in our workplace and our storytelling, including in how we tell these stories going forward.\u201d<\/span><\/p>\n<hr style=\"height: 15px; background: #d0e6fa; width: 100%;\">\n<div id=\"content\" class=\"content-alignment\">\n<div id=\"watch-description\" class=\"yt-uix-button-panel\">\n<div id=\"watch-description-text\" style=\"text-align: center;\">\n<p><em>Zawarto\u015b\u0107 publikowanych artyku\u0142\u00f3w i materia\u0142\u00f3w nie reprezentuje pogl\u0105d\u00f3w ani opinii Reunion&#8217;68,<\/em><em><br \/>\nani te\u017c webmastera Blogu Reunion&#8217;68, chyba ze jest to wyra\u017anie zaznaczone.<br \/>\nTwoje uwagi, linki, w\u0142asne artyku\u0142y lub wiadomo\u015bci prze\u015blij na adres:<br \/>\n<\/em><span style=\"color: #000080;\"><strong><em><a style=\"color: #000080;\" href=\"mailto:webmaster@reunion68.com\"><span style=\"text-decoration: underline;\">webmaster@reunion68.com<\/span><\/a><\/em><\/strong><\/span><\/p>\n<\/div>\n<\/div>\n<\/div>\n<hr style=\"width: 100%;\">\n","protected":false},"excerpt":{"rendered":"<p>UK Jewish Group Urges Netflix to Offer Documentary About Antisemitism That \u2018Tarnishes\u2019 Legacy of Children\u2019s Author Roald Dahl Shiryn Ghermezian Roald Dahl. Photo: Wikimedia Commons. After Netflix announced that it acquired the entire catalogue of works by the late British children\u2019s author Roald Dahl, the Board of Deputies of British Jews called on the streaming [&hellip;]<\/p>\n","protected":false},"author":1,"featured_media":0,"comment_status":"closed","ping_status":"closed","sticky":false,"template":"","format":"standard","meta":[],"categories":[6],"tags":[26,24],"_links":{"self":[{"href":"https:\/\/www.reunion68.se\/index.php?rest_route=\/wp\/v2\/posts\/89612"}],"collection":[{"href":"https:\/\/www.reunion68.se\/index.php?rest_route=\/wp\/v2\/posts"}],"about":[{"href":"https:\/\/www.reunion68.se\/index.php?rest_route=\/wp\/v2\/types\/post"}],"author":[{"embeddable":true,"href":"https:\/\/www.reunion68.se\/index.php?rest_route=\/wp\/v2\/users\/1"}],"replies":[{"embeddable":true,"href":"https:\/\/www.reunion68.se\/index.php?rest_route=%2Fwp%2Fv2%2Fcomments&post=89612"}],"version-history":[{"count":4,"href":"https:\/\/www.reunion68.se\/index.php?rest_route=\/wp\/v2\/posts\/89612\/revisions"}],"predecessor-version":[{"id":89846,"href":"https:\/\/www.reunion68.se\/index.php?rest_route=\/wp\/v2\/posts\/89612\/revisions\/89846"}],"wp:attachment":[{"href":"https:\/\/www.reunion68.se\/index.php?rest_route=%2Fwp%2Fv2%2Fmedia&parent=89612"}],"wp:term":[{"taxonomy":"category","embeddable":true,"href":"https:\/\/www.reunion68.se\/index.php?rest_route=%2Fwp%2Fv2%2Fcategories&post=89612"},{"taxonomy":"post_tag","embeddable":true,"href":"https:\/\/www.reunion68.se\/index.php?rest_route=%2Fwp%2Fv2%2Ftags&post=89612"}],"curies":[{"name":"wp","href":"https:\/\/api.w.org\/{rel}","templated":true}]}}