{"id":90020,"date":"2021-11-03T17:09:54","date_gmt":"2021-11-03T15:09:54","guid":{"rendered":"http:\/\/www.reunion68.se\/?p=90020"},"modified":"2021-10-28T10:04:20","modified_gmt":"2021-10-28T08:04:20","slug":"20-05-73","status":"publish","type":"post","link":"https:\/\/www.reunion68.se\/?p=90020","title":{"rendered":"Prawdziwi palesty\u0144scy \u201cbohaterzy\u201d: terrory\u015bci"},"content":{"rendered":"<p><img decoding=\"async\" class=\"alignleft\" src=\"http:\/\/www.listyznaszegosadu.pl\/upload\/article\/bild\/6132\/901373\/379px-Mahmoud_Abbas_May_2017_s.jpg\" width=\"50%\"><span style=\"color: #808080;\"><em>Dla prezydenta Autonomii Palesty\u0144skiej, <strong>Mahmouda Abbasa<\/strong> (na zdj\u0119ciu) i dla kierownictwa AP ka\u017cdy Palesty\u0144czyk, kt\u00f3ry przy\u0142\u0105cza si\u0119 do d\u017cihadu przeciwko Izraelowi i \u017bydom i zostaje zabity, ranny lub uwi\u0119ziony, jest \u201ebohaterem\u201d. To jest ta sama AP, nad wzmocnieniem kt\u00f3rej pracuje obecnie administracja Bidena. (Zdj\u0119cie: Mahmoud Abbas. Wikipedia.)<\/em><\/span><\/p>\n<hr>\n<h5 style=\"text-align: center;\"><a href=\"http:\/\/www.listyznaszegosadu.pl\/brunatna-fala\/prawdziwi-palestynscy-bohaterzy-terrorysci\" target=\"_blank\" rel=\"noopener noreferrer\"><img decoding=\"async\" class=\"center alignleft\" src=\"http:\/\/www.reunion68.com\/Biuletyn\/img\/z-naszego.jpg\" alt=\"\" width=\"50%\"><\/a><span style=\"text-decoration: underline; color: #000080;\"><strong><a style=\"color: #000080; text-decoration: underline;\" href=\"http:\/\/www.listyznaszegosadu.pl\/brunatna-fala\/prawdziwi-palestynscy-bohaterzy-terrorysci\" target=\"_blank\" rel=\"noopener noreferrer\">Prawdziwi palesty\u0144scy \u201cbohaterzy\u201d: terrory\u015bci<\/a><\/strong><\/span><\/h5>\n<p style=\"text-align: center;\"><span style=\"color: #000000;\"><strong><br \/>\nBassam Tawil<br \/>\n<\/strong><span style=\"color: #808080;\">T\u0142umaczenie: <\/span><strong>Ma\u0142gorzata Koraszewska<\/strong><\/span><\/p>\n<hr style=\"height: 15px; background: #d0e6fa; width: 100%;\">\n<p style=\"text-align: left;\"><span style=\"color: #000080;\">Podczas gdy wiele mi\u0119dzynarodowych medi\u00f3w skupia\u0142o uwag\u0119 na ucieczce sze\u015bciu palesty\u0144skich wi\u0119\u017ani\u00f3w z izraelskiego wi\u0119zienia 6 wrze\u015bnia, jak r\u00f3wnie\u017c na rozgrywaj\u0105cym si\u0119 w kolejnych dniach dramatycznym po\u015bcigu za nimi tysi\u0119cy izraelskich policjant\u00f3w i \u017co\u0142nierzy, tylko nieliczne \u2013 je\u015bli w og\u00f3le jakie\u015b \u2013 informowa\u0142y o trwaj\u0105cym&nbsp;<span style=\"text-decoration: underline;\"><strong><a style=\"color: #000080; text-decoration: underline;\" href=\"https:\/\/wafa.ps\/Pages\/Details\/32525\" target=\"_blank\" rel=\"noopener noreferrer\">gloryfikowaniu<\/a>&nbsp;<\/strong><\/span>terroryst\u00f3w przez przyw\u00f3dc\u00f3w Autonomii Palesty\u0144skiej (AP).<\/span><\/p>\n<p style=\"text-align: left;\"><span style=\"color: #000080;\">Fakt traktowania przez AP palesty\u0144skich terroryst\u00f3w jako bohater\u00f3w, w\u0142\u0105cznie z tymi, kt\u00f3rych z\u0142apa\u0142y si\u0142y bezpiecze\u0144stwa Izraela, kt\u00f3rzy zostali os\u0105dzeni i odsiaduj\u0105 kary wi\u0119zienia, nie jest niczym nowym. W rzeczywisto\u015bci ta&nbsp;<span style=\"text-decoration: underline;\"><strong><a style=\"color: #000080; text-decoration: underline;\" href=\"https:\/\/israelpolicyforum.org\/2021\/04\/02\/palestinian-prisoner-and-martyr-payments-explained\/\" target=\"_blank\" rel=\"noopener noreferrer\">praktyka<\/a>&nbsp;<\/strong><\/span>datuje si\u0119 do pierwszych lat po za\u0142o\u017ceniu Organizacji Wyzwolenia Palestyny (OWP) w 1964 roku.<\/span><\/p>\n<p style=\"text-align: left;\"><span style=\"color: #000080;\">Od tego czasu OWP nie tylko obsypywa\u0142a pochwa\u0142ami palesty\u0144skich terroryst\u00f3w, kt\u00f3rzy mordowali i ranili \u017byd\u00f3w, ale tak\u017ce dawa\u0142a comiesi\u0119czne&nbsp;<span style=\"text-decoration: underline;\"><strong><a style=\"color: #000080; text-decoration: underline;\" href=\"https:\/\/themedialine.org\/mideast-daily-news\/israel-deducting-597-million-from-funds-transferred-to-palestinian-authority-due-to-pay-to-slay\/\" target=\"_blank\" rel=\"noopener noreferrer\">wyp\u0142aty<\/a><\/strong><\/span>&nbsp;dla nich i ich rodzin.<\/span><\/p>\n<p style=\"text-align: left;\"><span style=\"color: #000080;\">Kilka miesi\u0119cy temu Palestinian Media Watch (PMW<span style=\"text-decoration: underline;\"><strong>)&nbsp;<a style=\"color: #000080; text-decoration: underline;\" href=\"https:\/\/palwatch.org\/page\/18603\" target=\"_blank\" rel=\"noopener noreferrer\">ujawni\u0142<\/a><\/strong><\/span>, \u017ce AP zap\u0142aci\u0142a ponad 512 milion\u00f3w szekli (175 milion\u00f3w dolar\u00f3w) w wyp\u0142atach dla wi\u0119\u017ani\u00f3w skazanych za terroryzm w roku 2020. PMW&nbsp;<a style=\"color: #000080;\" href=\"https:\/\/palwatch.org\/page\/18603\" target=\"_blank\" rel=\"noopener noreferrer\">szacuje<\/a>, \u017ce suma p\u0142acona odsiaduj\u0105cym wyroki terrorystom dochodzi do 3,25% rocznego bud\u017cetu AP.<\/span><\/p>\n<p style=\"text-align: left;\"><span style=\"color: #000080;\">Wed\u0142ug PMW, AP pr\u00f3bowa\u0142a&nbsp;<a style=\"color: #000080;\" href=\"https:\/\/palwatch.org\/page\/18603\" target=\"_blank\" rel=\"noopener noreferrer\">ukry\u0107<\/a>&nbsp;wyp\u0142aty za terroryzm przez przekazanie ponad miliarda szekli OWP, z czego 512 milion\u00f3w szekli u\u017cyto na p\u0142ace dla terroryst\u00f3w i ich rodzin.<\/span><\/p>\n<p style=\"text-align: left;\"><span style=\"color: #000080;\">Ta polityka dostarczania finansowego wsparcia terrorystom i ich rodzinom nie jest polityk\u0105, kt\u00f3r\u0105 AP i jej przyw\u00f3dcy kiedykolwiek pr\u00f3bowali ukrywa\u0107. Wr\u0119cz przeciwnie; prezydent AP, Mahmoud Abbas, premier Mohammed Sztajjeh i wielu wysokich rang\u0105 funkcjonariuszy palesty\u0144skich nadal&nbsp;<a style=\"color: #000080;\" href=\"https:\/\/ramallah.news\/post\/155628\/%D8%A7%D8%B4%D8%AA%D9%8A%D8%A9-%D9%85%D8%AE%D8%B5%D8%B5%D8%A7%D8%AA-%D8%A7%D9%84%D8%A3%D8%B3%D8%B1%D9%89-%D8%A3%D9%85%D8%B1-%D9%85%D9%82%D8%AF%D8%B3-%D9%88%D9%84%D9%86-%D8%AA%D8%B1%D9%87%D8%A8%D9%86%D8%A7-%D8%A7%D9%84%D8%AA%D9%87%D8%AF%D9%8A%D8%AF%D8%A7%D8%AA\" target=\"_blank\" rel=\"noopener noreferrer\">przechwala<\/a>&nbsp;si\u0119 swoj\u0105 rol\u0105 w nagradzaniu terroryst\u00f3w i ich rodzin.<\/span><\/p>\n<p style=\"text-align: left;\"><span style=\"color: #000080;\">W 2018 roku Abbas&nbsp;<a style=\"color: #000080;\" href=\"https:\/\/www.memri.org\/reports\/palestinian-authority-pa-president-abbas-if-we-had-only-single-penny-left-we-would-pay-it\" target=\"_blank\" rel=\"noopener noreferrer\">powiedzia\u0142<\/a>&nbsp;w Ramallah podczas ceremonii na cze\u015b\u0107 palesty\u0144skich wi\u0119\u017ani\u00f3w:<\/span><\/p>\n<blockquote>\n<p style=\"text-align: left;\"><strong>&#8220;Ani nie zmniejszymy, ani nie powstrzymamy wyp\u0142at dla rodzin m\u0119czennik\u00f3w, wi\u0119\u017ani\u00f3w i zwolnionych wi\u0119\u017ani\u00f3w, do czego niekt\u00f3rzy d\u0105\u017c\u0105, i je\u015bli zostanie nam jeden grosz, wyp\u0142acimy go rodzinom m\u0119czennik\u00f3w i wi\u0119\u017ani\u00f3w. Z naszego punktu widzenia m\u0119czennicy i wi\u0119\u017aniowie s\u0105 gwiazdami na firmamencie walki palesty\u0144skiego narodu i maj\u0105 pierwsze\u0144stwo we wszystkich sprawach. W1965 roku, kilka dni po wybuchu palesty\u0144skiej rewolucji, pierwsz\u0105 misj\u0105 podj\u0119t\u0105 przez m\u0119czennika prezydenta Jasera Arafata by\u0142o ustanowienie instytucji opieki nad rodzinami m\u0119czennik\u00f3w i mud\u017cahedin\u00f3w Palestyny \u2013 bo oni s\u0105 pionierami i musimy o nich dba\u0107, i b\u0119dziemy o nich dba\u0107\u201d.<\/strong><\/p>\n<\/blockquote>\n<p style=\"text-align: left;\"><span style=\"color: #000080;\">Niedawna ucieczka i ponowne schwytanie sze\u015bciu wi\u0119\u017ani\u00f3w s\u0142u\u017cy\u0142o jako przypomnienie o trwaj\u0105cym poparciu i podziwie AP dla terroryst\u00f3w, kt\u00f3rzy dokonuj\u0105 atak\u00f3w na \u017byd\u00f3w.<\/span><\/p>\n<p style=\"text-align: left;\"><span style=\"color: #000080;\">Dla prezydenta Autonomii Palesty\u0144skiej, Mahmouda Abbasa i dla kierownictwa AP ka\u017cdy Palesty\u0144czyk, kt\u00f3ry przy\u0142\u0105cza si\u0119 do d\u017cihadu&nbsp; (\u015bwi\u0119tej wojny) przeciwko Izraelowi i \u017bydom i zostaje zabity, ranny lub uwi\u0119ziony, jest \u201ebohaterem\u201d i \u201ebojownikiem o wolno\u015b\u0107\u201d.<\/span><\/p>\n<p style=\"text-align: left;\"><span style=\"color: #000080;\">To stanowisko przyw\u00f3dc\u00f3w Autonomii Palesty\u0144skiej informowa\u0142o pokolenia Palesty\u0144czyk\u00f3w, \u017ce mordowanie lub kaleczenie \u017byd\u00f3w jest czym\u015b szlachetnym i zapewnia sprawcom bezgraniczny szacunek \u2013 wr\u0119cz adoracj\u0119.<\/span><\/p>\n<p style=\"text-align: left;\"><span style=\"color: #000080;\">Chocia\u017c pi\u0119ciu z terroryst\u00f3w, kt\u00f3rzy uciekli, nale\u017ca\u0142o do wspieranego przez Iran Palesty\u0144skiego Islamskiego D\u017cihadu (PIJ) \u2013 grupy, kt\u00f3ra d\u0105\u017cy do likwidacji Izraela i przeciwstawia si\u0119 \u201cumiarkowanej\u201d polityce AP wobec Izraela \u2013 Abbas i jego najwy\u017cej postawieni funkcjonariusze na Zachodnim&nbsp;<a style=\"color: #000080;\" href=\"http:\/\/arabic.news.cn\/2021-09\/12\/c_1310183501.htm\" target=\"_blank\" rel=\"noopener noreferrer\">w dalszym<\/a>&nbsp;ci\u0105gu&nbsp;<a style=\"color: #000080;\" href=\"http:\/\/arabic.people.com.cn\/n3\/2019\/0124\/c31662-9540970.html\" target=\"_blank\" rel=\"noopener noreferrer\">nazywaj\u0105<\/a>&nbsp;ich &#8220;bohaterami&#8221; i &#8220;dzielnymi wi\u0119\u017aniami&#8221;.<\/span><\/p>\n<p style=\"text-align: left;\"><span style=\"color: #000080;\">Chocia\u017c czterech spo\u015br\u00f3d terroryst\u00f3w z PIJ by\u0142o skazanych za mordowanie i okaleczenie wielu \u017byd\u00f3w, Abbas i jego reprezentanci&nbsp;<a style=\"color: #000080;\" href=\"https:\/\/www.alwatanvoice.com\/arabic\/news\/2021\/09\/09\/1431839.html\" target=\"_blank\" rel=\"noopener noreferrer\">nadal<\/a>&nbsp;m\u00f3wi\u0105 o nich jako \u201ewi\u0119\u017aniach politycznych\u201d i \u201ebojownikach o wolno\u015b\u0107\u201d, kt\u00f3rych trzyma si\u0119 w&nbsp; wi\u0119zieniu wy\u0142\u0105cznie za \u201eopozycj\u0119 wobec izraelskiej okupacji\u201d.<\/span><\/p>\n<p style=\"text-align: left;\"><span style=\"color: #000080;\">Abbas uwa\u017ca za sw\u00f3j obowi\u0105zek&nbsp;<a style=\"color: #000080;\" href=\"http:\/\/www.plo.ps\/article\/44531\/\" target=\"_blank\" rel=\"noopener noreferrer\">podejmowanie<\/a>&nbsp;i&nbsp;<a style=\"color: #000080;\" href=\"http:\/\/www.wafa.ps\/Pages\/Details\/27906\" target=\"_blank\" rel=\"noopener noreferrer\">honorowanie<\/a>&nbsp;skazanych i podejrzanych terroryst\u00f3w po ich zwolnieniu z izraelskich wi\u0119zie\u0144.<\/span><\/p>\n<p><span style=\"color: #000080;\">Zaledwie dwa miesi\u0105ce temu Abbas z\u0142ama\u0142 regu\u0142y zachowania podczas COVID-19 i by\u0142 gotowy na ryzykowanie w\u0142asnego zdrowia przez zaproszenie by\u0142ego wi\u0119\u017ania, Alghadanfara Abu Atwana, do swojego biura w Ramallah.<\/span><\/p>\n<p><span style=\"color: #000080;\">Abu Atwana&nbsp;<a style=\"color: #000080;\" href=\"https:\/\/arabic.rt.com\/middle_east\/1252538-%D8%A7%D9%84%D8%B1%D8%A6%D9%8A%D8%B3-%D8%A7%D9%84%D9%81%D9%84%D8%B3%D8%B7%D9%8A%D9%86%D9%8A-%D9%8A%D8%B3%D8%AA%D9%82%D8%A8%D9%84-%D8%A7%D9%84%D8%A3%D8%B3%D9%8A%D8%B1-%D8%A7%D9%84%D9%85%D8%AD%D8%B1%D8%B1-%D8%A7%D9%84%D8%BA%D8%B6%D9%86%D9%81%D8%B1-%D8%A3%D8%A8%D9%88-%D8%B9%D8%B7%D9%88%D8%A7%D9%86\/\" target=\"_blank\" rel=\"noopener noreferrer\">zaproszono<\/a>&nbsp;do biura Abbasa wkr\u00f3tce po tym, jak zosta\u0142 zwolniony z izraelskiego internowania z powodu podejrzenia o udzia\u0142 w antyizraelskich akcjach, kt\u00f3rych natury izraelskie s\u0142u\u017cby bezpiecze\u0144stwa nie ujawni\u0142y.<\/span><\/p>\n<p><span style=\"color: #000080;\">Podczas tego spotkania Abbas&nbsp;<a style=\"color: #000080;\" href=\"http:\/\/www.wafa.ps\/Pages\/Details\/27906\" target=\"_blank\" rel=\"noopener noreferrer\">powiedzia\u0142<\/a>, \u017ce zwolnieni wi\u0119\u017aniowie \u201cstanowi\u0105 wz\u00f3r dla palesty\u0144skiej m\u0142odzie\u017cy, z kt\u00f3rego jeste\u015bmy dumni\u201d.<\/span><\/p>\n<p><span style=\"color: #000080;\">Takie spotkania Abbasa z by\u0142ymi palesty\u0144skimi wi\u0119\u017aniami s\u0105 cz\u0119ste i maj\u0105 informowa\u0107 palesty\u0144skie spo\u0142ecze\u0144stwo o wielkim szacunku wobec terroryst\u00f3w i ich rodzin. Abbas w rzeczywisto\u015bci m\u00f3wi Palesty\u0144czykom: je\u015bli p\u00f3jdziesz do wi\u0119zienia za zamordowanie lub okaleczenie \u017byda, zarobisz na najwy\u017cszy szacunek i zostaniesz uhonorowany przez samego prezydenta.<\/span><\/p>\n<p><span style=\"color: #000080;\">Podczas gdy trwa\u0142 po\u015bcig za sze\u015bcioma uciekinierami z izraelskiego wi\u0119zienia, Abbas wys\u0142a\u0142 swojego rzecznika, &nbsp;Nabila Abu Rudaineha, by przekaza\u0142 nast\u0119puj\u0105cy&nbsp;<a style=\"color: #000080;\" href=\"https:\/\/wafa.ps\/Pages\/Details\/32443\" target=\"_blank\" rel=\"noopener noreferrer\">komunikat<\/a>&nbsp;Palesty\u0144czykom, Izraelczykom i reszcie \u015bwiata: &#8220;Nasi dzielni wi\u0119\u017aniowie w izraelskich wi\u0119zieniach s\u0105 bohaterami palesty\u0144skiego ludu i nie b\u0119dzie pokoju ani stabilno\u015bci bez uwolnienia wszystkich naszych wi\u0119\u017ani\u00f3w\u201d.<\/span><\/p>\n<p><span style=\"color: #000080;\">Mahmoud al-Aloul, wiceprzewodnicz\u0105cy rz\u0105dz\u0105cego w AP Fatahu (przewodnicz\u0105cym jest Mahmoud Abbas), nawet&nbsp;<a style=\"color: #000080;\" href=\"https:\/\/wafa.ps\/Pages\/Details\/32525\" target=\"_blank\" rel=\"noopener noreferrer\">ostrzeg\u0142<\/a>&nbsp;Izrael przed pr\u00f3b\u0105 ponownego schwytania terroryst\u00f3w, o kt\u00f3rych m\u00f3wi\u0142 \u201ebohaterzy\u201d. Wed\u0142ug al-Aloula, ponowne aresztowanie terroryst\u00f3w, kt\u00f3rzy uciekli z izraelskiego wi\u0119zienia Gilboa, r\u00f3wna\u0142oby si\u0119 \u201ezbrodni\u201d i \u201ez\u0142amaniu\u201d ich praw.<\/span><\/p>\n<p><span style=\"color: #000080;\">To jest teatr absurdu, w kt\u00f3rym wysoki rang\u0105 palesty\u0144ski funkcjonariusz pot\u0119pia Izrael za starania ponownego schwytania skazanych terroryst\u00f3w, kt\u00f3rzy zamordowali i zranili wielu \u017byd\u00f3w i odsiaduj\u0105 wieloletnie wyroki. Izrael, zdaniem tego funkcjonariusza, powinien zaakceptowa\u0107 ucieczk\u0119 terroryst\u00f3w z wi\u0119zienia i ich powr\u00f3t do mordowania \u017byd\u00f3w.<\/span><\/p>\n<p><span style=\"color: #000080;\">OWP, na kt\u00f3rej czele tak\u017ce stoi Abbas,&nbsp;<a style=\"color: #000080;\" href=\"https:\/\/wafa.ps\/Pages\/Details\/32513\" target=\"_blank\" rel=\"noopener noreferrer\">oznajmi\u0142a<\/a>&nbsp;(kiedy po\u015bcig jeszcze trwa\u0142), \u017ce terrory\u015bci, kt\u00f3rzy uciekli z wi\u0119zienia s\u0105 \u201cawangard\u0105 i najlepszymi spo\u015br\u00f3d palesty\u0144skiej spo\u0142eczno\u015bci, poniewa\u017c po\u015bwiecili \u017cycie na rzecz ojczyzny i narodu\u201d.<\/span><\/p>\n<p><span style=\"color: #000080;\">Jest to rodzaj retoryki, kt\u00f3ra sk\u0142ania Palesty\u0144czyk\u00f3w do przy\u0142\u0105czenia si\u0119 do d\u017cihadu przeciwko Izraelowi i wyruszania na misje atakowania \u017byd\u00f3w. To jest rodzaj retoryki, kt\u00f3ra wys\u0142a\u0142a&nbsp;<a style=\"color: #000080;\" href=\"https:\/\/alquds.com\/2021\/09\/10\/%d8%a7%d9%84%d8%a7%d9%81-%d8%a7%d9%84%d9%85%d9%88%d8%a7%d8%b7%d9%86%d9%8a%d9%86-%d9%8a%d8%a3%d9%85%d9%88%d9%86-%d9%85%d9%86%d8%b2%d9%84%d9%8a-%d8%a7%d9%84%d8%a7%d8%b3%d9%8a%d8%b1%d9%8a%d9%86-%d8%a7\/\" target=\"_blank\" rel=\"noopener noreferrer\">tysi\u0105ce<\/a>&nbsp;Palesty\u0144czyk\u00f3w na&nbsp;<a style=\"color: #000080;\" href=\"https:\/\/alquds.com\/2021\/09\/11\/%d8%ac%d9%85%d8%a7%d9%87%d9%8a%d8%b1-%d8%ba%d9%81%d9%8a%d8%b1%d8%a9-%d8%aa%d8%b4%d8%a7%d8%b1%d9%83-%d8%a8%d9%88%d9%82%d9%81%d8%a9-%d8%af%d8%b9%d9%85-%d9%84%d9%84%d8%a3%d8%b3%d8%b1%d9%89-%d9%81%d9%8a\/\" target=\"_blank\" rel=\"noopener noreferrer\">ulice<\/a>, by&nbsp;<a style=\"color: #000080;\" href=\"http:\/\/www.alhaya.ps\/ar\/Article\/122062\/%D9%85%D8%B3%D9%8A%D8%B1%D8%A9-%D8%AC%D9%85%D8%A7%D9%87%D9%8A%D8%B1%D9%8A%D8%A9-%D9%88%D8%B3%D8%B7-%D8%B1%D8%A7%D9%85-%D8%A7%D9%84%D9%84%D9%87-%D8%A7%D8%B3%D9%86%D8%A7%D8%AF%D8%A7-%D9%84%D8%A3%D8%B3%D8%B1%D9%89-%D8%AC%D9%84%D8%A8%D9%88%D8%B9-%D8%A7%D9%84%D8%B3%D8%AA%D8%A9\" target=\"_blank\" rel=\"noopener noreferrer\">wyrazili<\/a>&nbsp;solidarno\u015b\u0107 z uciekinierami i wszystkimi terrorystami w izraelskich wi\u0119zieniach.<\/span><\/p>\n<p><span style=\"color: #000080;\">S\u0142owa i czyny Abbasa i innych palesty\u0144skich przyw\u00f3dc\u00f3w w nast\u0119pstwie ucieczki sze\u015bciu terroryst\u00f3w pokazuj\u0105 wyra\u017anie, jak Palesty\u0144czycy przekszta\u0142cili morderc\u00f3w i zbir\u00f3w w spo\u0142eczne wzory osobowe.<\/span><\/p>\n<p><span style=\"color: #000080;\">To, co Abbas, OWP i Fatah m\u00f3wili \u2013 po arabsku \u2013 o terrorystach w ostatnich tygodniach, ujawnia, \u017ce mowa administracji Bidena o wznowieniu izraelsko-palesty\u0144skiego procesu pokojowego w rzeczywisto\u015bci jest \u015bmiertelnie gro\u017anym urojeniem.<\/span><\/p>\n<p><span style=\"color: #000080;\">Dla Palesty\u0144czyk\u00f3w prawdziwymi \u201cbohaterami\u201d s\u0105 ci, kt\u00f3rzy siedz\u0105 w izraelskich wi\u0119zieniach za dokonywanie zamach\u00f3w terrorystycznych przeciwko \u017bydom.<\/span><\/p>\n<p><span style=\"color: #000080;\">Przez wychwalanie terroryst\u00f3w i przedstawianie ich jako \u201cbohater\u00f3w\u201d i \u201cm\u0119czennik\u00f3w\u201d palesty\u0144scy przyw\u00f3dcy popieraj\u0105 tych, kt\u00f3rzy anga\u017cuj\u0105 si\u0119 w przemoc, d\u0105\u017c\u0105 do likwidacji Izraela i odrzucaj\u0105 proces pokojowy na Bliskim Wschodzie. W takiej sytuacji, jak mo\u017ce Abbas \u2013 lub jakikolwiek palesty\u0144ski przyw\u00f3dca \u2013 kiedykolwiek powr\u00f3ci\u0107 do sto\u0142u negocjacyjnego, niezale\u017cnie od tego, ile milion\u00f3w dolar\u00f3w administracja Bidena postanowi zap\u0142aci\u0107 za puste s\u0142owa Palesty\u0144czyk\u00f3w.<\/span><\/p>\n<hr>\n<p>Bassam Tawil<\/p>\n<p>Muzu\u0142ma\u0144ski badacz i publicysta mieszkaj\u0105cy na Bliskim Wschodzie.<\/p>\n<hr style=\"height: 15px; background: #d0e6fa; width: 100%;\">\n<div id=\"content\" class=\"content-alignment\">\n<div id=\"watch-description\" class=\"yt-uix-button-panel\">\n<div id=\"watch-description-text\" style=\"text-align: center;\">\n<p><em>Zawarto\u015b\u0107 publikowanych artyku\u0142\u00f3w i materia\u0142\u00f3w nie reprezentuje pogl\u0105d\u00f3w ani opinii Reunion&#8217;68,<\/em><em><br \/>\nani te\u017c webmastera Blogu Reunion&#8217;68, chyba ze jest to wyra\u017anie zaznaczone.<br \/>\nTwoje uwagi, linki, w\u0142asne artyku\u0142y lub wiadomo\u015bci prze\u015blij na adres:<br \/>\n<\/em><span style=\"color: #000080;\"><strong><em><a style=\"color: #000080;\" href=\"mailto:webmaster@reunion68.com\"><span style=\"text-decoration: underline;\">webmaster@reunion68.com<\/span><\/a><\/em><\/strong><\/span><\/p>\n<\/div>\n<\/div>\n<\/div>\n<hr style=\"width: 100%;\">\n","protected":false},"excerpt":{"rendered":"<p>Dla prezydenta Autonomii Palesty\u0144skiej, Mahmouda Abbasa (na zdj\u0119ciu) i dla kierownictwa AP ka\u017cdy Palesty\u0144czyk, kt\u00f3ry przy\u0142\u0105cza si\u0119 do d\u017cihadu przeciwko Izraelowi i \u017bydom i zostaje zabity, ranny lub uwi\u0119ziony, jest \u201ebohaterem\u201d. To jest ta sama AP, nad wzmocnieniem kt\u00f3rej pracuje obecnie administracja Bidena. (Zdj\u0119cie: Mahmoud Abbas. Wikipedia.) Prawdziwi palesty\u0144scy \u201cbohaterzy\u201d: terrory\u015bci Bassam Tawil T\u0142umaczenie: Ma\u0142gorzata [&hellip;]<\/p>\n","protected":false},"author":1,"featured_media":0,"comment_status":"closed","ping_status":"closed","sticky":false,"template":"","format":"standard","meta":[],"categories":[6],"tags":[26,24],"_links":{"self":[{"href":"https:\/\/www.reunion68.se\/index.php?rest_route=\/wp\/v2\/posts\/90020"}],"collection":[{"href":"https:\/\/www.reunion68.se\/index.php?rest_route=\/wp\/v2\/posts"}],"about":[{"href":"https:\/\/www.reunion68.se\/index.php?rest_route=\/wp\/v2\/types\/post"}],"author":[{"embeddable":true,"href":"https:\/\/www.reunion68.se\/index.php?rest_route=\/wp\/v2\/users\/1"}],"replies":[{"embeddable":true,"href":"https:\/\/www.reunion68.se\/index.php?rest_route=%2Fwp%2Fv2%2Fcomments&post=90020"}],"version-history":[{"count":9,"href":"https:\/\/www.reunion68.se\/index.php?rest_route=\/wp\/v2\/posts\/90020\/revisions"}],"predecessor-version":[{"id":90221,"href":"https:\/\/www.reunion68.se\/index.php?rest_route=\/wp\/v2\/posts\/90020\/revisions\/90221"}],"wp:attachment":[{"href":"https:\/\/www.reunion68.se\/index.php?rest_route=%2Fwp%2Fv2%2Fmedia&parent=90020"}],"wp:term":[{"taxonomy":"category","embeddable":true,"href":"https:\/\/www.reunion68.se\/index.php?rest_route=%2Fwp%2Fv2%2Fcategories&post=90020"},{"taxonomy":"post_tag","embeddable":true,"href":"https:\/\/www.reunion68.se\/index.php?rest_route=%2Fwp%2Fv2%2Ftags&post=90020"}],"curies":[{"name":"wp","href":"https:\/\/api.w.org\/{rel}","templated":true}]}}