{"id":90022,"date":"2021-11-10T17:00:25","date_gmt":"2021-11-10T15:00:25","guid":{"rendered":"http:\/\/www.reunion68.se\/?p=90022"},"modified":"2021-11-06T15:26:21","modified_gmt":"2021-11-06T13:26:21","slug":"20-00-67","status":"publish","type":"post","link":"https:\/\/www.reunion68.se\/?p=90022","title":{"rendered":"Israeli-French Television Series on Mavi Marmara Flotilla Raid Set to Film"},"content":{"rendered":"<h5 style=\"text-align: center;\"><a href=\"https:\/\/www.algemeiner.com\/\" target=\"_blank\" rel=\"noopener noreferrer\"><img decoding=\"async\" class=\"center alignleft\" src=\"http:\/\/www.reunion68.com\/Biuletyn\/img\/algem.png\" alt=\"\" width=\"35%\"><\/a><span style=\"text-decoration: underline; color: #000080;\"><span><strong><a style=\"color: #000080; text-decoration: underline;\" href=\"https:\/\/www.algemeiner.com\/2021\/10\/08\/israeli-french-television-series-on-mavi-marmara-flotilla-raid-set-to-film\/\" target=\"_blank\" rel=\"noopener noreferrer\">Israeli-French Television Series on Mavi Marmara Flotilla Raid Set to Film<\/a><\/strong><\/span><\/span><\/h5>\n<p style=\"text-align: center;\"><span style=\"color: #000000;\"><strong>Shiryn Ghermezian<\/strong><\/span><\/p>\n<hr style=\"height: 15px; background: #d0e6fa; width: 100%;\">\n<p style=\"text-align: center;\"><img decoding=\"async\" class=\"aligncenter\" src=\"https:\/\/www.algemeiner.com\/wp-content\/uploads\/2018\/04\/boat.jpg\" width=\"100%\"><span style=\"color: #808080;\"><em>Palestinians hold flags as they ride a boat during a rally marking the fifth anniversary of the \u201cMavi Marmara\u201d Gaza flotilla, at the seaport of Gaza City on May 31, 2015. Photo: Aaed Tayeh\/Flash90<\/em><\/span><\/p>\n<p style=\"text-align: left;\"><span style=\"color: #000080;\">An eight-episode television series on the 2010 Mavi Marmara flotilla raid will start filming in spring 2022 after being delayed due to the COVID-19 pandemic,&nbsp;<em>The Jerusalem Post<\/em>&nbsp;reported on Thursday.<\/span><\/p>\n<p style=\"text-align: left;\"><span style=\"color: #000080;\">\u201cOcean Wind\u201d will be produced by Israeli filmmakers Micky Rabinovitz, Gal Uchovsky and Moshe Edery, in collaboration with the France company Babe Films. The series will be directed by Jonni Zicoltz, who will also write the script with Elad Chen and Dean Miroshnikov.<\/span><\/p>\n<p style=\"text-align: left;\"><span style=\"color: #000080;\">Now a Ukrainian-born Israeli actor, Miroshnikov was an IDF soldier who was seriously injured in the Mavi Marmara incident and nearly lost an eye in the violence. He will star in the series alongside Israeli, Turkish and French actors.<\/span><\/p>\n<p style=\"text-align: left;\"><span style=\"color: #000080;\">The Mavi Marmara was a Turkish vessel in a flotilla headed to the Gaza Strip that attempted to run the Israeli blockade of the territory in May 2010. When IDF soldiers boarded the ship and seized control, they were&nbsp;<span style=\"text-decoration: underline;\"><strong><a style=\"color: #000080; text-decoration: underline;\" href=\"https:\/\/www.youtube.com\/watch?v=gYjkLUcbJWo\" target=\"_blank\" rel=\"noopener noreferrer\">attacked by passengers<\/a>.<\/strong><\/span><\/span><\/p>\n<p style=\"text-align: left;\"><span style=\"color: #000080;\">After fighting back for some time, Israel\u2019s soldiers used handguns and killed nine of the attackers. Israel\u2019s actions were initially condemned but in December 2017, the International Criminal Court&nbsp;<a style=\"color: #000080;\" href=\"https:\/\/www.algemeiner.com\/2017\/12\/03\/international-criminal-court-ends-probe-into-2010-gaza-flotilla-raid-citing-insufficient-evidence\/\" target=\"_blank\" rel=\"noopener noreferrer\">announced<\/a>&nbsp;that the case would be closed against the Israeli soldiers and officers, who had been accused of war crimes.<\/span><\/p>\n<div style=\"text-align: left;\"><span style=\"color: #000080;\">\u201cOcean Wind\u201d will detail what happened with the flotilla as well as those who fought in the incident and were on board, the<em>&nbsp;Post<\/em>&nbsp;explained. The show will also explore Miroshnikov\u2019s childhood in Ukraine, his immigration to Israel and how he fulfilled his dream of serving in the IDF naval forces.<\/span><\/div>\n<hr style=\"height: 15px; background: #d0e6fa; width: 100%;\">\n<div id=\"content\" class=\"content-alignment\">\n<div id=\"watch-description\" class=\"yt-uix-button-panel\">\n<div id=\"watch-description-text\" style=\"text-align: center;\">\n<p><em>Zawarto\u015b\u0107 publikowanych artyku\u0142\u00f3w i materia\u0142\u00f3w nie reprezentuje pogl\u0105d\u00f3w ani opinii Reunion&#8217;68,<\/em><em><br \/>\nani te\u017c webmastera Blogu Reunion&#8217;68, chyba ze jest to wyra\u017anie zaznaczone.<br \/>\nTwoje uwagi, linki, w\u0142asne artyku\u0142y lub wiadomo\u015bci prze\u015blij na adres:<br \/>\n<\/em><span style=\"color: #000080;\"><strong><em><a style=\"color: #000080;\" href=\"mailto:webmaster@reunion68.com\"><span style=\"text-decoration: underline;\">webmaster@reunion68.com<\/span><\/a><\/em><\/strong><\/span><\/p>\n<\/div>\n<\/div>\n<\/div>\n<hr style=\"width: 100%;\">\n","protected":false},"excerpt":{"rendered":"<p>Israeli-French Television Series on Mavi Marmara Flotilla Raid Set to Film Shiryn Ghermezian Palestinians hold flags as they ride a boat during a rally marking the fifth anniversary of the \u201cMavi Marmara\u201d Gaza flotilla, at the seaport of Gaza City on May 31, 2015. Photo: Aaed Tayeh\/Flash90 An eight-episode television series on the 2010 Mavi [&hellip;]<\/p>\n","protected":false},"author":1,"featured_media":0,"comment_status":"closed","ping_status":"closed","sticky":false,"template":"","format":"standard","meta":[],"categories":[3],"tags":[26,24],"_links":{"self":[{"href":"https:\/\/www.reunion68.se\/index.php?rest_route=\/wp\/v2\/posts\/90022"}],"collection":[{"href":"https:\/\/www.reunion68.se\/index.php?rest_route=\/wp\/v2\/posts"}],"about":[{"href":"https:\/\/www.reunion68.se\/index.php?rest_route=\/wp\/v2\/types\/post"}],"author":[{"embeddable":true,"href":"https:\/\/www.reunion68.se\/index.php?rest_route=\/wp\/v2\/users\/1"}],"replies":[{"embeddable":true,"href":"https:\/\/www.reunion68.se\/index.php?rest_route=%2Fwp%2Fv2%2Fcomments&post=90022"}],"version-history":[{"count":4,"href":"https:\/\/www.reunion68.se\/index.php?rest_route=\/wp\/v2\/posts\/90022\/revisions"}],"predecessor-version":[{"id":90234,"href":"https:\/\/www.reunion68.se\/index.php?rest_route=\/wp\/v2\/posts\/90022\/revisions\/90234"}],"wp:attachment":[{"href":"https:\/\/www.reunion68.se\/index.php?rest_route=%2Fwp%2Fv2%2Fmedia&parent=90022"}],"wp:term":[{"taxonomy":"category","embeddable":true,"href":"https:\/\/www.reunion68.se\/index.php?rest_route=%2Fwp%2Fv2%2Fcategories&post=90022"},{"taxonomy":"post_tag","embeddable":true,"href":"https:\/\/www.reunion68.se\/index.php?rest_route=%2Fwp%2Fv2%2Ftags&post=90022"}],"curies":[{"name":"wp","href":"https:\/\/api.w.org\/{rel}","templated":true}]}}