{"id":90169,"date":"2021-10-17T17:09:57","date_gmt":"2021-10-17T15:09:57","guid":{"rendered":"http:\/\/www.reunion68.se\/?p=90169"},"modified":"2021-10-17T08:20:59","modified_gmt":"2021-10-17T06:20:59","slug":"26-09-63","status":"publish","type":"post","link":"https:\/\/www.reunion68.se\/?p=90169","title":{"rendered":"Teczka Adama Michnika. Znalezione w IPN"},"content":{"rendered":"<p style=\"text-align: center;\"><img decoding=\"async\" class=\"aligncenter\" src=\"https:\/\/bi.im-g.pl\/im\/76\/69\/1a\/z27696502V,Adam-Michnik---fragment-arkusza-informacyjnego-MSW.jpg\" width=\"100%\" \/><span style=\"color: #808080;\"><em>Adam Michnik &#8211; fragment arkusza informacyjnego MSW (Archiwum)<\/em><\/span><\/p>\n<hr \/>\n<h5 style=\"text-align: center;\"><a href=\"https:\/\/wyborcza.pl\/\" target=\"_blank\" rel=\"noopener noreferrer\"><img decoding=\"async\" class=\"center alignleft\" src=\"http:\/\/www.reunion68.com\/Biuletyn\/img\/wyborcza-ale.png\" alt=\"\" width=\"35%\" \/><\/a><span style=\"text-decoration: underline; color: #000080;\"><strong><a style=\"color: #000080; text-decoration: underline;\" href=\"https:\/\/wyborcza.pl\/alehistoria\/7,121681,27696198,teczka-adama-michnika-znalezione-w-ipn.html\" target=\"_blank\" rel=\"noopener noreferrer\">Teczka Adama Michnika. Znalezione w IPN<\/a><\/strong><\/span><\/h5>\n<p style=\"text-align: center;\"><span style=\"color: #000000;\"><strong>Igor Rakowski-K\u0142os<\/strong><\/span><\/p>\n<hr style=\"height: 15px; background: #d0e6fa; width: 100%;\" \/>\n<h4 style=\"text-align: center;\"><strong>Oficer SB zadzwoni\u0142 do Adama Michnika i wezwa\u0142 go na rozmow\u0119. Ten odpar\u0142, \u017ce &#8220;absolutnie nie dysponuje czasem, nie ma do nas \u017cadnego interesu i nie ma przyjemno\u015bci z nami si\u0119 widzie\u0107&#8221;. Jakie dokumenty skrywa &#8220;teczka Michnika&#8221; w IPN?<\/strong><\/h4>\n<p class=\"art_paragraph\" style=\"text-align: left;\"><span style=\"color: #000080;\"><i>Adam Michnik ko\u0144czy 17 pa\u017adziernika br. 75 lat. Z tej okazji odnalaz\u0142em w archiwach Instytutu Pami\u0119ci Narodowej analizy funkcjonariuszy SB i donosy tajnych wsp\u00f3\u0142pracownik\u00f3w na jego temat.<\/i><\/span><\/p>\n<p class=\"art_paragraph\"><b>Informacja zast\u0119pcy dyrektora Biura \u015aledczego MSW z 9 stycznia 1969 r. o przes\u0142uchaniu Adama Michnika podczas procesu Karola Modzelewskiego i Jacka Kuronia oskar\u017conych o \u201ewywo\u0142anie niepokoj\u00f3w studenckich&#8221; w marcu 1968 r.:<\/b><\/p>\n<p class=\"art_paragraph\" style=\"text-align: left;\"><span style=\"color: #000080;\">\u015aw. Adam Michnik zachowywa\u0142 si\u0119 przed s\u0105dem w spos\u00f3b ur\u0105gaj\u0105cy zar\u00f3wno powadze miejsca, jak i os\u00f3b reprezentuj\u0105cych organy wymiaru sprawiedliwo\u015bci. Komentowa\u0142 zadawane mu pytania, stara\u0142 si\u0119 by\u0107 z\u0142o\u015bliwym i dowcipnym.<\/span><\/p>\n<p class=\"art_paragraph\" style=\"text-align: left;\"><span style=\"color: #000080;\">Prokuratorowi wr\u0119cz zarzuci\u0142 nieznajomo\u015b\u0107 akt i d\u0105\u017cenie \u201edo innego celu ni\u017c prawda obiektywna&#8221;. \u017b\u0105da\u0142 od s\u0105du wyja\u015bnie\u0144 zawartych w pytaniach r\u00f3\u017cnych okre\u015ble\u0144 (spotkanie, uzgodnienie itp.). Zamiast konkretnych odpowiedzi usi\u0142owa\u0142 sk\u0142ada\u0107 o\u015bwiadczenia solidaryzuj\u0105ce si\u0119 z oskar\u017conymi b\u0105d\u017a \u201eusprawiedliwiaj\u0105ce&#8221; ich dzia\u0142alno\u015b\u0107.<\/span><\/p>\n<p class=\"art_paragraph\" style=\"text-align: left;\"><span style=\"color: #000080;\">A. Michnik bez widocznej potrzeby kilkakrotnie u\u017cywa\u0142 okre\u015ble\u0144 maj\u0105cych na celu zasugerowanie, jakoby w toku \u015bledztwa dopuszczano si\u0119 nieprawid\u0142owo\u015bci. M.in. bez bli\u017cszego sprecyzowania A. Michnik spos\u00f3b przes\u0142uchania go okre\u015bla\u0142 s\u0142owami \u201eprowokacyjny&#8221;, \u201einsynuacyjny&#8221;.<\/span><\/p>\n<p class=\"art_paragraph\" style=\"text-align: left;\"><span style=\"color: #000080;\">Na wst\u0119pie Michnik zastrzeg\u0142, \u017ce ze wzgl\u0119du na tocz\u0105ce si\u0119 w jego sprawie post\u0119powanie karne nie b\u0119dzie sk\u0142ada\u0142 \u017cadnych zezna\u0144. Jednak\u017ce w czasie zadawania mu pyta\u0144 zasad\u0119 t\u0119 respektowa\u0142 tylko w przypadkach dla siebie lub oskar\u017conych niewygodnych; na pytania daj\u0105ce mu mo\u017cliwo\u015b\u0107 udzielenia \u201eodpowiedzi&#8221; korzystnej dla Modzelewskiego i Kuronia zeznawa\u0142 bardzo ch\u0119tnie i szeroko.<\/span><\/p>\n<p class=\"art_paragraph\" style=\"text-align: center;\"><span class=\"imageUOM parent-box-label-related\"><img decoding=\"async\" class=\"aligncenter\" src=\"https:\/\/bi.im-g.pl\/im\/ec\/11\/16\/z23138796IH,Seweryn-Blumsztajn--Zadnej-z-osob--ktore-podjely-d.jpg\" alt=\"Seweryn Blumsztajn: \u017badnej z os\u00f3b, kt\u00f3re podj\u0119\u0142y decyzj\u0119 o wiecu 8 marca na UW, nie przysz\u0142o nawet do g\u0142owy, \u017ce wydarzenia mog\u0105 nabra\u0107 takiej skali. Na zdj\u0119ciu od lewej: Blumsztajn, Barbara Toru\u0144czyk, Gra\u017cyna Kuro\u0144, Jacek Kuro\u0144 i Adam Michnik. Warszawa, \u0141azienki, rok 1967 \" width=\"100%\" \/><span style=\"color: #000080;\"><em><span class=\"photoAuthor\"><span class=\"photoTitle\">Seweryn Blumsztajn: \u017badnej z os\u00f3b, kt\u00f3re podj\u0119\u0142y decyzj\u0119 o wiecu 8 marca na UW, nie przysz\u0142o nawet do g\u0142owy, \u017ce wydarzenia mog\u0105 nabra\u0107 takiej skali. Na zdj\u0119ciu od lewej: Blumsztajn, Barbara Toru\u0144czyk, Gra\u017cyna Kuro\u0144, Jacek Kuro\u0144 i Adam Michnik. Warszawa, \u0141azienki, rok 1967\u00a0<\/span>\u00a0Archiwum rodzinne<\/span><\/em><\/span><\/span><\/p>\n<p class=\"art_paragraph\" style=\"text-align: left;\"><span style=\"color: #000080;\">M.in. odm\u00f3wi\u0142 udzielenia odpowiedzi na pytania dotycz\u0105ce jego kontakt\u00f3w z kapitalistycznymi dziennikarzami w Polsce.<\/span><\/p>\n<blockquote class=\"art_blockquote\">\n<p style=\"text-align: left;\"><strong>Zawart\u0105 w polskiej prasie ocen\u0119 zaj\u015b\u0107 marcowych nazwa\u0142 \u201ewyssanymi z palca bredniami&#8221;. (\u2026)<\/strong><\/p>\n<\/blockquote>\n<p class=\"art_paragraph\" style=\"text-align: left;\"><span style=\"color: #000080;\">Przewodnicz\u0105cy s\u0105du wielokrotnie zwraca\u0142 A. Michnikowi uwag\u0119 ze wzgl\u0119du na jego zachowanie si\u0119 i tre\u015b\u0107 wypowiedzi.<\/span><\/p>\n<p class=\"art_paragraph\" style=\"text-align: left;\"><b>TW \u201eWoli\u0144ski&#8221;, 1975 r.:<\/b><\/p>\n<p class=\"art_paragraph\" style=\"text-align: left;\"><span style=\"color: #000080;\">Przedstawiciele redakcji miesi\u0119cznika \u201eWi\u0119\u017a&#8221; przeprowadzili w drugiej po\u0142owie lipca rozmow\u0119 z Adamem Michnikiem w sprawie jego artyku\u0142u w tym czasopi\u015bmie, kt\u00f3ry nie ukaza\u0142 si\u0119 w numerze 7\/8 z powodu ingerencji cenzury. Michnik odm\u00f3wi\u0142 wprowadzi\u0107 jakiekolwiek poprawki. Wywo\u0142a\u0142o to oburzenie jego rozm\u00f3wc\u00f3w. Poniewa\u017c cz\u0119\u015b\u0107 ingerencji cenzury dotyczy\u0142a jego krytycznego stosunku do Ludwika Wary\u0144skiego i R\u00f3\u017cy Luksemburg, wi\u0119c zapytali go, dlaczego tak ostro ich krytykuje i czy nie mo\u017ce swoich sformu\u0142owa\u0144 z\u0142agodzi\u0107. Michnik wtedy odpowiedzia\u0142, \u017ce nie mo\u017ce pisa\u0107 inaczej \u2013 skoro re\u017cym broni tych ludzi, on b\u0119dzie atakowa\u0142, gdy\u017c nie mo\u017ce m\u00f3wi\u0107 niczego zgodnie z re\u017cymem.<\/span><\/p>\n<p class=\"art_paragraph\" style=\"text-align: left;\"><b>Notatki ppor. Zakrzewskiego ze S\u0142u\u017cby Bezpiecze\u0144stwa pr\u00f3buj\u0105cego wezwa\u0107 Adama Michnika na rozmow\u0119 w maju 1973 r.:<\/b><\/p>\n<p class=\"art_paragraph\" style=\"text-align: left;\"><span style=\"color: #000080;\">Z Adamem Michnikiem kontaktowa\u0142em si\u0119 telefonicznie w dniu 3 bm. (czwartek), chc\u0105c wezwa\u0107 go na dzie\u0144 nast\u0119pny. Odpowiedzia\u0142 mi w\u00f3wczas, \u017ce absolutnie nie dysponuje czasem, nie ma do nas \u017cadnego interesu i nie ma przyjemno\u015bci z nami si\u0119 widzie\u0107, na wezwanie telefoniczne nie zg\u0142osi si\u0119. Je\u017celi stawiennictwo jego osoby jest niezb\u0119dne, to prosi o wys\u0142anie wezwania na druku urz\u0119dowym. (&#8230;)<\/span><\/p>\n<p class=\"art_paragraph\" style=\"text-align: left;\"><span style=\"color: #000080;\">Po obejrzeniu dowodu osobistego A. Michnika, spyta\u0142em si\u0119, czy gdzie\u015b pracuje. Odpowiedzia\u0142, \u017ce formalnie nie pracuje nigdzie na \u017cadnym etacie. Na pytanie dot. \u017ar\u00f3de\u0142 utrzymania odpowiedzia\u0142, \u017ce \u017cyje z przyzwyczajenia, a \u015bci\u015blej rzecz bior\u0105c, to ma dochody z udzielanych korepetycji oraz pomaga mu ojciec. (\u2026) Nadmieni\u0142em A. Michnikowi, \u017ce jego post\u0119powanie tzn. nie podj\u0119cie pracy, b\u0119d\u0105c cz\u0142owiekiem m\u0142odym i w pe\u0142ni si\u0142, wskazuje na paso\u017cytniczy tryb \u017cycia. A. Michnik odpowiedzia\u0142, \u017ce dop\u00f3ki nie ma ustawy o obowi\u0105zku podj\u0119cia pracy, absolutnie nie musi on podejmowa\u0107 takowej i nie ma w tym przypadku nic sobie do zarzucenia. (\u2026)<\/span><\/p>\n<p class=\"art_paragraph\" style=\"text-align: left;\"><span style=\"color: #000080;\">Nast\u0119pnie spyta\u0142em A. Michnika, czy studiuje on w Poznaniu jako ekstern, czy zaocznie (\u2026). Odpowiedzia\u0142, \u017ce studiuje jako ekstern, tzn. je\u017adzi tylko zdawa\u0107 egzaminy. (\u2026) W dalszej rozmowie ostrzeg\u0142em A. Michnika, \u017ce je\u015bli nie zmieni swego post\u0119powania, to w konsekwencji mo\u017ce nie zrealizowa\u0107 swych plan\u00f3w lub zamiar\u00f3w \u017cyciowych, a mi\u0119dzy innymi uko\u0144czenia studi\u00f3w. Adam Michnik poczu\u0142 si\u0119 nieco ura\u017cony i odpowiedzia\u0142, abym go nie straszy\u0142. Przychodzi tu jako do ludzi doros\u0142ych i sam za takiego si\u0119 uwa\u017ca, a my si\u0119 zabawiamy w dziecinad\u0119. Je\u017celi mam do niego konkretne zarzuty, to powinienem zapozna\u0107 [go] z nimi i przes\u0142ucha\u0107 na protok\u00f3\u0142 na t\u0119 okoliczno\u015b\u0107, a ja zabawiam si\u0119 w straszenie.<\/span><\/p>\n<p class=\"art_paragraph\" style=\"text-align: left;\"><span style=\"color: #000080;\">Dalej nadmieni\u0142, \u017ce trzy lata temu rozmawia\u0142 z moim prze\u0142o\u017conym gen. Matejewskim [wiceszef MSW nadzoruj\u0105cy SB, w 1972 r.\u00a0<a class=\"art_link\" style=\"color: #000080;\" href=\"https:\/\/wyborcza.pl\/alehistoria\/7,121681,12616676,zlotoglowi-przemytnicy-w-cieniu-msw.html\" rel=\"dofollow\">skazany na 12 lat wi\u0119zienia za przemyt z\u0142ota i srebra<\/a>], lecz nie m\u00f3g\u0142 przewidzie\u0107, co si\u0119 p\u00f3\u017aniej stanie. Da\u0142 mi do zrozumienia, \u017ce nie jestem na tak wysokim stanowisku, ale z ni\u017cszego ni\u017cej si\u0119 spada.<\/span><\/p>\n<p class=\"art_paragraph\" style=\"text-align: left;\"><span style=\"color: #000080;\">Ko\u0144cz\u0105c rozmow\u0119 z A. Michnikiem spyta\u0142em, czy nosi si\u0119 z zamiarem ubiegania o wyjazd za granic\u0119. Odpowiedzia\u0142, \u017ce raczej nie, poniewa\u017c ju\u017c czyni\u0142 swego czasu takie starania i my go nie pu\u015bcili\u015bmy. Zapewne by\u0142oby tak samo i teraz. Potwierdzi\u0142em s\u0142uszne spostrze\u017cenie A. Michnika. Rozmowa z A. Michnikiem trwa\u0142a ok. 10 minut.<\/span><\/p>\n<p class=\"art_paragraph\" style=\"text-align: left;\"><b>Notatka s\u0142u\u017cbowa z 27 stycznia 1973 r. Wydzia\u0142u III KS MO z przes\u0142uchania osoby widuj\u0105cej Adama Michnika:<\/b><\/p>\n<p class=\"art_paragraph\" style=\"text-align: left;\"><span style=\"color: #000080;\">Widzia\u0142a go kilkakrotnie z okazji imprez, na kt\u00f3rych byli wsp\u00f3lni znajomi. Wyrazi\u0142a zdanie, \u017ce Michnik sprawia wra\u017cenie cz\u0142owieka nie zwracaj\u0105cego wi\u0119kszej uwagi na sprawy materialne, zawsze \u201ewidywa\u0142a go w szarym, wytartym sweterku&#8221;.<\/span><\/p>\n<p class=\"art_paragraph\" style=\"text-align: center;\"><span class=\"imageUOM parent-box-label-related\"><img decoding=\"async\" class=\"aligncenter\" src=\"https:\/\/bi.im-g.pl\/im\/d5\/53\/1a\/z27605461IH,Glodowka-czlonkow-KOR-u-w-warszawskim-kosciele-sw-.jpg\" alt=\"G\u0142od\u00f3wka cz\u0142onk\u00f3w KOR-u w warszawskim ko\u015bciele \u015bw. Krzy\u017ca w pa\u017adzierniku 1979 r. Z przodu od lewej: Antoni Macierewicz, Adam Michnik, ksi\u0105dz Stanis\u0142aw Ma\u0142kowski, Jacek Kuro\u0144 i Kazimierz W\u00f3ycicki, z ty\u0142u siedz\u0105: Konrad Bieli\u0144ski, Mariusz Wilk i Kazimierz Janusz\" width=\"100%\" \/><span style=\"color: #808080;\"><em><span class=\"photoAuthor\"><span class=\"photoTitle\">G\u0142od\u00f3wka cz\u0142onk\u00f3w KOR-u w warszawskim ko\u015bciele \u015bw. Krzy\u017ca w pa\u017adzierniku 1979 r. Z przodu od lewej: Antoni Macierewicz, Adam Michnik, ksi\u0105dz Stanis\u0142aw Ma\u0142kowski, Jacek Kuro\u0144 i Kazimierz W\u00f3ycicki, z ty\u0142u siedz\u0105: Konrad Bieli\u0144ski, Mariusz Wilk i Kazimierz Janusz<\/span>\u00a0Fot. Janusz Krzy\u017cewski \/ O\u015brodek Karta<\/span><\/em><\/span><\/span><\/p>\n<p class=\"art_paragraph\" style=\"text-align: left;\"><b>Wydzia\u0142 IV Departamentu III MSW przytacza\u0142 7 lipca 1967 r. doniesienia od tajnego wsp\u00f3\u0142pracownika nazwanego X:<\/b><\/p>\n<p class=\"art_paragraph\" style=\"text-align: left;\"><span style=\"color: #000080;\">Poza tym Adam w\u015bcieka\u0142 si\u0119 na\u00a0<span style=\"text-decoration: underline;\"><strong><a class=\"art_link\" style=\"color: #000080; text-decoration: underline;\" href=\"https:\/\/poznan.wyborcza.pl\/poznan\/7,36000,23139033,pod-koniec-lat-60-wladyslaw-gomulka-stracil-wech-spoleczny.html\" rel=\"dofollow\">przem\u00f3wienie Gomu\u0142ki<\/a>,<\/strong><\/span> m\u00f3wi\u0142, \u017ce nawet Pi\u0142sudski czego\u015b takiego by nie zrobi\u0142, nawet Dmowski kiedy by\u0142 w rz\u0105dzie te\u017c takich rzeczy nie wygadywa\u0142. W tej chwili mowa o pi\u0105tej kolumnie, rozumowanie w kategoriach \u201e\u015bwiatowe \u017cydostwo&#8221; jest dowodem zupe\u0142nego upadku, tak mo\u017ce rozumowa\u0107 tylko Piasecki, kt\u00f3ry jest jednak faszyst\u0105, a nie komunist\u0105. W og\u00f3le Adam wymy\u015bla\u0142 na tow. Gomu\u0142k\u0119 i powiedzia\u0142, \u017ce to przem\u00f3wienie b\u0119dzie pocz\u0105tkiem jego ko\u0144ca, gdy\u017c nie ma si\u0119 teraz na kim oprze\u0107 i nawet nie ma \u017cadnych ideowych si\u0142, przy pomocy kt\u00f3rych m\u00f3g\u0142by przeprowadzi\u0107 swoj\u0105 akcj\u0119 represji.<\/span><\/p>\n<p class=\"art_paragraph\" style=\"text-align: left;\"><b>TW \u201eLudwik&#8221;, 14 listopada 1972 r.:<\/b><\/p>\n<blockquote class=\"art_blockquote\">\n<p style=\"text-align: left;\"><strong>A. Michnik jest to bez w\u0105tpienia posta\u0107, kt\u00f3ra w Warszawie spe\u0142nia rol\u0119 lidera \u015brodowiska opozycyjnego. (\u2026)<\/strong><\/p>\n<\/blockquote>\n<p class=\"art_paragraph\" style=\"text-align: left;\"><span style=\"color: #000080;\">Je\u015bli okre\u015bli\u0107 tu Michnika jako lidera, to oznacza to, \u017ce jego g\u0142os ma podstawowe znaczenie w formowaniu \u015brodowiskowej opinii czy inspirowaniu ewentualnej politycznej akcji, przy czym w zasadzie pozycja ta nie jest kwestionowana przez przyjaci\u00f3\u0142 Michnika.<\/span><\/p>\n<p class=\"art_paragraph\" style=\"text-align: left;\"><b>Z dokumentu: \u201eAnaliza dzia\u0142alno\u015bci b.\u00a0<a class=\"art_link\" href=\"https:\/\/wyborcza.pl\/7,160795,23133774,pokolenie-1968-roku-seweryn-blumsztajn-nasza-kosztowna-zabawa.html\" rel=\"dofollow\">\u00bbkomandos\u00f3w\u00ab<\/a>\u00a0i wynikaj\u0105ce z niej plany i kierunki dzia\u0142a\u0144 operacyjnych Wydzia\u0142u III KS MO, 11 czerwca 1974 r.&#8221;:<\/b><\/p>\n<p class=\"art_paragraph\"><span style=\"color: #000080;\">W 1964 r. rozpoczyna si\u0119 na UW okres wzmo\u017conej dzia\u0142alno\u015bci rewizjonistycznej w\u015br\u00f3d m\u0142odzie\u017cy akademickiej. Wi\u0105za\u0142o si\u0119 to z podj\u0119ciem studi\u00f3w na UW przez A. Michnika, jednego z za\u0142o\u017cycieli tzw. \u201eKlubu Poszukiwaczy Sprzeczno\u015bci&#8221;. Wkr\u00f3tce sta\u0142 si\u0119 on praw\u0105 r\u0119k\u0105 Modzelewskiego do spraw m\u0142odzie\u017cy uniwersyteckiej. (&#8230;) W tym czasie na Uniwersytecie tworzy si\u0119 szereg grup studenckich. [Ich cz\u0142onkowie] w wi\u0119kszo\u015bci ZMS-owcy wchodz\u0105c do w\u0142adz tej organizacji \u2013 co by\u0142o jednym z poci\u0105gni\u0119\u0107 taktycznych do zdobycia wp\u0142yw\u00f3w w\u015br\u00f3d m\u0142odzie\u017cy \u2013 faktycznie rozbili dzia\u0142alno\u015b\u0107 ZMS-u na UW. (&#8230;)<\/span><\/p>\n<p class=\"art_paragraph\"><span style=\"color: #000080;\">W drugiej po\u0142owie 1966 r. i na pocz\u0105tku 1967 r. Adam Michnik usi\u0142uje skonsolidowa\u0107 studenckie grupy rewizjonistyczne w celu przewodzenia im w zast\u0119pstwie Modzelewskiego i nadania wi\u0119kszej efektywno\u015bci ich poczynaniom. (\u2026) [Na zebraniach tych grup] Rozpatruje si\u0119 taktyk\u0119 dzia\u0142ania na zewn\u0105trz \u2013 przede wszystkim brania aktywnego udzia\u0142u we wszystkiego rodzaju dyskusjach i spotkaniach w \u015brodowisku studenckim (\u2026) inspirowanie i organizowanie legalnych zebra\u0144 mog\u0105cych stanowi\u0107 forum do wrogich wyst\u0105pie\u0144.<\/span><\/p>\n<blockquote class=\"art_blockquote\">\n<p style=\"text-align: left;\"><strong>Na spotkaniach konspiracyjnych dochodzi\u0142o do tzw. \u201ekonfrontowania teorii marksistowskiej z rzeczywisto\u015bci\u0105 spo\u0142eczn\u0105 PRL&#8221;.<\/strong><\/p>\n<\/blockquote>\n<p class=\"art_paragraph\" style=\"text-align: left;\"><span style=\"color: #000080;\">O rozrabiackim i demagogicznym charakterze tego rodzaju politycznej aktywno\u015bci \u015bwiadczy zorganizowanie (\u2026) zebrania na Wydziale Historycznym UW z udzia\u0142em prof. Lecha Ko\u0142akowskiego pt. \u201eOstatnie dziesi\u0119\u0107 lat kultury polskiej&#8221;, kt\u00f3re przerodzi\u0142o si\u0119 w szkalowanie osi\u0105gni\u0119\u0107 naszego ustroju. Tam te\u017c uchwalono protest przeciwko wi\u0119zieniu Karola Modzelewskiego. (\u2026)<\/span><\/p>\n<p class=\"art_paragraph\" style=\"text-align: left;\"><span style=\"color: #000080;\">W pierwszej po\u0142owie 1967 r. dochodzi do dalszego zacie\u015bnienia powi\u0105za\u0144 studenckich grup rewizjonistycznych w zwi\u0105zku z zawieszeniem prawa student\u00f3w A. Michnika i H. Szlajfera b\u0119d\u0105cego wynikiem ich nieodpowiedzialnego i napastliwego zachowywania si\u0119 na prelekcjach i odczytach.<\/span><\/p>\n<p class=\"art_paragraph\" style=\"text-align: left;\"><span style=\"color: #000080;\">Porozumienie to [osobnych dot\u0105d grup Michnika i Szlajfera] stawia sobie za cel zadanie praktycznego przeciwstawienia si\u0119 (\u2026) uczelnianym organizacjom PZPR i ZMS jako reprezentuj\u0105cym ich zdaniem \u201ezbiurokratyzowany system nie daj\u0105cy spo\u0142ecze\u0144stwu perspektywy rozwoju&#8221;. (\u2026)<\/span><\/p>\n<p class=\"art_paragraph\" style=\"text-align: left;\"><span style=\"color: #000080;\">W dniu 30 stycznia 1968 r. \u201ekomandosi&#8221; na czele z A. Michnikiem, K. Modzelewskim i J. Kuroniem udali si\u0119 t\u0142umnie do Teatru Narodowego, gdzie w spos\u00f3b zorganizowany doprowadzili do antyradzieckiej manifestacji, a po zako\u0144czeniu przedstawienia wyszli na ulic\u0119, wznosz\u0105c okrzyki \u201ewolno\u015b\u0107&#8221;, \u201e\u017c\u0105damy dalszych przedstawie\u0144&#8221;, \u201eniepodleg\u0142o\u015b\u0107 bez cenzury&#8221; itp. (\u2026)<\/span><\/p>\n<p class=\"art_paragraph\" style=\"text-align: left;\"><span style=\"color: #000080;\">W dalszym ci\u0105gu nale\u017cy kontynuowa\u0107 wszelkie mo\u017cliwe dzia\u0142ania zmierzaj\u0105ce do izolacji b. \u201ekomandos\u00f3w&#8221; od \u015brodowisk akademickich i m\u0142odzie\u017cy licealnej. Wydzia\u0142 III KSMO prowadzi rozpracowywanie tego \u015brodowiska (\u2026).<\/span><\/p>\n<hr style=\"height: 15px; background: #d0e6fa; width: 100%;\" \/>\n<div id=\"content\" class=\"content-alignment\">\n<div id=\"watch-description\" class=\"yt-uix-button-panel\">\n<div id=\"watch-description-text\" style=\"text-align: center;\">\n<p><em>Zawarto\u015b\u0107 publikowanych artyku\u0142\u00f3w i materia\u0142\u00f3w nie reprezentuje pogl\u0105d\u00f3w ani opinii Reunion&#8217;68,<\/em><em><br \/>\nani te\u017c webmastera Blogu Reunion&#8217;68, chyba ze jest to wyra\u017anie zaznaczone.<br \/>\nTwoje uwagi, linki, w\u0142asne artyku\u0142y lub wiadomo\u015bci prze\u015blij na adres:<br \/>\n<\/em><span style=\"color: #000080;\"><strong><em><a style=\"color: #000080;\" href=\"mailto:webmaster@reunion68.com\"><span style=\"text-decoration: underline;\">webmaster@reunion68.com<\/span><\/a><\/em><\/strong><\/span><\/p>\n<\/div>\n<\/div>\n<\/div>\n<hr style=\"width: 100%;\" \/>\n","protected":false},"excerpt":{"rendered":"<p>Adam Michnik &#8211; fragment arkusza informacyjnego MSW (Archiwum) Teczka Adama Michnika. Znalezione w IPN Igor Rakowski-K\u0142os Oficer SB zadzwoni\u0142 do Adama Michnika i wezwa\u0142 go na rozmow\u0119. Ten odpar\u0142, \u017ce &#8220;absolutnie nie dysponuje czasem, nie ma do nas \u017cadnego interesu i nie ma przyjemno\u015bci z nami si\u0119 widzie\u0107&#8221;. Jakie dokumenty skrywa &#8220;teczka Michnika&#8221; w IPN? [&hellip;]<\/p>\n","protected":false},"author":1,"featured_media":0,"comment_status":"closed","ping_status":"closed","sticky":false,"template":"","format":"standard","meta":[],"categories":[6],"tags":[26,24],"_links":{"self":[{"href":"https:\/\/www.reunion68.se\/index.php?rest_route=\/wp\/v2\/posts\/90169"}],"collection":[{"href":"https:\/\/www.reunion68.se\/index.php?rest_route=\/wp\/v2\/posts"}],"about":[{"href":"https:\/\/www.reunion68.se\/index.php?rest_route=\/wp\/v2\/types\/post"}],"author":[{"embeddable":true,"href":"https:\/\/www.reunion68.se\/index.php?rest_route=\/wp\/v2\/users\/1"}],"replies":[{"embeddable":true,"href":"https:\/\/www.reunion68.se\/index.php?rest_route=%2Fwp%2Fv2%2Fcomments&post=90169"}],"version-history":[{"count":6,"href":"https:\/\/www.reunion68.se\/index.php?rest_route=\/wp\/v2\/posts\/90169\/revisions"}],"predecessor-version":[{"id":90179,"href":"https:\/\/www.reunion68.se\/index.php?rest_route=\/wp\/v2\/posts\/90169\/revisions\/90179"}],"wp:attachment":[{"href":"https:\/\/www.reunion68.se\/index.php?rest_route=%2Fwp%2Fv2%2Fmedia&parent=90169"}],"wp:term":[{"taxonomy":"category","embeddable":true,"href":"https:\/\/www.reunion68.se\/index.php?rest_route=%2Fwp%2Fv2%2Fcategories&post=90169"},{"taxonomy":"post_tag","embeddable":true,"href":"https:\/\/www.reunion68.se\/index.php?rest_route=%2Fwp%2Fv2%2Ftags&post=90169"}],"curies":[{"name":"wp","href":"https:\/\/api.w.org\/{rel}","templated":true}]}}